{"id":34766,"date":"2023-06-01T11:29:08","date_gmt":"2023-06-01T14:29:08","guid":{"rendered":"https:\/\/verdadeon.com.br\/portal\/?p=34766"},"modified":"2023-06-01T11:29:08","modified_gmt":"2023-06-01T14:29:08","slug":"franca-intensifica-conservacao-das-estradas-rurais","status":"publish","type":"post","link":"https:\/\/verdadeon.com.br\/portal\/2023\/06\/01\/franca-intensifica-conservacao-das-estradas-rurais\/","title":{"rendered":"Franca intensifica conserva\u00e7\u00e3o das estradas rurais"},"content":{"rendered":"<h2>Objetivo \u00e9 garantir condi\u00e7\u00f5es seguras de trafegabilidade, segundo a prefeitura<\/h2>\n<p>A Prefeitura segue com v\u00e1rias equipes trabalhando na conserva\u00e7\u00e3o das estradas rurais, existentes no entorno da cidade. Por meio da Secretaria de Meio Ambiente, esse \u00e9 um servi\u00e7o que objetiva garantir condi\u00e7\u00f5es seguras de trafegabilidade, onde al\u00e9m dos reparos rotineiros, como terraplenagem, s\u00e3o feitas as limpezas das represas secas, consertos de substitui\u00e7\u00f5es de mata-burros, entre outras medidas que permitem a circula\u00e7\u00e3o dos condutores.<\/p>\n<p>Na ter\u00e7a-feira, 30, haviam m\u00e1quinas em atividades na estrada conhecida como &#8220;Igrejinha&#8221;, na altura do Km 7 da rodovia Franca \u2013 Ibiraci, com servi\u00e7os de cascalhamento e nivelamento do leito. Na mesma regi\u00e3o, na \u00faltima semana, cerca de 3 quil\u00f4metros na estrada &#8220;Furna dos Garcia&#8221; receberam os mesmos servi\u00e7os, com reparos em mata-burros e substitui\u00e7\u00e3o de alguns deles, de madeira, que estavam deteriorados por estruturas de ferro.<\/p>\n<p>Na estrada do Bom Jardim, via Fund\u00e3o, que liga Franca a Ribeir\u00e3o Corrente, outra equipe permanece trabalhando na limpeza e reparos no leito da estrada.<\/p>\n<p><strong>Na cidade<\/strong><\/p>\n<p>Na regi\u00e3o urbana, os servi\u00e7os de limpeza de bocas de lobo continuam em execu\u00e7\u00e3o, com 3 equipes di\u00e1rias. Os campos de futebol e parques tamb\u00e9m v\u00eam recebendo a\u00e7\u00f5es peri\u00f3dicas, com terraplenagem, reparos em instala\u00e7\u00f5es e pintura. Isso pode ser observado nos campos de futebol do Jardim Planalto, pr\u00f3ximo do Centro de Esportes e Lazer, rec\u00e9m inaugurado, no Jardim Tropical e tamb\u00e9m no Parque dos Trabalhadores.<\/p>\n","protected":false},"excerpt":{"rendered":"<p>Objetivo \u00e9 garantir condi\u00e7\u00f5es seguras de trafegabilidade, segundo a prefeitura A Prefeitura segue com v\u00e1rias equipes trabalhando na conserva\u00e7\u00e3o das estradas rurais, existentes no entorno da<span class=\"excerpt-hellip\"> [\u2026]<\/span><\/p>\n","protected":false},"author":10,"featured_media":34768,"comment_status":"open","ping_status":"open","sticky":false,"template":"","format":"standard","meta":{"_jetpack_memberships_contains_paid_content":false,"footnotes":"","jetpack_publicize_message":"","jetpack_publicize_feature_enabled":true,"jetpack_social_post_already_shared":false,"jetpack_social_options":{"image_generator_settings":{"template":"highway","default_image_id":0,"enabled":false},"version":2}},"categories":[28,44],"tags":[],"class_list":["post-34766","post","type-post","status-publish","format-standard","has-post-thumbnail","hentry","category-cotidiano","category-noticias"],"yoast_head":"<!-- This site is optimized with the Yoast SEO plugin v25.6 - https:\/\/yoast.com\/wordpress\/plugins\/seo\/ -->\n<title>Franca intensifica conserva\u00e7\u00e3o das estradas rurais - VerdadeOn<\/title>\n<meta name=\"robots\" content=\"index, follow, max-snippet:-1, max-image-preview:large, max-video-preview:-1\" \/>\n<link rel=\"canonical\" href=\"https:\/\/verdadeon.com.br\/portal\/2023\/06\/01\/franca-intensifica-conservacao-das-estradas-rurais\/\" \/>\n<meta property=\"og:locale\" content=\"pt_BR\" \/>\n<meta property=\"og:type\" content=\"article\" \/>\n<meta property=\"og:title\" content=\"Franca intensifica conserva\u00e7\u00e3o das estradas rurais - VerdadeOn\" \/>\n<meta property=\"og:description\" content=\"Objetivo \u00e9 garantir condi\u00e7\u00f5es seguras de trafegabilidade, segundo a prefeitura A Prefeitura segue com v\u00e1rias equipes trabalhando na conserva\u00e7\u00e3o das estradas rurais, existentes no entorno da [\u2026]\" \/>\n<meta property=\"og:url\" content=\"https:\/\/verdadeon.com.br\/portal\/2023\/06\/01\/franca-intensifica-conservacao-das-estradas-rurais\/\" \/>\n<meta property=\"og:site_name\" content=\"VerdadeOn\" \/>\n<meta property=\"article:published_time\" content=\"2023-06-01T14:29:08+00:00\" \/>\n<meta property=\"og:image\" content=\"https:\/\/verdadeon.com.br\/portal\/wp-content\/uploads\/2023\/06\/AnyConv.com__WhatsApp-Image-2023-05-31-at-14.27.14-1.jpg\" \/>\n\t<meta property=\"og:image:width\" content=\"1000\" \/>\n\t<meta property=\"og:image:height\" content=\"670\" \/>\n\t<meta property=\"og:image:type\" content=\"image\/jpeg\" \/>\n<meta name=\"author\" content=\"Redacao VerdadeOn\" \/>\n<meta name=\"twitter:card\" content=\"summary_large_image\" \/>\n<meta name=\"twitter:label1\" content=\"Escrito por\" \/>\n\t<meta name=\"twitter:data1\" content=\"Redacao VerdadeOn\" \/>\n\t<meta name=\"twitter:label2\" content=\"Est. tempo de leitura\" \/>\n\t<meta name=\"twitter:data2\" content=\"1 minuto\" \/>\n<script type=\"application\/ld+json\" class=\"yoast-schema-graph\">{\"@context\":\"https:\/\/schema.org\",\"@graph\":[{\"@type\":\"WebPage\",\"@id\":\"https:\/\/verdadeon.com.br\/portal\/2023\/06\/01\/franca-intensifica-conservacao-das-estradas-rurais\/\",\"url\":\"https:\/\/verdadeon.com.br\/portal\/2023\/06\/01\/franca-intensifica-conservacao-das-estradas-rurais\/\",\"name\":\"Franca intensifica conserva\u00e7\u00e3o das estradas rurais - VerdadeOn\",\"isPartOf\":{\"@id\":\"https:\/\/verdadeon.com.br\/portal\/#website\"},\"primaryImageOfPage\":{\"@id\":\"https:\/\/verdadeon.com.br\/portal\/2023\/06\/01\/franca-intensifica-conservacao-das-estradas-rurais\/#primaryimage\"},\"image\":{\"@id\":\"https:\/\/verdadeon.com.br\/portal\/2023\/06\/01\/franca-intensifica-conservacao-das-estradas-rurais\/#primaryimage\"},\"thumbnailUrl\":\"https:\/\/i0.wp.com\/verdadeon.com.br\/portal\/wp-content\/uploads\/2023\/06\/AnyConv.com__WhatsApp-Image-2023-05-31-at-14.27.14-1.jpg?fit=1000%2C670&ssl=1\",\"datePublished\":\"2023-06-01T14:29:08+00:00\",\"author\":{\"@id\":\"https:\/\/verdadeon.com.br\/portal\/#\/schema\/person\/a5060ad1e9ea3df545188fc93ce43d2f\"},\"breadcrumb\":{\"@id\":\"https:\/\/verdadeon.com.br\/portal\/2023\/06\/01\/franca-intensifica-conservacao-das-estradas-rurais\/#breadcrumb\"},\"inLanguage\":\"pt-BR\",\"potentialAction\":[{\"@type\":\"ReadAction\",\"target\":[\"https:\/\/verdadeon.com.br\/portal\/2023\/06\/01\/franca-intensifica-conservacao-das-estradas-rurais\/\"]}]},{\"@type\":\"ImageObject\",\"inLanguage\":\"pt-BR\",\"@id\":\"https:\/\/verdadeon.com.br\/portal\/2023\/06\/01\/franca-intensifica-conservacao-das-estradas-rurais\/#primaryimage\",\"url\":\"https:\/\/i0.wp.com\/verdadeon.com.br\/portal\/wp-content\/uploads\/2023\/06\/AnyConv.com__WhatsApp-Image-2023-05-31-at-14.27.14-1.jpg?fit=1000%2C670&ssl=1\",\"contentUrl\":\"https:\/\/i0.wp.com\/verdadeon.com.br\/portal\/wp-content\/uploads\/2023\/06\/AnyConv.com__WhatsApp-Image-2023-05-31-at-14.27.14-1.jpg?fit=1000%2C670&ssl=1\",\"width\":1000,\"height\":670,\"caption\":\"Munic\u00edpio de Franca intensifica conserva\u00e7\u00e3o das estradas rurais (\u00a9Divulga\u00e7\u00e3o)\"},{\"@type\":\"BreadcrumbList\",\"@id\":\"https:\/\/verdadeon.com.br\/portal\/2023\/06\/01\/franca-intensifica-conservacao-das-estradas-rurais\/#breadcrumb\",\"itemListElement\":[{\"@type\":\"ListItem\",\"position\":1,\"name\":\"In\u00edcio\",\"item\":\"https:\/\/verdadeon.com.br\/portal\/\"},{\"@type\":\"ListItem\",\"position\":2,\"name\":\"Franca intensifica conserva\u00e7\u00e3o das estradas rurais\"}]},{\"@type\":\"WebSite\",\"@id\":\"https:\/\/verdadeon.com.br\/portal\/#website\",\"url\":\"https:\/\/verdadeon.com.br\/portal\/\",\"name\":\"VerdadeOn\",\"description\":\"Not\u00edcias di\u00e1rias sobre Franca, Regi\u00e3o, Esporte, Cultura, Cotidiano, Colunas. Cobertura nos principais eventos da cidade \u00e9 aqui - Verdadeon Franca\",\"potentialAction\":[{\"@type\":\"SearchAction\",\"target\":{\"@type\":\"EntryPoint\",\"urlTemplate\":\"https:\/\/verdadeon.com.br\/portal\/?s={search_term_string}\"},\"query-input\":{\"@type\":\"PropertyValueSpecification\",\"valueRequired\":true,\"valueName\":\"search_term_string\"}}],\"inLanguage\":\"pt-BR\"},{\"@type\":\"Person\",\"@id\":\"https:\/\/verdadeon.com.br\/portal\/#\/schema\/person\/a5060ad1e9ea3df545188fc93ce43d2f\",\"name\":\"Redacao VerdadeOn\",\"image\":{\"@type\":\"ImageObject\",\"inLanguage\":\"pt-BR\",\"@id\":\"https:\/\/verdadeon.com.br\/portal\/#\/schema\/person\/image\/\",\"url\":\"https:\/\/secure.gravatar.com\/avatar\/459a9613caaaf07f582c3d0841eea68bdd66f533e465e6ba8b9cb45619572cf4?s=96&d=mm&r=g\",\"contentUrl\":\"https:\/\/secure.gravatar.com\/avatar\/459a9613caaaf07f582c3d0841eea68bdd66f533e465e6ba8b9cb45619572cf4?s=96&d=mm&r=g\",\"caption\":\"Redacao VerdadeOn\"},\"url\":\"https:\/\/verdadeon.com.br\/portal\/author\/redacao\/\"}]}<\/script>\n<!-- \/ Yoast SEO plugin. -->","yoast_head_json":{"title":"Franca intensifica conserva\u00e7\u00e3o das estradas rurais - VerdadeOn","robots":{"index":"index","follow":"follow","max-snippet":"max-snippet:-1","max-image-preview":"max-image-preview:large","max-video-preview":"max-video-preview:-1"},"canonical":"https:\/\/verdadeon.com.br\/portal\/2023\/06\/01\/franca-intensifica-conservacao-das-estradas-rurais\/","og_locale":"pt_BR","og_type":"article","og_title":"Franca intensifica conserva\u00e7\u00e3o das estradas rurais - VerdadeOn","og_description":"Objetivo \u00e9 garantir condi\u00e7\u00f5es seguras de trafegabilidade, segundo a prefeitura A Prefeitura segue com v\u00e1rias equipes trabalhando na conserva\u00e7\u00e3o das estradas rurais, existentes no entorno da [\u2026]","og_url":"https:\/\/verdadeon.com.br\/portal\/2023\/06\/01\/franca-intensifica-conservacao-das-estradas-rurais\/","og_site_name":"VerdadeOn","article_published_time":"2023-06-01T14:29:08+00:00","og_image":[{"width":1000,"height":670,"url":"https:\/\/verdadeon.com.br\/portal\/wp-content\/uploads\/2023\/06\/AnyConv.com__WhatsApp-Image-2023-05-31-at-14.27.14-1.jpg","type":"image\/jpeg"}],"author":"Redacao VerdadeOn","twitter_card":"summary_large_image","twitter_misc":{"Escrito por":"Redacao VerdadeOn","Est. tempo de leitura":"1 minuto"},"schema":{"@context":"https:\/\/schema.org","@graph":[{"@type":"WebPage","@id":"https:\/\/verdadeon.com.br\/portal\/2023\/06\/01\/franca-intensifica-conservacao-das-estradas-rurais\/","url":"https:\/\/verdadeon.com.br\/portal\/2023\/06\/01\/franca-intensifica-conservacao-das-estradas-rurais\/","name":"Franca intensifica conserva\u00e7\u00e3o das estradas rurais - VerdadeOn","isPartOf":{"@id":"https:\/\/verdadeon.com.br\/portal\/#website"},"primaryImageOfPage":{"@id":"https:\/\/verdadeon.com.br\/portal\/2023\/06\/01\/franca-intensifica-conservacao-das-estradas-rurais\/#primaryimage"},"image":{"@id":"https:\/\/verdadeon.com.br\/portal\/2023\/06\/01\/franca-intensifica-conservacao-das-estradas-rurais\/#primaryimage"},"thumbnailUrl":"https:\/\/i0.wp.com\/verdadeon.com.br\/portal\/wp-content\/uploads\/2023\/06\/AnyConv.com__WhatsApp-Image-2023-05-31-at-14.27.14-1.jpg?fit=1000%2C670&ssl=1","datePublished":"2023-06-01T14:29:08+00:00","author":{"@id":"https:\/\/verdadeon.com.br\/portal\/#\/schema\/person\/a5060ad1e9ea3df545188fc93ce43d2f"},"breadcrumb":{"@id":"https:\/\/verdadeon.com.br\/portal\/2023\/06\/01\/franca-intensifica-conservacao-das-estradas-rurais\/#breadcrumb"},"inLanguage":"pt-BR","potentialAction":[{"@type":"ReadAction","target":["https:\/\/verdadeon.com.br\/portal\/2023\/06\/01\/franca-intensifica-conservacao-das-estradas-rurais\/"]}]},{"@type":"ImageObject","inLanguage":"pt-BR","@id":"https:\/\/verdadeon.com.br\/portal\/2023\/06\/01\/franca-intensifica-conservacao-das-estradas-rurais\/#primaryimage","url":"https:\/\/i0.wp.com\/verdadeon.com.br\/portal\/wp-content\/uploads\/2023\/06\/AnyConv.com__WhatsApp-Image-2023-05-31-at-14.27.14-1.jpg?fit=1000%2C670&ssl=1","contentUrl":"https:\/\/i0.wp.com\/verdadeon.com.br\/portal\/wp-content\/uploads\/2023\/06\/AnyConv.com__WhatsApp-Image-2023-05-31-at-14.27.14-1.jpg?fit=1000%2C670&ssl=1","width":1000,"height":670,"caption":"Munic\u00edpio de Franca intensifica conserva\u00e7\u00e3o das estradas rurais (\u00a9Divulga\u00e7\u00e3o)"},{"@type":"BreadcrumbList","@id":"https:\/\/verdadeon.com.br\/portal\/2023\/06\/01\/franca-intensifica-conservacao-das-estradas-rurais\/#breadcrumb","itemListElement":[{"@type":"ListItem","position":1,"name":"In\u00edcio","item":"https:\/\/verdadeon.com.br\/portal\/"},{"@type":"ListItem","position":2,"name":"Franca intensifica conserva\u00e7\u00e3o das estradas rurais"}]},{"@type":"WebSite","@id":"https:\/\/verdadeon.com.br\/portal\/#website","url":"https:\/\/verdadeon.com.br\/portal\/","name":"VerdadeOn","description":"Not\u00edcias di\u00e1rias sobre Franca, Regi\u00e3o, Esporte, Cultura, Cotidiano, Colunas. Cobertura nos principais eventos da cidade \u00e9 aqui - Verdadeon Franca","potentialAction":[{"@type":"SearchAction","target":{"@type":"EntryPoint","urlTemplate":"https:\/\/verdadeon.com.br\/portal\/?s={search_term_string}"},"query-input":{"@type":"PropertyValueSpecification","valueRequired":true,"valueName":"search_term_string"}}],"inLanguage":"pt-BR"},{"@type":"Person","@id":"https:\/\/verdadeon.com.br\/portal\/#\/schema\/person\/a5060ad1e9ea3df545188fc93ce43d2f","name":"Redacao VerdadeOn","image":{"@type":"ImageObject","inLanguage":"pt-BR","@id":"https:\/\/verdadeon.com.br\/portal\/#\/schema\/person\/image\/","url":"https:\/\/secure.gravatar.com\/avatar\/459a9613caaaf07f582c3d0841eea68bdd66f533e465e6ba8b9cb45619572cf4?s=96&d=mm&r=g","contentUrl":"https:\/\/secure.gravatar.com\/avatar\/459a9613caaaf07f582c3d0841eea68bdd66f533e465e6ba8b9cb45619572cf4?s=96&d=mm&r=g","caption":"Redacao VerdadeOn"},"url":"https:\/\/verdadeon.com.br\/portal\/author\/redacao\/"}]}},"jetpack_publicize_connections":[],"jetpack_featured_media_url":"https:\/\/i0.wp.com\/verdadeon.com.br\/portal\/wp-content\/uploads\/2023\/06\/AnyConv.com__WhatsApp-Image-2023-05-31-at-14.27.14-1.jpg?fit=1000%2C670&ssl=1","jetpack_sharing_enabled":true,"_links":{"self":[{"href":"https:\/\/verdadeon.com.br\/portal\/wp-json\/wp\/v2\/posts\/34766","targetHints":{"allow":["GET"]}}],"collection":[{"href":"https:\/\/verdadeon.com.br\/portal\/wp-json\/wp\/v2\/posts"}],"about":[{"href":"https:\/\/verdadeon.com.br\/portal\/wp-json\/wp\/v2\/types\/post"}],"author":[{"embeddable":true,"href":"https:\/\/verdadeon.com.br\/portal\/wp-json\/wp\/v2\/users\/10"}],"replies":[{"embeddable":true,"href":"https:\/\/verdadeon.com.br\/portal\/wp-json\/wp\/v2\/comments?post=34766"}],"version-history":[{"count":1,"href":"https:\/\/verdadeon.com.br\/portal\/wp-json\/wp\/v2\/posts\/34766\/revisions"}],"predecessor-version":[{"id":34769,"href":"https:\/\/verdadeon.com.br\/portal\/wp-json\/wp\/v2\/posts\/34766\/revisions\/34769"}],"wp:featuredmedia":[{"embeddable":true,"href":"https:\/\/verdadeon.com.br\/portal\/wp-json\/wp\/v2\/media\/34768"}],"wp:attachment":[{"href":"https:\/\/verdadeon.com.br\/portal\/wp-json\/wp\/v2\/media?parent=34766"}],"wp:term":[{"taxonomy":"category","embeddable":true,"href":"https:\/\/verdadeon.com.br\/portal\/wp-json\/wp\/v2\/categories?post=34766"},{"taxonomy":"post_tag","embeddable":true,"href":"https:\/\/verdadeon.com.br\/portal\/wp-json\/wp\/v2\/tags?post=34766"}],"curies":[{"name":"wp","href":"https:\/\/api.w.org\/{rel}","templated":true}]}}