{"id":34751,"date":"2023-05-31T14:39:43","date_gmt":"2023-05-31T17:39:43","guid":{"rendered":"https:\/\/verdadeon.com.br\/portal\/?p=34751"},"modified":"2023-05-31T14:39:43","modified_gmt":"2023-05-31T17:39:43","slug":"ppa-franca-e-barretos-discutem-orcamento-do-estado-de-sp-dos-proximos-anos","status":"publish","type":"post","link":"https:\/\/verdadeon.com.br\/portal\/2023\/05\/31\/ppa-franca-e-barretos-discutem-orcamento-do-estado-de-sp-dos-proximos-anos\/","title":{"rendered":"PPA: Franca e Barretos discutem Or\u00e7amento do Estado de SP dos pr\u00f3ximos anos"},"content":{"rendered":"<h2 class=\"excerpt\">Governo de SP realiza \u00faltimas audi\u00eancias p\u00fablicas regionais para discutir o Plano Plurianual para o quadri\u00eanio 2024-2027<\/h2>\n<p>O Governo de SP, por meio da Secretaria da Fazenda e Planejamento (Sefaz-SP), realiza nesta quinta-feira (1\u00ba) as \u00faltimas Audi\u00eancias P\u00fablicas Regionais para o Plano Plurianual (PPA) 2024-2027. As audi\u00eancias ocorrem para a Regi\u00e3o Administrativa de Franca e para a Regi\u00e3o Administrativa de Barretos.<\/p>\n<p>O PPA serve para definir as diretrizes e os objetivos estrat\u00e9gicos da gest\u00e3o estadual para os pr\u00f3ximos quatro anos, e os programas para alcan\u00e7\u00e1-los.<\/p>\n<p>Assim, as audi\u00eancias p\u00fablicas d\u00e3o oportunidade aos moradores locais elencarem os projetos priorit\u00e1rios para cada regi\u00e3o, al\u00e9m de serem essenciais na identifica\u00e7\u00e3o das prioridades para a promo\u00e7\u00e3o do desenvolvimento paulista.\u00a0 As audi\u00eancias, portanto, s\u00e3o instrumentos para a popula\u00e7\u00e3o indicar as necessidades de investimentos que beneficiem a sua cidade, o local onde vive e trabalha em cada uma das Regi\u00f5es Metropolitanas, Administrativas e Aglomerados Urbanos do Estado.<\/p>\n<p>O calend\u00e1rio prev\u00ea a realiza\u00e7\u00e3o de 18 audi\u00eancias, que ocorrer\u00e3o entre 4 de maio e 1\u00b0 de junho de 2023 \u2013 confira na tabela abaixo. A participa\u00e7\u00e3o se d\u00e1 de forma virtual, pela plataforma Teams. A medida \u00e9 voltada para a popula\u00e7\u00e3o paulista em geral, al\u00e9m de entidades representativas e servidores de prefeituras e \u00f3rg\u00e3os p\u00fablicos municipais.<\/p>\n<p>O objetivo \u00e9 ampliar a participa\u00e7\u00e3o popular nas discuss\u00f5es, ofertando um espa\u00e7o democr\u00e1tico que, al\u00e9m de dar transpar\u00eancia, legitima o processo de planejamento or\u00e7ament\u00e1rio estadual. As opini\u00f5es e sugest\u00f5es da popula\u00e7\u00e3o constituem o ponto central na constru\u00e7\u00e3o do planejamento para o pr\u00f3ximo PPA.<\/p>\n<p><strong>Ambiente de vota\u00e7\u00e3o<\/strong><\/p>\n<p>Simultaneamente \u00e0s audi\u00eancias, estar\u00e1 dispon\u00edvel no mesmo per\u00edodo o ambiente de vota\u00e7\u00e3o do PPA-2024-2027. Atrav\u00e9s dele, os cidad\u00e3os podem escolher as \u00e1reas e projetos que, em sua opini\u00e3o, colaboram para o desenvolvimento da regi\u00e3o em que vivem.<\/p>\n<p>\u200bO processo \u00e9 bem simples: basta acessar o ambiente de vota\u00e7\u00e3o e dar a sua opini\u00e3o. O sistema tamb\u00e9m permite que os cidad\u00e3os fa\u00e7am coment\u00e1rios que qualifiquem suas escolhas.<\/p>\n<p>\u201cO PPA n\u00e3o \u00e9 apenas um instrumento de planejamento governamental, mas tamb\u00e9m de transforma\u00e7\u00e3o social, com destaque \u00e0 promo\u00e7\u00e3o do bem-estar social e ao desenvolvimento sustent\u00e1vel do Estado de S\u00e3o Paulo\u201d, destaca Samuel Kinoshita, secret\u00e1rio da Sefaz-SP.<\/p>\n<p>Na elabora\u00e7\u00e3o do PPA 2024-2027, o atual Governo, al\u00e9m de dar continuidade \u00e0s experi\u00eancias bem-sucedidas, busca dar foco \u00e0 melhoria da qualidade do gasto. O Plano Plurianual \u00e9 o instrumento privilegiado para uma profunda revis\u00e3o daquilo que vem sendo implementado, refor\u00e7ando o comprometimento do governador Tarc\u00edsio de Freitas em n\u00e3o ter compromisso com programas mal desenhados ou com entregas controversas.<\/p>\n<p>Para isso, \u00e9 preciso buscar compreender o contexto atual e planejar programas consistentes e capazes de enfrentar os desafios do pr\u00f3ximo quadri\u00eanio. O Projeto de Lei com o Plano Plurianual de 2024\/2027 deve ficar pronto para ser enviado \u00e0 Alesp at\u00e9 o dia 11 de agosto deste ano, quatro dias antes do prazo constitucional.<\/p>\n<p>Fonte: SP Not\u00edcias<\/p>\n","protected":false},"excerpt":{"rendered":"<p>Governo de SP realiza \u00faltimas audi\u00eancias p\u00fablicas regionais para discutir o Plano Plurianual para o quadri\u00eanio 2024-2027 O Governo de SP, por meio da Secretaria da<span class=\"excerpt-hellip\"> [\u2026]<\/span><\/p>\n","protected":false},"author":10,"featured_media":29495,"comment_status":"open","ping_status":"open","sticky":false,"template":"","format":"standard","meta":{"_jetpack_memberships_contains_paid_content":false,"footnotes":"","jetpack_publicize_message":"","jetpack_publicize_feature_enabled":true,"jetpack_social_post_already_shared":false,"jetpack_social_options":{"image_generator_settings":{"template":"highway","default_image_id":0,"enabled":false},"version":2}},"categories":[28,44],"tags":[],"class_list":["post-34751","post","type-post","status-publish","format-standard","has-post-thumbnail","hentry","category-cotidiano","category-noticias"],"yoast_head":"<!-- This site is optimized with the Yoast SEO plugin v25.6 - https:\/\/yoast.com\/wordpress\/plugins\/seo\/ -->\n<title>PPA: Franca e Barretos discutem Or\u00e7amento do Estado de SP dos pr\u00f3ximos anos - VerdadeOn<\/title>\n<meta name=\"robots\" content=\"index, follow, max-snippet:-1, max-image-preview:large, max-video-preview:-1\" \/>\n<link rel=\"canonical\" href=\"https:\/\/verdadeon.com.br\/portal\/2023\/05\/31\/ppa-franca-e-barretos-discutem-orcamento-do-estado-de-sp-dos-proximos-anos\/\" \/>\n<meta property=\"og:locale\" content=\"pt_BR\" \/>\n<meta property=\"og:type\" content=\"article\" \/>\n<meta property=\"og:title\" content=\"PPA: Franca e Barretos discutem Or\u00e7amento do Estado de SP dos pr\u00f3ximos anos - VerdadeOn\" \/>\n<meta property=\"og:description\" content=\"Governo de SP realiza \u00faltimas audi\u00eancias p\u00fablicas regionais para discutir o Plano Plurianual para o quadri\u00eanio 2024-2027 O Governo de SP, por meio da Secretaria da [\u2026]\" \/>\n<meta property=\"og:url\" content=\"https:\/\/verdadeon.com.br\/portal\/2023\/05\/31\/ppa-franca-e-barretos-discutem-orcamento-do-estado-de-sp-dos-proximos-anos\/\" \/>\n<meta property=\"og:site_name\" content=\"VerdadeOn\" \/>\n<meta property=\"article:published_time\" content=\"2023-05-31T17:39:43+00:00\" \/>\n<meta property=\"og:image\" content=\"https:\/\/verdadeon.com.br\/portal\/wp-content\/uploads\/2022\/11\/Wilker-Maia-ACIF-27-e1669996177716.jpg\" \/>\n\t<meta property=\"og:image:width\" content=\"1001\" \/>\n\t<meta property=\"og:image:height\" content=\"668\" \/>\n\t<meta property=\"og:image:type\" content=\"image\/jpeg\" \/>\n<meta name=\"author\" content=\"Redacao VerdadeOn\" \/>\n<meta name=\"twitter:card\" content=\"summary_large_image\" \/>\n<meta name=\"twitter:label1\" content=\"Escrito por\" \/>\n\t<meta name=\"twitter:data1\" content=\"Redacao VerdadeOn\" \/>\n\t<meta name=\"twitter:label2\" content=\"Est. tempo de leitura\" \/>\n\t<meta name=\"twitter:data2\" content=\"3 minutos\" \/>\n<script type=\"application\/ld+json\" class=\"yoast-schema-graph\">{\"@context\":\"https:\/\/schema.org\",\"@graph\":[{\"@type\":\"WebPage\",\"@id\":\"https:\/\/verdadeon.com.br\/portal\/2023\/05\/31\/ppa-franca-e-barretos-discutem-orcamento-do-estado-de-sp-dos-proximos-anos\/\",\"url\":\"https:\/\/verdadeon.com.br\/portal\/2023\/05\/31\/ppa-franca-e-barretos-discutem-orcamento-do-estado-de-sp-dos-proximos-anos\/\",\"name\":\"PPA: Franca e Barretos discutem Or\u00e7amento do Estado de SP dos pr\u00f3ximos anos - VerdadeOn\",\"isPartOf\":{\"@id\":\"https:\/\/verdadeon.com.br\/portal\/#website\"},\"primaryImageOfPage\":{\"@id\":\"https:\/\/verdadeon.com.br\/portal\/2023\/05\/31\/ppa-franca-e-barretos-discutem-orcamento-do-estado-de-sp-dos-proximos-anos\/#primaryimage\"},\"image\":{\"@id\":\"https:\/\/verdadeon.com.br\/portal\/2023\/05\/31\/ppa-franca-e-barretos-discutem-orcamento-do-estado-de-sp-dos-proximos-anos\/#primaryimage\"},\"thumbnailUrl\":\"https:\/\/i0.wp.com\/verdadeon.com.br\/portal\/wp-content\/uploads\/2022\/11\/Wilker-Maia-ACIF-27-e1669996177716.jpg?fit=1001%2C668&ssl=1\",\"datePublished\":\"2023-05-31T17:39:43+00:00\",\"author\":{\"@id\":\"https:\/\/verdadeon.com.br\/portal\/#\/schema\/person\/a5060ad1e9ea3df545188fc93ce43d2f\"},\"breadcrumb\":{\"@id\":\"https:\/\/verdadeon.com.br\/portal\/2023\/05\/31\/ppa-franca-e-barretos-discutem-orcamento-do-estado-de-sp-dos-proximos-anos\/#breadcrumb\"},\"inLanguage\":\"pt-BR\",\"potentialAction\":[{\"@type\":\"ReadAction\",\"target\":[\"https:\/\/verdadeon.com.br\/portal\/2023\/05\/31\/ppa-franca-e-barretos-discutem-orcamento-do-estado-de-sp-dos-proximos-anos\/\"]}]},{\"@type\":\"ImageObject\",\"inLanguage\":\"pt-BR\",\"@id\":\"https:\/\/verdadeon.com.br\/portal\/2023\/05\/31\/ppa-franca-e-barretos-discutem-orcamento-do-estado-de-sp-dos-proximos-anos\/#primaryimage\",\"url\":\"https:\/\/i0.wp.com\/verdadeon.com.br\/portal\/wp-content\/uploads\/2022\/11\/Wilker-Maia-ACIF-27-e1669996177716.jpg?fit=1001%2C668&ssl=1\",\"contentUrl\":\"https:\/\/i0.wp.com\/verdadeon.com.br\/portal\/wp-content\/uploads\/2022\/11\/Wilker-Maia-ACIF-27-e1669996177716.jpg?fit=1001%2C668&ssl=1\",\"width\":1001,\"height\":668,\"caption\":\"Importa\u00e7\u00f5es somaram US$ 91,1 milh\u00f5es, o que significa queda de 38,2% frente ao mesmo per\u00edodo do ano passado (\u00a9Imagem de Wilker Maia\/ACIF)\"},{\"@type\":\"BreadcrumbList\",\"@id\":\"https:\/\/verdadeon.com.br\/portal\/2023\/05\/31\/ppa-franca-e-barretos-discutem-orcamento-do-estado-de-sp-dos-proximos-anos\/#breadcrumb\",\"itemListElement\":[{\"@type\":\"ListItem\",\"position\":1,\"name\":\"In\u00edcio\",\"item\":\"https:\/\/verdadeon.com.br\/portal\/\"},{\"@type\":\"ListItem\",\"position\":2,\"name\":\"PPA: Franca e Barretos discutem Or\u00e7amento do Estado de SP dos pr\u00f3ximos anos\"}]},{\"@type\":\"WebSite\",\"@id\":\"https:\/\/verdadeon.com.br\/portal\/#website\",\"url\":\"https:\/\/verdadeon.com.br\/portal\/\",\"name\":\"VerdadeOn\",\"description\":\"Not\u00edcias di\u00e1rias sobre Franca, Regi\u00e3o, Esporte, Cultura, Cotidiano, Colunas. Cobertura nos principais eventos da cidade \u00e9 aqui - Verdadeon Franca\",\"potentialAction\":[{\"@type\":\"SearchAction\",\"target\":{\"@type\":\"EntryPoint\",\"urlTemplate\":\"https:\/\/verdadeon.com.br\/portal\/?s={search_term_string}\"},\"query-input\":{\"@type\":\"PropertyValueSpecification\",\"valueRequired\":true,\"valueName\":\"search_term_string\"}}],\"inLanguage\":\"pt-BR\"},{\"@type\":\"Person\",\"@id\":\"https:\/\/verdadeon.com.br\/portal\/#\/schema\/person\/a5060ad1e9ea3df545188fc93ce43d2f\",\"name\":\"Redacao VerdadeOn\",\"image\":{\"@type\":\"ImageObject\",\"inLanguage\":\"pt-BR\",\"@id\":\"https:\/\/verdadeon.com.br\/portal\/#\/schema\/person\/image\/\",\"url\":\"https:\/\/secure.gravatar.com\/avatar\/459a9613caaaf07f582c3d0841eea68bdd66f533e465e6ba8b9cb45619572cf4?s=96&d=mm&r=g\",\"contentUrl\":\"https:\/\/secure.gravatar.com\/avatar\/459a9613caaaf07f582c3d0841eea68bdd66f533e465e6ba8b9cb45619572cf4?s=96&d=mm&r=g\",\"caption\":\"Redacao VerdadeOn\"},\"url\":\"https:\/\/verdadeon.com.br\/portal\/author\/redacao\/\"}]}<\/script>\n<!-- \/ Yoast SEO plugin. -->","yoast_head_json":{"title":"PPA: Franca e Barretos discutem Or\u00e7amento do Estado de SP dos pr\u00f3ximos anos - VerdadeOn","robots":{"index":"index","follow":"follow","max-snippet":"max-snippet:-1","max-image-preview":"max-image-preview:large","max-video-preview":"max-video-preview:-1"},"canonical":"https:\/\/verdadeon.com.br\/portal\/2023\/05\/31\/ppa-franca-e-barretos-discutem-orcamento-do-estado-de-sp-dos-proximos-anos\/","og_locale":"pt_BR","og_type":"article","og_title":"PPA: Franca e Barretos discutem Or\u00e7amento do Estado de SP dos pr\u00f3ximos anos - VerdadeOn","og_description":"Governo de SP realiza \u00faltimas audi\u00eancias p\u00fablicas regionais para discutir o Plano Plurianual para o quadri\u00eanio 2024-2027 O Governo de SP, por meio da Secretaria da [\u2026]","og_url":"https:\/\/verdadeon.com.br\/portal\/2023\/05\/31\/ppa-franca-e-barretos-discutem-orcamento-do-estado-de-sp-dos-proximos-anos\/","og_site_name":"VerdadeOn","article_published_time":"2023-05-31T17:39:43+00:00","og_image":[{"width":1001,"height":668,"url":"https:\/\/verdadeon.com.br\/portal\/wp-content\/uploads\/2022\/11\/Wilker-Maia-ACIF-27-e1669996177716.jpg","type":"image\/jpeg"}],"author":"Redacao VerdadeOn","twitter_card":"summary_large_image","twitter_misc":{"Escrito por":"Redacao VerdadeOn","Est. tempo de leitura":"3 minutos"},"schema":{"@context":"https:\/\/schema.org","@graph":[{"@type":"WebPage","@id":"https:\/\/verdadeon.com.br\/portal\/2023\/05\/31\/ppa-franca-e-barretos-discutem-orcamento-do-estado-de-sp-dos-proximos-anos\/","url":"https:\/\/verdadeon.com.br\/portal\/2023\/05\/31\/ppa-franca-e-barretos-discutem-orcamento-do-estado-de-sp-dos-proximos-anos\/","name":"PPA: Franca e Barretos discutem Or\u00e7amento do Estado de SP dos pr\u00f3ximos anos - VerdadeOn","isPartOf":{"@id":"https:\/\/verdadeon.com.br\/portal\/#website"},"primaryImageOfPage":{"@id":"https:\/\/verdadeon.com.br\/portal\/2023\/05\/31\/ppa-franca-e-barretos-discutem-orcamento-do-estado-de-sp-dos-proximos-anos\/#primaryimage"},"image":{"@id":"https:\/\/verdadeon.com.br\/portal\/2023\/05\/31\/ppa-franca-e-barretos-discutem-orcamento-do-estado-de-sp-dos-proximos-anos\/#primaryimage"},"thumbnailUrl":"https:\/\/i0.wp.com\/verdadeon.com.br\/portal\/wp-content\/uploads\/2022\/11\/Wilker-Maia-ACIF-27-e1669996177716.jpg?fit=1001%2C668&ssl=1","datePublished":"2023-05-31T17:39:43+00:00","author":{"@id":"https:\/\/verdadeon.com.br\/portal\/#\/schema\/person\/a5060ad1e9ea3df545188fc93ce43d2f"},"breadcrumb":{"@id":"https:\/\/verdadeon.com.br\/portal\/2023\/05\/31\/ppa-franca-e-barretos-discutem-orcamento-do-estado-de-sp-dos-proximos-anos\/#breadcrumb"},"inLanguage":"pt-BR","potentialAction":[{"@type":"ReadAction","target":["https:\/\/verdadeon.com.br\/portal\/2023\/05\/31\/ppa-franca-e-barretos-discutem-orcamento-do-estado-de-sp-dos-proximos-anos\/"]}]},{"@type":"ImageObject","inLanguage":"pt-BR","@id":"https:\/\/verdadeon.com.br\/portal\/2023\/05\/31\/ppa-franca-e-barretos-discutem-orcamento-do-estado-de-sp-dos-proximos-anos\/#primaryimage","url":"https:\/\/i0.wp.com\/verdadeon.com.br\/portal\/wp-content\/uploads\/2022\/11\/Wilker-Maia-ACIF-27-e1669996177716.jpg?fit=1001%2C668&ssl=1","contentUrl":"https:\/\/i0.wp.com\/verdadeon.com.br\/portal\/wp-content\/uploads\/2022\/11\/Wilker-Maia-ACIF-27-e1669996177716.jpg?fit=1001%2C668&ssl=1","width":1001,"height":668,"caption":"Importa\u00e7\u00f5es somaram US$ 91,1 milh\u00f5es, o que significa queda de 38,2% frente ao mesmo per\u00edodo do ano passado (\u00a9Imagem de Wilker Maia\/ACIF)"},{"@type":"BreadcrumbList","@id":"https:\/\/verdadeon.com.br\/portal\/2023\/05\/31\/ppa-franca-e-barretos-discutem-orcamento-do-estado-de-sp-dos-proximos-anos\/#breadcrumb","itemListElement":[{"@type":"ListItem","position":1,"name":"In\u00edcio","item":"https:\/\/verdadeon.com.br\/portal\/"},{"@type":"ListItem","position":2,"name":"PPA: Franca e Barretos discutem Or\u00e7amento do Estado de SP dos pr\u00f3ximos anos"}]},{"@type":"WebSite","@id":"https:\/\/verdadeon.com.br\/portal\/#website","url":"https:\/\/verdadeon.com.br\/portal\/","name":"VerdadeOn","description":"Not\u00edcias di\u00e1rias sobre Franca, Regi\u00e3o, Esporte, Cultura, Cotidiano, Colunas. Cobertura nos principais eventos da cidade \u00e9 aqui - Verdadeon Franca","potentialAction":[{"@type":"SearchAction","target":{"@type":"EntryPoint","urlTemplate":"https:\/\/verdadeon.com.br\/portal\/?s={search_term_string}"},"query-input":{"@type":"PropertyValueSpecification","valueRequired":true,"valueName":"search_term_string"}}],"inLanguage":"pt-BR"},{"@type":"Person","@id":"https:\/\/verdadeon.com.br\/portal\/#\/schema\/person\/a5060ad1e9ea3df545188fc93ce43d2f","name":"Redacao VerdadeOn","image":{"@type":"ImageObject","inLanguage":"pt-BR","@id":"https:\/\/verdadeon.com.br\/portal\/#\/schema\/person\/image\/","url":"https:\/\/secure.gravatar.com\/avatar\/459a9613caaaf07f582c3d0841eea68bdd66f533e465e6ba8b9cb45619572cf4?s=96&d=mm&r=g","contentUrl":"https:\/\/secure.gravatar.com\/avatar\/459a9613caaaf07f582c3d0841eea68bdd66f533e465e6ba8b9cb45619572cf4?s=96&d=mm&r=g","caption":"Redacao VerdadeOn"},"url":"https:\/\/verdadeon.com.br\/portal\/author\/redacao\/"}]}},"jetpack_publicize_connections":[],"jetpack_featured_media_url":"https:\/\/i0.wp.com\/verdadeon.com.br\/portal\/wp-content\/uploads\/2022\/11\/Wilker-Maia-ACIF-27-e1669996177716.jpg?fit=1001%2C668&ssl=1","jetpack_sharing_enabled":true,"_links":{"self":[{"href":"https:\/\/verdadeon.com.br\/portal\/wp-json\/wp\/v2\/posts\/34751","targetHints":{"allow":["GET"]}}],"collection":[{"href":"https:\/\/verdadeon.com.br\/portal\/wp-json\/wp\/v2\/posts"}],"about":[{"href":"https:\/\/verdadeon.com.br\/portal\/wp-json\/wp\/v2\/types\/post"}],"author":[{"embeddable":true,"href":"https:\/\/verdadeon.com.br\/portal\/wp-json\/wp\/v2\/users\/10"}],"replies":[{"embeddable":true,"href":"https:\/\/verdadeon.com.br\/portal\/wp-json\/wp\/v2\/comments?post=34751"}],"version-history":[{"count":1,"href":"https:\/\/verdadeon.com.br\/portal\/wp-json\/wp\/v2\/posts\/34751\/revisions"}],"predecessor-version":[{"id":34753,"href":"https:\/\/verdadeon.com.br\/portal\/wp-json\/wp\/v2\/posts\/34751\/revisions\/34753"}],"wp:featuredmedia":[{"embeddable":true,"href":"https:\/\/verdadeon.com.br\/portal\/wp-json\/wp\/v2\/media\/29495"}],"wp:attachment":[{"href":"https:\/\/verdadeon.com.br\/portal\/wp-json\/wp\/v2\/media?parent=34751"}],"wp:term":[{"taxonomy":"category","embeddable":true,"href":"https:\/\/verdadeon.com.br\/portal\/wp-json\/wp\/v2\/categories?post=34751"},{"taxonomy":"post_tag","embeddable":true,"href":"https:\/\/verdadeon.com.br\/portal\/wp-json\/wp\/v2\/tags?post=34751"}],"curies":[{"name":"wp","href":"https:\/\/api.w.org\/{rel}","templated":true}]}}