{"id":34750,"date":"2023-05-31T21:29:22","date_gmt":"2023-06-01T00:29:22","guid":{"rendered":"https:\/\/verdadeon.com.br\/portal\/?p=34750"},"modified":"2023-05-31T21:29:22","modified_gmt":"2023-06-01T00:29:22","slug":"sub-19-afv-feac-encara-barueri-de-olho-na-primeira-vitoria-do-campeonato-paulista-de-voleibol-feminino","status":"publish","type":"post","link":"https:\/\/verdadeon.com.br\/portal\/2023\/05\/31\/sub-19-afv-feac-encara-barueri-de-olho-na-primeira-vitoria-do-campeonato-paulista-de-voleibol-feminino\/","title":{"rendered":"Sub-19: AFV Feac encara Barueri de olho na primeira vit\u00f3ria do Campeonato Paulista de Voleibol Feminino"},"content":{"rendered":"<h2>Advers\u00e1rio venceu as tr\u00eas partidas que disputou no campeonato<\/h2>\n<p>A AFV (Associa\u00e7\u00e3o Francana de Voleibol) tem mais um desafio pela frente! Nesta quarta-feira, 1\u00ba de junho, o time encara o Barueri, no Sub-19 do Campeonato Paulista de Voleibol Feminino.<\/p>\n<p>Com partida marcada para as 19 horas, no Gin\u00e1sio Champagnat, em Franca, a AFV busca a primeira vit\u00f3ria no campeonato. A equipe j\u00e1 disputou cinco jogos e tem apenas um <em>set\u00a0<\/em>a seu favor. Em contrapartida, o Barueri disputou apenas tr\u00eas jogos, derrotando os tr\u00eas advers\u00e1rios at\u00e9 ent\u00e3o.<\/p>\n<p>A t\u00e9cnica da equipe, J\u00e9ssica Louren\u00e7o, afirma que \u00e9 tudo muito novo para as meninas, j\u00e1 que \u00e9 o primeiro campeonato paulista que a equipe participa: &#8220;O campeonato \u00e9 muito forte. As meninas n\u00e3o tem muita experi\u00eancia, tem ainda a ansiedade e o nervosismo&#8221;.<\/p>\n<p>&#8220;Estamos vindo de cinco derrotas com times bem superiores ao nosso, por\u00e9m, n\u00e3o ficamos t\u00e3o abaixo no placar. Sempre focamos em fazer o nosso melhor e dar trabalho para esses times grandes&#8221;, destaca J\u00e9ssica Louren\u00e7o. Sabendo da import\u00e2ncia da partida, a loira, como \u00e9 conhecida, complementa: &#8220;Temos o jogo de amanh\u00e3 contra o Barueri, um time forte, que conta com meninas de sele\u00e7\u00e3o de base. Queremos fazer um bom jogo, mostrar que sabemos jogar. A vit\u00f3ria ser\u00e1 consequ\u00eancia!&#8221;.<\/p>\n<p>O aquecimento come\u00e7a \u00e0s 18 horas e a entrada \u00e9 gratuita.<\/p>\n<p><strong>Campanha do Agasalho<\/strong><\/p>\n<p>Na entrada, estar\u00e3o sendo realizadas as recolhas de agasalhos\/roupas de frio para doa\u00e7\u00e3o. Separe as pe\u00e7as e leve para doar. Sua ajuda \u00e9 essencial para esquentar a quem precisa!<\/p>\n","protected":false},"excerpt":{"rendered":"<p>Advers\u00e1rio venceu as tr\u00eas partidas que disputou no campeonato A AFV (Associa\u00e7\u00e3o Francana de Voleibol) tem mais um desafio pela frente! Nesta quarta-feira, 1\u00ba de junho,<span class=\"excerpt-hellip\"> [\u2026]<\/span><\/p>\n","protected":false},"author":10,"featured_media":33232,"comment_status":"open","ping_status":"open","sticky":false,"template":"","format":"standard","meta":{"_jetpack_memberships_contains_paid_content":false,"footnotes":"","jetpack_publicize_message":"","jetpack_publicize_feature_enabled":true,"jetpack_social_post_already_shared":false,"jetpack_social_options":{"image_generator_settings":{"template":"highway","default_image_id":0,"enabled":false},"version":2}},"categories":[28,81],"tags":[],"class_list":["post-34750","post","type-post","status-publish","format-standard","has-post-thumbnail","hentry","category-cotidiano","category-manchete"],"yoast_head":"<!-- This site is optimized with the Yoast SEO plugin v25.6 - https:\/\/yoast.com\/wordpress\/plugins\/seo\/ -->\n<title>Sub-19: AFV Feac encara Barueri de olho na primeira vit\u00f3ria do Campeonato Paulista de Voleibol Feminino - VerdadeOn<\/title>\n<meta name=\"robots\" content=\"index, follow, max-snippet:-1, max-image-preview:large, max-video-preview:-1\" \/>\n<link rel=\"canonical\" href=\"https:\/\/verdadeon.com.br\/portal\/2023\/05\/31\/sub-19-afv-feac-encara-barueri-de-olho-na-primeira-vitoria-do-campeonato-paulista-de-voleibol-feminino\/\" \/>\n<meta property=\"og:locale\" content=\"pt_BR\" \/>\n<meta property=\"og:type\" content=\"article\" \/>\n<meta property=\"og:title\" content=\"Sub-19: AFV Feac encara Barueri de olho na primeira vit\u00f3ria do Campeonato Paulista de Voleibol Feminino - VerdadeOn\" \/>\n<meta property=\"og:description\" content=\"Advers\u00e1rio venceu as tr\u00eas partidas que disputou no campeonato A AFV (Associa\u00e7\u00e3o Francana de Voleibol) tem mais um desafio pela frente! Nesta quarta-feira, 1\u00ba de junho, [\u2026]\" \/>\n<meta property=\"og:url\" content=\"https:\/\/verdadeon.com.br\/portal\/2023\/05\/31\/sub-19-afv-feac-encara-barueri-de-olho-na-primeira-vitoria-do-campeonato-paulista-de-voleibol-feminino\/\" \/>\n<meta property=\"og:site_name\" content=\"VerdadeOn\" \/>\n<meta property=\"article:published_time\" content=\"2023-06-01T00:29:22+00:00\" \/>\n<meta property=\"og:image\" content=\"https:\/\/verdadeon.com.br\/portal\/wp-content\/uploads\/2023\/04\/WhatsApp-Image-2023-04-06-at-12.47.47-1.jpeg\" \/>\n\t<meta property=\"og:image:width\" content=\"1000\" \/>\n\t<meta property=\"og:image:height\" content=\"670\" \/>\n\t<meta property=\"og:image:type\" content=\"image\/jpeg\" \/>\n<meta name=\"author\" content=\"Redacao VerdadeOn\" \/>\n<meta name=\"twitter:card\" content=\"summary_large_image\" \/>\n<meta name=\"twitter:label1\" content=\"Escrito por\" \/>\n\t<meta name=\"twitter:data1\" content=\"Redacao VerdadeOn\" \/>\n\t<meta name=\"twitter:label2\" content=\"Est. tempo de leitura\" \/>\n\t<meta name=\"twitter:data2\" content=\"2 minutos\" \/>\n<script type=\"application\/ld+json\" class=\"yoast-schema-graph\">{\"@context\":\"https:\/\/schema.org\",\"@graph\":[{\"@type\":\"WebPage\",\"@id\":\"https:\/\/verdadeon.com.br\/portal\/2023\/05\/31\/sub-19-afv-feac-encara-barueri-de-olho-na-primeira-vitoria-do-campeonato-paulista-de-voleibol-feminino\/\",\"url\":\"https:\/\/verdadeon.com.br\/portal\/2023\/05\/31\/sub-19-afv-feac-encara-barueri-de-olho-na-primeira-vitoria-do-campeonato-paulista-de-voleibol-feminino\/\",\"name\":\"Sub-19: AFV Feac encara Barueri de olho na primeira vit\u00f3ria do Campeonato Paulista de Voleibol Feminino - VerdadeOn\",\"isPartOf\":{\"@id\":\"https:\/\/verdadeon.com.br\/portal\/#website\"},\"primaryImageOfPage\":{\"@id\":\"https:\/\/verdadeon.com.br\/portal\/2023\/05\/31\/sub-19-afv-feac-encara-barueri-de-olho-na-primeira-vitoria-do-campeonato-paulista-de-voleibol-feminino\/#primaryimage\"},\"image\":{\"@id\":\"https:\/\/verdadeon.com.br\/portal\/2023\/05\/31\/sub-19-afv-feac-encara-barueri-de-olho-na-primeira-vitoria-do-campeonato-paulista-de-voleibol-feminino\/#primaryimage\"},\"thumbnailUrl\":\"https:\/\/i0.wp.com\/verdadeon.com.br\/portal\/wp-content\/uploads\/2023\/04\/WhatsApp-Image-2023-04-06-at-12.47.47-1.jpeg?fit=1000%2C670&ssl=1\",\"datePublished\":\"2023-06-01T00:29:22+00:00\",\"author\":{\"@id\":\"https:\/\/verdadeon.com.br\/portal\/#\/schema\/person\/a5060ad1e9ea3df545188fc93ce43d2f\"},\"breadcrumb\":{\"@id\":\"https:\/\/verdadeon.com.br\/portal\/2023\/05\/31\/sub-19-afv-feac-encara-barueri-de-olho-na-primeira-vitoria-do-campeonato-paulista-de-voleibol-feminino\/#breadcrumb\"},\"inLanguage\":\"pt-BR\",\"potentialAction\":[{\"@type\":\"ReadAction\",\"target\":[\"https:\/\/verdadeon.com.br\/portal\/2023\/05\/31\/sub-19-afv-feac-encara-barueri-de-olho-na-primeira-vitoria-do-campeonato-paulista-de-voleibol-feminino\/\"]}]},{\"@type\":\"ImageObject\",\"inLanguage\":\"pt-BR\",\"@id\":\"https:\/\/verdadeon.com.br\/portal\/2023\/05\/31\/sub-19-afv-feac-encara-barueri-de-olho-na-primeira-vitoria-do-campeonato-paulista-de-voleibol-feminino\/#primaryimage\",\"url\":\"https:\/\/i0.wp.com\/verdadeon.com.br\/portal\/wp-content\/uploads\/2023\/04\/WhatsApp-Image-2023-04-06-at-12.47.47-1.jpeg?fit=1000%2C670&ssl=1\",\"contentUrl\":\"https:\/\/i0.wp.com\/verdadeon.com.br\/portal\/wp-content\/uploads\/2023\/04\/WhatsApp-Image-2023-04-06-at-12.47.47-1.jpeg?fit=1000%2C670&ssl=1\",\"width\":1000,\"height\":670,\"caption\":\"AFV Feac se prepara para encarar o Barueri (\u20a2Imagem ilustrativa - Associa\u00e7\u00e3o Francana de Voleibol)\"},{\"@type\":\"BreadcrumbList\",\"@id\":\"https:\/\/verdadeon.com.br\/portal\/2023\/05\/31\/sub-19-afv-feac-encara-barueri-de-olho-na-primeira-vitoria-do-campeonato-paulista-de-voleibol-feminino\/#breadcrumb\",\"itemListElement\":[{\"@type\":\"ListItem\",\"position\":1,\"name\":\"In\u00edcio\",\"item\":\"https:\/\/verdadeon.com.br\/portal\/\"},{\"@type\":\"ListItem\",\"position\":2,\"name\":\"Sub-19: AFV Feac encara Barueri de olho na primeira vit\u00f3ria do Campeonato Paulista de Voleibol Feminino\"}]},{\"@type\":\"WebSite\",\"@id\":\"https:\/\/verdadeon.com.br\/portal\/#website\",\"url\":\"https:\/\/verdadeon.com.br\/portal\/\",\"name\":\"VerdadeOn\",\"description\":\"Not\u00edcias di\u00e1rias sobre Franca, Regi\u00e3o, Esporte, Cultura, Cotidiano, Colunas. Cobertura nos principais eventos da cidade \u00e9 aqui - Verdadeon Franca\",\"potentialAction\":[{\"@type\":\"SearchAction\",\"target\":{\"@type\":\"EntryPoint\",\"urlTemplate\":\"https:\/\/verdadeon.com.br\/portal\/?s={search_term_string}\"},\"query-input\":{\"@type\":\"PropertyValueSpecification\",\"valueRequired\":true,\"valueName\":\"search_term_string\"}}],\"inLanguage\":\"pt-BR\"},{\"@type\":\"Person\",\"@id\":\"https:\/\/verdadeon.com.br\/portal\/#\/schema\/person\/a5060ad1e9ea3df545188fc93ce43d2f\",\"name\":\"Redacao VerdadeOn\",\"image\":{\"@type\":\"ImageObject\",\"inLanguage\":\"pt-BR\",\"@id\":\"https:\/\/verdadeon.com.br\/portal\/#\/schema\/person\/image\/\",\"url\":\"https:\/\/secure.gravatar.com\/avatar\/459a9613caaaf07f582c3d0841eea68bdd66f533e465e6ba8b9cb45619572cf4?s=96&d=mm&r=g\",\"contentUrl\":\"https:\/\/secure.gravatar.com\/avatar\/459a9613caaaf07f582c3d0841eea68bdd66f533e465e6ba8b9cb45619572cf4?s=96&d=mm&r=g\",\"caption\":\"Redacao VerdadeOn\"},\"url\":\"https:\/\/verdadeon.com.br\/portal\/author\/redacao\/\"}]}<\/script>\n<!-- \/ Yoast SEO plugin. -->","yoast_head_json":{"title":"Sub-19: AFV Feac encara Barueri de olho na primeira vit\u00f3ria do Campeonato Paulista de Voleibol Feminino - VerdadeOn","robots":{"index":"index","follow":"follow","max-snippet":"max-snippet:-1","max-image-preview":"max-image-preview:large","max-video-preview":"max-video-preview:-1"},"canonical":"https:\/\/verdadeon.com.br\/portal\/2023\/05\/31\/sub-19-afv-feac-encara-barueri-de-olho-na-primeira-vitoria-do-campeonato-paulista-de-voleibol-feminino\/","og_locale":"pt_BR","og_type":"article","og_title":"Sub-19: AFV Feac encara Barueri de olho na primeira vit\u00f3ria do Campeonato Paulista de Voleibol Feminino - VerdadeOn","og_description":"Advers\u00e1rio venceu as tr\u00eas partidas que disputou no campeonato A AFV (Associa\u00e7\u00e3o Francana de Voleibol) tem mais um desafio pela frente! Nesta quarta-feira, 1\u00ba de junho, [\u2026]","og_url":"https:\/\/verdadeon.com.br\/portal\/2023\/05\/31\/sub-19-afv-feac-encara-barueri-de-olho-na-primeira-vitoria-do-campeonato-paulista-de-voleibol-feminino\/","og_site_name":"VerdadeOn","article_published_time":"2023-06-01T00:29:22+00:00","og_image":[{"width":1000,"height":670,"url":"https:\/\/verdadeon.com.br\/portal\/wp-content\/uploads\/2023\/04\/WhatsApp-Image-2023-04-06-at-12.47.47-1.jpeg","type":"image\/jpeg"}],"author":"Redacao VerdadeOn","twitter_card":"summary_large_image","twitter_misc":{"Escrito por":"Redacao VerdadeOn","Est. tempo de leitura":"2 minutos"},"schema":{"@context":"https:\/\/schema.org","@graph":[{"@type":"WebPage","@id":"https:\/\/verdadeon.com.br\/portal\/2023\/05\/31\/sub-19-afv-feac-encara-barueri-de-olho-na-primeira-vitoria-do-campeonato-paulista-de-voleibol-feminino\/","url":"https:\/\/verdadeon.com.br\/portal\/2023\/05\/31\/sub-19-afv-feac-encara-barueri-de-olho-na-primeira-vitoria-do-campeonato-paulista-de-voleibol-feminino\/","name":"Sub-19: AFV Feac encara Barueri de olho na primeira vit\u00f3ria do Campeonato Paulista de Voleibol Feminino - VerdadeOn","isPartOf":{"@id":"https:\/\/verdadeon.com.br\/portal\/#website"},"primaryImageOfPage":{"@id":"https:\/\/verdadeon.com.br\/portal\/2023\/05\/31\/sub-19-afv-feac-encara-barueri-de-olho-na-primeira-vitoria-do-campeonato-paulista-de-voleibol-feminino\/#primaryimage"},"image":{"@id":"https:\/\/verdadeon.com.br\/portal\/2023\/05\/31\/sub-19-afv-feac-encara-barueri-de-olho-na-primeira-vitoria-do-campeonato-paulista-de-voleibol-feminino\/#primaryimage"},"thumbnailUrl":"https:\/\/i0.wp.com\/verdadeon.com.br\/portal\/wp-content\/uploads\/2023\/04\/WhatsApp-Image-2023-04-06-at-12.47.47-1.jpeg?fit=1000%2C670&ssl=1","datePublished":"2023-06-01T00:29:22+00:00","author":{"@id":"https:\/\/verdadeon.com.br\/portal\/#\/schema\/person\/a5060ad1e9ea3df545188fc93ce43d2f"},"breadcrumb":{"@id":"https:\/\/verdadeon.com.br\/portal\/2023\/05\/31\/sub-19-afv-feac-encara-barueri-de-olho-na-primeira-vitoria-do-campeonato-paulista-de-voleibol-feminino\/#breadcrumb"},"inLanguage":"pt-BR","potentialAction":[{"@type":"ReadAction","target":["https:\/\/verdadeon.com.br\/portal\/2023\/05\/31\/sub-19-afv-feac-encara-barueri-de-olho-na-primeira-vitoria-do-campeonato-paulista-de-voleibol-feminino\/"]}]},{"@type":"ImageObject","inLanguage":"pt-BR","@id":"https:\/\/verdadeon.com.br\/portal\/2023\/05\/31\/sub-19-afv-feac-encara-barueri-de-olho-na-primeira-vitoria-do-campeonato-paulista-de-voleibol-feminino\/#primaryimage","url":"https:\/\/i0.wp.com\/verdadeon.com.br\/portal\/wp-content\/uploads\/2023\/04\/WhatsApp-Image-2023-04-06-at-12.47.47-1.jpeg?fit=1000%2C670&ssl=1","contentUrl":"https:\/\/i0.wp.com\/verdadeon.com.br\/portal\/wp-content\/uploads\/2023\/04\/WhatsApp-Image-2023-04-06-at-12.47.47-1.jpeg?fit=1000%2C670&ssl=1","width":1000,"height":670,"caption":"AFV Feac se prepara para encarar o Barueri (\u20a2Imagem ilustrativa - Associa\u00e7\u00e3o Francana de Voleibol)"},{"@type":"BreadcrumbList","@id":"https:\/\/verdadeon.com.br\/portal\/2023\/05\/31\/sub-19-afv-feac-encara-barueri-de-olho-na-primeira-vitoria-do-campeonato-paulista-de-voleibol-feminino\/#breadcrumb","itemListElement":[{"@type":"ListItem","position":1,"name":"In\u00edcio","item":"https:\/\/verdadeon.com.br\/portal\/"},{"@type":"ListItem","position":2,"name":"Sub-19: AFV Feac encara Barueri de olho na primeira vit\u00f3ria do Campeonato Paulista de Voleibol Feminino"}]},{"@type":"WebSite","@id":"https:\/\/verdadeon.com.br\/portal\/#website","url":"https:\/\/verdadeon.com.br\/portal\/","name":"VerdadeOn","description":"Not\u00edcias di\u00e1rias sobre Franca, Regi\u00e3o, Esporte, Cultura, Cotidiano, Colunas. Cobertura nos principais eventos da cidade \u00e9 aqui - Verdadeon Franca","potentialAction":[{"@type":"SearchAction","target":{"@type":"EntryPoint","urlTemplate":"https:\/\/verdadeon.com.br\/portal\/?s={search_term_string}"},"query-input":{"@type":"PropertyValueSpecification","valueRequired":true,"valueName":"search_term_string"}}],"inLanguage":"pt-BR"},{"@type":"Person","@id":"https:\/\/verdadeon.com.br\/portal\/#\/schema\/person\/a5060ad1e9ea3df545188fc93ce43d2f","name":"Redacao VerdadeOn","image":{"@type":"ImageObject","inLanguage":"pt-BR","@id":"https:\/\/verdadeon.com.br\/portal\/#\/schema\/person\/image\/","url":"https:\/\/secure.gravatar.com\/avatar\/459a9613caaaf07f582c3d0841eea68bdd66f533e465e6ba8b9cb45619572cf4?s=96&d=mm&r=g","contentUrl":"https:\/\/secure.gravatar.com\/avatar\/459a9613caaaf07f582c3d0841eea68bdd66f533e465e6ba8b9cb45619572cf4?s=96&d=mm&r=g","caption":"Redacao VerdadeOn"},"url":"https:\/\/verdadeon.com.br\/portal\/author\/redacao\/"}]}},"jetpack_publicize_connections":[],"jetpack_featured_media_url":"https:\/\/i0.wp.com\/verdadeon.com.br\/portal\/wp-content\/uploads\/2023\/04\/WhatsApp-Image-2023-04-06-at-12.47.47-1.jpeg?fit=1000%2C670&ssl=1","jetpack_sharing_enabled":true,"_links":{"self":[{"href":"https:\/\/verdadeon.com.br\/portal\/wp-json\/wp\/v2\/posts\/34750","targetHints":{"allow":["GET"]}}],"collection":[{"href":"https:\/\/verdadeon.com.br\/portal\/wp-json\/wp\/v2\/posts"}],"about":[{"href":"https:\/\/verdadeon.com.br\/portal\/wp-json\/wp\/v2\/types\/post"}],"author":[{"embeddable":true,"href":"https:\/\/verdadeon.com.br\/portal\/wp-json\/wp\/v2\/users\/10"}],"replies":[{"embeddable":true,"href":"https:\/\/verdadeon.com.br\/portal\/wp-json\/wp\/v2\/comments?post=34750"}],"version-history":[{"count":2,"href":"https:\/\/verdadeon.com.br\/portal\/wp-json\/wp\/v2\/posts\/34750\/revisions"}],"predecessor-version":[{"id":34763,"href":"https:\/\/verdadeon.com.br\/portal\/wp-json\/wp\/v2\/posts\/34750\/revisions\/34763"}],"wp:featuredmedia":[{"embeddable":true,"href":"https:\/\/verdadeon.com.br\/portal\/wp-json\/wp\/v2\/media\/33232"}],"wp:attachment":[{"href":"https:\/\/verdadeon.com.br\/portal\/wp-json\/wp\/v2\/media?parent=34750"}],"wp:term":[{"taxonomy":"category","embeddable":true,"href":"https:\/\/verdadeon.com.br\/portal\/wp-json\/wp\/v2\/categories?post=34750"},{"taxonomy":"post_tag","embeddable":true,"href":"https:\/\/verdadeon.com.br\/portal\/wp-json\/wp\/v2\/tags?post=34750"}],"curies":[{"name":"wp","href":"https:\/\/api.w.org\/{rel}","templated":true}]}}