{"id":3453,"date":"2020-02-13T07:00:00","date_gmt":"2020-02-13T10:00:00","guid":{"rendered":"http:\/\/verdadeon.com.br\/portal\/?p=3453"},"modified":"2020-02-17T09:40:56","modified_gmt":"2020-02-17T12:40:56","slug":"participacao-de-anitta-em-amor-de-mae-e-perfeitamente-dispensavel","status":"publish","type":"post","link":"https:\/\/verdadeon.com.br\/portal\/2020\/02\/13\/participacao-de-anitta-em-amor-de-mae-e-perfeitamente-dispensavel\/","title":{"rendered":"Participa\u00e7\u00e3o de Anitta em \u201cAmor de M\u00e3e\u201d \u00e9 perfeitamente dispens\u00e1vel"},"content":{"rendered":"<!--vcv no format--><div class=\"vce-row-container\"><div class=\"vce-row vce-row--col-gap-30 vce-row-columns--top vce-row-content--top\" id=\"el-8f1b484d\" data-vce-do-apply=\"all el-8f1b484d\"><div class=\"vce-row-content\" data-vce-element-content=\"true\"><div class=\"vce-col\" id=\"el-3534e10f\"><div class=\"vce-col-inner\" data-vce-do-apply=\"border margin background  el-3534e10f\"><div class=\"vce-col-content\" data-vce-element-content=\"true\" data-vce-do-apply=\"padding el-3534e10f\"><div class=\"vce-text-block\"><div class=\"vce-text-block-wrapper vce\" id=\"el-c9c64d03\" data-vce-do-apply=\"all el-c9c64d03\">\n<p><\/p>\n\n\n\n<p>A Globo marcou para o pr\u00f3ximo dia 27, uma quinta-feira,\no in\u00edcio de exibi\u00e7\u00e3o das cenas gravadas por Anitta para \u201cAmor de M\u00e3e\u201d. <\/p>\n\n\n\n<p>Sabrina, a personagem dela, vai se aproximar de Ryan,\ncantor interpretado por Thiago Martins, e tentar tirar proveito da fama que ele\nj\u00e1 conquistou no mercado musical.<\/p>\n\n\n\n<p>Como se v\u00ea, todo um malabarismo para tornar poss\u00edvel a\nsua especial presen\u00e7a e passar a quem assiste a imagem de alguma verdade.<\/p>\n\n\n\n<p>Tudo muito bom, tudo muito bem, s\u00f3 que essas\nparticipa\u00e7\u00f5es pitorescas \u2013 a da Anitta agora e das tantas outras zilh\u00f5es que j\u00e1\naconteceram-, em vez de alguma necessidade ou contribui\u00e7\u00e3o art\u00edstica, s\u00f3\nacontecem para chamar um pouquinho mais de aten\u00e7\u00e3o para a novela.&nbsp;<\/p>\n\n\n\n<p>No fundo, como se v\u00ea, uma grande bobagem. <\/p>\n\n\n\n<p>E um artif\u00edcio que para \u201cAmor de M\u00e3e\u201d, na altura que est\u00e1 e os resultados que vem conquistando, \u00e9 perfeitamente dispens\u00e1vel.&nbsp; <\/p>\n\n\n\n<h2 class=\"wp-block-heading\"><\/h2>\n\n\n\n<h2 class=\"wp-block-heading\">TV Tudo<\/h2>\n\n\n\n<figure class=\"wp-block-image size-large\"><img loading=\"lazy\" decoding=\"async\" width=\"1000\" height=\"670\" src=\"|!|vcvUploadUrl|!|\/2020\/02\/Monalisa-Perrone-e-DanielaLima-CNN.jpg\" alt=\"\" class=\"wp-image-3454\" srcset=\"https:\/\/i0.wp.com\/verdadeon.com.br\/portal\/wp-content\/uploads\/2020\/02\/Monalisa-Perrone-e-DanielaLima-CNN.jpg?w=1000&amp;ssl=1 1000w, https:\/\/i0.wp.com\/verdadeon.com.br\/portal\/wp-content\/uploads\/2020\/02\/Monalisa-Perrone-e-DanielaLima-CNN.jpg?resize=300%2C201&amp;ssl=1 300w, https:\/\/i0.wp.com\/verdadeon.com.br\/portal\/wp-content\/uploads\/2020\/02\/Monalisa-Perrone-e-DanielaLima-CNN.jpg?resize=768%2C515&amp;ssl=1 768w, https:\/\/i0.wp.com\/verdadeon.com.br\/portal\/wp-content\/uploads\/2020\/02\/Monalisa-Perrone-e-DanielaLima-CNN.jpg?resize=218%2C146&amp;ssl=1 218w, https:\/\/i0.wp.com\/verdadeon.com.br\/portal\/wp-content\/uploads\/2020\/02\/Monalisa-Perrone-e-DanielaLima-CNN.jpg?resize=50%2C34&amp;ssl=1 50w, https:\/\/i0.wp.com\/verdadeon.com.br\/portal\/wp-content\/uploads\/2020\/02\/Monalisa-Perrone-e-DanielaLima-CNN.jpg?resize=112%2C75&amp;ssl=1 112w\" sizes=\"auto, (max-width: 1000px) 100vw, 1000px\" \/><figcaption>   <p>\u201cExpresso CNN\u201d \u00e9 o t\u00edtulo do programa que ser\u00e1 apresentado por Monalisa Perrone e Daniela Lima, a partir de mar\u00e7o, na \u201cCNN Brasil\u201d.A atra\u00e7\u00e3o entrar\u00e1 no ar antes do telejornal de William Waack.  (Cr\u00e9dito Divulga\u00e7\u00e3o)<\/p> <\/figcaption><\/figure>\n\n\n\n<h2 class=\"wp-block-heading\"><strong>O time <\/strong><\/h2>\n\n\n\n<p>Al\u00e9m de Moacyr Franco, a pr\u00f3xima temporada da s\u00e9rie\n\u201cSegunda Chamada\u201d, que estreia em abril, na Globo, tamb\u00e9m re\u00fane \u00c2ngelo Ant\u00f4nio,\nFl\u00e1vio Bauraqui, Pedro Wagner, Rui Ricardo Diaz e Jennifer Dias. <\/p>\n\n\n\n<p>Grava\u00e7\u00f5es em S\u00e3o Paulo. <\/p>\n\n\n\n<p> <\/p>\n\n\n\n<p><strong>Mercado<\/strong><\/p>\n\n\n\n<p>BandNews e BandSports ir\u00e3o promover, na pr\u00f3xima\nsegunda-feira, a festa de lan\u00e7amento do programa \u201cOl\u00e9\u00e9 S.A.\u201d, que ter\u00e1\napresenta\u00e7\u00e3o de Beetto Saad e o prop\u00f3sito de debater o esporte como neg\u00f3cio.<\/p>\n\n\n\n<p>Estreia, nos dois canais, no dia 31. <\/p>\n\n\n\n<p> <\/p>\n\n\n\n<p> <\/p>\n\n\n\n<figure class=\"wp-block-image size-large\"><img loading=\"lazy\" decoding=\"async\" width=\"1000\" height=\"670\" src=\"|!|vcvUploadUrl|!|\/2020\/02\/Grande-C\u00edrculo-SporTV.jpg\" alt=\"\" class=\"wp-image-3455\" srcset=\"https:\/\/i0.wp.com\/verdadeon.com.br\/portal\/wp-content\/uploads\/2020\/02\/Grande-C%C3%ADrculo-SporTV.jpg?w=1000&amp;ssl=1 1000w, https:\/\/i0.wp.com\/verdadeon.com.br\/portal\/wp-content\/uploads\/2020\/02\/Grande-C%C3%ADrculo-SporTV.jpg?resize=300%2C201&amp;ssl=1 300w, https:\/\/i0.wp.com\/verdadeon.com.br\/portal\/wp-content\/uploads\/2020\/02\/Grande-C%C3%ADrculo-SporTV.jpg?resize=768%2C515&amp;ssl=1 768w, https:\/\/i0.wp.com\/verdadeon.com.br\/portal\/wp-content\/uploads\/2020\/02\/Grande-C%C3%ADrculo-SporTV.jpg?resize=218%2C146&amp;ssl=1 218w, https:\/\/i0.wp.com\/verdadeon.com.br\/portal\/wp-content\/uploads\/2020\/02\/Grande-C%C3%ADrculo-SporTV.jpg?resize=50%2C34&amp;ssl=1 50w, https:\/\/i0.wp.com\/verdadeon.com.br\/portal\/wp-content\/uploads\/2020\/02\/Grande-C%C3%ADrculo-SporTV.jpg?resize=112%2C75&amp;ssl=1 112w\" sizes=\"auto, (max-width: 1000px) 100vw, 1000px\" \/><figcaption> <strong>Gravado<\/strong> <br> O \u201cGrande C\u00edrculo\u201d, do SporTV, com Rubens Barrichello, foi gravado na ter\u00e7a-feira com as participa\u00e7\u00f5es de Pedro Bassan, Cl\u00e9ber Machado, Guilherme Pereira, Luciano Burti, Jos\u00e9 Em\u00edlio Aguiar e B\u00e1rbara Gancia. Vai ao ar no dia 29. <br> Apresenta\u00e7\u00e3o de Milton Leite. <br><\/figcaption><\/figure>\n\n\n\n<p> <\/p>\n\n\n\n<p><strong>Em busca<\/strong><\/p>\n\n\n\n<p>A dire\u00e7\u00e3o da Record pretende definir nesses pr\u00f3ximos\ndias os apresentadores dos seus realities shows.<\/p>\n\n\n\n<p>As produ\u00e7\u00f5es do \u201cPower Couple\u201d e \u201cCanta Comigo\u201d j\u00e1 ser\u00e3o disparadas.<\/p>\n\n\n\n<p> <\/p>\n\n\n\n<p><strong>Possibilidade<\/strong><\/p>\n\n\n\n<p>Nessas \u00faltimas horas, o nome de Otaviano Costa circulou\ncom intensidade nos bastidores da Record, para assumir a apresenta\u00e7\u00e3o do \u201cPower\nCouple\u201d, \u201cCanta Comigo\u201d ou \u201cA Ilha\u201d.<\/p>\n\n\n\n<p>Mas o trabalho que ele vem realizando para o GNT, \u201cExtreme Make Over\u201d, a princ\u00edpio \u00e9 visto como impedimento.<\/p>\n\n\n\n<p> <\/p>\n\n\n\n<p><strong>Vale lembrar<\/strong><\/p>\n\n\n\n<p>Otaviano Costa j\u00e1 teve passagens na Record entre 2001 e\n2004, trabalhando em programas como \u201cDom\u00ednio P\u00fablico\u201d, \u201cJogo de Fam\u00edlia\u201d, \u201cNo\nVermelho\u201d e at\u00e9 no \u201cDomingo Espetacular\u201d.<\/p>\n\n\n\n<p>Quanto ao seu compromisso com o GNT, vale recordar que, em seus tempos de Record, F\u00e1bio Porchat tamb\u00e9m atuou nas duas emissoras.<\/p>\n\n\n\n<p> <\/p>\n\n\n\n<p><strong>Franc\u00eas<\/strong><\/p>\n\n\n\n<p>Bordeaux e Dijon, s\u00e1bado agora, ser\u00e1 o primeiro jogo do\ncampeonato franc\u00eas com transmiss\u00e3o da Band.<\/p>\n\n\n\n<p>Escalado pelo dono Johnny Saad, Jos\u00e9 Luiz Datena vai narrar a partida, que ter\u00e1 coment\u00e1rios do Neto. E Datena, na sequ\u00eancia, seguir\u00e1 com o \u201cBrasil Urgente\u201d.<\/p>\n\n\n\n<p> <\/p>\n\n\n\n<p><strong>Balan\u00e7o<\/strong><\/p>\n\n\n\n<p>A cobertura das chuvas em S\u00e3o Paulo, segunda-feira,\nassim como, antes, j\u00e1 tinha acontecido com Minas Gerais, comprovou a\nimport\u00e2ncia do jornalismo na TV aberta.<\/p>\n\n\n\n<p>Uma presta\u00e7\u00e3o de servi\u00e7o que sempre ser\u00e1 ainda mais indispens\u00e1vel. \u00c9 o caminho da televis\u00e3o.<\/p>\n\n\n\n<p> <\/p>\n\n\n\n<p><strong>Em breve<\/strong><\/p>\n\n\n\n<p>O \u201cDomingo Espetacular\u201d, da Record, entre outras\nmelhorias projetadas para os pr\u00f3ximos tempos, ir\u00e1 receber um novo virtual.<\/p>\n\n\n\n<p>A Engenharia est\u00e1 trabalhando na sua concep\u00e7\u00e3o. Deve ficar pronto entre mar\u00e7o e abril.<\/p>\n\n\n\n<p> <\/p>\n\n\n\n<p><strong>Passo \u00e0 frente<\/strong><\/p>\n\n\n\n<p>Assim como Tom Cavalcante, em conversa bem adiantada com\na Band, tamb\u00e9m prosseguem os entendimentos com Ronnie Von.<\/p>\n\n\n\n<p>Mas na parte que toca a ele, a ideia \u00e9 um programa de temporada. Ou algo na linha de um reality show.<\/p>\n\n\n\n<p> <\/p>\n\n\n\n<p><strong>Internacional &#8211; 1 <\/strong><\/p>\n\n\n\n<p>O humorista F\u00e1bio Rabin e o empres\u00e1rio Daniel Bonatti\nacertaram a vinda para o Brasil de um dos principais nomes do entretenimento\namericano na atualidade, o comediante Jim Gaffigan. <\/p>\n\n\n\n<p>Com o contrato fechado, convidaram Mauricio Meirelles para o show de abertura e Rafinha Bastos para ser s\u00f3cio no projeto.<\/p>\n\n\n\n<p> <\/p>\n\n\n\n<p><strong>Internacional &#8211; 2 <\/strong><\/p>\n\n\n\n<p>O evento, que tamb\u00e9m contar\u00e1 com o show de Rabin,\ntotalmente em ingl\u00eas, acontecer\u00e1 no dia 13 de mar\u00e7o, no Teatro Arthur\nRubenstein, dentro do Clube Hebraica, em SP. <\/p>\n\n\n\n<p>De acordo com a revista Forbes, Jim Gaffigan foi o terceiro humorista mais bem pago em 2019, somente atr\u00e1s de Kevin Hart e Jerry Seinfeld. <\/p>\n\n\n\n<p> <\/p>\n\n\n\n<p><strong>Supercopa do Brasil<\/strong><\/p>\n\n\n\n<p>Galv\u00e3o Bueno vai comandar domingo, \u00e0s 11h da Manh\u00e3, na\nGlobo, a transmiss\u00e3o de Flamengo e Athetico-PR pela Supercopa do Brasil, ao\nlado de Junior, Casagrande e Paulo C\u00e9sar de Oliveira. Reportagens de Eric Faria\ne Nadja Mauad.<\/p>\n\n\n\n<p>No SporTV, narra\u00e7\u00e3o de Luiz Carlos Jr. e coment\u00e1rios de&nbsp; L\u00e9dio Carmona, Petkovic e Sandro Meira Ricci. Rep\u00f3rteres: Guido Nunes e Thiago Ribeiro. <\/p>\n\n\n\n<p> <\/p>\n\n\n\n<p> <\/p>\n\n\n\n<h2 class=\"wp-block-heading\">Bate \u2013 Rebate<\/h2>\n\n\n\n<ul class=\"wp-block-list\"><li>O narrador Marcelo do \u00d3, ex-CBN\/Globo estreia na BandNews FM neste s\u00e1bado, com S\u00e3o Paulo e Corinthians, pelo campeonato paulista&#8230;<\/li><li>&#8230; Trata-se de uma volta ao Grupo Bandeirantes, onde trabalhou entre 2010 e 2012, no BandSports. <\/li><li>SBT anunciou ontem a renova\u00e7\u00e3o de contrato do Marc\u00e3o do Povo por mais dois anos.<\/li><li>Grava\u00e7\u00e3o do J\u00f4 Soares com Marcelo Tas para o \u201c#Provoca\u201d, da Cultura, ser\u00e1 na pr\u00f3xima segunda-feira.<\/li><li>Depois de externas realizadas na Bahia e Rio de Janeiro, \u201cNos Tempos do Imperador\u201d passa agora a concentrar suas grava\u00e7\u00f5es nos Est\u00fadios Globo&#8230;<\/li><li>&#8230; Valendo-se tamb\u00e9m da cidade cenogr\u00e1fica que j\u00e1 foi constru\u00edda&#8230;<\/li><li>&#8230; \u00c9 a pr\u00f3xima das 18h, substituta de \u201c\u00c9ramos Seis\u201d, com estreia em mar\u00e7o.<\/li><li>O Festival de Berlim, entre 20 de fevereiro e 1\u00b0 de mar\u00e7o, al\u00e9m de \u201cDesalma\u201d, tamb\u00e9m vai exibir os primeiros cap\u00edtulos da s\u00e9rie \u201cOnde Est\u00e1 Meu Cora\u00e7\u00e3o\u201d&#8230;<\/li><li>&#8230; Ambas s\u00e3o produ\u00e7\u00f5es exclusivas da Globoplay e ainda in\u00e9ditas.&nbsp;&nbsp; <\/li><\/ul>\n\n\n\n<p> <\/p>\n\n\n\n<p> <\/p>\n\n\n\n<h2 class=\"wp-block-heading\">C\u00b4est fini<\/h2>\n\n\n\n<p>\u201cS\u00e3o Paulo\u201d \u00e9 o nome do espet\u00e1culo que vai marcar a\nvolta da atriz Regina Braga aos palcos, com uma cole\u00e7\u00e3o de textos que falam da\ncidade.<\/p>\n\n\n\n<p>Respons\u00e1vel pelo roteiro, Regina estar\u00e1 ao lado de tr\u00eas\natores m\u00fasicos. O in\u00edcio da temporada est\u00e1 marcado para o dia 12 de mar\u00e7o no\nTeatro Unimed, em SP. <\/p>\n\n\n\n<p>Ent\u00e3o \u00e9 isso. Mas amanh\u00e3 tem mais. Tchau!<\/p>\n<\/div><\/div><\/div><\/div><\/div><\/div><\/div><\/div><div class=\"vce-row-container\"><div class=\"vce-row vce-row--col-gap-30 vce-row-columns--top vce-row-content--top\" id=\"el-d5941e0a\" data-vce-do-apply=\"all el-d5941e0a\"><div class=\"vce-row-content\" data-vce-element-content=\"true\"><div class=\"vce-col vce-col--md-auto vce-col--xs-1 vce-col--xs-last vce-col--xs-first vce-col--sm-last vce-col--sm-first vce-col--md-last vce-col--lg-last vce-col--xl-last vce-col--md-first vce-col--lg-first vce-col--xl-first\" id=\"el-2a740655\"><div class=\"vce-col-inner\" data-vce-do-apply=\"border margin background  el-2a740655\"><div class=\"vce-col-content\" data-vce-element-content=\"true\" data-vce-do-apply=\"padding el-2a740655\"><\/div><\/div><\/div><\/div><\/div><\/div><div class=\"vce-row-container\"><div class=\"vce-row vce-row--col-gap-30 vce-row-columns--top vce-row-content--top\" id=\"el-299e7d30\" data-vce-do-apply=\"all el-299e7d30\"><div class=\"vce-row-content\" data-vce-element-content=\"true\"><div class=\"vce-col\" id=\"el-6c6a815e\"><div class=\"vce-col-inner\" data-vce-do-apply=\"border margin background  el-6c6a815e\"><div class=\"vce-col-content\" data-vce-element-content=\"true\" data-vce-do-apply=\"padding el-6c6a815e\"><div class=\"vce vce-separator-container vce-separator--align-center vce-separator--style-solid\" id=\"el-5c47d4ce\" data-vce-do-apply=\"margin el-5c47d4ce\"><div class=\"vce-separator vce-separator--color-bfc0c1 vce-separator--width-60 vce-separator--thickness-1\" data-vce-do-apply=\"border padding background  el-5c47d4ce\"><\/div><\/div><\/div><\/div><\/div><\/div><\/div><\/div><!--vcv no format-->","protected":false},"excerpt":{"rendered":"<p>A Globo marcou para o pr\u00f3ximo dia 27, uma quinta-feira, o in\u00edcio de exibi\u00e7\u00e3o das cenas gravadas por Anitta para \u201cAmor de M\u00e3e\u201d. Sabrina, a personagem<span class=\"excerpt-hellip\"> [\u2026]<\/span><\/p>\n","protected":false},"author":10,"featured_media":3597,"comment_status":"open","ping_status":"open","sticky":false,"template":"","format":"standard","meta":{"_jetpack_memberships_contains_paid_content":false,"footnotes":"","jetpack_publicize_message":"","jetpack_publicize_feature_enabled":true,"jetpack_social_post_already_shared":false,"jetpack_social_options":{"image_generator_settings":{"template":"highway","default_image_id":0,"enabled":false},"version":2}},"categories":[93,92],"tags":[86,48],"class_list":["post-3453","post","type-post","status-publish","format-standard","has-post-thumbnail","hentry","category-canal-1","category-colunista","tag-canal1","tag-variedades"],"yoast_head":"<!-- This site is optimized with the Yoast SEO plugin v25.6 - https:\/\/yoast.com\/wordpress\/plugins\/seo\/ -->\n<title>Participa\u00e7\u00e3o de Anitta em \u201cAmor de M\u00e3e\u201d \u00e9 perfeitamente dispens\u00e1vel - VerdadeOn<\/title>\n<meta name=\"robots\" content=\"index, follow, max-snippet:-1, max-image-preview:large, max-video-preview:-1\" \/>\n<link rel=\"canonical\" href=\"https:\/\/verdadeon.com.br\/portal\/2020\/02\/13\/participacao-de-anitta-em-amor-de-mae-e-perfeitamente-dispensavel\/\" \/>\n<meta property=\"og:locale\" content=\"pt_BR\" \/>\n<meta property=\"og:type\" content=\"article\" \/>\n<meta property=\"og:title\" content=\"Participa\u00e7\u00e3o de Anitta em \u201cAmor de M\u00e3e\u201d \u00e9 perfeitamente dispens\u00e1vel - VerdadeOn\" \/>\n<meta property=\"og:description\" content=\"A Globo marcou para o pr\u00f3ximo dia 27, uma quinta-feira, o in\u00edcio de exibi\u00e7\u00e3o das cenas gravadas por Anitta para \u201cAmor de M\u00e3e\u201d. Sabrina, a personagem [\u2026]\" \/>\n<meta property=\"og:url\" content=\"https:\/\/verdadeon.com.br\/portal\/2020\/02\/13\/participacao-de-anitta-em-amor-de-mae-e-perfeitamente-dispensavel\/\" \/>\n<meta property=\"og:site_name\" content=\"VerdadeOn\" \/>\n<meta property=\"article:published_time\" content=\"2020-02-13T10:00:00+00:00\" \/>\n<meta property=\"article:modified_time\" content=\"2020-02-17T12:40:56+00:00\" \/>\n<meta property=\"og:image\" content=\"https:\/\/verdadeon.com.br\/portal\/wp-content\/uploads\/2020\/02\/anitta-amor-de-mae-1581537150397_v2_900x506-scaled.jpg\" \/>\n\t<meta property=\"og:image:width\" content=\"1000\" \/>\n\t<meta property=\"og:image:height\" content=\"563\" \/>\n\t<meta property=\"og:image:type\" content=\"image\/jpeg\" \/>\n<meta name=\"author\" content=\"Redacao VerdadeOn\" \/>\n<meta name=\"twitter:card\" content=\"summary_large_image\" \/>\n<meta name=\"twitter:label1\" content=\"Escrito por\" \/>\n\t<meta name=\"twitter:data1\" content=\"Redacao VerdadeOn\" \/>\n\t<meta name=\"twitter:label2\" content=\"Est. tempo de leitura\" \/>\n\t<meta name=\"twitter:data2\" content=\"5 minutos\" \/>\n<script type=\"application\/ld+json\" class=\"yoast-schema-graph\">{\"@context\":\"https:\/\/schema.org\",\"@graph\":[{\"@type\":\"WebPage\",\"@id\":\"https:\/\/verdadeon.com.br\/portal\/2020\/02\/13\/participacao-de-anitta-em-amor-de-mae-e-perfeitamente-dispensavel\/\",\"url\":\"https:\/\/verdadeon.com.br\/portal\/2020\/02\/13\/participacao-de-anitta-em-amor-de-mae-e-perfeitamente-dispensavel\/\",\"name\":\"Participa\u00e7\u00e3o de Anitta em \u201cAmor de M\u00e3e\u201d \u00e9 perfeitamente dispens\u00e1vel - VerdadeOn\",\"isPartOf\":{\"@id\":\"https:\/\/verdadeon.com.br\/portal\/#website\"},\"primaryImageOfPage\":{\"@id\":\"https:\/\/verdadeon.com.br\/portal\/2020\/02\/13\/participacao-de-anitta-em-amor-de-mae-e-perfeitamente-dispensavel\/#primaryimage\"},\"image\":{\"@id\":\"https:\/\/verdadeon.com.br\/portal\/2020\/02\/13\/participacao-de-anitta-em-amor-de-mae-e-perfeitamente-dispensavel\/#primaryimage\"},\"thumbnailUrl\":\"https:\/\/i0.wp.com\/verdadeon.com.br\/portal\/wp-content\/uploads\/2020\/02\/anitta-amor-de-mae-1581537150397_v2_900x506-scaled.jpg?fit=1000%2C563&ssl=1\",\"datePublished\":\"2020-02-13T10:00:00+00:00\",\"dateModified\":\"2020-02-17T12:40:56+00:00\",\"author\":{\"@id\":\"https:\/\/verdadeon.com.br\/portal\/#\/schema\/person\/a5060ad1e9ea3df545188fc93ce43d2f\"},\"breadcrumb\":{\"@id\":\"https:\/\/verdadeon.com.br\/portal\/2020\/02\/13\/participacao-de-anitta-em-amor-de-mae-e-perfeitamente-dispensavel\/#breadcrumb\"},\"inLanguage\":\"pt-BR\",\"potentialAction\":[{\"@type\":\"ReadAction\",\"target\":[\"https:\/\/verdadeon.com.br\/portal\/2020\/02\/13\/participacao-de-anitta-em-amor-de-mae-e-perfeitamente-dispensavel\/\"]}]},{\"@type\":\"ImageObject\",\"inLanguage\":\"pt-BR\",\"@id\":\"https:\/\/verdadeon.com.br\/portal\/2020\/02\/13\/participacao-de-anitta-em-amor-de-mae-e-perfeitamente-dispensavel\/#primaryimage\",\"url\":\"https:\/\/i0.wp.com\/verdadeon.com.br\/portal\/wp-content\/uploads\/2020\/02\/anitta-amor-de-mae-1581537150397_v2_900x506-scaled.jpg?fit=1000%2C563&ssl=1\",\"contentUrl\":\"https:\/\/i0.wp.com\/verdadeon.com.br\/portal\/wp-content\/uploads\/2020\/02\/anitta-amor-de-mae-1581537150397_v2_900x506-scaled.jpg?fit=1000%2C563&ssl=1\",\"width\":1000,\"height\":563,\"caption\":\"Imagem: Victor Pollak TV Globo\"},{\"@type\":\"BreadcrumbList\",\"@id\":\"https:\/\/verdadeon.com.br\/portal\/2020\/02\/13\/participacao-de-anitta-em-amor-de-mae-e-perfeitamente-dispensavel\/#breadcrumb\",\"itemListElement\":[{\"@type\":\"ListItem\",\"position\":1,\"name\":\"In\u00edcio\",\"item\":\"https:\/\/verdadeon.com.br\/portal\/\"},{\"@type\":\"ListItem\",\"position\":2,\"name\":\"Participa\u00e7\u00e3o de Anitta em \u201cAmor de M\u00e3e\u201d \u00e9 perfeitamente dispens\u00e1vel\"}]},{\"@type\":\"WebSite\",\"@id\":\"https:\/\/verdadeon.com.br\/portal\/#website\",\"url\":\"https:\/\/verdadeon.com.br\/portal\/\",\"name\":\"VerdadeOn\",\"description\":\"Not\u00edcias di\u00e1rias sobre Franca, Regi\u00e3o, Esporte, Cultura, Cotidiano, Colunas. Cobertura nos principais eventos da cidade \u00e9 aqui - Verdadeon Franca\",\"potentialAction\":[{\"@type\":\"SearchAction\",\"target\":{\"@type\":\"EntryPoint\",\"urlTemplate\":\"https:\/\/verdadeon.com.br\/portal\/?s={search_term_string}\"},\"query-input\":{\"@type\":\"PropertyValueSpecification\",\"valueRequired\":true,\"valueName\":\"search_term_string\"}}],\"inLanguage\":\"pt-BR\"},{\"@type\":\"Person\",\"@id\":\"https:\/\/verdadeon.com.br\/portal\/#\/schema\/person\/a5060ad1e9ea3df545188fc93ce43d2f\",\"name\":\"Redacao VerdadeOn\",\"image\":{\"@type\":\"ImageObject\",\"inLanguage\":\"pt-BR\",\"@id\":\"https:\/\/verdadeon.com.br\/portal\/#\/schema\/person\/image\/\",\"url\":\"https:\/\/secure.gravatar.com\/avatar\/459a9613caaaf07f582c3d0841eea68bdd66f533e465e6ba8b9cb45619572cf4?s=96&d=mm&r=g\",\"contentUrl\":\"https:\/\/secure.gravatar.com\/avatar\/459a9613caaaf07f582c3d0841eea68bdd66f533e465e6ba8b9cb45619572cf4?s=96&d=mm&r=g\",\"caption\":\"Redacao VerdadeOn\"},\"url\":\"https:\/\/verdadeon.com.br\/portal\/author\/redacao\/\"}]}<\/script>\n<!-- \/ Yoast SEO plugin. -->","yoast_head_json":{"title":"Participa\u00e7\u00e3o de Anitta em \u201cAmor de M\u00e3e\u201d \u00e9 perfeitamente dispens\u00e1vel - VerdadeOn","robots":{"index":"index","follow":"follow","max-snippet":"max-snippet:-1","max-image-preview":"max-image-preview:large","max-video-preview":"max-video-preview:-1"},"canonical":"https:\/\/verdadeon.com.br\/portal\/2020\/02\/13\/participacao-de-anitta-em-amor-de-mae-e-perfeitamente-dispensavel\/","og_locale":"pt_BR","og_type":"article","og_title":"Participa\u00e7\u00e3o de Anitta em \u201cAmor de M\u00e3e\u201d \u00e9 perfeitamente dispens\u00e1vel - VerdadeOn","og_description":"A Globo marcou para o pr\u00f3ximo dia 27, uma quinta-feira, o in\u00edcio de exibi\u00e7\u00e3o das cenas gravadas por Anitta para \u201cAmor de M\u00e3e\u201d. Sabrina, a personagem [\u2026]","og_url":"https:\/\/verdadeon.com.br\/portal\/2020\/02\/13\/participacao-de-anitta-em-amor-de-mae-e-perfeitamente-dispensavel\/","og_site_name":"VerdadeOn","article_published_time":"2020-02-13T10:00:00+00:00","article_modified_time":"2020-02-17T12:40:56+00:00","og_image":[{"width":1000,"height":563,"url":"https:\/\/verdadeon.com.br\/portal\/wp-content\/uploads\/2020\/02\/anitta-amor-de-mae-1581537150397_v2_900x506-scaled.jpg","type":"image\/jpeg"}],"author":"Redacao VerdadeOn","twitter_card":"summary_large_image","twitter_misc":{"Escrito por":"Redacao VerdadeOn","Est. tempo de leitura":"5 minutos"},"schema":{"@context":"https:\/\/schema.org","@graph":[{"@type":"WebPage","@id":"https:\/\/verdadeon.com.br\/portal\/2020\/02\/13\/participacao-de-anitta-em-amor-de-mae-e-perfeitamente-dispensavel\/","url":"https:\/\/verdadeon.com.br\/portal\/2020\/02\/13\/participacao-de-anitta-em-amor-de-mae-e-perfeitamente-dispensavel\/","name":"Participa\u00e7\u00e3o de Anitta em \u201cAmor de M\u00e3e\u201d \u00e9 perfeitamente dispens\u00e1vel - VerdadeOn","isPartOf":{"@id":"https:\/\/verdadeon.com.br\/portal\/#website"},"primaryImageOfPage":{"@id":"https:\/\/verdadeon.com.br\/portal\/2020\/02\/13\/participacao-de-anitta-em-amor-de-mae-e-perfeitamente-dispensavel\/#primaryimage"},"image":{"@id":"https:\/\/verdadeon.com.br\/portal\/2020\/02\/13\/participacao-de-anitta-em-amor-de-mae-e-perfeitamente-dispensavel\/#primaryimage"},"thumbnailUrl":"https:\/\/i0.wp.com\/verdadeon.com.br\/portal\/wp-content\/uploads\/2020\/02\/anitta-amor-de-mae-1581537150397_v2_900x506-scaled.jpg?fit=1000%2C563&ssl=1","datePublished":"2020-02-13T10:00:00+00:00","dateModified":"2020-02-17T12:40:56+00:00","author":{"@id":"https:\/\/verdadeon.com.br\/portal\/#\/schema\/person\/a5060ad1e9ea3df545188fc93ce43d2f"},"breadcrumb":{"@id":"https:\/\/verdadeon.com.br\/portal\/2020\/02\/13\/participacao-de-anitta-em-amor-de-mae-e-perfeitamente-dispensavel\/#breadcrumb"},"inLanguage":"pt-BR","potentialAction":[{"@type":"ReadAction","target":["https:\/\/verdadeon.com.br\/portal\/2020\/02\/13\/participacao-de-anitta-em-amor-de-mae-e-perfeitamente-dispensavel\/"]}]},{"@type":"ImageObject","inLanguage":"pt-BR","@id":"https:\/\/verdadeon.com.br\/portal\/2020\/02\/13\/participacao-de-anitta-em-amor-de-mae-e-perfeitamente-dispensavel\/#primaryimage","url":"https:\/\/i0.wp.com\/verdadeon.com.br\/portal\/wp-content\/uploads\/2020\/02\/anitta-amor-de-mae-1581537150397_v2_900x506-scaled.jpg?fit=1000%2C563&ssl=1","contentUrl":"https:\/\/i0.wp.com\/verdadeon.com.br\/portal\/wp-content\/uploads\/2020\/02\/anitta-amor-de-mae-1581537150397_v2_900x506-scaled.jpg?fit=1000%2C563&ssl=1","width":1000,"height":563,"caption":"Imagem: Victor Pollak TV Globo"},{"@type":"BreadcrumbList","@id":"https:\/\/verdadeon.com.br\/portal\/2020\/02\/13\/participacao-de-anitta-em-amor-de-mae-e-perfeitamente-dispensavel\/#breadcrumb","itemListElement":[{"@type":"ListItem","position":1,"name":"In\u00edcio","item":"https:\/\/verdadeon.com.br\/portal\/"},{"@type":"ListItem","position":2,"name":"Participa\u00e7\u00e3o de Anitta em \u201cAmor de M\u00e3e\u201d \u00e9 perfeitamente dispens\u00e1vel"}]},{"@type":"WebSite","@id":"https:\/\/verdadeon.com.br\/portal\/#website","url":"https:\/\/verdadeon.com.br\/portal\/","name":"VerdadeOn","description":"Not\u00edcias di\u00e1rias sobre Franca, Regi\u00e3o, Esporte, Cultura, Cotidiano, Colunas. Cobertura nos principais eventos da cidade \u00e9 aqui - Verdadeon Franca","potentialAction":[{"@type":"SearchAction","target":{"@type":"EntryPoint","urlTemplate":"https:\/\/verdadeon.com.br\/portal\/?s={search_term_string}"},"query-input":{"@type":"PropertyValueSpecification","valueRequired":true,"valueName":"search_term_string"}}],"inLanguage":"pt-BR"},{"@type":"Person","@id":"https:\/\/verdadeon.com.br\/portal\/#\/schema\/person\/a5060ad1e9ea3df545188fc93ce43d2f","name":"Redacao VerdadeOn","image":{"@type":"ImageObject","inLanguage":"pt-BR","@id":"https:\/\/verdadeon.com.br\/portal\/#\/schema\/person\/image\/","url":"https:\/\/secure.gravatar.com\/avatar\/459a9613caaaf07f582c3d0841eea68bdd66f533e465e6ba8b9cb45619572cf4?s=96&d=mm&r=g","contentUrl":"https:\/\/secure.gravatar.com\/avatar\/459a9613caaaf07f582c3d0841eea68bdd66f533e465e6ba8b9cb45619572cf4?s=96&d=mm&r=g","caption":"Redacao VerdadeOn"},"url":"https:\/\/verdadeon.com.br\/portal\/author\/redacao\/"}]}},"jetpack_publicize_connections":[],"jetpack_featured_media_url":"https:\/\/i0.wp.com\/verdadeon.com.br\/portal\/wp-content\/uploads\/2020\/02\/anitta-amor-de-mae-1581537150397_v2_900x506-scaled.jpg?fit=1000%2C563&ssl=1","jetpack_sharing_enabled":true,"_links":{"self":[{"href":"https:\/\/verdadeon.com.br\/portal\/wp-json\/wp\/v2\/posts\/3453","targetHints":{"allow":["GET"]}}],"collection":[{"href":"https:\/\/verdadeon.com.br\/portal\/wp-json\/wp\/v2\/posts"}],"about":[{"href":"https:\/\/verdadeon.com.br\/portal\/wp-json\/wp\/v2\/types\/post"}],"author":[{"embeddable":true,"href":"https:\/\/verdadeon.com.br\/portal\/wp-json\/wp\/v2\/users\/10"}],"replies":[{"embeddable":true,"href":"https:\/\/verdadeon.com.br\/portal\/wp-json\/wp\/v2\/comments?post=3453"}],"version-history":[{"count":0,"href":"https:\/\/verdadeon.com.br\/portal\/wp-json\/wp\/v2\/posts\/3453\/revisions"}],"wp:featuredmedia":[{"embeddable":true,"href":"https:\/\/verdadeon.com.br\/portal\/wp-json\/wp\/v2\/media\/3597"}],"wp:attachment":[{"href":"https:\/\/verdadeon.com.br\/portal\/wp-json\/wp\/v2\/media?parent=3453"}],"wp:term":[{"taxonomy":"category","embeddable":true,"href":"https:\/\/verdadeon.com.br\/portal\/wp-json\/wp\/v2\/categories?post=3453"},{"taxonomy":"post_tag","embeddable":true,"href":"https:\/\/verdadeon.com.br\/portal\/wp-json\/wp\/v2\/tags?post=3453"}],"curies":[{"name":"wp","href":"https:\/\/api.w.org\/{rel}","templated":true}]}}