{"id":3446,"date":"2020-02-12T19:06:11","date_gmt":"2020-02-12T22:06:11","guid":{"rendered":"http:\/\/verdadeon.com.br\/portal\/?p=3446"},"modified":"2020-02-12T19:30:08","modified_gmt":"2020-02-12T22:30:08","slug":"franca-basquete-fica-sem-jogar-por-tres-semanas-ate-volta-do-nbb","status":"publish","type":"post","link":"https:\/\/verdadeon.com.br\/portal\/2020\/02\/12\/franca-basquete-fica-sem-jogar-por-tres-semanas-ate-volta-do-nbb\/","title":{"rendered":"Franca basquete fica sem jogar por tr\u00eas semanas at\u00e9 volta do NBB"},"content":{"rendered":"\n<h2 class=\"wp-block-heading\">Per\u00edodo ser\u00e1 de ajustes e cuidados f\u00edsicos <\/h2>\n\n\n\n<p>A temporada 2019\/2020 tem sido intensa para o Sesi Franca Basquete. Com um total de 52 jogos, a equipe soma 40 vit\u00f3rias e doze derrotas at\u00e9 o momento nas disputas do Campeonato Paulista, Champions das Am\u00e9ricas, Copa Super 8 e NBB (Novo Basquete Brasil). Com uma ta\u00e7a levantada at\u00e9 este m\u00eas, Helinho Garcia em companhia t\u00eam como foco principal o torneio nacional. <\/p>\n\n\n\n<p>Partidas todas as semanas desgastam a parte f\u00edsica dos jogadores e colocam em risco a possibilidade de contus\u00f5es. Pensando nisso, a diretoria e departamento m\u00e9dico do Sesi aproveitam o per\u00edodo de tr\u00eas semanas sem jogos para cuidar das pe\u00e7as e voltar com g\u00e1s total em busca de mais um t\u00edtulo no ano, que seria o primeiro na hist\u00f3ria do NBB.<\/p>\n\n\n\n<p>Ap\u00f3s a vit\u00f3ria diante do Unifacisa, fora de casa por 92 a 86, na noite da \u00faltima segunda-feira (10), a quarta seguida na competi\u00e7\u00e3o, Franca volta a jogar apenas na primeira semana de mar\u00e7o. No dia 3, a equipe volta ao P\u00f3li para enfrentar o Bras\u00edlia, \u00e0s 20 horas. At\u00e9 l\u00e1, alguns trabalhos espec\u00edficos ser\u00e3o feitos. <\/p>\n\n\n\n<p>O plantel do Sesi Franca descansar\u00e1 at\u00e9 segunda-feira (17) quando os atletas retornam \u00e0s atividades. \u201cVamos come\u00e7ar uma inter temporada f\u00edsica e t\u00e1tica da equipe. Claro que durante dez dias n\u00e3o vamos contar com jogadores que estar\u00e3o representando a sele\u00e7\u00e3o, no caso, Lucas Dias e M\u00e1rcio. Mas acima de tudo estamos focando na evolu\u00e7\u00e3o para que a gente possa no dia 3 voltar jogando bem como terminamos essa maratona de jogos e buscando os grandes objetivos que temos pela frente\u201d, Afirmou Helinho.<\/p>\n\n\n\n<p>O preparador f\u00edsico Douglas Nazar explica os objetivos do setor durante o per\u00edodo de prepara\u00e7\u00e3o. \u201cA import\u00e2ncia de ficar esse per\u00edodo sem jogos se d\u00e1 por conta da parte de recupera\u00e7\u00e3o, porque a gente vem de muitos jogos seguidos e, por isso, \u00e9 exigida demais a parte f\u00edsica dos atletas. Al\u00e9m disso, a parte ps\u00edquica tamb\u00e9m \u00e9 afetada. <br>\nTivemos finais, viagens e partidas duras no NBB. Tudo isso mexe por causa da press\u00e3o envolvida\u201d, disse. <\/p>\n\n\n\n<p>De acordo com o preparador, o jogador que mais necessita de cuidados \u00e9 o piv\u00f4 Lucas Cipolini. Com les\u00e3o no joelho desde novembro do ano passado, \u00e9 considerado pe\u00e7a fundamental para o grupo e a expectativa \u00e9 que ele volte a jogar j\u00e1 em mar\u00e7o. H\u00e1 cerca de tr\u00eas meses fora, Cipolini demonstra ansiedade para voltar aos trabalhos. \u201cA vontade de estar em quadra com meus companheiros \u00e9 imensa, mas tenho que saber controlar e usar isso como motiva\u00e7\u00e3o para minha recupera\u00e7\u00e3o. Se n\u00e3o isso tamb\u00e9m pode atrapalhar no processo de recupera\u00e7\u00e3o da les\u00e3o\u201d, ressaltou.<\/p>\n\n\n\n<p>Quando voltar a disputa do Novo Basquete Brasil, o Sesi Franca ter\u00e1, al\u00e9m do time de Bras\u00edlia, mais dois duelos consecutivos em casa, contra Minas e Bauru.<\/p>\n","protected":false},"excerpt":{"rendered":"<p>Per\u00edodo ser\u00e1 de ajustes e cuidados f\u00edsicos A temporada 2019\/2020 tem sido intensa para o Sesi Franca Basquete. Com um total de 52 jogos, a equipe<span class=\"excerpt-hellip\"> [\u2026]<\/span><\/p>\n","protected":false},"author":10,"featured_media":3447,"comment_status":"open","ping_status":"open","sticky":false,"template":"","format":"standard","meta":{"_jetpack_memberships_contains_paid_content":false,"footnotes":"","jetpack_publicize_message":"","jetpack_publicize_feature_enabled":true,"jetpack_social_post_already_shared":false,"jetpack_social_options":{"image_generator_settings":{"template":"highway","default_image_id":0,"enabled":false},"version":2}},"categories":[29],"tags":[31],"class_list":["post-3446","post","type-post","status-publish","format-standard","has-post-thumbnail","hentry","category-esportes","tag-esportes"],"yoast_head":"<!-- This site is optimized with the Yoast SEO plugin v25.6 - https:\/\/yoast.com\/wordpress\/plugins\/seo\/ -->\n<title>Franca basquete fica sem jogar por tr\u00eas semanas at\u00e9 volta do NBB - VerdadeOn<\/title>\n<meta name=\"robots\" content=\"index, follow, max-snippet:-1, max-image-preview:large, max-video-preview:-1\" \/>\n<link rel=\"canonical\" href=\"https:\/\/verdadeon.com.br\/portal\/2020\/02\/12\/franca-basquete-fica-sem-jogar-por-tres-semanas-ate-volta-do-nbb\/\" \/>\n<meta property=\"og:locale\" content=\"pt_BR\" \/>\n<meta property=\"og:type\" content=\"article\" \/>\n<meta property=\"og:title\" content=\"Franca basquete fica sem jogar por tr\u00eas semanas at\u00e9 volta do NBB - VerdadeOn\" \/>\n<meta property=\"og:description\" content=\"Per\u00edodo ser\u00e1 de ajustes e cuidados f\u00edsicos A temporada 2019\/2020 tem sido intensa para o Sesi Franca Basquete. Com um total de 52 jogos, a equipe [\u2026]\" \/>\n<meta property=\"og:url\" content=\"https:\/\/verdadeon.com.br\/portal\/2020\/02\/12\/franca-basquete-fica-sem-jogar-por-tres-semanas-ate-volta-do-nbb\/\" \/>\n<meta property=\"og:site_name\" content=\"VerdadeOn\" \/>\n<meta property=\"article:published_time\" content=\"2020-02-12T22:06:11+00:00\" \/>\n<meta property=\"article:modified_time\" content=\"2020-02-12T22:30:08+00:00\" \/>\n<meta property=\"og:image\" content=\"https:\/\/verdadeon.com.br\/portal\/wp-content\/uploads\/2020\/02\/WhatsApp-Image-2020-02-12-at-17.14.00-scaled.jpeg\" \/>\n\t<meta property=\"og:image:width\" content=\"1000\" \/>\n\t<meta property=\"og:image:height\" content=\"670\" \/>\n\t<meta property=\"og:image:type\" content=\"image\/jpeg\" \/>\n<meta name=\"author\" content=\"Redacao VerdadeOn\" \/>\n<meta name=\"twitter:card\" content=\"summary_large_image\" \/>\n<meta name=\"twitter:label1\" content=\"Escrito por\" \/>\n\t<meta name=\"twitter:data1\" content=\"Redacao VerdadeOn\" \/>\n\t<meta name=\"twitter:label2\" content=\"Est. tempo de leitura\" \/>\n\t<meta name=\"twitter:data2\" content=\"3 minutos\" \/>\n<script type=\"application\/ld+json\" class=\"yoast-schema-graph\">{\"@context\":\"https:\/\/schema.org\",\"@graph\":[{\"@type\":\"WebPage\",\"@id\":\"https:\/\/verdadeon.com.br\/portal\/2020\/02\/12\/franca-basquete-fica-sem-jogar-por-tres-semanas-ate-volta-do-nbb\/\",\"url\":\"https:\/\/verdadeon.com.br\/portal\/2020\/02\/12\/franca-basquete-fica-sem-jogar-por-tres-semanas-ate-volta-do-nbb\/\",\"name\":\"Franca basquete fica sem jogar por tr\u00eas semanas at\u00e9 volta do NBB - VerdadeOn\",\"isPartOf\":{\"@id\":\"https:\/\/verdadeon.com.br\/portal\/#website\"},\"primaryImageOfPage\":{\"@id\":\"https:\/\/verdadeon.com.br\/portal\/2020\/02\/12\/franca-basquete-fica-sem-jogar-por-tres-semanas-ate-volta-do-nbb\/#primaryimage\"},\"image\":{\"@id\":\"https:\/\/verdadeon.com.br\/portal\/2020\/02\/12\/franca-basquete-fica-sem-jogar-por-tres-semanas-ate-volta-do-nbb\/#primaryimage\"},\"thumbnailUrl\":\"https:\/\/i0.wp.com\/verdadeon.com.br\/portal\/wp-content\/uploads\/2020\/02\/WhatsApp-Image-2020-02-12-at-17.14.00-scaled.jpeg?fit=1000%2C670&ssl=1\",\"datePublished\":\"2020-02-12T22:06:11+00:00\",\"dateModified\":\"2020-02-12T22:30:08+00:00\",\"author\":{\"@id\":\"https:\/\/verdadeon.com.br\/portal\/#\/schema\/person\/a5060ad1e9ea3df545188fc93ce43d2f\"},\"breadcrumb\":{\"@id\":\"https:\/\/verdadeon.com.br\/portal\/2020\/02\/12\/franca-basquete-fica-sem-jogar-por-tres-semanas-ate-volta-do-nbb\/#breadcrumb\"},\"inLanguage\":\"pt-BR\",\"potentialAction\":[{\"@type\":\"ReadAction\",\"target\":[\"https:\/\/verdadeon.com.br\/portal\/2020\/02\/12\/franca-basquete-fica-sem-jogar-por-tres-semanas-ate-volta-do-nbb\/\"]}]},{\"@type\":\"ImageObject\",\"inLanguage\":\"pt-BR\",\"@id\":\"https:\/\/verdadeon.com.br\/portal\/2020\/02\/12\/franca-basquete-fica-sem-jogar-por-tres-semanas-ate-volta-do-nbb\/#primaryimage\",\"url\":\"https:\/\/i0.wp.com\/verdadeon.com.br\/portal\/wp-content\/uploads\/2020\/02\/WhatsApp-Image-2020-02-12-at-17.14.00-scaled.jpeg?fit=1000%2C670&ssl=1\",\"contentUrl\":\"https:\/\/i0.wp.com\/verdadeon.com.br\/portal\/wp-content\/uploads\/2020\/02\/WhatsApp-Image-2020-02-12-at-17.14.00-scaled.jpeg?fit=1000%2C670&ssl=1\",\"width\":1000,\"height\":670,\"caption\":\"Grupo de jogadores do Sesi Franca Basquete treinam para melhorar condi\u00e7\u00f5es f\u00edsicas em prepara\u00e7\u00e3o para a volta da temporada | Foto: Lindomar Cailton\"},{\"@type\":\"BreadcrumbList\",\"@id\":\"https:\/\/verdadeon.com.br\/portal\/2020\/02\/12\/franca-basquete-fica-sem-jogar-por-tres-semanas-ate-volta-do-nbb\/#breadcrumb\",\"itemListElement\":[{\"@type\":\"ListItem\",\"position\":1,\"name\":\"In\u00edcio\",\"item\":\"https:\/\/verdadeon.com.br\/portal\/\"},{\"@type\":\"ListItem\",\"position\":2,\"name\":\"Franca basquete fica sem jogar por tr\u00eas semanas at\u00e9 volta do NBB\"}]},{\"@type\":\"WebSite\",\"@id\":\"https:\/\/verdadeon.com.br\/portal\/#website\",\"url\":\"https:\/\/verdadeon.com.br\/portal\/\",\"name\":\"VerdadeOn\",\"description\":\"Not\u00edcias di\u00e1rias sobre Franca, Regi\u00e3o, Esporte, Cultura, Cotidiano, Colunas. Cobertura nos principais eventos da cidade \u00e9 aqui - Verdadeon Franca\",\"potentialAction\":[{\"@type\":\"SearchAction\",\"target\":{\"@type\":\"EntryPoint\",\"urlTemplate\":\"https:\/\/verdadeon.com.br\/portal\/?s={search_term_string}\"},\"query-input\":{\"@type\":\"PropertyValueSpecification\",\"valueRequired\":true,\"valueName\":\"search_term_string\"}}],\"inLanguage\":\"pt-BR\"},{\"@type\":\"Person\",\"@id\":\"https:\/\/verdadeon.com.br\/portal\/#\/schema\/person\/a5060ad1e9ea3df545188fc93ce43d2f\",\"name\":\"Redacao VerdadeOn\",\"image\":{\"@type\":\"ImageObject\",\"inLanguage\":\"pt-BR\",\"@id\":\"https:\/\/verdadeon.com.br\/portal\/#\/schema\/person\/image\/\",\"url\":\"https:\/\/secure.gravatar.com\/avatar\/459a9613caaaf07f582c3d0841eea68bdd66f533e465e6ba8b9cb45619572cf4?s=96&d=mm&r=g\",\"contentUrl\":\"https:\/\/secure.gravatar.com\/avatar\/459a9613caaaf07f582c3d0841eea68bdd66f533e465e6ba8b9cb45619572cf4?s=96&d=mm&r=g\",\"caption\":\"Redacao VerdadeOn\"},\"url\":\"https:\/\/verdadeon.com.br\/portal\/author\/redacao\/\"}]}<\/script>\n<!-- \/ Yoast SEO plugin. -->","yoast_head_json":{"title":"Franca basquete fica sem jogar por tr\u00eas semanas at\u00e9 volta do NBB - VerdadeOn","robots":{"index":"index","follow":"follow","max-snippet":"max-snippet:-1","max-image-preview":"max-image-preview:large","max-video-preview":"max-video-preview:-1"},"canonical":"https:\/\/verdadeon.com.br\/portal\/2020\/02\/12\/franca-basquete-fica-sem-jogar-por-tres-semanas-ate-volta-do-nbb\/","og_locale":"pt_BR","og_type":"article","og_title":"Franca basquete fica sem jogar por tr\u00eas semanas at\u00e9 volta do NBB - VerdadeOn","og_description":"Per\u00edodo ser\u00e1 de ajustes e cuidados f\u00edsicos A temporada 2019\/2020 tem sido intensa para o Sesi Franca Basquete. Com um total de 52 jogos, a equipe [\u2026]","og_url":"https:\/\/verdadeon.com.br\/portal\/2020\/02\/12\/franca-basquete-fica-sem-jogar-por-tres-semanas-ate-volta-do-nbb\/","og_site_name":"VerdadeOn","article_published_time":"2020-02-12T22:06:11+00:00","article_modified_time":"2020-02-12T22:30:08+00:00","og_image":[{"width":1000,"height":670,"url":"https:\/\/verdadeon.com.br\/portal\/wp-content\/uploads\/2020\/02\/WhatsApp-Image-2020-02-12-at-17.14.00-scaled.jpeg","type":"image\/jpeg"}],"author":"Redacao VerdadeOn","twitter_card":"summary_large_image","twitter_misc":{"Escrito por":"Redacao VerdadeOn","Est. tempo de leitura":"3 minutos"},"schema":{"@context":"https:\/\/schema.org","@graph":[{"@type":"WebPage","@id":"https:\/\/verdadeon.com.br\/portal\/2020\/02\/12\/franca-basquete-fica-sem-jogar-por-tres-semanas-ate-volta-do-nbb\/","url":"https:\/\/verdadeon.com.br\/portal\/2020\/02\/12\/franca-basquete-fica-sem-jogar-por-tres-semanas-ate-volta-do-nbb\/","name":"Franca basquete fica sem jogar por tr\u00eas semanas at\u00e9 volta do NBB - VerdadeOn","isPartOf":{"@id":"https:\/\/verdadeon.com.br\/portal\/#website"},"primaryImageOfPage":{"@id":"https:\/\/verdadeon.com.br\/portal\/2020\/02\/12\/franca-basquete-fica-sem-jogar-por-tres-semanas-ate-volta-do-nbb\/#primaryimage"},"image":{"@id":"https:\/\/verdadeon.com.br\/portal\/2020\/02\/12\/franca-basquete-fica-sem-jogar-por-tres-semanas-ate-volta-do-nbb\/#primaryimage"},"thumbnailUrl":"https:\/\/i0.wp.com\/verdadeon.com.br\/portal\/wp-content\/uploads\/2020\/02\/WhatsApp-Image-2020-02-12-at-17.14.00-scaled.jpeg?fit=1000%2C670&ssl=1","datePublished":"2020-02-12T22:06:11+00:00","dateModified":"2020-02-12T22:30:08+00:00","author":{"@id":"https:\/\/verdadeon.com.br\/portal\/#\/schema\/person\/a5060ad1e9ea3df545188fc93ce43d2f"},"breadcrumb":{"@id":"https:\/\/verdadeon.com.br\/portal\/2020\/02\/12\/franca-basquete-fica-sem-jogar-por-tres-semanas-ate-volta-do-nbb\/#breadcrumb"},"inLanguage":"pt-BR","potentialAction":[{"@type":"ReadAction","target":["https:\/\/verdadeon.com.br\/portal\/2020\/02\/12\/franca-basquete-fica-sem-jogar-por-tres-semanas-ate-volta-do-nbb\/"]}]},{"@type":"ImageObject","inLanguage":"pt-BR","@id":"https:\/\/verdadeon.com.br\/portal\/2020\/02\/12\/franca-basquete-fica-sem-jogar-por-tres-semanas-ate-volta-do-nbb\/#primaryimage","url":"https:\/\/i0.wp.com\/verdadeon.com.br\/portal\/wp-content\/uploads\/2020\/02\/WhatsApp-Image-2020-02-12-at-17.14.00-scaled.jpeg?fit=1000%2C670&ssl=1","contentUrl":"https:\/\/i0.wp.com\/verdadeon.com.br\/portal\/wp-content\/uploads\/2020\/02\/WhatsApp-Image-2020-02-12-at-17.14.00-scaled.jpeg?fit=1000%2C670&ssl=1","width":1000,"height":670,"caption":"Grupo de jogadores do Sesi Franca Basquete treinam para melhorar condi\u00e7\u00f5es f\u00edsicas em prepara\u00e7\u00e3o para a volta da temporada | Foto: Lindomar Cailton"},{"@type":"BreadcrumbList","@id":"https:\/\/verdadeon.com.br\/portal\/2020\/02\/12\/franca-basquete-fica-sem-jogar-por-tres-semanas-ate-volta-do-nbb\/#breadcrumb","itemListElement":[{"@type":"ListItem","position":1,"name":"In\u00edcio","item":"https:\/\/verdadeon.com.br\/portal\/"},{"@type":"ListItem","position":2,"name":"Franca basquete fica sem jogar por tr\u00eas semanas at\u00e9 volta do NBB"}]},{"@type":"WebSite","@id":"https:\/\/verdadeon.com.br\/portal\/#website","url":"https:\/\/verdadeon.com.br\/portal\/","name":"VerdadeOn","description":"Not\u00edcias di\u00e1rias sobre Franca, Regi\u00e3o, Esporte, Cultura, Cotidiano, Colunas. Cobertura nos principais eventos da cidade \u00e9 aqui - Verdadeon Franca","potentialAction":[{"@type":"SearchAction","target":{"@type":"EntryPoint","urlTemplate":"https:\/\/verdadeon.com.br\/portal\/?s={search_term_string}"},"query-input":{"@type":"PropertyValueSpecification","valueRequired":true,"valueName":"search_term_string"}}],"inLanguage":"pt-BR"},{"@type":"Person","@id":"https:\/\/verdadeon.com.br\/portal\/#\/schema\/person\/a5060ad1e9ea3df545188fc93ce43d2f","name":"Redacao VerdadeOn","image":{"@type":"ImageObject","inLanguage":"pt-BR","@id":"https:\/\/verdadeon.com.br\/portal\/#\/schema\/person\/image\/","url":"https:\/\/secure.gravatar.com\/avatar\/459a9613caaaf07f582c3d0841eea68bdd66f533e465e6ba8b9cb45619572cf4?s=96&d=mm&r=g","contentUrl":"https:\/\/secure.gravatar.com\/avatar\/459a9613caaaf07f582c3d0841eea68bdd66f533e465e6ba8b9cb45619572cf4?s=96&d=mm&r=g","caption":"Redacao VerdadeOn"},"url":"https:\/\/verdadeon.com.br\/portal\/author\/redacao\/"}]}},"jetpack_publicize_connections":[],"jetpack_featured_media_url":"https:\/\/i0.wp.com\/verdadeon.com.br\/portal\/wp-content\/uploads\/2020\/02\/WhatsApp-Image-2020-02-12-at-17.14.00-scaled.jpeg?fit=1000%2C670&ssl=1","jetpack_sharing_enabled":true,"_links":{"self":[{"href":"https:\/\/verdadeon.com.br\/portal\/wp-json\/wp\/v2\/posts\/3446","targetHints":{"allow":["GET"]}}],"collection":[{"href":"https:\/\/verdadeon.com.br\/portal\/wp-json\/wp\/v2\/posts"}],"about":[{"href":"https:\/\/verdadeon.com.br\/portal\/wp-json\/wp\/v2\/types\/post"}],"author":[{"embeddable":true,"href":"https:\/\/verdadeon.com.br\/portal\/wp-json\/wp\/v2\/users\/10"}],"replies":[{"embeddable":true,"href":"https:\/\/verdadeon.com.br\/portal\/wp-json\/wp\/v2\/comments?post=3446"}],"version-history":[{"count":0,"href":"https:\/\/verdadeon.com.br\/portal\/wp-json\/wp\/v2\/posts\/3446\/revisions"}],"wp:featuredmedia":[{"embeddable":true,"href":"https:\/\/verdadeon.com.br\/portal\/wp-json\/wp\/v2\/media\/3447"}],"wp:attachment":[{"href":"https:\/\/verdadeon.com.br\/portal\/wp-json\/wp\/v2\/media?parent=3446"}],"wp:term":[{"taxonomy":"category","embeddable":true,"href":"https:\/\/verdadeon.com.br\/portal\/wp-json\/wp\/v2\/categories?post=3446"},{"taxonomy":"post_tag","embeddable":true,"href":"https:\/\/verdadeon.com.br\/portal\/wp-json\/wp\/v2\/tags?post=3446"}],"curies":[{"name":"wp","href":"https:\/\/api.w.org\/{rel}","templated":true}]}}