{"id":34353,"date":"2023-05-18T12:07:15","date_gmt":"2023-05-18T15:07:15","guid":{"rendered":"https:\/\/verdadeon.com.br\/portal\/?p=34353"},"modified":"2023-05-18T12:07:15","modified_gmt":"2023-05-18T15:07:15","slug":"temperaturas-globais-devem-subir-a-niveis-recordes-nos-proximos-anos","status":"publish","type":"post","link":"https:\/\/verdadeon.com.br\/portal\/2023\/05\/18\/temperaturas-globais-devem-subir-a-niveis-recordes-nos-proximos-anos\/","title":{"rendered":"Temperaturas globais devem subir a n\u00edveis recordes nos pr\u00f3ximos anos"},"content":{"rendered":"<div class=\"row\">\n<h2 class=\"col-10 offset-1 animated fadeInDown dealy-900 display-8 display-md-8 alt-font font-italic my-1 text-center\">Alerta \u00e9 da Organiza\u00e7\u00e3o Meteorol\u00f3gica Mundial<\/h2>\n<p>Nos pr\u00f3ximos cinco anos, as temperaturas globais devem bater a marca dos registros atuais por causa dos gases que causam o efeito estufa e do fen\u00f4meno El Ni\u00f1o, que est\u00e1 ocorrendo naturalmente.<\/p>\n<p>O alerta \u00e9 da Organiza\u00e7\u00e3o Meteorol\u00f3gica Mundial (OMM). Em relat\u00f3rio\u00a0divulgado nesta quarta-feira (17), a ag\u00eancia das Na\u00e7\u00f5es Unidas\u00a0afirma que existe 98% de chance de um, dentre os pr\u00f3ximos cinco anos, ser o mais quente desde o in\u00edcio de registros das temperaturas globais.<\/p>\n<p>Conhecido como Atualiza\u00e7\u00e3o Global Anual para Decadal do Clima, o relat\u00f3rio \u00e9 produzido pela ag\u00eancia da ONU em parceria com especialistas do Reino Unido.<\/p>\n<p>O secret\u00e1rio-geral da OMM, Petteri Taalas, disse que o relat\u00f3rio n\u00e3o significa que a humanidade estar\u00e1 permanentemente excedendo a marca de 1.5\u00b0C, especificada no Acordo de Paris sobre Mudan\u00e7a Clim\u00e1tica, mas sim um alarme de que este limite ser\u00e1 rompido com maior frequ\u00eancia, no futuro.<\/p>\n<p>O documento aponta uma probabilidade de 66% da temperatura m\u00e9dia anual pr\u00f3xima \u00e0 superf\u00edcie global entre 2023 e 2027 ultrapassar os n\u00edveis pr\u00e9-industriais de 1.5\u00b0C por pelo menos um ano.<\/p>\n<p>Um outro fator \u00e9 que o fen\u00f4meno El Ni\u00f1o, que deve evoluir nos pr\u00f3ximos meses, apare\u00e7a num cen\u00e1rio de combina\u00e7\u00e3o de mudan\u00e7a clim\u00e1tica induzida por seres humanos que levar\u00e1 as temperaturas globais para patamares desconhecidos.<\/p>\n<p><strong>Mundo precisa estar preparado<\/strong><\/p>\n<p>O relat\u00f3rio tamb\u00e9m aponta para o aquecimento do \u00c1rtico que poder\u00e1 ser tr\u00eas vezes mais alto que a m\u00e9dia global.<\/p>\n<p>Taalas acredita\u00a0que esse quadro poder\u00e1 causar impactos sobre a sa\u00fade, seguran\u00e7a alimentar, gerenciamento de mananciais de \u00e1gua e meio ambiente. E, somente por isso, o mundo precisa estar preparado.<\/p>\n<p>Em 2022, a m\u00e9dia de temperatura global foi de 1.15\u00b0C acima da m\u00e9dia de 1850-1900.<\/p>\n<p>A influ\u00eancia de resfriamento das condi\u00e7\u00f5es do fen\u00f4meno La Ni\u00f1a sobre a maior parte dos \u00faltimos tr\u00eas anos controlou, temporariamente, uma tend\u00eancia de aquecimento a longo prazo.<\/p>\n<p><strong>Menos chuvas na Amaz\u00f4nia<\/strong><\/p>\n<p>Mas o La Ni\u00f1a acabou em mar\u00e7o. E o El Ni\u00f1o, geralmente, leva a uma alta das temperaturas globais no ano seguinte \u00e0 sua forma\u00e7\u00e3o, e esta conta fecha em 2024.<\/p>\n<p>Comparado ao per\u00edodo de 1991-2020, a anomalia da temperatura provocada pelo aquecimento do \u00c1rtico \u00e9 esperada para ser mais de tr\u00eas vezes maior. Esse aquecimento est\u00e1 sendo desproporcionalmente mais alto.<\/p>\n<p>Os padr\u00f5es de precipita\u00e7\u00e3o previstos para maio a setembro de 2023 a 2027 se comparados a 1991-2020 sugerem um aumento de chuvas no Sahel, no norte da Europa, no Alasca e no norte da Sib\u00e9ria. E uma redu\u00e7\u00e3o da esta\u00e7\u00e3o de chuva para a Amaz\u00f4nia e partes da Austr\u00e1lia.<\/p>\n<p><strong>Acordo de Paris<\/strong><\/p>\n<p>Al\u00e9m do aumento das temperaturas globais, a produ\u00e7\u00e3o de gases induzidos por m\u00e3os humanas est\u00e1 levando a mais aquecimento e acidifica\u00e7\u00e3o dos oceanos. Outra consequ\u00eancia \u00e9 o derretimento de geleiras e gelo do mar, assim como aumento do n\u00edvel do mar e temperaturas mais extremas.<\/p>\n<p>O Acordo de Paris estabelece objetivos de longo prazo que possam direcionar todos os pa\u00edses para, substancialmente, reduzirem as emiss\u00f5es de gases que causam o efeito estufa limitando o aumento da temperatura neste s\u00e9culo a 2\u00b0C para evitar ou reduzir os impactos adversos e perdas e anos que ocorrer\u00e3o deste quadro.<\/p>\n<p>O novo relat\u00f3rio da OMM est\u00e1 sendo divulgado antes do Congresso Meteorol\u00f3gico Mundial, marcado para 22 de maio a 2 de junho, e que debater\u00e1 como fortalecer os servi\u00e7os de clima e de meteorologia. Dentre as prioridades est\u00e3o sistemas de alerta precoce para proteger as pessoas dos desastres naturais.<\/p>\n<\/div>\n","protected":false},"excerpt":{"rendered":"<p>Alerta \u00e9 da Organiza\u00e7\u00e3o Meteorol\u00f3gica Mundial Nos pr\u00f3ximos cinco anos, as temperaturas globais devem bater a marca dos registros atuais por causa dos gases que causam<span class=\"excerpt-hellip\"> [\u2026]<\/span><\/p>\n","protected":false},"author":10,"featured_media":34354,"comment_status":"open","ping_status":"open","sticky":false,"template":"","format":"standard","meta":{"_jetpack_memberships_contains_paid_content":false,"footnotes":"","jetpack_publicize_message":"","jetpack_publicize_feature_enabled":true,"jetpack_social_post_already_shared":false,"jetpack_social_options":{"image_generator_settings":{"template":"highway","default_image_id":0,"enabled":false},"version":2}},"categories":[28,44],"tags":[],"class_list":["post-34353","post","type-post","status-publish","format-standard","has-post-thumbnail","hentry","category-cotidiano","category-noticias"],"yoast_head":"<!-- This site is optimized with the Yoast SEO plugin v25.6 - https:\/\/yoast.com\/wordpress\/plugins\/seo\/ -->\n<title>Temperaturas globais devem subir a n\u00edveis recordes nos pr\u00f3ximos anos - VerdadeOn<\/title>\n<meta name=\"robots\" content=\"index, follow, max-snippet:-1, max-image-preview:large, max-video-preview:-1\" \/>\n<link rel=\"canonical\" href=\"https:\/\/verdadeon.com.br\/portal\/2023\/05\/18\/temperaturas-globais-devem-subir-a-niveis-recordes-nos-proximos-anos\/\" \/>\n<meta property=\"og:locale\" content=\"pt_BR\" \/>\n<meta property=\"og:type\" content=\"article\" \/>\n<meta property=\"og:title\" content=\"Temperaturas globais devem subir a n\u00edveis recordes nos pr\u00f3ximos anos - VerdadeOn\" \/>\n<meta property=\"og:description\" content=\"Alerta \u00e9 da Organiza\u00e7\u00e3o Meteorol\u00f3gica Mundial Nos pr\u00f3ximos cinco anos, as temperaturas globais devem bater a marca dos registros atuais por causa dos gases que causam [\u2026]\" \/>\n<meta property=\"og:url\" content=\"https:\/\/verdadeon.com.br\/portal\/2023\/05\/18\/temperaturas-globais-devem-subir-a-niveis-recordes-nos-proximos-anos\/\" \/>\n<meta property=\"og:site_name\" content=\"VerdadeOn\" \/>\n<meta property=\"article:published_time\" content=\"2023-05-18T15:07:15+00:00\" \/>\n<meta property=\"og:image\" content=\"https:\/\/verdadeon.com.br\/portal\/wp-content\/uploads\/2023\/05\/vac_abr_3008221180.jpg\" \/>\n\t<meta property=\"og:image:width\" content=\"1000\" \/>\n\t<meta property=\"og:image:height\" content=\"670\" \/>\n\t<meta property=\"og:image:type\" content=\"image\/jpeg\" \/>\n<meta name=\"author\" content=\"Redacao VerdadeOn\" \/>\n<meta name=\"twitter:card\" content=\"summary_large_image\" \/>\n<meta name=\"twitter:label1\" content=\"Escrito por\" \/>\n\t<meta name=\"twitter:data1\" content=\"Redacao VerdadeOn\" \/>\n\t<meta name=\"twitter:label2\" content=\"Est. tempo de leitura\" \/>\n\t<meta name=\"twitter:data2\" content=\"3 minutos\" \/>\n<script type=\"application\/ld+json\" class=\"yoast-schema-graph\">{\"@context\":\"https:\/\/schema.org\",\"@graph\":[{\"@type\":\"WebPage\",\"@id\":\"https:\/\/verdadeon.com.br\/portal\/2023\/05\/18\/temperaturas-globais-devem-subir-a-niveis-recordes-nos-proximos-anos\/\",\"url\":\"https:\/\/verdadeon.com.br\/portal\/2023\/05\/18\/temperaturas-globais-devem-subir-a-niveis-recordes-nos-proximos-anos\/\",\"name\":\"Temperaturas globais devem subir a n\u00edveis recordes nos pr\u00f3ximos anos - VerdadeOn\",\"isPartOf\":{\"@id\":\"https:\/\/verdadeon.com.br\/portal\/#website\"},\"primaryImageOfPage\":{\"@id\":\"https:\/\/verdadeon.com.br\/portal\/2023\/05\/18\/temperaturas-globais-devem-subir-a-niveis-recordes-nos-proximos-anos\/#primaryimage\"},\"image\":{\"@id\":\"https:\/\/verdadeon.com.br\/portal\/2023\/05\/18\/temperaturas-globais-devem-subir-a-niveis-recordes-nos-proximos-anos\/#primaryimage\"},\"thumbnailUrl\":\"https:\/\/i0.wp.com\/verdadeon.com.br\/portal\/wp-content\/uploads\/2023\/05\/vac_abr_3008221180.jpg?fit=1000%2C670&ssl=1\",\"datePublished\":\"2023-05-18T15:07:15+00:00\",\"author\":{\"@id\":\"https:\/\/verdadeon.com.br\/portal\/#\/schema\/person\/a5060ad1e9ea3df545188fc93ce43d2f\"},\"breadcrumb\":{\"@id\":\"https:\/\/verdadeon.com.br\/portal\/2023\/05\/18\/temperaturas-globais-devem-subir-a-niveis-recordes-nos-proximos-anos\/#breadcrumb\"},\"inLanguage\":\"pt-BR\",\"potentialAction\":[{\"@type\":\"ReadAction\",\"target\":[\"https:\/\/verdadeon.com.br\/portal\/2023\/05\/18\/temperaturas-globais-devem-subir-a-niveis-recordes-nos-proximos-anos\/\"]}]},{\"@type\":\"ImageObject\",\"inLanguage\":\"pt-BR\",\"@id\":\"https:\/\/verdadeon.com.br\/portal\/2023\/05\/18\/temperaturas-globais-devem-subir-a-niveis-recordes-nos-proximos-anos\/#primaryimage\",\"url\":\"https:\/\/i0.wp.com\/verdadeon.com.br\/portal\/wp-content\/uploads\/2023\/05\/vac_abr_3008221180.jpg?fit=1000%2C670&ssl=1\",\"contentUrl\":\"https:\/\/i0.wp.com\/verdadeon.com.br\/portal\/wp-content\/uploads\/2023\/05\/vac_abr_3008221180.jpg?fit=1000%2C670&ssl=1\",\"width\":1000,\"height\":670,\"caption\":\"Chuvas voltam em Franca a partir do dia 25, mas n\u00e3o devem atrapalhar Natal (\u00a9Valter Campanato\/Ag\u00eancia Brasil)\"},{\"@type\":\"BreadcrumbList\",\"@id\":\"https:\/\/verdadeon.com.br\/portal\/2023\/05\/18\/temperaturas-globais-devem-subir-a-niveis-recordes-nos-proximos-anos\/#breadcrumb\",\"itemListElement\":[{\"@type\":\"ListItem\",\"position\":1,\"name\":\"In\u00edcio\",\"item\":\"https:\/\/verdadeon.com.br\/portal\/\"},{\"@type\":\"ListItem\",\"position\":2,\"name\":\"Temperaturas globais devem subir a n\u00edveis recordes nos pr\u00f3ximos anos\"}]},{\"@type\":\"WebSite\",\"@id\":\"https:\/\/verdadeon.com.br\/portal\/#website\",\"url\":\"https:\/\/verdadeon.com.br\/portal\/\",\"name\":\"VerdadeOn\",\"description\":\"Not\u00edcias di\u00e1rias sobre Franca, Regi\u00e3o, Esporte, Cultura, Cotidiano, Colunas. Cobertura nos principais eventos da cidade \u00e9 aqui - Verdadeon Franca\",\"potentialAction\":[{\"@type\":\"SearchAction\",\"target\":{\"@type\":\"EntryPoint\",\"urlTemplate\":\"https:\/\/verdadeon.com.br\/portal\/?s={search_term_string}\"},\"query-input\":{\"@type\":\"PropertyValueSpecification\",\"valueRequired\":true,\"valueName\":\"search_term_string\"}}],\"inLanguage\":\"pt-BR\"},{\"@type\":\"Person\",\"@id\":\"https:\/\/verdadeon.com.br\/portal\/#\/schema\/person\/a5060ad1e9ea3df545188fc93ce43d2f\",\"name\":\"Redacao VerdadeOn\",\"image\":{\"@type\":\"ImageObject\",\"inLanguage\":\"pt-BR\",\"@id\":\"https:\/\/verdadeon.com.br\/portal\/#\/schema\/person\/image\/\",\"url\":\"https:\/\/secure.gravatar.com\/avatar\/459a9613caaaf07f582c3d0841eea68bdd66f533e465e6ba8b9cb45619572cf4?s=96&d=mm&r=g\",\"contentUrl\":\"https:\/\/secure.gravatar.com\/avatar\/459a9613caaaf07f582c3d0841eea68bdd66f533e465e6ba8b9cb45619572cf4?s=96&d=mm&r=g\",\"caption\":\"Redacao VerdadeOn\"},\"url\":\"https:\/\/verdadeon.com.br\/portal\/author\/redacao\/\"}]}<\/script>\n<!-- \/ Yoast SEO plugin. -->","yoast_head_json":{"title":"Temperaturas globais devem subir a n\u00edveis recordes nos pr\u00f3ximos anos - VerdadeOn","robots":{"index":"index","follow":"follow","max-snippet":"max-snippet:-1","max-image-preview":"max-image-preview:large","max-video-preview":"max-video-preview:-1"},"canonical":"https:\/\/verdadeon.com.br\/portal\/2023\/05\/18\/temperaturas-globais-devem-subir-a-niveis-recordes-nos-proximos-anos\/","og_locale":"pt_BR","og_type":"article","og_title":"Temperaturas globais devem subir a n\u00edveis recordes nos pr\u00f3ximos anos - VerdadeOn","og_description":"Alerta \u00e9 da Organiza\u00e7\u00e3o Meteorol\u00f3gica Mundial Nos pr\u00f3ximos cinco anos, as temperaturas globais devem bater a marca dos registros atuais por causa dos gases que causam [\u2026]","og_url":"https:\/\/verdadeon.com.br\/portal\/2023\/05\/18\/temperaturas-globais-devem-subir-a-niveis-recordes-nos-proximos-anos\/","og_site_name":"VerdadeOn","article_published_time":"2023-05-18T15:07:15+00:00","og_image":[{"width":1000,"height":670,"url":"https:\/\/verdadeon.com.br\/portal\/wp-content\/uploads\/2023\/05\/vac_abr_3008221180.jpg","type":"image\/jpeg"}],"author":"Redacao VerdadeOn","twitter_card":"summary_large_image","twitter_misc":{"Escrito por":"Redacao VerdadeOn","Est. tempo de leitura":"3 minutos"},"schema":{"@context":"https:\/\/schema.org","@graph":[{"@type":"WebPage","@id":"https:\/\/verdadeon.com.br\/portal\/2023\/05\/18\/temperaturas-globais-devem-subir-a-niveis-recordes-nos-proximos-anos\/","url":"https:\/\/verdadeon.com.br\/portal\/2023\/05\/18\/temperaturas-globais-devem-subir-a-niveis-recordes-nos-proximos-anos\/","name":"Temperaturas globais devem subir a n\u00edveis recordes nos pr\u00f3ximos anos - VerdadeOn","isPartOf":{"@id":"https:\/\/verdadeon.com.br\/portal\/#website"},"primaryImageOfPage":{"@id":"https:\/\/verdadeon.com.br\/portal\/2023\/05\/18\/temperaturas-globais-devem-subir-a-niveis-recordes-nos-proximos-anos\/#primaryimage"},"image":{"@id":"https:\/\/verdadeon.com.br\/portal\/2023\/05\/18\/temperaturas-globais-devem-subir-a-niveis-recordes-nos-proximos-anos\/#primaryimage"},"thumbnailUrl":"https:\/\/i0.wp.com\/verdadeon.com.br\/portal\/wp-content\/uploads\/2023\/05\/vac_abr_3008221180.jpg?fit=1000%2C670&ssl=1","datePublished":"2023-05-18T15:07:15+00:00","author":{"@id":"https:\/\/verdadeon.com.br\/portal\/#\/schema\/person\/a5060ad1e9ea3df545188fc93ce43d2f"},"breadcrumb":{"@id":"https:\/\/verdadeon.com.br\/portal\/2023\/05\/18\/temperaturas-globais-devem-subir-a-niveis-recordes-nos-proximos-anos\/#breadcrumb"},"inLanguage":"pt-BR","potentialAction":[{"@type":"ReadAction","target":["https:\/\/verdadeon.com.br\/portal\/2023\/05\/18\/temperaturas-globais-devem-subir-a-niveis-recordes-nos-proximos-anos\/"]}]},{"@type":"ImageObject","inLanguage":"pt-BR","@id":"https:\/\/verdadeon.com.br\/portal\/2023\/05\/18\/temperaturas-globais-devem-subir-a-niveis-recordes-nos-proximos-anos\/#primaryimage","url":"https:\/\/i0.wp.com\/verdadeon.com.br\/portal\/wp-content\/uploads\/2023\/05\/vac_abr_3008221180.jpg?fit=1000%2C670&ssl=1","contentUrl":"https:\/\/i0.wp.com\/verdadeon.com.br\/portal\/wp-content\/uploads\/2023\/05\/vac_abr_3008221180.jpg?fit=1000%2C670&ssl=1","width":1000,"height":670,"caption":"Chuvas voltam em Franca a partir do dia 25, mas n\u00e3o devem atrapalhar Natal (\u00a9Valter Campanato\/Ag\u00eancia Brasil)"},{"@type":"BreadcrumbList","@id":"https:\/\/verdadeon.com.br\/portal\/2023\/05\/18\/temperaturas-globais-devem-subir-a-niveis-recordes-nos-proximos-anos\/#breadcrumb","itemListElement":[{"@type":"ListItem","position":1,"name":"In\u00edcio","item":"https:\/\/verdadeon.com.br\/portal\/"},{"@type":"ListItem","position":2,"name":"Temperaturas globais devem subir a n\u00edveis recordes nos pr\u00f3ximos anos"}]},{"@type":"WebSite","@id":"https:\/\/verdadeon.com.br\/portal\/#website","url":"https:\/\/verdadeon.com.br\/portal\/","name":"VerdadeOn","description":"Not\u00edcias di\u00e1rias sobre Franca, Regi\u00e3o, Esporte, Cultura, Cotidiano, Colunas. Cobertura nos principais eventos da cidade \u00e9 aqui - Verdadeon Franca","potentialAction":[{"@type":"SearchAction","target":{"@type":"EntryPoint","urlTemplate":"https:\/\/verdadeon.com.br\/portal\/?s={search_term_string}"},"query-input":{"@type":"PropertyValueSpecification","valueRequired":true,"valueName":"search_term_string"}}],"inLanguage":"pt-BR"},{"@type":"Person","@id":"https:\/\/verdadeon.com.br\/portal\/#\/schema\/person\/a5060ad1e9ea3df545188fc93ce43d2f","name":"Redacao VerdadeOn","image":{"@type":"ImageObject","inLanguage":"pt-BR","@id":"https:\/\/verdadeon.com.br\/portal\/#\/schema\/person\/image\/","url":"https:\/\/secure.gravatar.com\/avatar\/459a9613caaaf07f582c3d0841eea68bdd66f533e465e6ba8b9cb45619572cf4?s=96&d=mm&r=g","contentUrl":"https:\/\/secure.gravatar.com\/avatar\/459a9613caaaf07f582c3d0841eea68bdd66f533e465e6ba8b9cb45619572cf4?s=96&d=mm&r=g","caption":"Redacao VerdadeOn"},"url":"https:\/\/verdadeon.com.br\/portal\/author\/redacao\/"}]}},"jetpack_publicize_connections":[],"jetpack_featured_media_url":"https:\/\/i0.wp.com\/verdadeon.com.br\/portal\/wp-content\/uploads\/2023\/05\/vac_abr_3008221180.jpg?fit=1000%2C670&ssl=1","jetpack_sharing_enabled":true,"_links":{"self":[{"href":"https:\/\/verdadeon.com.br\/portal\/wp-json\/wp\/v2\/posts\/34353","targetHints":{"allow":["GET"]}}],"collection":[{"href":"https:\/\/verdadeon.com.br\/portal\/wp-json\/wp\/v2\/posts"}],"about":[{"href":"https:\/\/verdadeon.com.br\/portal\/wp-json\/wp\/v2\/types\/post"}],"author":[{"embeddable":true,"href":"https:\/\/verdadeon.com.br\/portal\/wp-json\/wp\/v2\/users\/10"}],"replies":[{"embeddable":true,"href":"https:\/\/verdadeon.com.br\/portal\/wp-json\/wp\/v2\/comments?post=34353"}],"version-history":[{"count":1,"href":"https:\/\/verdadeon.com.br\/portal\/wp-json\/wp\/v2\/posts\/34353\/revisions"}],"predecessor-version":[{"id":34355,"href":"https:\/\/verdadeon.com.br\/portal\/wp-json\/wp\/v2\/posts\/34353\/revisions\/34355"}],"wp:featuredmedia":[{"embeddable":true,"href":"https:\/\/verdadeon.com.br\/portal\/wp-json\/wp\/v2\/media\/34354"}],"wp:attachment":[{"href":"https:\/\/verdadeon.com.br\/portal\/wp-json\/wp\/v2\/media?parent=34353"}],"wp:term":[{"taxonomy":"category","embeddable":true,"href":"https:\/\/verdadeon.com.br\/portal\/wp-json\/wp\/v2\/categories?post=34353"},{"taxonomy":"post_tag","embeddable":true,"href":"https:\/\/verdadeon.com.br\/portal\/wp-json\/wp\/v2\/tags?post=34353"}],"curies":[{"name":"wp","href":"https:\/\/api.w.org\/{rel}","templated":true}]}}