{"id":33982,"date":"2023-05-05T12:30:49","date_gmt":"2023-05-05T15:30:49","guid":{"rendered":"https:\/\/verdadeon.com.br\/portal\/?p=33982"},"modified":"2023-05-05T14:34:30","modified_gmt":"2023-05-05T17:34:30","slug":"desenvolvimento-promove-workshops-de-empreendedorismo-empregabilidade-e-elaboracao-de-curriculo","status":"publish","type":"post","link":"https:\/\/verdadeon.com.br\/portal\/2023\/05\/05\/desenvolvimento-promove-workshops-de-empreendedorismo-empregabilidade-e-elaboracao-de-curriculo\/","title":{"rendered":"Desenvolvimento promove Workshops de Empreendedorismo, Empregabilidade e Elabora\u00e7\u00e3o de Curr\u00edculo"},"content":{"rendered":"<h2>Inscri\u00e7\u00f5es para os workshops est\u00e3o abertas atrav\u00e9s do Programa &#8220;Emprega Franca&#8221;<\/h2>\n<p>A Secretaria de Desenvolvimento, atrav\u00e9s do Programa &#8220;Emprega Franca&#8221;, est\u00e1 com inscri\u00e7\u00f5es abertas para Workshops, gratuitos, voltados para Empregabilidade, Curr\u00edculos, Finan\u00e7as e Empreendedorismo. Os eventos ser\u00e3o abertos para a popula\u00e7\u00e3o, onde ser\u00e1 poss\u00edvel participar dos encontros.<\/p>\n<p>As reuni\u00f5es ser\u00e3o realizadas na sede do Emprega Franca, durante o m\u00eas de maio, das 14 \u00e0s 16 horas e as inscri\u00e7\u00f5es devem ser feitas pelo site da Prefeitura, no link\u00a0<a href=\"http:\/\/www.franca.sp.gov.br\/caminho-emprego-portal\/cursos.xhtml\" target=\"_blank\" rel=\"noopener\" data-saferedirecturl=\"https:\/\/www.google.com\/url?q=http:\/\/www.franca.sp.gov.br\/caminho-emprego-portal\/cursos.xhtml&amp;source=gmail&amp;ust=1683390535045000&amp;usg=AOvVaw1CuXa6ymQ0t0SeyH4RxcKw\">www.franca.sp.gov.br\/caminho-<wbr \/>emprego-portal\/cursos.xhtml<\/a>. Est\u00e3o dispon\u00edveis 30 vagas para cada encontro.<\/p>\n<p>O primeiro workshop ser\u00e1 no dia 9 de maio, voltado para &#8220;Empregabilidade&#8221;, com foco em divulgar o Emprega Franca, servi\u00e7os prestados \u00e0 popula\u00e7\u00e3o e inser\u00e7\u00e3o ao mercado de trabalho. A &#8220;Elabora\u00e7\u00e3o de Curr\u00edculo&#8221;, com orienta\u00e7\u00f5es e dicas, ser\u00e1 tema do encontro no dia 12 de maio.<\/p>\n<p>J\u00e1 no dia 16, ser\u00e1 a vez de falar sobre &#8220;Intelig\u00eancia Emocional e sua Import\u00e2ncia no Mercado de Trabalho&#8221;. No dia 18, os &#8220;Comportamentos durante um processo seletivo, vestimentas e outros assuntos&#8221; ser\u00e3o abordados.<\/p>\n<p>As &#8220;Finan\u00e7as&#8221; tamb\u00e9m ser\u00e3o tema, em workshop no dia 23. Os participantes receber\u00e3o orienta\u00e7\u00f5es sobre como lidar com dinheiro, aumentar o patrim\u00f4nio e ter mais tranquilidade para gerenciar a vida financeira. Os workshops se encerram no dia 26, com um evento de triagem de vagas no Emprega Franca.<\/p>\n<p>Karla de Paula, diretora de Empreendedorismo, Emprego e Renda da Secretaria de Desenvolvimento, informou que a triagem ser\u00e1 feita das 13 \u00e0s 16 horas, com encaminhamento dos curr\u00edculos e interessados para as vagas disponibilizadas no Emprega Franca, PAT (Posto de Atendimento ao Trabalhador) e PEI (Programa Meu Emprego Inclusivo), voltado para pessoas com defici\u00eancia. \u201cTamb\u00e9m ofertaremos a elabora\u00e7\u00e3o de curr\u00edculos aos interessados\u201d, enfatizou.<\/p>\n<p>Ap\u00f3s a inscri\u00e7\u00e3o pelo site, os interessados dever\u00e3o comparecer \u00e0 sede do Emprega Franca nos dias dos cursos, em pr\u00e9dio anexo ao Terminal Rodovi\u00e1rio de Franca, na avenida 7 de Setembro, 735, Residencial Baldassari.<\/p>\n","protected":false},"excerpt":{"rendered":"<p>Inscri\u00e7\u00f5es para os workshops est\u00e3o abertas atrav\u00e9s do Programa &#8220;Emprega Franca&#8221; A Secretaria de Desenvolvimento, atrav\u00e9s do Programa &#8220;Emprega Franca&#8221;, est\u00e1 com inscri\u00e7\u00f5es abertas para Workshops,<span class=\"excerpt-hellip\"> [\u2026]<\/span><\/p>\n","protected":false},"author":10,"featured_media":33983,"comment_status":"open","ping_status":"open","sticky":false,"template":"","format":"standard","meta":{"_jetpack_memberships_contains_paid_content":false,"footnotes":"","jetpack_publicize_message":"","jetpack_publicize_feature_enabled":true,"jetpack_social_post_already_shared":false,"jetpack_social_options":{"image_generator_settings":{"template":"highway","default_image_id":0,"enabled":false},"version":2}},"categories":[28,81],"tags":[],"class_list":["post-33982","post","type-post","status-publish","format-standard","has-post-thumbnail","hentry","category-cotidiano","category-manchete"],"yoast_head":"<!-- This site is optimized with the Yoast SEO plugin v25.6 - https:\/\/yoast.com\/wordpress\/plugins\/seo\/ -->\n<title>Desenvolvimento promove Workshops de Empreendedorismo, Empregabilidade e Elabora\u00e7\u00e3o de Curr\u00edculo - VerdadeOn<\/title>\n<meta name=\"robots\" content=\"index, follow, max-snippet:-1, max-image-preview:large, max-video-preview:-1\" \/>\n<link rel=\"canonical\" href=\"https:\/\/verdadeon.com.br\/portal\/2023\/05\/05\/desenvolvimento-promove-workshops-de-empreendedorismo-empregabilidade-e-elaboracao-de-curriculo\/\" \/>\n<meta property=\"og:locale\" content=\"pt_BR\" \/>\n<meta property=\"og:type\" content=\"article\" \/>\n<meta property=\"og:title\" content=\"Desenvolvimento promove Workshops de Empreendedorismo, Empregabilidade e Elabora\u00e7\u00e3o de Curr\u00edculo - VerdadeOn\" \/>\n<meta property=\"og:description\" content=\"Inscri\u00e7\u00f5es para os workshops est\u00e3o abertas atrav\u00e9s do Programa &#8220;Emprega Franca&#8221; A Secretaria de Desenvolvimento, atrav\u00e9s do Programa &#8220;Emprega Franca&#8221;, est\u00e1 com inscri\u00e7\u00f5es abertas para Workshops, [\u2026]\" \/>\n<meta property=\"og:url\" content=\"https:\/\/verdadeon.com.br\/portal\/2023\/05\/05\/desenvolvimento-promove-workshops-de-empreendedorismo-empregabilidade-e-elaboracao-de-curriculo\/\" \/>\n<meta property=\"og:site_name\" content=\"VerdadeOn\" \/>\n<meta property=\"article:published_time\" content=\"2023-05-05T15:30:49+00:00\" \/>\n<meta property=\"article:modified_time\" content=\"2023-05-05T17:34:30+00:00\" \/>\n<meta property=\"og:image\" content=\"https:\/\/verdadeon.com.br\/portal\/wp-content\/uploads\/2023\/05\/executivo-empresarial-masculino-dando-um-discurso.jpg\" \/>\n\t<meta property=\"og:image:width\" content=\"1000\" \/>\n\t<meta property=\"og:image:height\" content=\"670\" \/>\n\t<meta property=\"og:image:type\" content=\"image\/jpeg\" \/>\n<meta name=\"author\" content=\"Redacao VerdadeOn\" \/>\n<meta name=\"twitter:card\" content=\"summary_large_image\" \/>\n<meta name=\"twitter:label1\" content=\"Escrito por\" \/>\n\t<meta name=\"twitter:data1\" content=\"Redacao VerdadeOn\" \/>\n\t<meta name=\"twitter:label2\" content=\"Est. tempo de leitura\" \/>\n\t<meta name=\"twitter:data2\" content=\"2 minutos\" \/>\n<script type=\"application\/ld+json\" class=\"yoast-schema-graph\">{\"@context\":\"https:\/\/schema.org\",\"@graph\":[{\"@type\":\"WebPage\",\"@id\":\"https:\/\/verdadeon.com.br\/portal\/2023\/05\/05\/desenvolvimento-promove-workshops-de-empreendedorismo-empregabilidade-e-elaboracao-de-curriculo\/\",\"url\":\"https:\/\/verdadeon.com.br\/portal\/2023\/05\/05\/desenvolvimento-promove-workshops-de-empreendedorismo-empregabilidade-e-elaboracao-de-curriculo\/\",\"name\":\"Desenvolvimento promove Workshops de Empreendedorismo, Empregabilidade e Elabora\u00e7\u00e3o de Curr\u00edculo - VerdadeOn\",\"isPartOf\":{\"@id\":\"https:\/\/verdadeon.com.br\/portal\/#website\"},\"primaryImageOfPage\":{\"@id\":\"https:\/\/verdadeon.com.br\/portal\/2023\/05\/05\/desenvolvimento-promove-workshops-de-empreendedorismo-empregabilidade-e-elaboracao-de-curriculo\/#primaryimage\"},\"image\":{\"@id\":\"https:\/\/verdadeon.com.br\/portal\/2023\/05\/05\/desenvolvimento-promove-workshops-de-empreendedorismo-empregabilidade-e-elaboracao-de-curriculo\/#primaryimage\"},\"thumbnailUrl\":\"https:\/\/i0.wp.com\/verdadeon.com.br\/portal\/wp-content\/uploads\/2023\/05\/executivo-empresarial-masculino-dando-um-discurso.jpg?fit=1000%2C670&ssl=1\",\"datePublished\":\"2023-05-05T15:30:49+00:00\",\"dateModified\":\"2023-05-05T17:34:30+00:00\",\"author\":{\"@id\":\"https:\/\/verdadeon.com.br\/portal\/#\/schema\/person\/a5060ad1e9ea3df545188fc93ce43d2f\"},\"breadcrumb\":{\"@id\":\"https:\/\/verdadeon.com.br\/portal\/2023\/05\/05\/desenvolvimento-promove-workshops-de-empreendedorismo-empregabilidade-e-elaboracao-de-curriculo\/#breadcrumb\"},\"inLanguage\":\"pt-BR\",\"potentialAction\":[{\"@type\":\"ReadAction\",\"target\":[\"https:\/\/verdadeon.com.br\/portal\/2023\/05\/05\/desenvolvimento-promove-workshops-de-empreendedorismo-empregabilidade-e-elaboracao-de-curriculo\/\"]}]},{\"@type\":\"ImageObject\",\"inLanguage\":\"pt-BR\",\"@id\":\"https:\/\/verdadeon.com.br\/portal\/2023\/05\/05\/desenvolvimento-promove-workshops-de-empreendedorismo-empregabilidade-e-elaboracao-de-curriculo\/#primaryimage\",\"url\":\"https:\/\/i0.wp.com\/verdadeon.com.br\/portal\/wp-content\/uploads\/2023\/05\/executivo-empresarial-masculino-dando-um-discurso.jpg?fit=1000%2C670&ssl=1\",\"contentUrl\":\"https:\/\/i0.wp.com\/verdadeon.com.br\/portal\/wp-content\/uploads\/2023\/05\/executivo-empresarial-masculino-dando-um-discurso.jpg?fit=1000%2C670&ssl=1\",\"width\":1000,\"height\":670,\"caption\":\"Secretaria de Desenvolvimento realiza 2\u00ba Encontro de RH's (\u00a9Freepik)\"},{\"@type\":\"BreadcrumbList\",\"@id\":\"https:\/\/verdadeon.com.br\/portal\/2023\/05\/05\/desenvolvimento-promove-workshops-de-empreendedorismo-empregabilidade-e-elaboracao-de-curriculo\/#breadcrumb\",\"itemListElement\":[{\"@type\":\"ListItem\",\"position\":1,\"name\":\"In\u00edcio\",\"item\":\"https:\/\/verdadeon.com.br\/portal\/\"},{\"@type\":\"ListItem\",\"position\":2,\"name\":\"Desenvolvimento promove Workshops de Empreendedorismo, Empregabilidade e Elabora\u00e7\u00e3o de Curr\u00edculo\"}]},{\"@type\":\"WebSite\",\"@id\":\"https:\/\/verdadeon.com.br\/portal\/#website\",\"url\":\"https:\/\/verdadeon.com.br\/portal\/\",\"name\":\"VerdadeOn\",\"description\":\"Not\u00edcias di\u00e1rias sobre Franca, Regi\u00e3o, Esporte, Cultura, Cotidiano, Colunas. Cobertura nos principais eventos da cidade \u00e9 aqui - Verdadeon Franca\",\"potentialAction\":[{\"@type\":\"SearchAction\",\"target\":{\"@type\":\"EntryPoint\",\"urlTemplate\":\"https:\/\/verdadeon.com.br\/portal\/?s={search_term_string}\"},\"query-input\":{\"@type\":\"PropertyValueSpecification\",\"valueRequired\":true,\"valueName\":\"search_term_string\"}}],\"inLanguage\":\"pt-BR\"},{\"@type\":\"Person\",\"@id\":\"https:\/\/verdadeon.com.br\/portal\/#\/schema\/person\/a5060ad1e9ea3df545188fc93ce43d2f\",\"name\":\"Redacao VerdadeOn\",\"image\":{\"@type\":\"ImageObject\",\"inLanguage\":\"pt-BR\",\"@id\":\"https:\/\/verdadeon.com.br\/portal\/#\/schema\/person\/image\/\",\"url\":\"https:\/\/secure.gravatar.com\/avatar\/459a9613caaaf07f582c3d0841eea68bdd66f533e465e6ba8b9cb45619572cf4?s=96&d=mm&r=g\",\"contentUrl\":\"https:\/\/secure.gravatar.com\/avatar\/459a9613caaaf07f582c3d0841eea68bdd66f533e465e6ba8b9cb45619572cf4?s=96&d=mm&r=g\",\"caption\":\"Redacao VerdadeOn\"},\"url\":\"https:\/\/verdadeon.com.br\/portal\/author\/redacao\/\"}]}<\/script>\n<!-- \/ Yoast SEO plugin. -->","yoast_head_json":{"title":"Desenvolvimento promove Workshops de Empreendedorismo, Empregabilidade e Elabora\u00e7\u00e3o de Curr\u00edculo - VerdadeOn","robots":{"index":"index","follow":"follow","max-snippet":"max-snippet:-1","max-image-preview":"max-image-preview:large","max-video-preview":"max-video-preview:-1"},"canonical":"https:\/\/verdadeon.com.br\/portal\/2023\/05\/05\/desenvolvimento-promove-workshops-de-empreendedorismo-empregabilidade-e-elaboracao-de-curriculo\/","og_locale":"pt_BR","og_type":"article","og_title":"Desenvolvimento promove Workshops de Empreendedorismo, Empregabilidade e Elabora\u00e7\u00e3o de Curr\u00edculo - VerdadeOn","og_description":"Inscri\u00e7\u00f5es para os workshops est\u00e3o abertas atrav\u00e9s do Programa &#8220;Emprega Franca&#8221; A Secretaria de Desenvolvimento, atrav\u00e9s do Programa &#8220;Emprega Franca&#8221;, est\u00e1 com inscri\u00e7\u00f5es abertas para Workshops, [\u2026]","og_url":"https:\/\/verdadeon.com.br\/portal\/2023\/05\/05\/desenvolvimento-promove-workshops-de-empreendedorismo-empregabilidade-e-elaboracao-de-curriculo\/","og_site_name":"VerdadeOn","article_published_time":"2023-05-05T15:30:49+00:00","article_modified_time":"2023-05-05T17:34:30+00:00","og_image":[{"width":1000,"height":670,"url":"https:\/\/verdadeon.com.br\/portal\/wp-content\/uploads\/2023\/05\/executivo-empresarial-masculino-dando-um-discurso.jpg","type":"image\/jpeg"}],"author":"Redacao VerdadeOn","twitter_card":"summary_large_image","twitter_misc":{"Escrito por":"Redacao VerdadeOn","Est. tempo de leitura":"2 minutos"},"schema":{"@context":"https:\/\/schema.org","@graph":[{"@type":"WebPage","@id":"https:\/\/verdadeon.com.br\/portal\/2023\/05\/05\/desenvolvimento-promove-workshops-de-empreendedorismo-empregabilidade-e-elaboracao-de-curriculo\/","url":"https:\/\/verdadeon.com.br\/portal\/2023\/05\/05\/desenvolvimento-promove-workshops-de-empreendedorismo-empregabilidade-e-elaboracao-de-curriculo\/","name":"Desenvolvimento promove Workshops de Empreendedorismo, Empregabilidade e Elabora\u00e7\u00e3o de Curr\u00edculo - VerdadeOn","isPartOf":{"@id":"https:\/\/verdadeon.com.br\/portal\/#website"},"primaryImageOfPage":{"@id":"https:\/\/verdadeon.com.br\/portal\/2023\/05\/05\/desenvolvimento-promove-workshops-de-empreendedorismo-empregabilidade-e-elaboracao-de-curriculo\/#primaryimage"},"image":{"@id":"https:\/\/verdadeon.com.br\/portal\/2023\/05\/05\/desenvolvimento-promove-workshops-de-empreendedorismo-empregabilidade-e-elaboracao-de-curriculo\/#primaryimage"},"thumbnailUrl":"https:\/\/i0.wp.com\/verdadeon.com.br\/portal\/wp-content\/uploads\/2023\/05\/executivo-empresarial-masculino-dando-um-discurso.jpg?fit=1000%2C670&ssl=1","datePublished":"2023-05-05T15:30:49+00:00","dateModified":"2023-05-05T17:34:30+00:00","author":{"@id":"https:\/\/verdadeon.com.br\/portal\/#\/schema\/person\/a5060ad1e9ea3df545188fc93ce43d2f"},"breadcrumb":{"@id":"https:\/\/verdadeon.com.br\/portal\/2023\/05\/05\/desenvolvimento-promove-workshops-de-empreendedorismo-empregabilidade-e-elaboracao-de-curriculo\/#breadcrumb"},"inLanguage":"pt-BR","potentialAction":[{"@type":"ReadAction","target":["https:\/\/verdadeon.com.br\/portal\/2023\/05\/05\/desenvolvimento-promove-workshops-de-empreendedorismo-empregabilidade-e-elaboracao-de-curriculo\/"]}]},{"@type":"ImageObject","inLanguage":"pt-BR","@id":"https:\/\/verdadeon.com.br\/portal\/2023\/05\/05\/desenvolvimento-promove-workshops-de-empreendedorismo-empregabilidade-e-elaboracao-de-curriculo\/#primaryimage","url":"https:\/\/i0.wp.com\/verdadeon.com.br\/portal\/wp-content\/uploads\/2023\/05\/executivo-empresarial-masculino-dando-um-discurso.jpg?fit=1000%2C670&ssl=1","contentUrl":"https:\/\/i0.wp.com\/verdadeon.com.br\/portal\/wp-content\/uploads\/2023\/05\/executivo-empresarial-masculino-dando-um-discurso.jpg?fit=1000%2C670&ssl=1","width":1000,"height":670,"caption":"Secretaria de Desenvolvimento realiza 2\u00ba Encontro de RH's (\u00a9Freepik)"},{"@type":"BreadcrumbList","@id":"https:\/\/verdadeon.com.br\/portal\/2023\/05\/05\/desenvolvimento-promove-workshops-de-empreendedorismo-empregabilidade-e-elaboracao-de-curriculo\/#breadcrumb","itemListElement":[{"@type":"ListItem","position":1,"name":"In\u00edcio","item":"https:\/\/verdadeon.com.br\/portal\/"},{"@type":"ListItem","position":2,"name":"Desenvolvimento promove Workshops de Empreendedorismo, Empregabilidade e Elabora\u00e7\u00e3o de Curr\u00edculo"}]},{"@type":"WebSite","@id":"https:\/\/verdadeon.com.br\/portal\/#website","url":"https:\/\/verdadeon.com.br\/portal\/","name":"VerdadeOn","description":"Not\u00edcias di\u00e1rias sobre Franca, Regi\u00e3o, Esporte, Cultura, Cotidiano, Colunas. Cobertura nos principais eventos da cidade \u00e9 aqui - Verdadeon Franca","potentialAction":[{"@type":"SearchAction","target":{"@type":"EntryPoint","urlTemplate":"https:\/\/verdadeon.com.br\/portal\/?s={search_term_string}"},"query-input":{"@type":"PropertyValueSpecification","valueRequired":true,"valueName":"search_term_string"}}],"inLanguage":"pt-BR"},{"@type":"Person","@id":"https:\/\/verdadeon.com.br\/portal\/#\/schema\/person\/a5060ad1e9ea3df545188fc93ce43d2f","name":"Redacao VerdadeOn","image":{"@type":"ImageObject","inLanguage":"pt-BR","@id":"https:\/\/verdadeon.com.br\/portal\/#\/schema\/person\/image\/","url":"https:\/\/secure.gravatar.com\/avatar\/459a9613caaaf07f582c3d0841eea68bdd66f533e465e6ba8b9cb45619572cf4?s=96&d=mm&r=g","contentUrl":"https:\/\/secure.gravatar.com\/avatar\/459a9613caaaf07f582c3d0841eea68bdd66f533e465e6ba8b9cb45619572cf4?s=96&d=mm&r=g","caption":"Redacao VerdadeOn"},"url":"https:\/\/verdadeon.com.br\/portal\/author\/redacao\/"}]}},"jetpack_publicize_connections":[],"jetpack_featured_media_url":"https:\/\/i0.wp.com\/verdadeon.com.br\/portal\/wp-content\/uploads\/2023\/05\/executivo-empresarial-masculino-dando-um-discurso.jpg?fit=1000%2C670&ssl=1","jetpack_sharing_enabled":true,"_links":{"self":[{"href":"https:\/\/verdadeon.com.br\/portal\/wp-json\/wp\/v2\/posts\/33982","targetHints":{"allow":["GET"]}}],"collection":[{"href":"https:\/\/verdadeon.com.br\/portal\/wp-json\/wp\/v2\/posts"}],"about":[{"href":"https:\/\/verdadeon.com.br\/portal\/wp-json\/wp\/v2\/types\/post"}],"author":[{"embeddable":true,"href":"https:\/\/verdadeon.com.br\/portal\/wp-json\/wp\/v2\/users\/10"}],"replies":[{"embeddable":true,"href":"https:\/\/verdadeon.com.br\/portal\/wp-json\/wp\/v2\/comments?post=33982"}],"version-history":[{"count":1,"href":"https:\/\/verdadeon.com.br\/portal\/wp-json\/wp\/v2\/posts\/33982\/revisions"}],"predecessor-version":[{"id":33984,"href":"https:\/\/verdadeon.com.br\/portal\/wp-json\/wp\/v2\/posts\/33982\/revisions\/33984"}],"wp:featuredmedia":[{"embeddable":true,"href":"https:\/\/verdadeon.com.br\/portal\/wp-json\/wp\/v2\/media\/33983"}],"wp:attachment":[{"href":"https:\/\/verdadeon.com.br\/portal\/wp-json\/wp\/v2\/media?parent=33982"}],"wp:term":[{"taxonomy":"category","embeddable":true,"href":"https:\/\/verdadeon.com.br\/portal\/wp-json\/wp\/v2\/categories?post=33982"},{"taxonomy":"post_tag","embeddable":true,"href":"https:\/\/verdadeon.com.br\/portal\/wp-json\/wp\/v2\/tags?post=33982"}],"curies":[{"name":"wp","href":"https:\/\/api.w.org\/{rel}","templated":true}]}}