{"id":33963,"date":"2023-05-05T12:40:12","date_gmt":"2023-05-05T15:40:12","guid":{"rendered":"https:\/\/verdadeon.com.br\/portal\/?p=33963"},"modified":"2023-05-05T14:15:26","modified_gmt":"2023-05-05T17:15:26","slug":"dise-cumpre-sete-mandados-de-busca-e-apreensao-em-barracos-defronte-ao-centro-pop","status":"publish","type":"post","link":"https:\/\/verdadeon.com.br\/portal\/2023\/05\/05\/dise-cumpre-sete-mandados-de-busca-e-apreensao-em-barracos-defronte-ao-centro-pop\/","title":{"rendered":"DISE cumpre sete mandados de busca e apreens\u00e3o em barracos defronte ao Centro Pop"},"content":{"rendered":"<h2>Duas pessoas foram presas em flagrante por porte de entorpecentes e de arma branca<\/h2>\n<p>Nesta sexta-feira, 5, por volta das 8 horas, a DISE (Delegacia de Investiga\u00e7\u00f5es Sobre Entorpecentes), sob comando do delegado Dr. Alan Bazalha Lopes, cumpriu sete mandados de busca e apreens\u00e3o em barracos improvisados montados em frente ao Centro Pop. A opera\u00e7\u00e3o foi deflagrada na Rua Coronel Tamarindo, 2851, no bairro Esta\u00e7\u00e3o, em Franca.<\/p>\n<p>Um of\u00edcio foi encaminhado \u00e0 Delegacia atrav\u00e9s do prefeito, Alexandre Ferreira, onde alegava que os ocupantes das barracas instaladas n\u00e3o s\u00e3o usu\u00e1rios do Centro Pop e que, por diversas vezes, foram orientados pela Assist\u00eancia Social para serem encaminhados aos aparelhos sociais existentes. Eles, no entanto, se negavam a sair, sendo suspeitos de pr\u00e1ticas de crimes, especialmente, tr\u00e1fico de drogas.<\/p>\n<p>H\u00e1 algum tempo, a DISE j\u00e1 havia realizado uma pris\u00e3o e recapturado diversas pessoas no local, que eram procuradas pela justi\u00e7a. Para a opera\u00e7\u00e3o, foram deslocadas oito viaturas da Pol\u00edcia Civil com 23 policiais e tr\u00eas da Guarda Civil com sete guardas, al\u00e9m de uma viatura da Vigil\u00e2ncia Sanit\u00e1ria com um agente. Em revista, os agentes localizaram uma pedra de crack, duas facas e objetos de origem suspeita, que devem ser investigados pela Pol\u00edcia para saber a proced\u00eancia. Duas pessoas foram presas, sendo uma por porte de entorpecentes e a outra por porte de arma branca. Os autuados foram liberados ap\u00f3s a elabora\u00e7\u00e3o de termo circunstanciado e suas respectivas assinaturas, com o compromisso de comparecerem ao F\u00f3rum.<\/p>\n<p>Foram recolhidos ainda: uma Bolsa Victor Hugo, uma caneca de cor amarela &#8211; lembran\u00e7a da Francal 1974, uma maquininha de cart\u00e3o, oito braceletes\/pulseiras, tr\u00eas an\u00e9is, um colar, um objeto de decora\u00e7\u00e3o &#8211; pantera dourada, duas facas de cozinha, um aparelho celular da marca motorola, um rel\u00f3gio de pulso Orient prata, um rel\u00f3gio de pulso da marca BTL,\u00a0 sete pares de brincos e quatro an\u00e9is, estes em prata ou bijuterias.<\/p>\n<div id=\"attachment_33966\" style=\"width: 310px\" class=\"wp-caption alignnone\"><img data-recalc-dims=\"1\" loading=\"lazy\" decoding=\"async\" aria-describedby=\"caption-attachment-33966\" class=\"size-medium wp-image-33966\" src=\"https:\/\/i0.wp.com\/verdadeon.com.br\/portal\/wp-content\/uploads\/2023\/05\/AnyConv.com__WhatsApp-Image-2023-05-05-at-10.12.08-1.jpg?resize=300%2C224&#038;ssl=1\" alt=\"\" width=\"300\" height=\"224\" srcset=\"https:\/\/i0.wp.com\/verdadeon.com.br\/portal\/wp-content\/uploads\/2023\/05\/AnyConv.com__WhatsApp-Image-2023-05-05-at-10.12.08-1.jpg?resize=300%2C224&amp;ssl=1 300w, https:\/\/i0.wp.com\/verdadeon.com.br\/portal\/wp-content\/uploads\/2023\/05\/AnyConv.com__WhatsApp-Image-2023-05-05-at-10.12.08-1.jpg?resize=1024%2C766&amp;ssl=1 1024w, https:\/\/i0.wp.com\/verdadeon.com.br\/portal\/wp-content\/uploads\/2023\/05\/AnyConv.com__WhatsApp-Image-2023-05-05-at-10.12.08-1.jpg?resize=768%2C574&amp;ssl=1 768w, https:\/\/i0.wp.com\/verdadeon.com.br\/portal\/wp-content\/uploads\/2023\/05\/AnyConv.com__WhatsApp-Image-2023-05-05-at-10.12.08-1.jpg?resize=195%2C146&amp;ssl=1 195w, https:\/\/i0.wp.com\/verdadeon.com.br\/portal\/wp-content\/uploads\/2023\/05\/AnyConv.com__WhatsApp-Image-2023-05-05-at-10.12.08-1.jpg?resize=50%2C37&amp;ssl=1 50w, https:\/\/i0.wp.com\/verdadeon.com.br\/portal\/wp-content\/uploads\/2023\/05\/AnyConv.com__WhatsApp-Image-2023-05-05-at-10.12.08-1.jpg?resize=100%2C75&amp;ssl=1 100w, https:\/\/i0.wp.com\/verdadeon.com.br\/portal\/wp-content\/uploads\/2023\/05\/AnyConv.com__WhatsApp-Image-2023-05-05-at-10.12.08-1.jpg?w=1280&amp;ssl=1 1280w\" sizes=\"auto, (max-width: 300px) 100vw, 300px\" \/><p id=\"caption-attachment-33966\" class=\"wp-caption-text\">Objetos ainda recolhidos na opera\u00e7\u00e3o (\u00a9Divulga\u00e7\u00e3o)<\/p><\/div>\n<p>Considerando al\u00e9m da den\u00fancia de tr\u00e1fico de drogas (que motivou a a\u00e7\u00e3o policial e que vai ser apurado em inqu\u00e9rito policial), em tese, os ocupantes dos barracos tamb\u00e9m estariam praticando os delitos dos artigos 65 da Lei Art. 9605 (conspurcar edifica\u00e7\u00e3o urbano) e 37 da Lei das Contraven\u00e7\u00f5es Penais (derramar em via p\u00fablica, ou em lugar de uso comum, ou do uso alheio, coisa que possa ofender, sujar ou molestar algu\u00e9m). Devido \u00e0 insalubridade do local, decorrente da quantidade de sujeira e lixo encontrado nos barracos, o que foi constatado pela Vigil\u00e2ncia Sanit\u00e1ria, os ocupantes foram conduzidos para esta Especializada (DISE), sendo ouvidos como averiguados em termos de declara\u00e7\u00f5es, ocasi\u00e3o em que foi questionado a cada um deles, ao t\u00e9rmino, se desejavam que a Assist\u00eancia Social fosse avisada para serem atendidos por um aparelho social da Municipalidade, tendo assistente social &#8211; que estava presente na opera\u00e7\u00e3o &#8211; feito contato pr\u00e9vio com todos e os devidos esclarecimentos e encaminhamentos.<\/p>\n<p>Conforme a imagem a seguir, as barracas foram desmanchadas:<\/p>\n<div id=\"attachment_33967\" style=\"width: 310px\" class=\"wp-caption alignnone\"><img data-recalc-dims=\"1\" loading=\"lazy\" decoding=\"async\" aria-describedby=\"caption-attachment-33967\" class=\"size-medium wp-image-33967\" src=\"https:\/\/i0.wp.com\/verdadeon.com.br\/portal\/wp-content\/uploads\/2023\/05\/WhatsApp-Image-2023-05-05-at-10.27.41.jpeg?resize=300%2C225&#038;ssl=1\" alt=\"\" width=\"300\" height=\"225\" srcset=\"https:\/\/i0.wp.com\/verdadeon.com.br\/portal\/wp-content\/uploads\/2023\/05\/WhatsApp-Image-2023-05-05-at-10.27.41.jpeg?resize=300%2C225&amp;ssl=1 300w, https:\/\/i0.wp.com\/verdadeon.com.br\/portal\/wp-content\/uploads\/2023\/05\/WhatsApp-Image-2023-05-05-at-10.27.41.jpeg?resize=1024%2C768&amp;ssl=1 1024w, https:\/\/i0.wp.com\/verdadeon.com.br\/portal\/wp-content\/uploads\/2023\/05\/WhatsApp-Image-2023-05-05-at-10.27.41.jpeg?resize=768%2C576&amp;ssl=1 768w, https:\/\/i0.wp.com\/verdadeon.com.br\/portal\/wp-content\/uploads\/2023\/05\/WhatsApp-Image-2023-05-05-at-10.27.41.jpeg?resize=1536%2C1152&amp;ssl=1 1536w, https:\/\/i0.wp.com\/verdadeon.com.br\/portal\/wp-content\/uploads\/2023\/05\/WhatsApp-Image-2023-05-05-at-10.27.41.jpeg?resize=195%2C146&amp;ssl=1 195w, https:\/\/i0.wp.com\/verdadeon.com.br\/portal\/wp-content\/uploads\/2023\/05\/WhatsApp-Image-2023-05-05-at-10.27.41.jpeg?resize=50%2C38&amp;ssl=1 50w, https:\/\/i0.wp.com\/verdadeon.com.br\/portal\/wp-content\/uploads\/2023\/05\/WhatsApp-Image-2023-05-05-at-10.27.41.jpeg?resize=100%2C75&amp;ssl=1 100w, https:\/\/i0.wp.com\/verdadeon.com.br\/portal\/wp-content\/uploads\/2023\/05\/WhatsApp-Image-2023-05-05-at-10.27.41.jpeg?w=1600&amp;ssl=1 1600w\" sizes=\"auto, (max-width: 300px) 100vw, 300px\" \/><p id=\"caption-attachment-33967\" class=\"wp-caption-text\">Barracas que estavam instaladas em frente ao Centro POP foram desmanchadas (\u00a9Divulga\u00e7\u00e3o)<\/p><\/div>\n","protected":false},"excerpt":{"rendered":"<p>Duas pessoas foram presas em flagrante por porte de entorpecentes e de arma branca Nesta sexta-feira, 5, por volta das 8 horas, a DISE (Delegacia de<span class=\"excerpt-hellip\"> [\u2026]<\/span><\/p>\n","protected":false},"author":10,"featured_media":33965,"comment_status":"open","ping_status":"open","sticky":false,"template":"","format":"standard","meta":{"_jetpack_memberships_contains_paid_content":false,"footnotes":"","jetpack_publicize_message":"","jetpack_publicize_feature_enabled":true,"jetpack_social_post_already_shared":false,"jetpack_social_options":{"image_generator_settings":{"template":"highway","default_image_id":0,"enabled":false},"version":2}},"categories":[28,81],"tags":[],"class_list":["post-33963","post","type-post","status-publish","format-standard","has-post-thumbnail","hentry","category-cotidiano","category-manchete"],"yoast_head":"<!-- This site is optimized with the Yoast SEO plugin v25.6 - https:\/\/yoast.com\/wordpress\/plugins\/seo\/ -->\n<title>DISE cumpre sete mandados de busca e apreens\u00e3o em barracos defronte ao Centro Pop - VerdadeOn<\/title>\n<meta name=\"robots\" content=\"index, follow, max-snippet:-1, max-image-preview:large, max-video-preview:-1\" \/>\n<link rel=\"canonical\" href=\"https:\/\/verdadeon.com.br\/portal\/2023\/05\/05\/dise-cumpre-sete-mandados-de-busca-e-apreensao-em-barracos-defronte-ao-centro-pop\/\" \/>\n<meta property=\"og:locale\" content=\"pt_BR\" \/>\n<meta property=\"og:type\" content=\"article\" \/>\n<meta property=\"og:title\" content=\"DISE cumpre sete mandados de busca e apreens\u00e3o em barracos defronte ao Centro Pop - VerdadeOn\" \/>\n<meta property=\"og:description\" content=\"Duas pessoas foram presas em flagrante por porte de entorpecentes e de arma branca Nesta sexta-feira, 5, por volta das 8 horas, a DISE (Delegacia de [\u2026]\" \/>\n<meta property=\"og:url\" content=\"https:\/\/verdadeon.com.br\/portal\/2023\/05\/05\/dise-cumpre-sete-mandados-de-busca-e-apreensao-em-barracos-defronte-ao-centro-pop\/\" \/>\n<meta property=\"og:site_name\" content=\"VerdadeOn\" \/>\n<meta property=\"article:published_time\" content=\"2023-05-05T15:40:12+00:00\" \/>\n<meta property=\"article:modified_time\" content=\"2023-05-05T17:15:26+00:00\" \/>\n<meta property=\"og:image\" content=\"https:\/\/verdadeon.com.br\/portal\/wp-content\/uploads\/2023\/05\/AnyConv.com__WhatsApp-Image-2023-05-05-at-10.12.08.jpg\" \/>\n\t<meta property=\"og:image:width\" content=\"1000\" \/>\n\t<meta property=\"og:image:height\" content=\"670\" \/>\n\t<meta property=\"og:image:type\" content=\"image\/jpeg\" \/>\n<meta name=\"author\" content=\"Redacao VerdadeOn\" \/>\n<meta name=\"twitter:card\" content=\"summary_large_image\" \/>\n<meta name=\"twitter:label1\" content=\"Escrito por\" \/>\n\t<meta name=\"twitter:data1\" content=\"Redacao VerdadeOn\" \/>\n\t<meta name=\"twitter:label2\" content=\"Est. tempo de leitura\" \/>\n\t<meta name=\"twitter:data2\" content=\"4 minutos\" \/>\n<script type=\"application\/ld+json\" class=\"yoast-schema-graph\">{\"@context\":\"https:\/\/schema.org\",\"@graph\":[{\"@type\":\"WebPage\",\"@id\":\"https:\/\/verdadeon.com.br\/portal\/2023\/05\/05\/dise-cumpre-sete-mandados-de-busca-e-apreensao-em-barracos-defronte-ao-centro-pop\/\",\"url\":\"https:\/\/verdadeon.com.br\/portal\/2023\/05\/05\/dise-cumpre-sete-mandados-de-busca-e-apreensao-em-barracos-defronte-ao-centro-pop\/\",\"name\":\"DISE cumpre sete mandados de busca e apreens\u00e3o em barracos defronte ao Centro Pop - VerdadeOn\",\"isPartOf\":{\"@id\":\"https:\/\/verdadeon.com.br\/portal\/#website\"},\"primaryImageOfPage\":{\"@id\":\"https:\/\/verdadeon.com.br\/portal\/2023\/05\/05\/dise-cumpre-sete-mandados-de-busca-e-apreensao-em-barracos-defronte-ao-centro-pop\/#primaryimage\"},\"image\":{\"@id\":\"https:\/\/verdadeon.com.br\/portal\/2023\/05\/05\/dise-cumpre-sete-mandados-de-busca-e-apreensao-em-barracos-defronte-ao-centro-pop\/#primaryimage\"},\"thumbnailUrl\":\"https:\/\/i0.wp.com\/verdadeon.com.br\/portal\/wp-content\/uploads\/2023\/05\/AnyConv.com__WhatsApp-Image-2023-05-05-at-10.12.08.jpg?fit=1000%2C670&ssl=1\",\"datePublished\":\"2023-05-05T15:40:12+00:00\",\"dateModified\":\"2023-05-05T17:15:26+00:00\",\"author\":{\"@id\":\"https:\/\/verdadeon.com.br\/portal\/#\/schema\/person\/a5060ad1e9ea3df545188fc93ce43d2f\"},\"breadcrumb\":{\"@id\":\"https:\/\/verdadeon.com.br\/portal\/2023\/05\/05\/dise-cumpre-sete-mandados-de-busca-e-apreensao-em-barracos-defronte-ao-centro-pop\/#breadcrumb\"},\"inLanguage\":\"pt-BR\",\"potentialAction\":[{\"@type\":\"ReadAction\",\"target\":[\"https:\/\/verdadeon.com.br\/portal\/2023\/05\/05\/dise-cumpre-sete-mandados-de-busca-e-apreensao-em-barracos-defronte-ao-centro-pop\/\"]}]},{\"@type\":\"ImageObject\",\"inLanguage\":\"pt-BR\",\"@id\":\"https:\/\/verdadeon.com.br\/portal\/2023\/05\/05\/dise-cumpre-sete-mandados-de-busca-e-apreensao-em-barracos-defronte-ao-centro-pop\/#primaryimage\",\"url\":\"https:\/\/i0.wp.com\/verdadeon.com.br\/portal\/wp-content\/uploads\/2023\/05\/AnyConv.com__WhatsApp-Image-2023-05-05-at-10.12.08.jpg?fit=1000%2C670&ssl=1\",\"contentUrl\":\"https:\/\/i0.wp.com\/verdadeon.com.br\/portal\/wp-content\/uploads\/2023\/05\/AnyConv.com__WhatsApp-Image-2023-05-05-at-10.12.08.jpg?fit=1000%2C670&ssl=1\",\"width\":1000,\"height\":670,\"caption\":\"Opera\u00e7\u00e3o da DISE retira barracos instalados em frente ao Centro POP (\u00a9Divulga\u00e7\u00e3o)\"},{\"@type\":\"BreadcrumbList\",\"@id\":\"https:\/\/verdadeon.com.br\/portal\/2023\/05\/05\/dise-cumpre-sete-mandados-de-busca-e-apreensao-em-barracos-defronte-ao-centro-pop\/#breadcrumb\",\"itemListElement\":[{\"@type\":\"ListItem\",\"position\":1,\"name\":\"In\u00edcio\",\"item\":\"https:\/\/verdadeon.com.br\/portal\/\"},{\"@type\":\"ListItem\",\"position\":2,\"name\":\"DISE cumpre sete mandados de busca e apreens\u00e3o em barracos defronte ao Centro Pop\"}]},{\"@type\":\"WebSite\",\"@id\":\"https:\/\/verdadeon.com.br\/portal\/#website\",\"url\":\"https:\/\/verdadeon.com.br\/portal\/\",\"name\":\"VerdadeOn\",\"description\":\"Not\u00edcias di\u00e1rias sobre Franca, Regi\u00e3o, Esporte, Cultura, Cotidiano, Colunas. Cobertura nos principais eventos da cidade \u00e9 aqui - Verdadeon Franca\",\"potentialAction\":[{\"@type\":\"SearchAction\",\"target\":{\"@type\":\"EntryPoint\",\"urlTemplate\":\"https:\/\/verdadeon.com.br\/portal\/?s={search_term_string}\"},\"query-input\":{\"@type\":\"PropertyValueSpecification\",\"valueRequired\":true,\"valueName\":\"search_term_string\"}}],\"inLanguage\":\"pt-BR\"},{\"@type\":\"Person\",\"@id\":\"https:\/\/verdadeon.com.br\/portal\/#\/schema\/person\/a5060ad1e9ea3df545188fc93ce43d2f\",\"name\":\"Redacao VerdadeOn\",\"image\":{\"@type\":\"ImageObject\",\"inLanguage\":\"pt-BR\",\"@id\":\"https:\/\/verdadeon.com.br\/portal\/#\/schema\/person\/image\/\",\"url\":\"https:\/\/secure.gravatar.com\/avatar\/459a9613caaaf07f582c3d0841eea68bdd66f533e465e6ba8b9cb45619572cf4?s=96&d=mm&r=g\",\"contentUrl\":\"https:\/\/secure.gravatar.com\/avatar\/459a9613caaaf07f582c3d0841eea68bdd66f533e465e6ba8b9cb45619572cf4?s=96&d=mm&r=g\",\"caption\":\"Redacao VerdadeOn\"},\"url\":\"https:\/\/verdadeon.com.br\/portal\/author\/redacao\/\"}]}<\/script>\n<!-- \/ Yoast SEO plugin. -->","yoast_head_json":{"title":"DISE cumpre sete mandados de busca e apreens\u00e3o em barracos defronte ao Centro Pop - VerdadeOn","robots":{"index":"index","follow":"follow","max-snippet":"max-snippet:-1","max-image-preview":"max-image-preview:large","max-video-preview":"max-video-preview:-1"},"canonical":"https:\/\/verdadeon.com.br\/portal\/2023\/05\/05\/dise-cumpre-sete-mandados-de-busca-e-apreensao-em-barracos-defronte-ao-centro-pop\/","og_locale":"pt_BR","og_type":"article","og_title":"DISE cumpre sete mandados de busca e apreens\u00e3o em barracos defronte ao Centro Pop - VerdadeOn","og_description":"Duas pessoas foram presas em flagrante por porte de entorpecentes e de arma branca Nesta sexta-feira, 5, por volta das 8 horas, a DISE (Delegacia de [\u2026]","og_url":"https:\/\/verdadeon.com.br\/portal\/2023\/05\/05\/dise-cumpre-sete-mandados-de-busca-e-apreensao-em-barracos-defronte-ao-centro-pop\/","og_site_name":"VerdadeOn","article_published_time":"2023-05-05T15:40:12+00:00","article_modified_time":"2023-05-05T17:15:26+00:00","og_image":[{"width":1000,"height":670,"url":"https:\/\/verdadeon.com.br\/portal\/wp-content\/uploads\/2023\/05\/AnyConv.com__WhatsApp-Image-2023-05-05-at-10.12.08.jpg","type":"image\/jpeg"}],"author":"Redacao VerdadeOn","twitter_card":"summary_large_image","twitter_misc":{"Escrito por":"Redacao VerdadeOn","Est. tempo de leitura":"4 minutos"},"schema":{"@context":"https:\/\/schema.org","@graph":[{"@type":"WebPage","@id":"https:\/\/verdadeon.com.br\/portal\/2023\/05\/05\/dise-cumpre-sete-mandados-de-busca-e-apreensao-em-barracos-defronte-ao-centro-pop\/","url":"https:\/\/verdadeon.com.br\/portal\/2023\/05\/05\/dise-cumpre-sete-mandados-de-busca-e-apreensao-em-barracos-defronte-ao-centro-pop\/","name":"DISE cumpre sete mandados de busca e apreens\u00e3o em barracos defronte ao Centro Pop - VerdadeOn","isPartOf":{"@id":"https:\/\/verdadeon.com.br\/portal\/#website"},"primaryImageOfPage":{"@id":"https:\/\/verdadeon.com.br\/portal\/2023\/05\/05\/dise-cumpre-sete-mandados-de-busca-e-apreensao-em-barracos-defronte-ao-centro-pop\/#primaryimage"},"image":{"@id":"https:\/\/verdadeon.com.br\/portal\/2023\/05\/05\/dise-cumpre-sete-mandados-de-busca-e-apreensao-em-barracos-defronte-ao-centro-pop\/#primaryimage"},"thumbnailUrl":"https:\/\/i0.wp.com\/verdadeon.com.br\/portal\/wp-content\/uploads\/2023\/05\/AnyConv.com__WhatsApp-Image-2023-05-05-at-10.12.08.jpg?fit=1000%2C670&ssl=1","datePublished":"2023-05-05T15:40:12+00:00","dateModified":"2023-05-05T17:15:26+00:00","author":{"@id":"https:\/\/verdadeon.com.br\/portal\/#\/schema\/person\/a5060ad1e9ea3df545188fc93ce43d2f"},"breadcrumb":{"@id":"https:\/\/verdadeon.com.br\/portal\/2023\/05\/05\/dise-cumpre-sete-mandados-de-busca-e-apreensao-em-barracos-defronte-ao-centro-pop\/#breadcrumb"},"inLanguage":"pt-BR","potentialAction":[{"@type":"ReadAction","target":["https:\/\/verdadeon.com.br\/portal\/2023\/05\/05\/dise-cumpre-sete-mandados-de-busca-e-apreensao-em-barracos-defronte-ao-centro-pop\/"]}]},{"@type":"ImageObject","inLanguage":"pt-BR","@id":"https:\/\/verdadeon.com.br\/portal\/2023\/05\/05\/dise-cumpre-sete-mandados-de-busca-e-apreensao-em-barracos-defronte-ao-centro-pop\/#primaryimage","url":"https:\/\/i0.wp.com\/verdadeon.com.br\/portal\/wp-content\/uploads\/2023\/05\/AnyConv.com__WhatsApp-Image-2023-05-05-at-10.12.08.jpg?fit=1000%2C670&ssl=1","contentUrl":"https:\/\/i0.wp.com\/verdadeon.com.br\/portal\/wp-content\/uploads\/2023\/05\/AnyConv.com__WhatsApp-Image-2023-05-05-at-10.12.08.jpg?fit=1000%2C670&ssl=1","width":1000,"height":670,"caption":"Opera\u00e7\u00e3o da DISE retira barracos instalados em frente ao Centro POP (\u00a9Divulga\u00e7\u00e3o)"},{"@type":"BreadcrumbList","@id":"https:\/\/verdadeon.com.br\/portal\/2023\/05\/05\/dise-cumpre-sete-mandados-de-busca-e-apreensao-em-barracos-defronte-ao-centro-pop\/#breadcrumb","itemListElement":[{"@type":"ListItem","position":1,"name":"In\u00edcio","item":"https:\/\/verdadeon.com.br\/portal\/"},{"@type":"ListItem","position":2,"name":"DISE cumpre sete mandados de busca e apreens\u00e3o em barracos defronte ao Centro Pop"}]},{"@type":"WebSite","@id":"https:\/\/verdadeon.com.br\/portal\/#website","url":"https:\/\/verdadeon.com.br\/portal\/","name":"VerdadeOn","description":"Not\u00edcias di\u00e1rias sobre Franca, Regi\u00e3o, Esporte, Cultura, Cotidiano, Colunas. Cobertura nos principais eventos da cidade \u00e9 aqui - Verdadeon Franca","potentialAction":[{"@type":"SearchAction","target":{"@type":"EntryPoint","urlTemplate":"https:\/\/verdadeon.com.br\/portal\/?s={search_term_string}"},"query-input":{"@type":"PropertyValueSpecification","valueRequired":true,"valueName":"search_term_string"}}],"inLanguage":"pt-BR"},{"@type":"Person","@id":"https:\/\/verdadeon.com.br\/portal\/#\/schema\/person\/a5060ad1e9ea3df545188fc93ce43d2f","name":"Redacao VerdadeOn","image":{"@type":"ImageObject","inLanguage":"pt-BR","@id":"https:\/\/verdadeon.com.br\/portal\/#\/schema\/person\/image\/","url":"https:\/\/secure.gravatar.com\/avatar\/459a9613caaaf07f582c3d0841eea68bdd66f533e465e6ba8b9cb45619572cf4?s=96&d=mm&r=g","contentUrl":"https:\/\/secure.gravatar.com\/avatar\/459a9613caaaf07f582c3d0841eea68bdd66f533e465e6ba8b9cb45619572cf4?s=96&d=mm&r=g","caption":"Redacao VerdadeOn"},"url":"https:\/\/verdadeon.com.br\/portal\/author\/redacao\/"}]}},"jetpack_publicize_connections":[],"jetpack_featured_media_url":"https:\/\/i0.wp.com\/verdadeon.com.br\/portal\/wp-content\/uploads\/2023\/05\/AnyConv.com__WhatsApp-Image-2023-05-05-at-10.12.08.jpg?fit=1000%2C670&ssl=1","jetpack_sharing_enabled":true,"_links":{"self":[{"href":"https:\/\/verdadeon.com.br\/portal\/wp-json\/wp\/v2\/posts\/33963","targetHints":{"allow":["GET"]}}],"collection":[{"href":"https:\/\/verdadeon.com.br\/portal\/wp-json\/wp\/v2\/posts"}],"about":[{"href":"https:\/\/verdadeon.com.br\/portal\/wp-json\/wp\/v2\/types\/post"}],"author":[{"embeddable":true,"href":"https:\/\/verdadeon.com.br\/portal\/wp-json\/wp\/v2\/users\/10"}],"replies":[{"embeddable":true,"href":"https:\/\/verdadeon.com.br\/portal\/wp-json\/wp\/v2\/comments?post=33963"}],"version-history":[{"count":1,"href":"https:\/\/verdadeon.com.br\/portal\/wp-json\/wp\/v2\/posts\/33963\/revisions"}],"predecessor-version":[{"id":33968,"href":"https:\/\/verdadeon.com.br\/portal\/wp-json\/wp\/v2\/posts\/33963\/revisions\/33968"}],"wp:featuredmedia":[{"embeddable":true,"href":"https:\/\/verdadeon.com.br\/portal\/wp-json\/wp\/v2\/media\/33965"}],"wp:attachment":[{"href":"https:\/\/verdadeon.com.br\/portal\/wp-json\/wp\/v2\/media?parent=33963"}],"wp:term":[{"taxonomy":"category","embeddable":true,"href":"https:\/\/verdadeon.com.br\/portal\/wp-json\/wp\/v2\/categories?post=33963"},{"taxonomy":"post_tag","embeddable":true,"href":"https:\/\/verdadeon.com.br\/portal\/wp-json\/wp\/v2\/tags?post=33963"}],"curies":[{"name":"wp","href":"https:\/\/api.w.org\/{rel}","templated":true}]}}