{"id":33938,"date":"2023-05-04T13:40:53","date_gmt":"2023-05-04T16:40:53","guid":{"rendered":"https:\/\/verdadeon.com.br\/portal\/?p=33938"},"modified":"2023-05-04T13:40:14","modified_gmt":"2023-05-04T16:40:14","slug":"adesivos-do-maio-amarelo-estarao-nos-onibus-da-sao-jose-e-tambem-nos-crachas-dos-colaboradores","status":"publish","type":"post","link":"https:\/\/verdadeon.com.br\/portal\/2023\/05\/04\/adesivos-do-maio-amarelo-estarao-nos-onibus-da-sao-jose-e-tambem-nos-crachas-dos-colaboradores\/","title":{"rendered":"Adesivos do Maio Amarelo estar\u00e3o nos \u00f4nibus da S\u00e3o Jos\u00e9 e tamb\u00e9m nos crach\u00e1s dos colaboradores"},"content":{"rendered":"<h2>Garagem vai receber decora\u00e7\u00e3o tem\u00e1tica e divulgar informa\u00e7\u00f5es da campanha mundial sobre seguran\u00e7a no tr\u00e2nsito<\/h2>\n<p>Os \u00f4nibus da concession\u00e1ria S\u00e3o Jos\u00e9, que opera o transporte urbano de Franca e faz parte do Grupo Belarmino, v\u00e3o rodar neste m\u00eas de maio com adesivos de la\u00e7os amarelos nos para-brisas, para lembrar da campanha mundial de preven\u00e7\u00e3o de acidentes no tr\u00e2nsito. Todos os \u00f4nibus e caminh\u00f5es que operam nas unidades do Grupo Belarmino v\u00e3o rodar at\u00e9 o dia 31, com adesivos tem\u00e1ticos colados nos para-brisas, em alus\u00e3o a 10\u00aa edi\u00e7\u00e3o do Maio Amarelo.<\/p>\n<p>Todas as unidades do grupo tamb\u00e9m est\u00e3o sendo decoradas com muito amarelo, al\u00e9m de banners e cartazes com frases sobre a preven\u00e7\u00e3o de acidentes e relacionadas ao tema do Maio Amarelo deste ano: \u201cNo tr\u00e2nsito, escolha a vida\u201d. Foram produzidos pelo GB 4.100 adesivos com o la\u00e7o amarelo, que s\u00e3o o s\u00edmbolo da campanha mundial, para serem colocados nos para-brisas dos ve\u00edculos e, al\u00e9m disso, todos os colaboradores v\u00e3o receber adesivos da campanha para serem colados nos crach\u00e1s. Ainda em apoio ao Movimento, um la\u00e7o amarelo ser\u00e1 colocado no site das empresas e no portal do Grupo Belarmino.<\/p>\n<p>A proposta da campanha, que come\u00e7ou oficialmente nesta quarta (3) e que vai at\u00e9 dia 31, \u00e9 chamar a aten\u00e7\u00e3o da sociedade para o alto \u00edndice de mortos e feridos no tr\u00e2nsito em todo o mundo e trabalhar na preven\u00e7\u00e3o desses acidentes.<\/p>\n<p>A equipe de treinamento, opera\u00e7\u00e3o, manuten\u00e7\u00e3o, seguran\u00e7a do trabalho, administra\u00e7\u00e3o e os l\u00edderes das unidades estar\u00e3o presentes na recep\u00e7\u00e3o dos motoristas durante a madrugada e no final do turno para a divulga\u00e7\u00e3o do Maio Amarelo, al\u00e9m de apoiarem as blitzes educativas nos terminais e pontos finais de algumas linhas. Em algumas unidades, as atividades contar\u00e3o ainda com o apoio do Servi\u00e7o Social do Transporte e Servi\u00e7o Nacional de Aprendizagem do Transporte (Sest Senat). Tais a\u00e7\u00f5es voltadas para a preven\u00e7\u00e3o de acidentes s\u00e3o realizadas durante todo o ano pelas empresas do Grupo, mas s\u00e3o intensificadas durante o Maio Amarelo, quando \u00e9 realizada a campanha mundial.<\/p>\n<p>Participam das a\u00e7\u00f5es, a VB Transportes e Turismo, o Cons\u00f3rcio BUS+, a Via\u00e7\u00e3o Lira, a MoV Itu, a MoV Paul\u00ednia, a MoV Vinhedo, a Via\u00e7\u00e3o Avante, a Via\u00e7\u00e3o Atual, a R\u00e1pido Sumar\u00e9, a Vila Real, a Campo dos Ouros, a Via\u00e7\u00e3o Ouro Verde, a R\u00e1pido Luxo Campinas, a Empresa S\u00e3o Jos\u00e9, a West Side, a VBex, a Viaje Mais, a VB Cargas e as empresas de fretamento do conglomerado.<\/p>\n","protected":false},"excerpt":{"rendered":"<p>Garagem vai receber decora\u00e7\u00e3o tem\u00e1tica e divulgar informa\u00e7\u00f5es da campanha mundial sobre seguran\u00e7a no tr\u00e2nsito Os \u00f4nibus da concession\u00e1ria S\u00e3o Jos\u00e9, que opera o transporte urbano<span class=\"excerpt-hellip\"> [\u2026]<\/span><\/p>\n","protected":false},"author":10,"featured_media":33939,"comment_status":"open","ping_status":"open","sticky":false,"template":"","format":"standard","meta":{"_jetpack_memberships_contains_paid_content":false,"footnotes":"","jetpack_publicize_message":"","jetpack_publicize_feature_enabled":true,"jetpack_social_post_already_shared":false,"jetpack_social_options":{"image_generator_settings":{"template":"highway","default_image_id":0,"enabled":false},"version":2}},"categories":[28,81],"tags":[],"class_list":["post-33938","post","type-post","status-publish","format-standard","has-post-thumbnail","hentry","category-cotidiano","category-manchete"],"yoast_head":"<!-- This site is optimized with the Yoast SEO plugin v25.6 - https:\/\/yoast.com\/wordpress\/plugins\/seo\/ -->\n<title>Adesivos do Maio Amarelo estar\u00e3o nos \u00f4nibus da S\u00e3o Jos\u00e9 e tamb\u00e9m nos crach\u00e1s dos colaboradores - VerdadeOn<\/title>\n<meta name=\"robots\" content=\"index, follow, max-snippet:-1, max-image-preview:large, max-video-preview:-1\" \/>\n<link rel=\"canonical\" href=\"https:\/\/verdadeon.com.br\/portal\/2023\/05\/04\/adesivos-do-maio-amarelo-estarao-nos-onibus-da-sao-jose-e-tambem-nos-crachas-dos-colaboradores\/\" \/>\n<meta property=\"og:locale\" content=\"pt_BR\" \/>\n<meta property=\"og:type\" content=\"article\" \/>\n<meta property=\"og:title\" content=\"Adesivos do Maio Amarelo estar\u00e3o nos \u00f4nibus da S\u00e3o Jos\u00e9 e tamb\u00e9m nos crach\u00e1s dos colaboradores - VerdadeOn\" \/>\n<meta property=\"og:description\" content=\"Garagem vai receber decora\u00e7\u00e3o tem\u00e1tica e divulgar informa\u00e7\u00f5es da campanha mundial sobre seguran\u00e7a no tr\u00e2nsito Os \u00f4nibus da concession\u00e1ria S\u00e3o Jos\u00e9, que opera o transporte urbano [\u2026]\" \/>\n<meta property=\"og:url\" content=\"https:\/\/verdadeon.com.br\/portal\/2023\/05\/04\/adesivos-do-maio-amarelo-estarao-nos-onibus-da-sao-jose-e-tambem-nos-crachas-dos-colaboradores\/\" \/>\n<meta property=\"og:site_name\" content=\"VerdadeOn\" \/>\n<meta property=\"article:published_time\" content=\"2023-05-04T16:40:53+00:00\" \/>\n<meta property=\"og:image\" content=\"https:\/\/verdadeon.com.br\/portal\/wp-content\/uploads\/2023\/05\/AnyConv.com__WhatsApp-Image-2023-05-04-at-10.10.57.jpg\" \/>\n\t<meta property=\"og:image:width\" content=\"1000\" \/>\n\t<meta property=\"og:image:height\" content=\"670\" \/>\n\t<meta property=\"og:image:type\" content=\"image\/jpeg\" \/>\n<meta name=\"author\" content=\"Redacao VerdadeOn\" \/>\n<meta name=\"twitter:card\" content=\"summary_large_image\" \/>\n<meta name=\"twitter:label1\" content=\"Escrito por\" \/>\n\t<meta name=\"twitter:data1\" content=\"Redacao VerdadeOn\" \/>\n\t<meta name=\"twitter:label2\" content=\"Est. tempo de leitura\" \/>\n\t<meta name=\"twitter:data2\" content=\"3 minutos\" \/>\n<script type=\"application\/ld+json\" class=\"yoast-schema-graph\">{\"@context\":\"https:\/\/schema.org\",\"@graph\":[{\"@type\":\"WebPage\",\"@id\":\"https:\/\/verdadeon.com.br\/portal\/2023\/05\/04\/adesivos-do-maio-amarelo-estarao-nos-onibus-da-sao-jose-e-tambem-nos-crachas-dos-colaboradores\/\",\"url\":\"https:\/\/verdadeon.com.br\/portal\/2023\/05\/04\/adesivos-do-maio-amarelo-estarao-nos-onibus-da-sao-jose-e-tambem-nos-crachas-dos-colaboradores\/\",\"name\":\"Adesivos do Maio Amarelo estar\u00e3o nos \u00f4nibus da S\u00e3o Jos\u00e9 e tamb\u00e9m nos crach\u00e1s dos colaboradores - VerdadeOn\",\"isPartOf\":{\"@id\":\"https:\/\/verdadeon.com.br\/portal\/#website\"},\"primaryImageOfPage\":{\"@id\":\"https:\/\/verdadeon.com.br\/portal\/2023\/05\/04\/adesivos-do-maio-amarelo-estarao-nos-onibus-da-sao-jose-e-tambem-nos-crachas-dos-colaboradores\/#primaryimage\"},\"image\":{\"@id\":\"https:\/\/verdadeon.com.br\/portal\/2023\/05\/04\/adesivos-do-maio-amarelo-estarao-nos-onibus-da-sao-jose-e-tambem-nos-crachas-dos-colaboradores\/#primaryimage\"},\"thumbnailUrl\":\"https:\/\/i0.wp.com\/verdadeon.com.br\/portal\/wp-content\/uploads\/2023\/05\/AnyConv.com__WhatsApp-Image-2023-05-04-at-10.10.57.jpg?fit=1000%2C670&ssl=1\",\"datePublished\":\"2023-05-04T16:40:53+00:00\",\"author\":{\"@id\":\"https:\/\/verdadeon.com.br\/portal\/#\/schema\/person\/a5060ad1e9ea3df545188fc93ce43d2f\"},\"breadcrumb\":{\"@id\":\"https:\/\/verdadeon.com.br\/portal\/2023\/05\/04\/adesivos-do-maio-amarelo-estarao-nos-onibus-da-sao-jose-e-tambem-nos-crachas-dos-colaboradores\/#breadcrumb\"},\"inLanguage\":\"pt-BR\",\"potentialAction\":[{\"@type\":\"ReadAction\",\"target\":[\"https:\/\/verdadeon.com.br\/portal\/2023\/05\/04\/adesivos-do-maio-amarelo-estarao-nos-onibus-da-sao-jose-e-tambem-nos-crachas-dos-colaboradores\/\"]}]},{\"@type\":\"ImageObject\",\"inLanguage\":\"pt-BR\",\"@id\":\"https:\/\/verdadeon.com.br\/portal\/2023\/05\/04\/adesivos-do-maio-amarelo-estarao-nos-onibus-da-sao-jose-e-tambem-nos-crachas-dos-colaboradores\/#primaryimage\",\"url\":\"https:\/\/i0.wp.com\/verdadeon.com.br\/portal\/wp-content\/uploads\/2023\/05\/AnyConv.com__WhatsApp-Image-2023-05-04-at-10.10.57.jpg?fit=1000%2C670&ssl=1\",\"contentUrl\":\"https:\/\/i0.wp.com\/verdadeon.com.br\/portal\/wp-content\/uploads\/2023\/05\/AnyConv.com__WhatsApp-Image-2023-05-04-at-10.10.57.jpg?fit=1000%2C670&ssl=1\",\"width\":1000,\"height\":670,\"caption\":\"Para lembrar da campanha mundial de preven\u00e7\u00e3o a acidentes no tr\u00e2nsito, empresa S\u00e3o Jos\u00e9 ter\u00e1 seus \u00f4nibus rodando com faixas amarelas durante todo o m\u00eas de maio (\u00a9Divulga\u00e7\u00e3o)\"},{\"@type\":\"BreadcrumbList\",\"@id\":\"https:\/\/verdadeon.com.br\/portal\/2023\/05\/04\/adesivos-do-maio-amarelo-estarao-nos-onibus-da-sao-jose-e-tambem-nos-crachas-dos-colaboradores\/#breadcrumb\",\"itemListElement\":[{\"@type\":\"ListItem\",\"position\":1,\"name\":\"In\u00edcio\",\"item\":\"https:\/\/verdadeon.com.br\/portal\/\"},{\"@type\":\"ListItem\",\"position\":2,\"name\":\"Adesivos do Maio Amarelo estar\u00e3o nos \u00f4nibus da S\u00e3o Jos\u00e9 e tamb\u00e9m nos crach\u00e1s dos colaboradores\"}]},{\"@type\":\"WebSite\",\"@id\":\"https:\/\/verdadeon.com.br\/portal\/#website\",\"url\":\"https:\/\/verdadeon.com.br\/portal\/\",\"name\":\"VerdadeOn\",\"description\":\"Not\u00edcias di\u00e1rias sobre Franca, Regi\u00e3o, Esporte, Cultura, Cotidiano, Colunas. Cobertura nos principais eventos da cidade \u00e9 aqui - Verdadeon Franca\",\"potentialAction\":[{\"@type\":\"SearchAction\",\"target\":{\"@type\":\"EntryPoint\",\"urlTemplate\":\"https:\/\/verdadeon.com.br\/portal\/?s={search_term_string}\"},\"query-input\":{\"@type\":\"PropertyValueSpecification\",\"valueRequired\":true,\"valueName\":\"search_term_string\"}}],\"inLanguage\":\"pt-BR\"},{\"@type\":\"Person\",\"@id\":\"https:\/\/verdadeon.com.br\/portal\/#\/schema\/person\/a5060ad1e9ea3df545188fc93ce43d2f\",\"name\":\"Redacao VerdadeOn\",\"image\":{\"@type\":\"ImageObject\",\"inLanguage\":\"pt-BR\",\"@id\":\"https:\/\/verdadeon.com.br\/portal\/#\/schema\/person\/image\/\",\"url\":\"https:\/\/secure.gravatar.com\/avatar\/459a9613caaaf07f582c3d0841eea68bdd66f533e465e6ba8b9cb45619572cf4?s=96&d=mm&r=g\",\"contentUrl\":\"https:\/\/secure.gravatar.com\/avatar\/459a9613caaaf07f582c3d0841eea68bdd66f533e465e6ba8b9cb45619572cf4?s=96&d=mm&r=g\",\"caption\":\"Redacao VerdadeOn\"},\"url\":\"https:\/\/verdadeon.com.br\/portal\/author\/redacao\/\"}]}<\/script>\n<!-- \/ Yoast SEO plugin. -->","yoast_head_json":{"title":"Adesivos do Maio Amarelo estar\u00e3o nos \u00f4nibus da S\u00e3o Jos\u00e9 e tamb\u00e9m nos crach\u00e1s dos colaboradores - VerdadeOn","robots":{"index":"index","follow":"follow","max-snippet":"max-snippet:-1","max-image-preview":"max-image-preview:large","max-video-preview":"max-video-preview:-1"},"canonical":"https:\/\/verdadeon.com.br\/portal\/2023\/05\/04\/adesivos-do-maio-amarelo-estarao-nos-onibus-da-sao-jose-e-tambem-nos-crachas-dos-colaboradores\/","og_locale":"pt_BR","og_type":"article","og_title":"Adesivos do Maio Amarelo estar\u00e3o nos \u00f4nibus da S\u00e3o Jos\u00e9 e tamb\u00e9m nos crach\u00e1s dos colaboradores - VerdadeOn","og_description":"Garagem vai receber decora\u00e7\u00e3o tem\u00e1tica e divulgar informa\u00e7\u00f5es da campanha mundial sobre seguran\u00e7a no tr\u00e2nsito Os \u00f4nibus da concession\u00e1ria S\u00e3o Jos\u00e9, que opera o transporte urbano [\u2026]","og_url":"https:\/\/verdadeon.com.br\/portal\/2023\/05\/04\/adesivos-do-maio-amarelo-estarao-nos-onibus-da-sao-jose-e-tambem-nos-crachas-dos-colaboradores\/","og_site_name":"VerdadeOn","article_published_time":"2023-05-04T16:40:53+00:00","og_image":[{"width":1000,"height":670,"url":"https:\/\/verdadeon.com.br\/portal\/wp-content\/uploads\/2023\/05\/AnyConv.com__WhatsApp-Image-2023-05-04-at-10.10.57.jpg","type":"image\/jpeg"}],"author":"Redacao VerdadeOn","twitter_card":"summary_large_image","twitter_misc":{"Escrito por":"Redacao VerdadeOn","Est. tempo de leitura":"3 minutos"},"schema":{"@context":"https:\/\/schema.org","@graph":[{"@type":"WebPage","@id":"https:\/\/verdadeon.com.br\/portal\/2023\/05\/04\/adesivos-do-maio-amarelo-estarao-nos-onibus-da-sao-jose-e-tambem-nos-crachas-dos-colaboradores\/","url":"https:\/\/verdadeon.com.br\/portal\/2023\/05\/04\/adesivos-do-maio-amarelo-estarao-nos-onibus-da-sao-jose-e-tambem-nos-crachas-dos-colaboradores\/","name":"Adesivos do Maio Amarelo estar\u00e3o nos \u00f4nibus da S\u00e3o Jos\u00e9 e tamb\u00e9m nos crach\u00e1s dos colaboradores - VerdadeOn","isPartOf":{"@id":"https:\/\/verdadeon.com.br\/portal\/#website"},"primaryImageOfPage":{"@id":"https:\/\/verdadeon.com.br\/portal\/2023\/05\/04\/adesivos-do-maio-amarelo-estarao-nos-onibus-da-sao-jose-e-tambem-nos-crachas-dos-colaboradores\/#primaryimage"},"image":{"@id":"https:\/\/verdadeon.com.br\/portal\/2023\/05\/04\/adesivos-do-maio-amarelo-estarao-nos-onibus-da-sao-jose-e-tambem-nos-crachas-dos-colaboradores\/#primaryimage"},"thumbnailUrl":"https:\/\/i0.wp.com\/verdadeon.com.br\/portal\/wp-content\/uploads\/2023\/05\/AnyConv.com__WhatsApp-Image-2023-05-04-at-10.10.57.jpg?fit=1000%2C670&ssl=1","datePublished":"2023-05-04T16:40:53+00:00","author":{"@id":"https:\/\/verdadeon.com.br\/portal\/#\/schema\/person\/a5060ad1e9ea3df545188fc93ce43d2f"},"breadcrumb":{"@id":"https:\/\/verdadeon.com.br\/portal\/2023\/05\/04\/adesivos-do-maio-amarelo-estarao-nos-onibus-da-sao-jose-e-tambem-nos-crachas-dos-colaboradores\/#breadcrumb"},"inLanguage":"pt-BR","potentialAction":[{"@type":"ReadAction","target":["https:\/\/verdadeon.com.br\/portal\/2023\/05\/04\/adesivos-do-maio-amarelo-estarao-nos-onibus-da-sao-jose-e-tambem-nos-crachas-dos-colaboradores\/"]}]},{"@type":"ImageObject","inLanguage":"pt-BR","@id":"https:\/\/verdadeon.com.br\/portal\/2023\/05\/04\/adesivos-do-maio-amarelo-estarao-nos-onibus-da-sao-jose-e-tambem-nos-crachas-dos-colaboradores\/#primaryimage","url":"https:\/\/i0.wp.com\/verdadeon.com.br\/portal\/wp-content\/uploads\/2023\/05\/AnyConv.com__WhatsApp-Image-2023-05-04-at-10.10.57.jpg?fit=1000%2C670&ssl=1","contentUrl":"https:\/\/i0.wp.com\/verdadeon.com.br\/portal\/wp-content\/uploads\/2023\/05\/AnyConv.com__WhatsApp-Image-2023-05-04-at-10.10.57.jpg?fit=1000%2C670&ssl=1","width":1000,"height":670,"caption":"Para lembrar da campanha mundial de preven\u00e7\u00e3o a acidentes no tr\u00e2nsito, empresa S\u00e3o Jos\u00e9 ter\u00e1 seus \u00f4nibus rodando com faixas amarelas durante todo o m\u00eas de maio (\u00a9Divulga\u00e7\u00e3o)"},{"@type":"BreadcrumbList","@id":"https:\/\/verdadeon.com.br\/portal\/2023\/05\/04\/adesivos-do-maio-amarelo-estarao-nos-onibus-da-sao-jose-e-tambem-nos-crachas-dos-colaboradores\/#breadcrumb","itemListElement":[{"@type":"ListItem","position":1,"name":"In\u00edcio","item":"https:\/\/verdadeon.com.br\/portal\/"},{"@type":"ListItem","position":2,"name":"Adesivos do Maio Amarelo estar\u00e3o nos \u00f4nibus da S\u00e3o Jos\u00e9 e tamb\u00e9m nos crach\u00e1s dos colaboradores"}]},{"@type":"WebSite","@id":"https:\/\/verdadeon.com.br\/portal\/#website","url":"https:\/\/verdadeon.com.br\/portal\/","name":"VerdadeOn","description":"Not\u00edcias di\u00e1rias sobre Franca, Regi\u00e3o, Esporte, Cultura, Cotidiano, Colunas. Cobertura nos principais eventos da cidade \u00e9 aqui - Verdadeon Franca","potentialAction":[{"@type":"SearchAction","target":{"@type":"EntryPoint","urlTemplate":"https:\/\/verdadeon.com.br\/portal\/?s={search_term_string}"},"query-input":{"@type":"PropertyValueSpecification","valueRequired":true,"valueName":"search_term_string"}}],"inLanguage":"pt-BR"},{"@type":"Person","@id":"https:\/\/verdadeon.com.br\/portal\/#\/schema\/person\/a5060ad1e9ea3df545188fc93ce43d2f","name":"Redacao VerdadeOn","image":{"@type":"ImageObject","inLanguage":"pt-BR","@id":"https:\/\/verdadeon.com.br\/portal\/#\/schema\/person\/image\/","url":"https:\/\/secure.gravatar.com\/avatar\/459a9613caaaf07f582c3d0841eea68bdd66f533e465e6ba8b9cb45619572cf4?s=96&d=mm&r=g","contentUrl":"https:\/\/secure.gravatar.com\/avatar\/459a9613caaaf07f582c3d0841eea68bdd66f533e465e6ba8b9cb45619572cf4?s=96&d=mm&r=g","caption":"Redacao VerdadeOn"},"url":"https:\/\/verdadeon.com.br\/portal\/author\/redacao\/"}]}},"jetpack_publicize_connections":[],"jetpack_featured_media_url":"https:\/\/i0.wp.com\/verdadeon.com.br\/portal\/wp-content\/uploads\/2023\/05\/AnyConv.com__WhatsApp-Image-2023-05-04-at-10.10.57.jpg?fit=1000%2C670&ssl=1","jetpack_sharing_enabled":true,"_links":{"self":[{"href":"https:\/\/verdadeon.com.br\/portal\/wp-json\/wp\/v2\/posts\/33938","targetHints":{"allow":["GET"]}}],"collection":[{"href":"https:\/\/verdadeon.com.br\/portal\/wp-json\/wp\/v2\/posts"}],"about":[{"href":"https:\/\/verdadeon.com.br\/portal\/wp-json\/wp\/v2\/types\/post"}],"author":[{"embeddable":true,"href":"https:\/\/verdadeon.com.br\/portal\/wp-json\/wp\/v2\/users\/10"}],"replies":[{"embeddable":true,"href":"https:\/\/verdadeon.com.br\/portal\/wp-json\/wp\/v2\/comments?post=33938"}],"version-history":[{"count":1,"href":"https:\/\/verdadeon.com.br\/portal\/wp-json\/wp\/v2\/posts\/33938\/revisions"}],"predecessor-version":[{"id":33940,"href":"https:\/\/verdadeon.com.br\/portal\/wp-json\/wp\/v2\/posts\/33938\/revisions\/33940"}],"wp:featuredmedia":[{"embeddable":true,"href":"https:\/\/verdadeon.com.br\/portal\/wp-json\/wp\/v2\/media\/33939"}],"wp:attachment":[{"href":"https:\/\/verdadeon.com.br\/portal\/wp-json\/wp\/v2\/media?parent=33938"}],"wp:term":[{"taxonomy":"category","embeddable":true,"href":"https:\/\/verdadeon.com.br\/portal\/wp-json\/wp\/v2\/categories?post=33938"},{"taxonomy":"post_tag","embeddable":true,"href":"https:\/\/verdadeon.com.br\/portal\/wp-json\/wp\/v2\/tags?post=33938"}],"curies":[{"name":"wp","href":"https:\/\/api.w.org\/{rel}","templated":true}]}}