{"id":33838,"date":"2023-04-28T17:28:20","date_gmt":"2023-04-28T20:28:20","guid":{"rendered":"https:\/\/verdadeon.com.br\/portal\/?p=33838"},"modified":"2023-04-28T17:28:20","modified_gmt":"2023-04-28T20:28:20","slug":"prf-inicia-operacao-dia-do-trabalhador-2023-nas-rodovias-federais","status":"publish","type":"post","link":"https:\/\/verdadeon.com.br\/portal\/2023\/04\/28\/prf-inicia-operacao-dia-do-trabalhador-2023-nas-rodovias-federais\/","title":{"rendered":"PRF inicia Opera\u00e7\u00e3o Dia do Trabalhador 2023 nas rodovias federais"},"content":{"rendered":"<div class=\"col-lg-12 mb-3\">\n<div class=\"row\">\n<h3 class=\"col-10 offset-1 animated fadeInDown dealy-900 display-8 display-md-8 alt-font font-italic my-1 text-center\">A\u00e7\u00f5es ser\u00e3o mantidas at\u00e9 \u00e0s 23h59 da pr\u00f3xima segunda-feira<\/h3>\n<\/div>\n<div class=\"row\">\n<div id=\"tts-container\" class=\"col-xl-7 offset-xl-1 col-lg-8 offset-lg-0 col-md-10 offset-md-1 mb-3\">A Pol\u00edcia Rodovi\u00e1ria Federal (PRF) iniciou na madrugada desta sexta-feira\u00a0 (28) a Opera\u00e7\u00e3o Dia do Trabalhador. As a\u00e7\u00f5es de fiscaliza\u00e7\u00e3o e educa\u00e7\u00e3o dos motoristas nas rodovias federais se estender\u00e3o at\u00e9 \u00e0s 23h59 da pr\u00f3xima segunda-feira (01).<\/div>\n<\/div>\n<\/div>\n<div class=\"col-xl-7 offset-xl-1 col-lg-8 offset-lg-0 col-md-10 offset-md-1 mb-3\">\n<div class=\"post-item alt-font\">\n<div class=\"post-item-wrap\">\n<p>A opera\u00e7\u00e3o deste ano tem como mote a Campanha do Maio Amarelo, surgida\u00a0em 2011\u00a0a partir da decreta\u00e7\u00e3o da D\u00e9cada de A\u00e7\u00e3o para a Seguran\u00e7a no Tr\u00e2nsito, pela Organiza\u00e7\u00e3o das Na\u00e7\u00f5es Unidas (ONU).<\/p>\n<p>Segundo a PRF, a op\u00e7\u00e3o pela conscientiza\u00e7\u00e3o\u00a0se deve\u00a0ao fato de que 77% dos acidentes ocorridos nos primeiros tr\u00eas meses de 2023 tiveram como causa infra\u00e7\u00f5es\u00a0como ultrapassagens indevidas, velocidade incompat\u00edvel, ingest\u00e3o de \u00e1lcool, falta de aten\u00e7\u00e3o e desobedi\u00eancia de motoristas \u00e0s leis de tr\u00e2nsito.<\/p>\n<p>\u201cA opera\u00e7\u00e3o deste feriado prev\u00ea refor\u00e7o de policiamento e fiscaliza\u00e7\u00e3o, no sentido de coibir tais comportamentos. A expectativa da pol\u00edcia \u00e9 de que a\u00a0abordagem baseada na educa\u00e7\u00e3o e na conscientiza\u00e7\u00e3o dos motoristas, aliada \u00e0 fiscaliza\u00e7\u00e3o rigorosa, possa alcan\u00e7ar resultados mais consistentes na redu\u00e7\u00e3o de mortos e feridos no tr\u00e2nsito.\u201d<\/p>\n<p>A fiscaliza\u00e7\u00e3o nas rodovias ter\u00e1 como tema \u201cNossas escolhas salvam vidas\u201d durante o m\u00eas. A iniciativa visa refor\u00e7ar a necessidade de conscientiza\u00e7\u00e3o e, ainda,\u00a0a convic\u00e7\u00e3o de que a maioria dos acidentes pode ser evitada.<\/p>\n<p>\u201cEntre as a\u00e7\u00f5es programadas para a campanha deste ano\u00a0est\u00e3o\u00a0iniciativas de educa\u00e7\u00e3o para o tr\u00e2nsito, como o cinema rodovi\u00e1rio e ciclos de palestras em escolas e empresas, al\u00e9m de a\u00e7\u00f5es publicit\u00e1rias diversas\u201d, informou a PRF.<\/p>\n<p>Fonte: Ag\u00eancia Brasil<\/p>\n<\/div>\n<\/div>\n<\/div>\n","protected":false},"excerpt":{"rendered":"<p>A\u00e7\u00f5es ser\u00e3o mantidas at\u00e9 \u00e0s 23h59 da pr\u00f3xima segunda-feira A Pol\u00edcia Rodovi\u00e1ria Federal (PRF) iniciou na madrugada desta sexta-feira\u00a0 (28) a Opera\u00e7\u00e3o Dia do Trabalhador. As<span class=\"excerpt-hellip\"> [\u2026]<\/span><\/p>\n","protected":false},"author":4,"featured_media":33839,"comment_status":"open","ping_status":"open","sticky":false,"template":"","format":"standard","meta":{"_jetpack_memberships_contains_paid_content":false,"footnotes":"","jetpack_publicize_message":"","jetpack_publicize_feature_enabled":true,"jetpack_social_post_already_shared":false,"jetpack_social_options":{"image_generator_settings":{"template":"highway","default_image_id":0,"enabled":false},"version":2}},"categories":[28,81],"tags":[],"class_list":["post-33838","post","type-post","status-publish","format-standard","has-post-thumbnail","hentry","category-cotidiano","category-manchete"],"yoast_head":"<!-- This site is optimized with the Yoast SEO plugin v25.6 - https:\/\/yoast.com\/wordpress\/plugins\/seo\/ -->\n<title>PRF inicia Opera\u00e7\u00e3o Dia do Trabalhador 2023 nas rodovias federais - VerdadeOn<\/title>\n<meta name=\"robots\" content=\"index, follow, max-snippet:-1, max-image-preview:large, max-video-preview:-1\" \/>\n<link rel=\"canonical\" href=\"https:\/\/verdadeon.com.br\/portal\/2023\/04\/28\/prf-inicia-operacao-dia-do-trabalhador-2023-nas-rodovias-federais\/\" \/>\n<meta property=\"og:locale\" content=\"pt_BR\" \/>\n<meta property=\"og:type\" content=\"article\" \/>\n<meta property=\"og:title\" content=\"PRF inicia Opera\u00e7\u00e3o Dia do Trabalhador 2023 nas rodovias federais - VerdadeOn\" \/>\n<meta property=\"og:description\" content=\"A\u00e7\u00f5es ser\u00e3o mantidas at\u00e9 \u00e0s 23h59 da pr\u00f3xima segunda-feira A Pol\u00edcia Rodovi\u00e1ria Federal (PRF) iniciou na madrugada desta sexta-feira\u00a0 (28) a Opera\u00e7\u00e3o Dia do Trabalhador. As [\u2026]\" \/>\n<meta property=\"og:url\" content=\"https:\/\/verdadeon.com.br\/portal\/2023\/04\/28\/prf-inicia-operacao-dia-do-trabalhador-2023-nas-rodovias-federais\/\" \/>\n<meta property=\"og:site_name\" content=\"VerdadeOn\" \/>\n<meta property=\"article:published_time\" content=\"2023-04-28T20:28:20+00:00\" \/>\n<meta property=\"og:image\" content=\"https:\/\/verdadeon.com.br\/portal\/wp-content\/uploads\/2023\/04\/48828186401_7cd83be02d_o_0-1.jpg\" \/>\n\t<meta property=\"og:image:width\" content=\"1000\" \/>\n\t<meta property=\"og:image:height\" content=\"670\" \/>\n\t<meta property=\"og:image:type\" content=\"image\/jpeg\" \/>\n<meta name=\"author\" content=\"Fernando Calixto\" \/>\n<meta name=\"twitter:card\" content=\"summary_large_image\" \/>\n<meta name=\"twitter:label1\" content=\"Escrito por\" \/>\n\t<meta name=\"twitter:data1\" content=\"Fernando Calixto\" \/>\n\t<meta name=\"twitter:label2\" content=\"Est. tempo de leitura\" \/>\n\t<meta name=\"twitter:data2\" content=\"2 minutos\" \/>\n<script type=\"application\/ld+json\" class=\"yoast-schema-graph\">{\"@context\":\"https:\/\/schema.org\",\"@graph\":[{\"@type\":\"WebPage\",\"@id\":\"https:\/\/verdadeon.com.br\/portal\/2023\/04\/28\/prf-inicia-operacao-dia-do-trabalhador-2023-nas-rodovias-federais\/\",\"url\":\"https:\/\/verdadeon.com.br\/portal\/2023\/04\/28\/prf-inicia-operacao-dia-do-trabalhador-2023-nas-rodovias-federais\/\",\"name\":\"PRF inicia Opera\u00e7\u00e3o Dia do Trabalhador 2023 nas rodovias federais - VerdadeOn\",\"isPartOf\":{\"@id\":\"https:\/\/verdadeon.com.br\/portal\/#website\"},\"primaryImageOfPage\":{\"@id\":\"https:\/\/verdadeon.com.br\/portal\/2023\/04\/28\/prf-inicia-operacao-dia-do-trabalhador-2023-nas-rodovias-federais\/#primaryimage\"},\"image\":{\"@id\":\"https:\/\/verdadeon.com.br\/portal\/2023\/04\/28\/prf-inicia-operacao-dia-do-trabalhador-2023-nas-rodovias-federais\/#primaryimage\"},\"thumbnailUrl\":\"https:\/\/i0.wp.com\/verdadeon.com.br\/portal\/wp-content\/uploads\/2023\/04\/48828186401_7cd83be02d_o_0-1.jpg?fit=1000%2C670&ssl=1\",\"datePublished\":\"2023-04-28T20:28:20+00:00\",\"author\":{\"@id\":\"https:\/\/verdadeon.com.br\/portal\/#\/schema\/person\/8994718f49ee62ba5610471e29ca1f62\"},\"breadcrumb\":{\"@id\":\"https:\/\/verdadeon.com.br\/portal\/2023\/04\/28\/prf-inicia-operacao-dia-do-trabalhador-2023-nas-rodovias-federais\/#breadcrumb\"},\"inLanguage\":\"pt-BR\",\"potentialAction\":[{\"@type\":\"ReadAction\",\"target\":[\"https:\/\/verdadeon.com.br\/portal\/2023\/04\/28\/prf-inicia-operacao-dia-do-trabalhador-2023-nas-rodovias-federais\/\"]}]},{\"@type\":\"ImageObject\",\"inLanguage\":\"pt-BR\",\"@id\":\"https:\/\/verdadeon.com.br\/portal\/2023\/04\/28\/prf-inicia-operacao-dia-do-trabalhador-2023-nas-rodovias-federais\/#primaryimage\",\"url\":\"https:\/\/i0.wp.com\/verdadeon.com.br\/portal\/wp-content\/uploads\/2023\/04\/48828186401_7cd83be02d_o_0-1.jpg?fit=1000%2C670&ssl=1\",\"contentUrl\":\"https:\/\/i0.wp.com\/verdadeon.com.br\/portal\/wp-content\/uploads\/2023\/04\/48828186401_7cd83be02d_o_0-1.jpg?fit=1000%2C670&ssl=1\",\"width\":1000,\"height\":670,\"caption\":\"A opera\u00e7\u00e3o deste ano tem como mote a Campanha do Maio Amarelo, surgida em 2011 a partir da decreta\u00e7\u00e3o da D\u00e9cada de A\u00e7\u00e3o para a Seguran\u00e7a no Tr\u00e2nsito, pela Organiza\u00e7\u00e3o das Na\u00e7\u00f5es Unidas (ONU)\"},{\"@type\":\"BreadcrumbList\",\"@id\":\"https:\/\/verdadeon.com.br\/portal\/2023\/04\/28\/prf-inicia-operacao-dia-do-trabalhador-2023-nas-rodovias-federais\/#breadcrumb\",\"itemListElement\":[{\"@type\":\"ListItem\",\"position\":1,\"name\":\"In\u00edcio\",\"item\":\"https:\/\/verdadeon.com.br\/portal\/\"},{\"@type\":\"ListItem\",\"position\":2,\"name\":\"PRF inicia Opera\u00e7\u00e3o Dia do Trabalhador 2023 nas rodovias federais\"}]},{\"@type\":\"WebSite\",\"@id\":\"https:\/\/verdadeon.com.br\/portal\/#website\",\"url\":\"https:\/\/verdadeon.com.br\/portal\/\",\"name\":\"VerdadeOn\",\"description\":\"Not\u00edcias di\u00e1rias sobre Franca, Regi\u00e3o, Esporte, Cultura, Cotidiano, Colunas. Cobertura nos principais eventos da cidade \u00e9 aqui - Verdadeon Franca\",\"potentialAction\":[{\"@type\":\"SearchAction\",\"target\":{\"@type\":\"EntryPoint\",\"urlTemplate\":\"https:\/\/verdadeon.com.br\/portal\/?s={search_term_string}\"},\"query-input\":{\"@type\":\"PropertyValueSpecification\",\"valueRequired\":true,\"valueName\":\"search_term_string\"}}],\"inLanguage\":\"pt-BR\"},{\"@type\":\"Person\",\"@id\":\"https:\/\/verdadeon.com.br\/portal\/#\/schema\/person\/8994718f49ee62ba5610471e29ca1f62\",\"name\":\"Fernando Calixto\",\"image\":{\"@type\":\"ImageObject\",\"inLanguage\":\"pt-BR\",\"@id\":\"https:\/\/verdadeon.com.br\/portal\/#\/schema\/person\/image\/\",\"url\":\"https:\/\/secure.gravatar.com\/avatar\/7578910c24966c0316c340f9dbd601e93ee9f9212e1033968b367af9306bd9fb?s=96&d=mm&r=g\",\"contentUrl\":\"https:\/\/secure.gravatar.com\/avatar\/7578910c24966c0316c340f9dbd601e93ee9f9212e1033968b367af9306bd9fb?s=96&d=mm&r=g\",\"caption\":\"Fernando Calixto\"},\"url\":\"https:\/\/verdadeon.com.br\/portal\/author\/fernando-calixto\/\"}]}<\/script>\n<!-- \/ Yoast SEO plugin. -->","yoast_head_json":{"title":"PRF inicia Opera\u00e7\u00e3o Dia do Trabalhador 2023 nas rodovias federais - VerdadeOn","robots":{"index":"index","follow":"follow","max-snippet":"max-snippet:-1","max-image-preview":"max-image-preview:large","max-video-preview":"max-video-preview:-1"},"canonical":"https:\/\/verdadeon.com.br\/portal\/2023\/04\/28\/prf-inicia-operacao-dia-do-trabalhador-2023-nas-rodovias-federais\/","og_locale":"pt_BR","og_type":"article","og_title":"PRF inicia Opera\u00e7\u00e3o Dia do Trabalhador 2023 nas rodovias federais - VerdadeOn","og_description":"A\u00e7\u00f5es ser\u00e3o mantidas at\u00e9 \u00e0s 23h59 da pr\u00f3xima segunda-feira A Pol\u00edcia Rodovi\u00e1ria Federal (PRF) iniciou na madrugada desta sexta-feira\u00a0 (28) a Opera\u00e7\u00e3o Dia do Trabalhador. As [\u2026]","og_url":"https:\/\/verdadeon.com.br\/portal\/2023\/04\/28\/prf-inicia-operacao-dia-do-trabalhador-2023-nas-rodovias-federais\/","og_site_name":"VerdadeOn","article_published_time":"2023-04-28T20:28:20+00:00","og_image":[{"width":1000,"height":670,"url":"https:\/\/verdadeon.com.br\/portal\/wp-content\/uploads\/2023\/04\/48828186401_7cd83be02d_o_0-1.jpg","type":"image\/jpeg"}],"author":"Fernando Calixto","twitter_card":"summary_large_image","twitter_misc":{"Escrito por":"Fernando Calixto","Est. tempo de leitura":"2 minutos"},"schema":{"@context":"https:\/\/schema.org","@graph":[{"@type":"WebPage","@id":"https:\/\/verdadeon.com.br\/portal\/2023\/04\/28\/prf-inicia-operacao-dia-do-trabalhador-2023-nas-rodovias-federais\/","url":"https:\/\/verdadeon.com.br\/portal\/2023\/04\/28\/prf-inicia-operacao-dia-do-trabalhador-2023-nas-rodovias-federais\/","name":"PRF inicia Opera\u00e7\u00e3o Dia do Trabalhador 2023 nas rodovias federais - VerdadeOn","isPartOf":{"@id":"https:\/\/verdadeon.com.br\/portal\/#website"},"primaryImageOfPage":{"@id":"https:\/\/verdadeon.com.br\/portal\/2023\/04\/28\/prf-inicia-operacao-dia-do-trabalhador-2023-nas-rodovias-federais\/#primaryimage"},"image":{"@id":"https:\/\/verdadeon.com.br\/portal\/2023\/04\/28\/prf-inicia-operacao-dia-do-trabalhador-2023-nas-rodovias-federais\/#primaryimage"},"thumbnailUrl":"https:\/\/i0.wp.com\/verdadeon.com.br\/portal\/wp-content\/uploads\/2023\/04\/48828186401_7cd83be02d_o_0-1.jpg?fit=1000%2C670&ssl=1","datePublished":"2023-04-28T20:28:20+00:00","author":{"@id":"https:\/\/verdadeon.com.br\/portal\/#\/schema\/person\/8994718f49ee62ba5610471e29ca1f62"},"breadcrumb":{"@id":"https:\/\/verdadeon.com.br\/portal\/2023\/04\/28\/prf-inicia-operacao-dia-do-trabalhador-2023-nas-rodovias-federais\/#breadcrumb"},"inLanguage":"pt-BR","potentialAction":[{"@type":"ReadAction","target":["https:\/\/verdadeon.com.br\/portal\/2023\/04\/28\/prf-inicia-operacao-dia-do-trabalhador-2023-nas-rodovias-federais\/"]}]},{"@type":"ImageObject","inLanguage":"pt-BR","@id":"https:\/\/verdadeon.com.br\/portal\/2023\/04\/28\/prf-inicia-operacao-dia-do-trabalhador-2023-nas-rodovias-federais\/#primaryimage","url":"https:\/\/i0.wp.com\/verdadeon.com.br\/portal\/wp-content\/uploads\/2023\/04\/48828186401_7cd83be02d_o_0-1.jpg?fit=1000%2C670&ssl=1","contentUrl":"https:\/\/i0.wp.com\/verdadeon.com.br\/portal\/wp-content\/uploads\/2023\/04\/48828186401_7cd83be02d_o_0-1.jpg?fit=1000%2C670&ssl=1","width":1000,"height":670,"caption":"A opera\u00e7\u00e3o deste ano tem como mote a Campanha do Maio Amarelo, surgida em 2011 a partir da decreta\u00e7\u00e3o da D\u00e9cada de A\u00e7\u00e3o para a Seguran\u00e7a no Tr\u00e2nsito, pela Organiza\u00e7\u00e3o das Na\u00e7\u00f5es Unidas (ONU)"},{"@type":"BreadcrumbList","@id":"https:\/\/verdadeon.com.br\/portal\/2023\/04\/28\/prf-inicia-operacao-dia-do-trabalhador-2023-nas-rodovias-federais\/#breadcrumb","itemListElement":[{"@type":"ListItem","position":1,"name":"In\u00edcio","item":"https:\/\/verdadeon.com.br\/portal\/"},{"@type":"ListItem","position":2,"name":"PRF inicia Opera\u00e7\u00e3o Dia do Trabalhador 2023 nas rodovias federais"}]},{"@type":"WebSite","@id":"https:\/\/verdadeon.com.br\/portal\/#website","url":"https:\/\/verdadeon.com.br\/portal\/","name":"VerdadeOn","description":"Not\u00edcias di\u00e1rias sobre Franca, Regi\u00e3o, Esporte, Cultura, Cotidiano, Colunas. Cobertura nos principais eventos da cidade \u00e9 aqui - Verdadeon Franca","potentialAction":[{"@type":"SearchAction","target":{"@type":"EntryPoint","urlTemplate":"https:\/\/verdadeon.com.br\/portal\/?s={search_term_string}"},"query-input":{"@type":"PropertyValueSpecification","valueRequired":true,"valueName":"search_term_string"}}],"inLanguage":"pt-BR"},{"@type":"Person","@id":"https:\/\/verdadeon.com.br\/portal\/#\/schema\/person\/8994718f49ee62ba5610471e29ca1f62","name":"Fernando Calixto","image":{"@type":"ImageObject","inLanguage":"pt-BR","@id":"https:\/\/verdadeon.com.br\/portal\/#\/schema\/person\/image\/","url":"https:\/\/secure.gravatar.com\/avatar\/7578910c24966c0316c340f9dbd601e93ee9f9212e1033968b367af9306bd9fb?s=96&d=mm&r=g","contentUrl":"https:\/\/secure.gravatar.com\/avatar\/7578910c24966c0316c340f9dbd601e93ee9f9212e1033968b367af9306bd9fb?s=96&d=mm&r=g","caption":"Fernando Calixto"},"url":"https:\/\/verdadeon.com.br\/portal\/author\/fernando-calixto\/"}]}},"jetpack_publicize_connections":[],"jetpack_featured_media_url":"https:\/\/i0.wp.com\/verdadeon.com.br\/portal\/wp-content\/uploads\/2023\/04\/48828186401_7cd83be02d_o_0-1.jpg?fit=1000%2C670&ssl=1","jetpack_sharing_enabled":true,"_links":{"self":[{"href":"https:\/\/verdadeon.com.br\/portal\/wp-json\/wp\/v2\/posts\/33838","targetHints":{"allow":["GET"]}}],"collection":[{"href":"https:\/\/verdadeon.com.br\/portal\/wp-json\/wp\/v2\/posts"}],"about":[{"href":"https:\/\/verdadeon.com.br\/portal\/wp-json\/wp\/v2\/types\/post"}],"author":[{"embeddable":true,"href":"https:\/\/verdadeon.com.br\/portal\/wp-json\/wp\/v2\/users\/4"}],"replies":[{"embeddable":true,"href":"https:\/\/verdadeon.com.br\/portal\/wp-json\/wp\/v2\/comments?post=33838"}],"version-history":[{"count":1,"href":"https:\/\/verdadeon.com.br\/portal\/wp-json\/wp\/v2\/posts\/33838\/revisions"}],"predecessor-version":[{"id":33840,"href":"https:\/\/verdadeon.com.br\/portal\/wp-json\/wp\/v2\/posts\/33838\/revisions\/33840"}],"wp:featuredmedia":[{"embeddable":true,"href":"https:\/\/verdadeon.com.br\/portal\/wp-json\/wp\/v2\/media\/33839"}],"wp:attachment":[{"href":"https:\/\/verdadeon.com.br\/portal\/wp-json\/wp\/v2\/media?parent=33838"}],"wp:term":[{"taxonomy":"category","embeddable":true,"href":"https:\/\/verdadeon.com.br\/portal\/wp-json\/wp\/v2\/categories?post=33838"},{"taxonomy":"post_tag","embeddable":true,"href":"https:\/\/verdadeon.com.br\/portal\/wp-json\/wp\/v2\/tags?post=33838"}],"curies":[{"name":"wp","href":"https:\/\/api.w.org\/{rel}","templated":true}]}}