{"id":33807,"date":"2023-04-28T10:44:50","date_gmt":"2023-04-28T13:44:50","guid":{"rendered":"https:\/\/verdadeon.com.br\/portal\/?p=33807"},"modified":"2023-04-28T10:44:50","modified_gmt":"2023-04-28T13:44:50","slug":"feac-oferece-vagas-para-iniciantes-do-volei-de-areia","status":"publish","type":"post","link":"https:\/\/verdadeon.com.br\/portal\/2023\/04\/28\/feac-oferece-vagas-para-iniciantes-do-volei-de-areia\/","title":{"rendered":"FEAC oferece vagas para iniciantes do V\u00f4lei de Areia"},"content":{"rendered":"<h2>Tamb\u00e9m h\u00e1 vagas para o atletismo<\/h2>\n<p>A FEAC (Funda\u00e7\u00e3o Esporte, Arte e Cultura) est\u00e1 com inscri\u00e7\u00f5es abertas para jovens e adultos, que pretendam iniciar a pr\u00e1tica do V\u00f4lei de Areia, com duas op\u00e7\u00f5es de locais de treinamento, no Poliesportivo e no antigo Clube do Amazonas, na Avenida Rio Branco.<\/p>\n<p>No Poliesportivo, \u00e0s ter\u00e7as e quintas-feiras, s\u00e3o oferecidos treinamentos para crian\u00e7as e adultos, das 8h \u00e0s 9h30 e das 9h30 \u00e0s 10h, para a faixa et\u00e1ria de 14 a 17 anos. J\u00e1 no\u00a0antigo clube Amazonas, na Esta\u00e7\u00e3o, as op\u00e7\u00f5es de aulas s\u00e3o de segunda a sexta-feira, cujos hor\u00e1rios s\u00e3o definidos, de acordo com as disponibilidades e interesse de cada participante. Para se inscrever, os interessados, de ambos os sexos, devem se dirigir ao local, das 15h \u00e0s 18h30 e falar com o professor Adauto dos Reis Neto, que atua tamb\u00e9m como t\u00e9cnico assistente da equipe de alto rendimento, que representa a cidade.<\/p>\n<p>Na Pra\u00e7a da Juventude, no Jardim Redentor, tamb\u00e9m s\u00e3o oferecidas oportunidades \u00e0s ter\u00e7as e quartas-feiras, para iniciantes no v\u00f4lei, crian\u00e7as e adolescentes, masculino e feminino, das 13h40 \u00e0s 15h30 e das 15h30 \u00e0s 17h. Para participar, basta que os interessados se apresentem no local e se inscrevam.<\/p>\n<p>A FEAC informa que h\u00e1 vagas para o atletismo, na pista do Poliesportivo, \u00e0s segundas, quartas e quintas-feiras, das 17h \u00e0s 18h, voltadas para crian\u00e7as, na faixa de 5 a 12 anos. Na pista do conjunto do Cambu\u00ed, na rua Durval Teixeira de Castro, 250, tamb\u00e9m \u00e9 poss\u00edvel efetuar inscri\u00e7\u00e3o de atletas entre 7 e 16 anos, nos mesmos dias, de manh\u00e3, das 8h \u00e0s 10h.<\/p>\n<p><strong>Competi\u00e7\u00f5es<\/strong><\/p>\n<p>Tamb\u00e9m envolvendo essa modalidade, duas competi\u00e7\u00f5es estar\u00e3o em andamento, neste final de semana.<\/p>\n<p>Em uma delas, as equipes principais masculina e feminina de Franca participam em Tatu\u00ed\/SP de uma das etapas do Campeonato Paulista de V\u00f4lei de Praia, no s\u00e1bado e domingo. Em Franca, as equipes de base estar\u00e3o participando da etapa regional da APV (Associa\u00e7\u00e3o Pro-Voleibol), a partir das 8h, no domingo, 30, no antigo clube Amazonas, com entrada gratuita ao p\u00fablico. Nesta disputa, em raz\u00e3o das presen\u00e7as das equipes em Tatu\u00ed, Franca vai competir com suas equipes de base, que est\u00e3o em forma\u00e7\u00e3o.<\/p>\n<p><strong>Mais de 10,6 mil participantes<\/strong><\/p>\n<p>O presidente da FEAC, Mateus Caetano, ressalta que o trabalho de dissemina\u00e7\u00e3o das pr\u00e1ticas esportivas vem sendo estimulado em todos os n\u00edveis, tanto por meio das escolinhas, como a constru\u00e7\u00e3o de novos espa\u00e7os de recrea\u00e7\u00e3o, com a entrega dos Centros de Esportes e Lazer (CEPEL), em funcionamento em 5 bairros diferentes da cidade e 3 Areninhas, equipamentos dotados de quadras de basquete, areia, pista de skate e campos de futebol, com gramado sint\u00e9tico e demais equipamentos. N\u00fameros do come\u00e7o deste m\u00eas apontam que cerca de 10,6 mil pessoas est\u00e3o participando das atividades proporcionadas pela Prefeitura e FEAC.<\/p>\n","protected":false},"excerpt":{"rendered":"<p>Tamb\u00e9m h\u00e1 vagas para o atletismo A FEAC (Funda\u00e7\u00e3o Esporte, Arte e Cultura) est\u00e1 com inscri\u00e7\u00f5es abertas para jovens e adultos, que pretendam iniciar a pr\u00e1tica<span class=\"excerpt-hellip\"> [\u2026]<\/span><\/p>\n","protected":false},"author":10,"featured_media":33808,"comment_status":"open","ping_status":"open","sticky":false,"template":"","format":"standard","meta":{"_jetpack_memberships_contains_paid_content":false,"footnotes":"","jetpack_publicize_message":"","jetpack_publicize_feature_enabled":true,"jetpack_social_post_already_shared":false,"jetpack_social_options":{"image_generator_settings":{"template":"highway","default_image_id":0,"enabled":false},"version":2}},"categories":[28,81],"tags":[],"class_list":["post-33807","post","type-post","status-publish","format-standard","has-post-thumbnail","hentry","category-cotidiano","category-manchete"],"yoast_head":"<!-- This site is optimized with the Yoast SEO plugin v25.6 - https:\/\/yoast.com\/wordpress\/plugins\/seo\/ -->\n<title>FEAC oferece vagas para iniciantes do V\u00f4lei de Areia - VerdadeOn<\/title>\n<meta name=\"robots\" content=\"index, follow, max-snippet:-1, max-image-preview:large, max-video-preview:-1\" \/>\n<link rel=\"canonical\" href=\"https:\/\/verdadeon.com.br\/portal\/2023\/04\/28\/feac-oferece-vagas-para-iniciantes-do-volei-de-areia\/\" \/>\n<meta property=\"og:locale\" content=\"pt_BR\" \/>\n<meta property=\"og:type\" content=\"article\" \/>\n<meta property=\"og:title\" content=\"FEAC oferece vagas para iniciantes do V\u00f4lei de Areia - VerdadeOn\" \/>\n<meta property=\"og:description\" content=\"Tamb\u00e9m h\u00e1 vagas para o atletismo A FEAC (Funda\u00e7\u00e3o Esporte, Arte e Cultura) est\u00e1 com inscri\u00e7\u00f5es abertas para jovens e adultos, que pretendam iniciar a pr\u00e1tica [\u2026]\" \/>\n<meta property=\"og:url\" content=\"https:\/\/verdadeon.com.br\/portal\/2023\/04\/28\/feac-oferece-vagas-para-iniciantes-do-volei-de-areia\/\" \/>\n<meta property=\"og:site_name\" content=\"VerdadeOn\" \/>\n<meta property=\"article:published_time\" content=\"2023-04-28T13:44:50+00:00\" \/>\n<meta property=\"og:image\" content=\"https:\/\/verdadeon.com.br\/portal\/wp-content\/uploads\/2023\/04\/WhatsApp-Image-2023-04-28-at-10.19.43.jpeg\" \/>\n\t<meta property=\"og:image:width\" content=\"1000\" \/>\n\t<meta property=\"og:image:height\" content=\"670\" \/>\n\t<meta property=\"og:image:type\" content=\"image\/jpeg\" \/>\n<meta name=\"author\" content=\"Redacao VerdadeOn\" \/>\n<meta name=\"twitter:card\" content=\"summary_large_image\" \/>\n<meta name=\"twitter:label1\" content=\"Escrito por\" \/>\n\t<meta name=\"twitter:data1\" content=\"Redacao VerdadeOn\" \/>\n\t<meta name=\"twitter:label2\" content=\"Est. tempo de leitura\" \/>\n\t<meta name=\"twitter:data2\" content=\"3 minutos\" \/>\n<script type=\"application\/ld+json\" class=\"yoast-schema-graph\">{\"@context\":\"https:\/\/schema.org\",\"@graph\":[{\"@type\":\"WebPage\",\"@id\":\"https:\/\/verdadeon.com.br\/portal\/2023\/04\/28\/feac-oferece-vagas-para-iniciantes-do-volei-de-areia\/\",\"url\":\"https:\/\/verdadeon.com.br\/portal\/2023\/04\/28\/feac-oferece-vagas-para-iniciantes-do-volei-de-areia\/\",\"name\":\"FEAC oferece vagas para iniciantes do V\u00f4lei de Areia - VerdadeOn\",\"isPartOf\":{\"@id\":\"https:\/\/verdadeon.com.br\/portal\/#website\"},\"primaryImageOfPage\":{\"@id\":\"https:\/\/verdadeon.com.br\/portal\/2023\/04\/28\/feac-oferece-vagas-para-iniciantes-do-volei-de-areia\/#primaryimage\"},\"image\":{\"@id\":\"https:\/\/verdadeon.com.br\/portal\/2023\/04\/28\/feac-oferece-vagas-para-iniciantes-do-volei-de-areia\/#primaryimage\"},\"thumbnailUrl\":\"https:\/\/i0.wp.com\/verdadeon.com.br\/portal\/wp-content\/uploads\/2023\/04\/WhatsApp-Image-2023-04-28-at-10.19.43.jpeg?fit=1000%2C670&ssl=1\",\"datePublished\":\"2023-04-28T13:44:50+00:00\",\"author\":{\"@id\":\"https:\/\/verdadeon.com.br\/portal\/#\/schema\/person\/a5060ad1e9ea3df545188fc93ce43d2f\"},\"breadcrumb\":{\"@id\":\"https:\/\/verdadeon.com.br\/portal\/2023\/04\/28\/feac-oferece-vagas-para-iniciantes-do-volei-de-areia\/#breadcrumb\"},\"inLanguage\":\"pt-BR\",\"potentialAction\":[{\"@type\":\"ReadAction\",\"target\":[\"https:\/\/verdadeon.com.br\/portal\/2023\/04\/28\/feac-oferece-vagas-para-iniciantes-do-volei-de-areia\/\"]}]},{\"@type\":\"ImageObject\",\"inLanguage\":\"pt-BR\",\"@id\":\"https:\/\/verdadeon.com.br\/portal\/2023\/04\/28\/feac-oferece-vagas-para-iniciantes-do-volei-de-areia\/#primaryimage\",\"url\":\"https:\/\/i0.wp.com\/verdadeon.com.br\/portal\/wp-content\/uploads\/2023\/04\/WhatsApp-Image-2023-04-28-at-10.19.43.jpeg?fit=1000%2C670&ssl=1\",\"contentUrl\":\"https:\/\/i0.wp.com\/verdadeon.com.br\/portal\/wp-content\/uploads\/2023\/04\/WhatsApp-Image-2023-04-28-at-10.19.43.jpeg?fit=1000%2C670&ssl=1\",\"width\":1000,\"height\":670,\"caption\":\"FEAC abre inscri\u00e7\u00f5es para pr\u00e1tica do v\u00f4lei de areia. (\u00a9Divulga\u00e7\u00e3o)\"},{\"@type\":\"BreadcrumbList\",\"@id\":\"https:\/\/verdadeon.com.br\/portal\/2023\/04\/28\/feac-oferece-vagas-para-iniciantes-do-volei-de-areia\/#breadcrumb\",\"itemListElement\":[{\"@type\":\"ListItem\",\"position\":1,\"name\":\"In\u00edcio\",\"item\":\"https:\/\/verdadeon.com.br\/portal\/\"},{\"@type\":\"ListItem\",\"position\":2,\"name\":\"FEAC oferece vagas para iniciantes do V\u00f4lei de Areia\"}]},{\"@type\":\"WebSite\",\"@id\":\"https:\/\/verdadeon.com.br\/portal\/#website\",\"url\":\"https:\/\/verdadeon.com.br\/portal\/\",\"name\":\"VerdadeOn\",\"description\":\"Not\u00edcias di\u00e1rias sobre Franca, Regi\u00e3o, Esporte, Cultura, Cotidiano, Colunas. Cobertura nos principais eventos da cidade \u00e9 aqui - Verdadeon Franca\",\"potentialAction\":[{\"@type\":\"SearchAction\",\"target\":{\"@type\":\"EntryPoint\",\"urlTemplate\":\"https:\/\/verdadeon.com.br\/portal\/?s={search_term_string}\"},\"query-input\":{\"@type\":\"PropertyValueSpecification\",\"valueRequired\":true,\"valueName\":\"search_term_string\"}}],\"inLanguage\":\"pt-BR\"},{\"@type\":\"Person\",\"@id\":\"https:\/\/verdadeon.com.br\/portal\/#\/schema\/person\/a5060ad1e9ea3df545188fc93ce43d2f\",\"name\":\"Redacao VerdadeOn\",\"image\":{\"@type\":\"ImageObject\",\"inLanguage\":\"pt-BR\",\"@id\":\"https:\/\/verdadeon.com.br\/portal\/#\/schema\/person\/image\/\",\"url\":\"https:\/\/secure.gravatar.com\/avatar\/459a9613caaaf07f582c3d0841eea68bdd66f533e465e6ba8b9cb45619572cf4?s=96&d=mm&r=g\",\"contentUrl\":\"https:\/\/secure.gravatar.com\/avatar\/459a9613caaaf07f582c3d0841eea68bdd66f533e465e6ba8b9cb45619572cf4?s=96&d=mm&r=g\",\"caption\":\"Redacao VerdadeOn\"},\"url\":\"https:\/\/verdadeon.com.br\/portal\/author\/redacao\/\"}]}<\/script>\n<!-- \/ Yoast SEO plugin. -->","yoast_head_json":{"title":"FEAC oferece vagas para iniciantes do V\u00f4lei de Areia - VerdadeOn","robots":{"index":"index","follow":"follow","max-snippet":"max-snippet:-1","max-image-preview":"max-image-preview:large","max-video-preview":"max-video-preview:-1"},"canonical":"https:\/\/verdadeon.com.br\/portal\/2023\/04\/28\/feac-oferece-vagas-para-iniciantes-do-volei-de-areia\/","og_locale":"pt_BR","og_type":"article","og_title":"FEAC oferece vagas para iniciantes do V\u00f4lei de Areia - VerdadeOn","og_description":"Tamb\u00e9m h\u00e1 vagas para o atletismo A FEAC (Funda\u00e7\u00e3o Esporte, Arte e Cultura) est\u00e1 com inscri\u00e7\u00f5es abertas para jovens e adultos, que pretendam iniciar a pr\u00e1tica [\u2026]","og_url":"https:\/\/verdadeon.com.br\/portal\/2023\/04\/28\/feac-oferece-vagas-para-iniciantes-do-volei-de-areia\/","og_site_name":"VerdadeOn","article_published_time":"2023-04-28T13:44:50+00:00","og_image":[{"width":1000,"height":670,"url":"https:\/\/verdadeon.com.br\/portal\/wp-content\/uploads\/2023\/04\/WhatsApp-Image-2023-04-28-at-10.19.43.jpeg","type":"image\/jpeg"}],"author":"Redacao VerdadeOn","twitter_card":"summary_large_image","twitter_misc":{"Escrito por":"Redacao VerdadeOn","Est. tempo de leitura":"3 minutos"},"schema":{"@context":"https:\/\/schema.org","@graph":[{"@type":"WebPage","@id":"https:\/\/verdadeon.com.br\/portal\/2023\/04\/28\/feac-oferece-vagas-para-iniciantes-do-volei-de-areia\/","url":"https:\/\/verdadeon.com.br\/portal\/2023\/04\/28\/feac-oferece-vagas-para-iniciantes-do-volei-de-areia\/","name":"FEAC oferece vagas para iniciantes do V\u00f4lei de Areia - VerdadeOn","isPartOf":{"@id":"https:\/\/verdadeon.com.br\/portal\/#website"},"primaryImageOfPage":{"@id":"https:\/\/verdadeon.com.br\/portal\/2023\/04\/28\/feac-oferece-vagas-para-iniciantes-do-volei-de-areia\/#primaryimage"},"image":{"@id":"https:\/\/verdadeon.com.br\/portal\/2023\/04\/28\/feac-oferece-vagas-para-iniciantes-do-volei-de-areia\/#primaryimage"},"thumbnailUrl":"https:\/\/i0.wp.com\/verdadeon.com.br\/portal\/wp-content\/uploads\/2023\/04\/WhatsApp-Image-2023-04-28-at-10.19.43.jpeg?fit=1000%2C670&ssl=1","datePublished":"2023-04-28T13:44:50+00:00","author":{"@id":"https:\/\/verdadeon.com.br\/portal\/#\/schema\/person\/a5060ad1e9ea3df545188fc93ce43d2f"},"breadcrumb":{"@id":"https:\/\/verdadeon.com.br\/portal\/2023\/04\/28\/feac-oferece-vagas-para-iniciantes-do-volei-de-areia\/#breadcrumb"},"inLanguage":"pt-BR","potentialAction":[{"@type":"ReadAction","target":["https:\/\/verdadeon.com.br\/portal\/2023\/04\/28\/feac-oferece-vagas-para-iniciantes-do-volei-de-areia\/"]}]},{"@type":"ImageObject","inLanguage":"pt-BR","@id":"https:\/\/verdadeon.com.br\/portal\/2023\/04\/28\/feac-oferece-vagas-para-iniciantes-do-volei-de-areia\/#primaryimage","url":"https:\/\/i0.wp.com\/verdadeon.com.br\/portal\/wp-content\/uploads\/2023\/04\/WhatsApp-Image-2023-04-28-at-10.19.43.jpeg?fit=1000%2C670&ssl=1","contentUrl":"https:\/\/i0.wp.com\/verdadeon.com.br\/portal\/wp-content\/uploads\/2023\/04\/WhatsApp-Image-2023-04-28-at-10.19.43.jpeg?fit=1000%2C670&ssl=1","width":1000,"height":670,"caption":"FEAC abre inscri\u00e7\u00f5es para pr\u00e1tica do v\u00f4lei de areia. (\u00a9Divulga\u00e7\u00e3o)"},{"@type":"BreadcrumbList","@id":"https:\/\/verdadeon.com.br\/portal\/2023\/04\/28\/feac-oferece-vagas-para-iniciantes-do-volei-de-areia\/#breadcrumb","itemListElement":[{"@type":"ListItem","position":1,"name":"In\u00edcio","item":"https:\/\/verdadeon.com.br\/portal\/"},{"@type":"ListItem","position":2,"name":"FEAC oferece vagas para iniciantes do V\u00f4lei de Areia"}]},{"@type":"WebSite","@id":"https:\/\/verdadeon.com.br\/portal\/#website","url":"https:\/\/verdadeon.com.br\/portal\/","name":"VerdadeOn","description":"Not\u00edcias di\u00e1rias sobre Franca, Regi\u00e3o, Esporte, Cultura, Cotidiano, Colunas. Cobertura nos principais eventos da cidade \u00e9 aqui - Verdadeon Franca","potentialAction":[{"@type":"SearchAction","target":{"@type":"EntryPoint","urlTemplate":"https:\/\/verdadeon.com.br\/portal\/?s={search_term_string}"},"query-input":{"@type":"PropertyValueSpecification","valueRequired":true,"valueName":"search_term_string"}}],"inLanguage":"pt-BR"},{"@type":"Person","@id":"https:\/\/verdadeon.com.br\/portal\/#\/schema\/person\/a5060ad1e9ea3df545188fc93ce43d2f","name":"Redacao VerdadeOn","image":{"@type":"ImageObject","inLanguage":"pt-BR","@id":"https:\/\/verdadeon.com.br\/portal\/#\/schema\/person\/image\/","url":"https:\/\/secure.gravatar.com\/avatar\/459a9613caaaf07f582c3d0841eea68bdd66f533e465e6ba8b9cb45619572cf4?s=96&d=mm&r=g","contentUrl":"https:\/\/secure.gravatar.com\/avatar\/459a9613caaaf07f582c3d0841eea68bdd66f533e465e6ba8b9cb45619572cf4?s=96&d=mm&r=g","caption":"Redacao VerdadeOn"},"url":"https:\/\/verdadeon.com.br\/portal\/author\/redacao\/"}]}},"jetpack_publicize_connections":[],"jetpack_featured_media_url":"https:\/\/i0.wp.com\/verdadeon.com.br\/portal\/wp-content\/uploads\/2023\/04\/WhatsApp-Image-2023-04-28-at-10.19.43.jpeg?fit=1000%2C670&ssl=1","jetpack_sharing_enabled":true,"_links":{"self":[{"href":"https:\/\/verdadeon.com.br\/portal\/wp-json\/wp\/v2\/posts\/33807","targetHints":{"allow":["GET"]}}],"collection":[{"href":"https:\/\/verdadeon.com.br\/portal\/wp-json\/wp\/v2\/posts"}],"about":[{"href":"https:\/\/verdadeon.com.br\/portal\/wp-json\/wp\/v2\/types\/post"}],"author":[{"embeddable":true,"href":"https:\/\/verdadeon.com.br\/portal\/wp-json\/wp\/v2\/users\/10"}],"replies":[{"embeddable":true,"href":"https:\/\/verdadeon.com.br\/portal\/wp-json\/wp\/v2\/comments?post=33807"}],"version-history":[{"count":1,"href":"https:\/\/verdadeon.com.br\/portal\/wp-json\/wp\/v2\/posts\/33807\/revisions"}],"predecessor-version":[{"id":33809,"href":"https:\/\/verdadeon.com.br\/portal\/wp-json\/wp\/v2\/posts\/33807\/revisions\/33809"}],"wp:featuredmedia":[{"embeddable":true,"href":"https:\/\/verdadeon.com.br\/portal\/wp-json\/wp\/v2\/media\/33808"}],"wp:attachment":[{"href":"https:\/\/verdadeon.com.br\/portal\/wp-json\/wp\/v2\/media?parent=33807"}],"wp:term":[{"taxonomy":"category","embeddable":true,"href":"https:\/\/verdadeon.com.br\/portal\/wp-json\/wp\/v2\/categories?post=33807"},{"taxonomy":"post_tag","embeddable":true,"href":"https:\/\/verdadeon.com.br\/portal\/wp-json\/wp\/v2\/tags?post=33807"}],"curies":[{"name":"wp","href":"https:\/\/api.w.org\/{rel}","templated":true}]}}