{"id":33804,"date":"2023-04-28T10:33:23","date_gmt":"2023-04-28T13:33:23","guid":{"rendered":"https:\/\/verdadeon.com.br\/portal\/?p=33804"},"modified":"2023-04-28T10:33:23","modified_gmt":"2023-04-28T13:33:23","slug":"reparticoes-municipais-nao-terao-expediente-no-feriado","status":"publish","type":"post","link":"https:\/\/verdadeon.com.br\/portal\/2023\/04\/28\/reparticoes-municipais-nao-terao-expediente-no-feriado\/","title":{"rendered":"Reparti\u00e7\u00f5es municipais n\u00e3o ter\u00e3o expediente no feriado"},"content":{"rendered":"<h2>Coleta de lixo seguir\u00e1 o calend\u00e1rio normal<\/h2>\n<p>Em raz\u00e3o do feriado nacional da pr\u00f3xima segunda-feira, 1\u00ba de maio, Dia do Trabalho, n\u00e3o haver\u00e1 expediente nas reparti\u00e7\u00f5es p\u00fablicas municipais. O atendimento ser\u00e1 retomado na ter\u00e7a-feira, 2.<\/p>\n<p>As unidades que prestam servi\u00e7os de urg\u00eancia e emerg\u00eancia, como os dois Prontos-Socorros &#8220;Dr. \u00c1lvaro Azzuz&#8221; e Infantil &#8220;Dr. Magid Bachur Filho&#8221;, as duas UPAS, nos Jardins Aeroporto I e Anita, estar\u00e3o funcionando 24 horas, bem como o SAMU (Servi\u00e7o de Atendimento M\u00f3vel de Urg\u00eancia) e os dois CAPS (Centro de Aten\u00e7\u00e3o Psicossocial).<\/p>\n<p>A Guarda Civil Municipal e os Conselhos Tutelares trabalham em regime de plant\u00e3o, o mesmo ocorrendo com o Abrigo Provis\u00f3rio.<\/p>\n<p><strong>Coleta de Lixo e Parques<\/strong><\/p>\n<p>A Secretaria de Meio Ambiente informa que a coleta de lixo seguir\u00e1 o calend\u00e1rio normal.<\/p>\n<p>No s\u00e1bado e domingo, o Parque Fernando Costa estar\u00e1 aberto das 6h \u00e0s 18h, mas a partir do dia 1\u00ba at\u00e9 o dia 17 de maio, estar\u00e1 fechado em raz\u00e3o dos preparativos para a Expoagro 2023.<\/p>\n<p>J\u00e1 o Complexo Poliesportivo funcionar\u00e1 das 6h \u00e0s 20h. Durante a semana, o local fica aberto das 6h \u00e0s 21h.<\/p>\n","protected":false},"excerpt":{"rendered":"<p>Coleta de lixo seguir\u00e1 o calend\u00e1rio normal Em raz\u00e3o do feriado nacional da pr\u00f3xima segunda-feira, 1\u00ba de maio, Dia do Trabalho, n\u00e3o haver\u00e1 expediente nas reparti\u00e7\u00f5es<span class=\"excerpt-hellip\"> [\u2026]<\/span><\/p>\n","protected":false},"author":10,"featured_media":33805,"comment_status":"open","ping_status":"open","sticky":false,"template":"","format":"standard","meta":{"_jetpack_memberships_contains_paid_content":false,"footnotes":"","jetpack_publicize_message":"","jetpack_publicize_feature_enabled":true,"jetpack_social_post_already_shared":false,"jetpack_social_options":{"image_generator_settings":{"template":"highway","default_image_id":0,"enabled":false},"version":2}},"categories":[28,81],"tags":[],"class_list":["post-33804","post","type-post","status-publish","format-standard","has-post-thumbnail","hentry","category-cotidiano","category-manchete"],"yoast_head":"<!-- This site is optimized with the Yoast SEO plugin v25.6 - https:\/\/yoast.com\/wordpress\/plugins\/seo\/ -->\n<title>Reparti\u00e7\u00f5es municipais n\u00e3o ter\u00e3o expediente no feriado - VerdadeOn<\/title>\n<meta name=\"robots\" content=\"index, follow, max-snippet:-1, max-image-preview:large, max-video-preview:-1\" \/>\n<link rel=\"canonical\" href=\"https:\/\/verdadeon.com.br\/portal\/2023\/04\/28\/reparticoes-municipais-nao-terao-expediente-no-feriado\/\" \/>\n<meta property=\"og:locale\" content=\"pt_BR\" \/>\n<meta property=\"og:type\" content=\"article\" \/>\n<meta property=\"og:title\" content=\"Reparti\u00e7\u00f5es municipais n\u00e3o ter\u00e3o expediente no feriado - VerdadeOn\" \/>\n<meta property=\"og:description\" content=\"Coleta de lixo seguir\u00e1 o calend\u00e1rio normal Em raz\u00e3o do feriado nacional da pr\u00f3xima segunda-feira, 1\u00ba de maio, Dia do Trabalho, n\u00e3o haver\u00e1 expediente nas reparti\u00e7\u00f5es [\u2026]\" \/>\n<meta property=\"og:url\" content=\"https:\/\/verdadeon.com.br\/portal\/2023\/04\/28\/reparticoes-municipais-nao-terao-expediente-no-feriado\/\" \/>\n<meta property=\"og:site_name\" content=\"VerdadeOn\" \/>\n<meta property=\"article:published_time\" content=\"2023-04-28T13:33:23+00:00\" \/>\n<meta property=\"og:image\" content=\"https:\/\/verdadeon.com.br\/portal\/wp-content\/uploads\/2023\/04\/WhatsApp-Image-2023-04-28-at-10.18.27.jpeg\" \/>\n\t<meta property=\"og:image:width\" content=\"1000\" \/>\n\t<meta property=\"og:image:height\" content=\"670\" \/>\n\t<meta property=\"og:image:type\" content=\"image\/jpeg\" \/>\n<meta name=\"author\" content=\"Redacao VerdadeOn\" \/>\n<meta name=\"twitter:card\" content=\"summary_large_image\" \/>\n<meta name=\"twitter:label1\" content=\"Escrito por\" \/>\n\t<meta name=\"twitter:data1\" content=\"Redacao VerdadeOn\" \/>\n\t<meta name=\"twitter:label2\" content=\"Est. tempo de leitura\" \/>\n\t<meta name=\"twitter:data2\" content=\"2 minutos\" \/>\n<script type=\"application\/ld+json\" class=\"yoast-schema-graph\">{\"@context\":\"https:\/\/schema.org\",\"@graph\":[{\"@type\":\"WebPage\",\"@id\":\"https:\/\/verdadeon.com.br\/portal\/2023\/04\/28\/reparticoes-municipais-nao-terao-expediente-no-feriado\/\",\"url\":\"https:\/\/verdadeon.com.br\/portal\/2023\/04\/28\/reparticoes-municipais-nao-terao-expediente-no-feriado\/\",\"name\":\"Reparti\u00e7\u00f5es municipais n\u00e3o ter\u00e3o expediente no feriado - VerdadeOn\",\"isPartOf\":{\"@id\":\"https:\/\/verdadeon.com.br\/portal\/#website\"},\"primaryImageOfPage\":{\"@id\":\"https:\/\/verdadeon.com.br\/portal\/2023\/04\/28\/reparticoes-municipais-nao-terao-expediente-no-feriado\/#primaryimage\"},\"image\":{\"@id\":\"https:\/\/verdadeon.com.br\/portal\/2023\/04\/28\/reparticoes-municipais-nao-terao-expediente-no-feriado\/#primaryimage\"},\"thumbnailUrl\":\"https:\/\/i0.wp.com\/verdadeon.com.br\/portal\/wp-content\/uploads\/2023\/04\/WhatsApp-Image-2023-04-28-at-10.18.27.jpeg?fit=1000%2C670&ssl=1\",\"datePublished\":\"2023-04-28T13:33:23+00:00\",\"author\":{\"@id\":\"https:\/\/verdadeon.com.br\/portal\/#\/schema\/person\/a5060ad1e9ea3df545188fc93ce43d2f\"},\"breadcrumb\":{\"@id\":\"https:\/\/verdadeon.com.br\/portal\/2023\/04\/28\/reparticoes-municipais-nao-terao-expediente-no-feriado\/#breadcrumb\"},\"inLanguage\":\"pt-BR\",\"potentialAction\":[{\"@type\":\"ReadAction\",\"target\":[\"https:\/\/verdadeon.com.br\/portal\/2023\/04\/28\/reparticoes-municipais-nao-terao-expediente-no-feriado\/\"]}]},{\"@type\":\"ImageObject\",\"inLanguage\":\"pt-BR\",\"@id\":\"https:\/\/verdadeon.com.br\/portal\/2023\/04\/28\/reparticoes-municipais-nao-terao-expediente-no-feriado\/#primaryimage\",\"url\":\"https:\/\/i0.wp.com\/verdadeon.com.br\/portal\/wp-content\/uploads\/2023\/04\/WhatsApp-Image-2023-04-28-at-10.18.27.jpeg?fit=1000%2C670&ssl=1\",\"contentUrl\":\"https:\/\/i0.wp.com\/verdadeon.com.br\/portal\/wp-content\/uploads\/2023\/04\/WhatsApp-Image-2023-04-28-at-10.18.27.jpeg?fit=1000%2C670&ssl=1\",\"width\":1000,\"height\":670,\"caption\":\"Unidades de urg\u00eancia e emerg\u00eancia manter\u00e3o atendimentos 24 horas (\u00a9Divulga\u00e7\u00e3o)\"},{\"@type\":\"BreadcrumbList\",\"@id\":\"https:\/\/verdadeon.com.br\/portal\/2023\/04\/28\/reparticoes-municipais-nao-terao-expediente-no-feriado\/#breadcrumb\",\"itemListElement\":[{\"@type\":\"ListItem\",\"position\":1,\"name\":\"In\u00edcio\",\"item\":\"https:\/\/verdadeon.com.br\/portal\/\"},{\"@type\":\"ListItem\",\"position\":2,\"name\":\"Reparti\u00e7\u00f5es municipais n\u00e3o ter\u00e3o expediente no feriado\"}]},{\"@type\":\"WebSite\",\"@id\":\"https:\/\/verdadeon.com.br\/portal\/#website\",\"url\":\"https:\/\/verdadeon.com.br\/portal\/\",\"name\":\"VerdadeOn\",\"description\":\"Not\u00edcias di\u00e1rias sobre Franca, Regi\u00e3o, Esporte, Cultura, Cotidiano, Colunas. Cobertura nos principais eventos da cidade \u00e9 aqui - Verdadeon Franca\",\"potentialAction\":[{\"@type\":\"SearchAction\",\"target\":{\"@type\":\"EntryPoint\",\"urlTemplate\":\"https:\/\/verdadeon.com.br\/portal\/?s={search_term_string}\"},\"query-input\":{\"@type\":\"PropertyValueSpecification\",\"valueRequired\":true,\"valueName\":\"search_term_string\"}}],\"inLanguage\":\"pt-BR\"},{\"@type\":\"Person\",\"@id\":\"https:\/\/verdadeon.com.br\/portal\/#\/schema\/person\/a5060ad1e9ea3df545188fc93ce43d2f\",\"name\":\"Redacao VerdadeOn\",\"image\":{\"@type\":\"ImageObject\",\"inLanguage\":\"pt-BR\",\"@id\":\"https:\/\/verdadeon.com.br\/portal\/#\/schema\/person\/image\/\",\"url\":\"https:\/\/secure.gravatar.com\/avatar\/459a9613caaaf07f582c3d0841eea68bdd66f533e465e6ba8b9cb45619572cf4?s=96&d=mm&r=g\",\"contentUrl\":\"https:\/\/secure.gravatar.com\/avatar\/459a9613caaaf07f582c3d0841eea68bdd66f533e465e6ba8b9cb45619572cf4?s=96&d=mm&r=g\",\"caption\":\"Redacao VerdadeOn\"},\"url\":\"https:\/\/verdadeon.com.br\/portal\/author\/redacao\/\"}]}<\/script>\n<!-- \/ Yoast SEO plugin. -->","yoast_head_json":{"title":"Reparti\u00e7\u00f5es municipais n\u00e3o ter\u00e3o expediente no feriado - VerdadeOn","robots":{"index":"index","follow":"follow","max-snippet":"max-snippet:-1","max-image-preview":"max-image-preview:large","max-video-preview":"max-video-preview:-1"},"canonical":"https:\/\/verdadeon.com.br\/portal\/2023\/04\/28\/reparticoes-municipais-nao-terao-expediente-no-feriado\/","og_locale":"pt_BR","og_type":"article","og_title":"Reparti\u00e7\u00f5es municipais n\u00e3o ter\u00e3o expediente no feriado - VerdadeOn","og_description":"Coleta de lixo seguir\u00e1 o calend\u00e1rio normal Em raz\u00e3o do feriado nacional da pr\u00f3xima segunda-feira, 1\u00ba de maio, Dia do Trabalho, n\u00e3o haver\u00e1 expediente nas reparti\u00e7\u00f5es [\u2026]","og_url":"https:\/\/verdadeon.com.br\/portal\/2023\/04\/28\/reparticoes-municipais-nao-terao-expediente-no-feriado\/","og_site_name":"VerdadeOn","article_published_time":"2023-04-28T13:33:23+00:00","og_image":[{"width":1000,"height":670,"url":"https:\/\/verdadeon.com.br\/portal\/wp-content\/uploads\/2023\/04\/WhatsApp-Image-2023-04-28-at-10.18.27.jpeg","type":"image\/jpeg"}],"author":"Redacao VerdadeOn","twitter_card":"summary_large_image","twitter_misc":{"Escrito por":"Redacao VerdadeOn","Est. tempo de leitura":"2 minutos"},"schema":{"@context":"https:\/\/schema.org","@graph":[{"@type":"WebPage","@id":"https:\/\/verdadeon.com.br\/portal\/2023\/04\/28\/reparticoes-municipais-nao-terao-expediente-no-feriado\/","url":"https:\/\/verdadeon.com.br\/portal\/2023\/04\/28\/reparticoes-municipais-nao-terao-expediente-no-feriado\/","name":"Reparti\u00e7\u00f5es municipais n\u00e3o ter\u00e3o expediente no feriado - VerdadeOn","isPartOf":{"@id":"https:\/\/verdadeon.com.br\/portal\/#website"},"primaryImageOfPage":{"@id":"https:\/\/verdadeon.com.br\/portal\/2023\/04\/28\/reparticoes-municipais-nao-terao-expediente-no-feriado\/#primaryimage"},"image":{"@id":"https:\/\/verdadeon.com.br\/portal\/2023\/04\/28\/reparticoes-municipais-nao-terao-expediente-no-feriado\/#primaryimage"},"thumbnailUrl":"https:\/\/i0.wp.com\/verdadeon.com.br\/portal\/wp-content\/uploads\/2023\/04\/WhatsApp-Image-2023-04-28-at-10.18.27.jpeg?fit=1000%2C670&ssl=1","datePublished":"2023-04-28T13:33:23+00:00","author":{"@id":"https:\/\/verdadeon.com.br\/portal\/#\/schema\/person\/a5060ad1e9ea3df545188fc93ce43d2f"},"breadcrumb":{"@id":"https:\/\/verdadeon.com.br\/portal\/2023\/04\/28\/reparticoes-municipais-nao-terao-expediente-no-feriado\/#breadcrumb"},"inLanguage":"pt-BR","potentialAction":[{"@type":"ReadAction","target":["https:\/\/verdadeon.com.br\/portal\/2023\/04\/28\/reparticoes-municipais-nao-terao-expediente-no-feriado\/"]}]},{"@type":"ImageObject","inLanguage":"pt-BR","@id":"https:\/\/verdadeon.com.br\/portal\/2023\/04\/28\/reparticoes-municipais-nao-terao-expediente-no-feriado\/#primaryimage","url":"https:\/\/i0.wp.com\/verdadeon.com.br\/portal\/wp-content\/uploads\/2023\/04\/WhatsApp-Image-2023-04-28-at-10.18.27.jpeg?fit=1000%2C670&ssl=1","contentUrl":"https:\/\/i0.wp.com\/verdadeon.com.br\/portal\/wp-content\/uploads\/2023\/04\/WhatsApp-Image-2023-04-28-at-10.18.27.jpeg?fit=1000%2C670&ssl=1","width":1000,"height":670,"caption":"Unidades de urg\u00eancia e emerg\u00eancia manter\u00e3o atendimentos 24 horas (\u00a9Divulga\u00e7\u00e3o)"},{"@type":"BreadcrumbList","@id":"https:\/\/verdadeon.com.br\/portal\/2023\/04\/28\/reparticoes-municipais-nao-terao-expediente-no-feriado\/#breadcrumb","itemListElement":[{"@type":"ListItem","position":1,"name":"In\u00edcio","item":"https:\/\/verdadeon.com.br\/portal\/"},{"@type":"ListItem","position":2,"name":"Reparti\u00e7\u00f5es municipais n\u00e3o ter\u00e3o expediente no feriado"}]},{"@type":"WebSite","@id":"https:\/\/verdadeon.com.br\/portal\/#website","url":"https:\/\/verdadeon.com.br\/portal\/","name":"VerdadeOn","description":"Not\u00edcias di\u00e1rias sobre Franca, Regi\u00e3o, Esporte, Cultura, Cotidiano, Colunas. Cobertura nos principais eventos da cidade \u00e9 aqui - Verdadeon Franca","potentialAction":[{"@type":"SearchAction","target":{"@type":"EntryPoint","urlTemplate":"https:\/\/verdadeon.com.br\/portal\/?s={search_term_string}"},"query-input":{"@type":"PropertyValueSpecification","valueRequired":true,"valueName":"search_term_string"}}],"inLanguage":"pt-BR"},{"@type":"Person","@id":"https:\/\/verdadeon.com.br\/portal\/#\/schema\/person\/a5060ad1e9ea3df545188fc93ce43d2f","name":"Redacao VerdadeOn","image":{"@type":"ImageObject","inLanguage":"pt-BR","@id":"https:\/\/verdadeon.com.br\/portal\/#\/schema\/person\/image\/","url":"https:\/\/secure.gravatar.com\/avatar\/459a9613caaaf07f582c3d0841eea68bdd66f533e465e6ba8b9cb45619572cf4?s=96&d=mm&r=g","contentUrl":"https:\/\/secure.gravatar.com\/avatar\/459a9613caaaf07f582c3d0841eea68bdd66f533e465e6ba8b9cb45619572cf4?s=96&d=mm&r=g","caption":"Redacao VerdadeOn"},"url":"https:\/\/verdadeon.com.br\/portal\/author\/redacao\/"}]}},"jetpack_publicize_connections":[],"jetpack_featured_media_url":"https:\/\/i0.wp.com\/verdadeon.com.br\/portal\/wp-content\/uploads\/2023\/04\/WhatsApp-Image-2023-04-28-at-10.18.27.jpeg?fit=1000%2C670&ssl=1","jetpack_sharing_enabled":true,"_links":{"self":[{"href":"https:\/\/verdadeon.com.br\/portal\/wp-json\/wp\/v2\/posts\/33804","targetHints":{"allow":["GET"]}}],"collection":[{"href":"https:\/\/verdadeon.com.br\/portal\/wp-json\/wp\/v2\/posts"}],"about":[{"href":"https:\/\/verdadeon.com.br\/portal\/wp-json\/wp\/v2\/types\/post"}],"author":[{"embeddable":true,"href":"https:\/\/verdadeon.com.br\/portal\/wp-json\/wp\/v2\/users\/10"}],"replies":[{"embeddable":true,"href":"https:\/\/verdadeon.com.br\/portal\/wp-json\/wp\/v2\/comments?post=33804"}],"version-history":[{"count":1,"href":"https:\/\/verdadeon.com.br\/portal\/wp-json\/wp\/v2\/posts\/33804\/revisions"}],"predecessor-version":[{"id":33806,"href":"https:\/\/verdadeon.com.br\/portal\/wp-json\/wp\/v2\/posts\/33804\/revisions\/33806"}],"wp:featuredmedia":[{"embeddable":true,"href":"https:\/\/verdadeon.com.br\/portal\/wp-json\/wp\/v2\/media\/33805"}],"wp:attachment":[{"href":"https:\/\/verdadeon.com.br\/portal\/wp-json\/wp\/v2\/media?parent=33804"}],"wp:term":[{"taxonomy":"category","embeddable":true,"href":"https:\/\/verdadeon.com.br\/portal\/wp-json\/wp\/v2\/categories?post=33804"},{"taxonomy":"post_tag","embeddable":true,"href":"https:\/\/verdadeon.com.br\/portal\/wp-json\/wp\/v2\/tags?post=33804"}],"curies":[{"name":"wp","href":"https:\/\/api.w.org\/{rel}","templated":true}]}}