{"id":33798,"date":"2023-04-27T15:54:21","date_gmt":"2023-04-27T18:54:21","guid":{"rendered":"https:\/\/verdadeon.com.br\/portal\/?p=33798"},"modified":"2023-04-27T15:54:21","modified_gmt":"2023-04-27T18:54:21","slug":"sesi-franca-recebe-o-direito-da-marca-registrada-capital-do-basquete","status":"publish","type":"post","link":"https:\/\/verdadeon.com.br\/portal\/2023\/04\/27\/sesi-franca-recebe-o-direito-da-marca-registrada-capital-do-basquete\/","title":{"rendered":"Sesi Franca recebe o direito da marca registrada &#8220;Capital do Basquete&#8221;"},"content":{"rendered":"<h2>Registro veio ap\u00f3s vit\u00f3ria do clube francano na BCLA 2022\/23<\/h2>\n<p>Ap\u00f3s a vit\u00f3ria do SESI Franca Basquete na BCLA 2022\/23, os torcedores Augusto Rodarte e Pedro Lemos, ambos advogados Francanos, decidiram fazer uma doa\u00e7\u00e3o bastante especial para o clube. No \u00faltimo dia 24 de abril, eles entregaram ao Franca Basquetebol Clube duas marcas registradas no INPI, a \u201cCapital do Basquete\u201d e a \u201cArena Capital do Basquete\u201d, ambas destinadas ao seguimento de eventos e competi\u00e7\u00f5es esportivas, assim como eventos art\u00edsticos em geral.<\/p>\n<p>Acreditamos que essas marcas ser\u00e3o uma valiosa contribui\u00e7\u00e3o para o patrim\u00f4nio intelectual do Franca Basquete Clube, que passar\u00e1 a ser o leg\u00edtimo propriet\u00e1rio e a ter direito ao uso exclusivo em todo o territ\u00f3rio nacional\u201d, afirma Pedro Lemos.<\/p>\n<p>Para Augusto, a ideia de registrar as marcas surgiu como uma forma de agregar ainda mais valor ao time e aos torcedores, sem qualquer interesse pessoal envolvido: \u201cNunca foi nossa inten\u00e7\u00e3o usufruir dessas marcas, mas sim deix\u00e1-las nas m\u00e3os do clube que amamos, e que representa t\u00e3o bem a nossa cidade.<\/p>\n<p>O presidente do clube, Munir Buchalla Filho, recebeu com grande entusiasmo e alegria as marcas doadas. Para ele, a iniciativa dos torcedores demonstra o amor e a dedica\u00e7\u00e3o que a cidade de Franca tem pelo esporte, e refor\u00e7a ainda mais a posi\u00e7\u00e3o do Franca Basquetebol Clube como refer\u00eancia no basquete brasileiro. \u201cEssa doa\u00e7\u00e3o \u00e9 um gesto de enorme generosidade, e nos enche de orgulho saber que temos torcedores t\u00e3o comprometidos com o nosso time.<\/p>\n<p>Com a ajuda deles, vamos continuar trabalhando para fortalecer ainda mais o Franca Basquetebol Clube e levar a nossa cidade cada vez mais longe no cen\u00e1rio esportivo nacional e internacional\u201d, diz Munir.<\/p>\n<p>Agora, com a cess\u00e3o gratuita das marcas, o Franca Basquete Clube se consolida como o verdadeiro propriet\u00e1rio das marcas \u201cCapital do Basquete\u201d e \u201cArena Capital do Basquete\u201d, e poder\u00e1 utiliz\u00e1-las em toda e qualquer iniciativa relacionada ao esporte e \u00e0 cultura em geral.<\/p>\n<p>Para os torcedores Augusto e Pedro, a doa\u00e7\u00e3o representa uma forma de retribuir ao clube todo o orgulho e satisfa\u00e7\u00e3o que ele proporciona \u00e0 cidade de Franca e aos seus habitantes, e de fortalecer ainda mais a identidade do Franca Basquetebol Clube como um s\u00edmbolo de excel\u00eancia e dedica\u00e7\u00e3o\u00a0ao\u00a0basquete.<\/p>\n","protected":false},"excerpt":{"rendered":"<p>Registro veio ap\u00f3s vit\u00f3ria do clube francano na BCLA 2022\/23 Ap\u00f3s a vit\u00f3ria do SESI Franca Basquete na BCLA 2022\/23, os torcedores Augusto Rodarte e Pedro<span class=\"excerpt-hellip\"> [\u2026]<\/span><\/p>\n","protected":false},"author":10,"featured_media":33799,"comment_status":"open","ping_status":"open","sticky":false,"template":"","format":"standard","meta":{"_jetpack_memberships_contains_paid_content":false,"footnotes":"","jetpack_publicize_message":"","jetpack_publicize_feature_enabled":true,"jetpack_social_post_already_shared":false,"jetpack_social_options":{"image_generator_settings":{"template":"highway","default_image_id":0,"enabled":false},"version":2}},"categories":[28,81],"tags":[],"class_list":["post-33798","post","type-post","status-publish","format-standard","has-post-thumbnail","hentry","category-cotidiano","category-manchete"],"yoast_head":"<!-- This site is optimized with the Yoast SEO plugin v25.6 - https:\/\/yoast.com\/wordpress\/plugins\/seo\/ -->\n<title>Sesi Franca recebe o direito da marca registrada &quot;Capital do Basquete&quot; - VerdadeOn<\/title>\n<meta name=\"robots\" content=\"index, follow, max-snippet:-1, max-image-preview:large, max-video-preview:-1\" \/>\n<link rel=\"canonical\" href=\"https:\/\/verdadeon.com.br\/portal\/2023\/04\/27\/sesi-franca-recebe-o-direito-da-marca-registrada-capital-do-basquete\/\" \/>\n<meta property=\"og:locale\" content=\"pt_BR\" \/>\n<meta property=\"og:type\" content=\"article\" \/>\n<meta property=\"og:title\" content=\"Sesi Franca recebe o direito da marca registrada &quot;Capital do Basquete&quot; - VerdadeOn\" \/>\n<meta property=\"og:description\" content=\"Registro veio ap\u00f3s vit\u00f3ria do clube francano na BCLA 2022\/23 Ap\u00f3s a vit\u00f3ria do SESI Franca Basquete na BCLA 2022\/23, os torcedores Augusto Rodarte e Pedro [\u2026]\" \/>\n<meta property=\"og:url\" content=\"https:\/\/verdadeon.com.br\/portal\/2023\/04\/27\/sesi-franca-recebe-o-direito-da-marca-registrada-capital-do-basquete\/\" \/>\n<meta property=\"og:site_name\" content=\"VerdadeOn\" \/>\n<meta property=\"article:published_time\" content=\"2023-04-27T18:54:21+00:00\" \/>\n<meta property=\"og:image\" content=\"https:\/\/verdadeon.com.br\/portal\/wp-content\/uploads\/2023\/04\/25a4e-imagem-do-whatsapp-de-2023-04-26-as-123456-1.jpg\" \/>\n\t<meta property=\"og:image:width\" content=\"1000\" \/>\n\t<meta property=\"og:image:height\" content=\"670\" \/>\n\t<meta property=\"og:image:type\" content=\"image\/jpeg\" \/>\n<meta name=\"author\" content=\"Redacao VerdadeOn\" \/>\n<meta name=\"twitter:card\" content=\"summary_large_image\" \/>\n<meta name=\"twitter:label1\" content=\"Escrito por\" \/>\n\t<meta name=\"twitter:data1\" content=\"Redacao VerdadeOn\" \/>\n\t<meta name=\"twitter:label2\" content=\"Est. tempo de leitura\" \/>\n\t<meta name=\"twitter:data2\" content=\"3 minutos\" \/>\n<script type=\"application\/ld+json\" class=\"yoast-schema-graph\">{\"@context\":\"https:\/\/schema.org\",\"@graph\":[{\"@type\":\"WebPage\",\"@id\":\"https:\/\/verdadeon.com.br\/portal\/2023\/04\/27\/sesi-franca-recebe-o-direito-da-marca-registrada-capital-do-basquete\/\",\"url\":\"https:\/\/verdadeon.com.br\/portal\/2023\/04\/27\/sesi-franca-recebe-o-direito-da-marca-registrada-capital-do-basquete\/\",\"name\":\"Sesi Franca recebe o direito da marca registrada \\\"Capital do Basquete\\\" - VerdadeOn\",\"isPartOf\":{\"@id\":\"https:\/\/verdadeon.com.br\/portal\/#website\"},\"primaryImageOfPage\":{\"@id\":\"https:\/\/verdadeon.com.br\/portal\/2023\/04\/27\/sesi-franca-recebe-o-direito-da-marca-registrada-capital-do-basquete\/#primaryimage\"},\"image\":{\"@id\":\"https:\/\/verdadeon.com.br\/portal\/2023\/04\/27\/sesi-franca-recebe-o-direito-da-marca-registrada-capital-do-basquete\/#primaryimage\"},\"thumbnailUrl\":\"https:\/\/i0.wp.com\/verdadeon.com.br\/portal\/wp-content\/uploads\/2023\/04\/25a4e-imagem-do-whatsapp-de-2023-04-26-as-123456-1.jpg?fit=1000%2C670&ssl=1\",\"datePublished\":\"2023-04-27T18:54:21+00:00\",\"author\":{\"@id\":\"https:\/\/verdadeon.com.br\/portal\/#\/schema\/person\/a5060ad1e9ea3df545188fc93ce43d2f\"},\"breadcrumb\":{\"@id\":\"https:\/\/verdadeon.com.br\/portal\/2023\/04\/27\/sesi-franca-recebe-o-direito-da-marca-registrada-capital-do-basquete\/#breadcrumb\"},\"inLanguage\":\"pt-BR\",\"potentialAction\":[{\"@type\":\"ReadAction\",\"target\":[\"https:\/\/verdadeon.com.br\/portal\/2023\/04\/27\/sesi-franca-recebe-o-direito-da-marca-registrada-capital-do-basquete\/\"]}]},{\"@type\":\"ImageObject\",\"inLanguage\":\"pt-BR\",\"@id\":\"https:\/\/verdadeon.com.br\/portal\/2023\/04\/27\/sesi-franca-recebe-o-direito-da-marca-registrada-capital-do-basquete\/#primaryimage\",\"url\":\"https:\/\/i0.wp.com\/verdadeon.com.br\/portal\/wp-content\/uploads\/2023\/04\/25a4e-imagem-do-whatsapp-de-2023-04-26-as-123456-1.jpg?fit=1000%2C670&ssl=1\",\"contentUrl\":\"https:\/\/i0.wp.com\/verdadeon.com.br\/portal\/wp-content\/uploads\/2023\/04\/25a4e-imagem-do-whatsapp-de-2023-04-26-as-123456-1.jpg?fit=1000%2C670&ssl=1\",\"width\":1000,\"height\":670,\"caption\":\"Sesi Franca recebe direitos de registro das marcas \u201cCapital do Basquete\u201d e \u201cArena Capital do Basquete\u201d.\"},{\"@type\":\"BreadcrumbList\",\"@id\":\"https:\/\/verdadeon.com.br\/portal\/2023\/04\/27\/sesi-franca-recebe-o-direito-da-marca-registrada-capital-do-basquete\/#breadcrumb\",\"itemListElement\":[{\"@type\":\"ListItem\",\"position\":1,\"name\":\"In\u00edcio\",\"item\":\"https:\/\/verdadeon.com.br\/portal\/\"},{\"@type\":\"ListItem\",\"position\":2,\"name\":\"Sesi Franca recebe o direito da marca registrada &#8220;Capital do Basquete&#8221;\"}]},{\"@type\":\"WebSite\",\"@id\":\"https:\/\/verdadeon.com.br\/portal\/#website\",\"url\":\"https:\/\/verdadeon.com.br\/portal\/\",\"name\":\"VerdadeOn\",\"description\":\"Not\u00edcias di\u00e1rias sobre Franca, Regi\u00e3o, Esporte, Cultura, Cotidiano, Colunas. Cobertura nos principais eventos da cidade \u00e9 aqui - Verdadeon Franca\",\"potentialAction\":[{\"@type\":\"SearchAction\",\"target\":{\"@type\":\"EntryPoint\",\"urlTemplate\":\"https:\/\/verdadeon.com.br\/portal\/?s={search_term_string}\"},\"query-input\":{\"@type\":\"PropertyValueSpecification\",\"valueRequired\":true,\"valueName\":\"search_term_string\"}}],\"inLanguage\":\"pt-BR\"},{\"@type\":\"Person\",\"@id\":\"https:\/\/verdadeon.com.br\/portal\/#\/schema\/person\/a5060ad1e9ea3df545188fc93ce43d2f\",\"name\":\"Redacao VerdadeOn\",\"image\":{\"@type\":\"ImageObject\",\"inLanguage\":\"pt-BR\",\"@id\":\"https:\/\/verdadeon.com.br\/portal\/#\/schema\/person\/image\/\",\"url\":\"https:\/\/secure.gravatar.com\/avatar\/459a9613caaaf07f582c3d0841eea68bdd66f533e465e6ba8b9cb45619572cf4?s=96&d=mm&r=g\",\"contentUrl\":\"https:\/\/secure.gravatar.com\/avatar\/459a9613caaaf07f582c3d0841eea68bdd66f533e465e6ba8b9cb45619572cf4?s=96&d=mm&r=g\",\"caption\":\"Redacao VerdadeOn\"},\"url\":\"https:\/\/verdadeon.com.br\/portal\/author\/redacao\/\"}]}<\/script>\n<!-- \/ Yoast SEO plugin. -->","yoast_head_json":{"title":"Sesi Franca recebe o direito da marca registrada \"Capital do Basquete\" - VerdadeOn","robots":{"index":"index","follow":"follow","max-snippet":"max-snippet:-1","max-image-preview":"max-image-preview:large","max-video-preview":"max-video-preview:-1"},"canonical":"https:\/\/verdadeon.com.br\/portal\/2023\/04\/27\/sesi-franca-recebe-o-direito-da-marca-registrada-capital-do-basquete\/","og_locale":"pt_BR","og_type":"article","og_title":"Sesi Franca recebe o direito da marca registrada \"Capital do Basquete\" - VerdadeOn","og_description":"Registro veio ap\u00f3s vit\u00f3ria do clube francano na BCLA 2022\/23 Ap\u00f3s a vit\u00f3ria do SESI Franca Basquete na BCLA 2022\/23, os torcedores Augusto Rodarte e Pedro [\u2026]","og_url":"https:\/\/verdadeon.com.br\/portal\/2023\/04\/27\/sesi-franca-recebe-o-direito-da-marca-registrada-capital-do-basquete\/","og_site_name":"VerdadeOn","article_published_time":"2023-04-27T18:54:21+00:00","og_image":[{"width":1000,"height":670,"url":"https:\/\/verdadeon.com.br\/portal\/wp-content\/uploads\/2023\/04\/25a4e-imagem-do-whatsapp-de-2023-04-26-as-123456-1.jpg","type":"image\/jpeg"}],"author":"Redacao VerdadeOn","twitter_card":"summary_large_image","twitter_misc":{"Escrito por":"Redacao VerdadeOn","Est. tempo de leitura":"3 minutos"},"schema":{"@context":"https:\/\/schema.org","@graph":[{"@type":"WebPage","@id":"https:\/\/verdadeon.com.br\/portal\/2023\/04\/27\/sesi-franca-recebe-o-direito-da-marca-registrada-capital-do-basquete\/","url":"https:\/\/verdadeon.com.br\/portal\/2023\/04\/27\/sesi-franca-recebe-o-direito-da-marca-registrada-capital-do-basquete\/","name":"Sesi Franca recebe o direito da marca registrada \"Capital do Basquete\" - VerdadeOn","isPartOf":{"@id":"https:\/\/verdadeon.com.br\/portal\/#website"},"primaryImageOfPage":{"@id":"https:\/\/verdadeon.com.br\/portal\/2023\/04\/27\/sesi-franca-recebe-o-direito-da-marca-registrada-capital-do-basquete\/#primaryimage"},"image":{"@id":"https:\/\/verdadeon.com.br\/portal\/2023\/04\/27\/sesi-franca-recebe-o-direito-da-marca-registrada-capital-do-basquete\/#primaryimage"},"thumbnailUrl":"https:\/\/i0.wp.com\/verdadeon.com.br\/portal\/wp-content\/uploads\/2023\/04\/25a4e-imagem-do-whatsapp-de-2023-04-26-as-123456-1.jpg?fit=1000%2C670&ssl=1","datePublished":"2023-04-27T18:54:21+00:00","author":{"@id":"https:\/\/verdadeon.com.br\/portal\/#\/schema\/person\/a5060ad1e9ea3df545188fc93ce43d2f"},"breadcrumb":{"@id":"https:\/\/verdadeon.com.br\/portal\/2023\/04\/27\/sesi-franca-recebe-o-direito-da-marca-registrada-capital-do-basquete\/#breadcrumb"},"inLanguage":"pt-BR","potentialAction":[{"@type":"ReadAction","target":["https:\/\/verdadeon.com.br\/portal\/2023\/04\/27\/sesi-franca-recebe-o-direito-da-marca-registrada-capital-do-basquete\/"]}]},{"@type":"ImageObject","inLanguage":"pt-BR","@id":"https:\/\/verdadeon.com.br\/portal\/2023\/04\/27\/sesi-franca-recebe-o-direito-da-marca-registrada-capital-do-basquete\/#primaryimage","url":"https:\/\/i0.wp.com\/verdadeon.com.br\/portal\/wp-content\/uploads\/2023\/04\/25a4e-imagem-do-whatsapp-de-2023-04-26-as-123456-1.jpg?fit=1000%2C670&ssl=1","contentUrl":"https:\/\/i0.wp.com\/verdadeon.com.br\/portal\/wp-content\/uploads\/2023\/04\/25a4e-imagem-do-whatsapp-de-2023-04-26-as-123456-1.jpg?fit=1000%2C670&ssl=1","width":1000,"height":670,"caption":"Sesi Franca recebe direitos de registro das marcas \u201cCapital do Basquete\u201d e \u201cArena Capital do Basquete\u201d."},{"@type":"BreadcrumbList","@id":"https:\/\/verdadeon.com.br\/portal\/2023\/04\/27\/sesi-franca-recebe-o-direito-da-marca-registrada-capital-do-basquete\/#breadcrumb","itemListElement":[{"@type":"ListItem","position":1,"name":"In\u00edcio","item":"https:\/\/verdadeon.com.br\/portal\/"},{"@type":"ListItem","position":2,"name":"Sesi Franca recebe o direito da marca registrada &#8220;Capital do Basquete&#8221;"}]},{"@type":"WebSite","@id":"https:\/\/verdadeon.com.br\/portal\/#website","url":"https:\/\/verdadeon.com.br\/portal\/","name":"VerdadeOn","description":"Not\u00edcias di\u00e1rias sobre Franca, Regi\u00e3o, Esporte, Cultura, Cotidiano, Colunas. Cobertura nos principais eventos da cidade \u00e9 aqui - Verdadeon Franca","potentialAction":[{"@type":"SearchAction","target":{"@type":"EntryPoint","urlTemplate":"https:\/\/verdadeon.com.br\/portal\/?s={search_term_string}"},"query-input":{"@type":"PropertyValueSpecification","valueRequired":true,"valueName":"search_term_string"}}],"inLanguage":"pt-BR"},{"@type":"Person","@id":"https:\/\/verdadeon.com.br\/portal\/#\/schema\/person\/a5060ad1e9ea3df545188fc93ce43d2f","name":"Redacao VerdadeOn","image":{"@type":"ImageObject","inLanguage":"pt-BR","@id":"https:\/\/verdadeon.com.br\/portal\/#\/schema\/person\/image\/","url":"https:\/\/secure.gravatar.com\/avatar\/459a9613caaaf07f582c3d0841eea68bdd66f533e465e6ba8b9cb45619572cf4?s=96&d=mm&r=g","contentUrl":"https:\/\/secure.gravatar.com\/avatar\/459a9613caaaf07f582c3d0841eea68bdd66f533e465e6ba8b9cb45619572cf4?s=96&d=mm&r=g","caption":"Redacao VerdadeOn"},"url":"https:\/\/verdadeon.com.br\/portal\/author\/redacao\/"}]}},"jetpack_publicize_connections":[],"jetpack_featured_media_url":"https:\/\/i0.wp.com\/verdadeon.com.br\/portal\/wp-content\/uploads\/2023\/04\/25a4e-imagem-do-whatsapp-de-2023-04-26-as-123456-1.jpg?fit=1000%2C670&ssl=1","jetpack_sharing_enabled":true,"_links":{"self":[{"href":"https:\/\/verdadeon.com.br\/portal\/wp-json\/wp\/v2\/posts\/33798","targetHints":{"allow":["GET"]}}],"collection":[{"href":"https:\/\/verdadeon.com.br\/portal\/wp-json\/wp\/v2\/posts"}],"about":[{"href":"https:\/\/verdadeon.com.br\/portal\/wp-json\/wp\/v2\/types\/post"}],"author":[{"embeddable":true,"href":"https:\/\/verdadeon.com.br\/portal\/wp-json\/wp\/v2\/users\/10"}],"replies":[{"embeddable":true,"href":"https:\/\/verdadeon.com.br\/portal\/wp-json\/wp\/v2\/comments?post=33798"}],"version-history":[{"count":1,"href":"https:\/\/verdadeon.com.br\/portal\/wp-json\/wp\/v2\/posts\/33798\/revisions"}],"predecessor-version":[{"id":33800,"href":"https:\/\/verdadeon.com.br\/portal\/wp-json\/wp\/v2\/posts\/33798\/revisions\/33800"}],"wp:featuredmedia":[{"embeddable":true,"href":"https:\/\/verdadeon.com.br\/portal\/wp-json\/wp\/v2\/media\/33799"}],"wp:attachment":[{"href":"https:\/\/verdadeon.com.br\/portal\/wp-json\/wp\/v2\/media?parent=33798"}],"wp:term":[{"taxonomy":"category","embeddable":true,"href":"https:\/\/verdadeon.com.br\/portal\/wp-json\/wp\/v2\/categories?post=33798"},{"taxonomy":"post_tag","embeddable":true,"href":"https:\/\/verdadeon.com.br\/portal\/wp-json\/wp\/v2\/tags?post=33798"}],"curies":[{"name":"wp","href":"https:\/\/api.w.org\/{rel}","templated":true}]}}