{"id":33748,"date":"2023-04-26T12:41:36","date_gmt":"2023-04-26T15:41:36","guid":{"rendered":"https:\/\/verdadeon.com.br\/portal\/?p=33748"},"modified":"2023-04-26T12:41:36","modified_gmt":"2023-04-26T15:41:36","slug":"vereadores-aprovam-destinacao-de-r-73-milhoes-para-merenda-escolar","status":"publish","type":"post","link":"https:\/\/verdadeon.com.br\/portal\/2023\/04\/26\/vereadores-aprovam-destinacao-de-r-73-milhoes-para-merenda-escolar\/","title":{"rendered":"Vereadores aprovam destina\u00e7\u00e3o de R$ 7,3 milh\u00f5es para merenda escolar"},"content":{"rendered":"<h2>Reuni\u00e3o aconteceu nesta ter\u00e7a-feira, 25; Outros projetos tamb\u00e9m foram aprovados<\/h2>\n<p>Os vereadores se reuniram nesta ter\u00e7a-feira, 25 de abril, para discuss\u00e3o e vota\u00e7\u00f5es de projetos na\u00a0<a href=\"https:\/\/sapl.franca.sp.leg.br\/sessao\/pesquisar-sessao?data_inicio__year=2023&amp;data_inicio__month=&amp;data_inicio__day=&amp;tipo=\"><strong>12\u00aa Sess\u00e3o Ordin\u00e1ria<\/strong><\/a>.<\/p>\n<p>No per\u00edodo da manh\u00e3 aconteceu o Expediente com as leituras dos documentos e of\u00edcios, al\u00e9m de uso da Tribuna tanto pelos mun\u00edcipes inscritos previamente e os pr\u00f3prios parlamentares, a partir das 9h. No per\u00edodo da tarde, a partir das 14h, foram debatidos e votados os temas que passaram por an\u00e1lise das comiss\u00f5es da Casa de Leis.<\/p>\n<p><strong>Vereadores aprovam destina\u00e7\u00e3o de R$ 7,3 milh\u00f5es para merenda escolar\u00a0<\/strong><\/p>\n<p>Em pauta, oito itens foram analisados pelos vereadores, entre eles, aprovado o <a href=\"https:\/\/sapl.franca.sp.leg.br\/materia\/7935\">Projeto de Lei Ordin\u00e1ria n\u00ba 52\/2023<\/a> que autoriza a abertura de cr\u00e9ditos adicionais no Or\u00e7amento, no valor total de at\u00e9 R$ 7.328.600,99.<\/p>\n<p>De acordo com prefeito Alexandre Ferreira (MDB) trata-se de altera\u00e7\u00f5es no Or\u00e7amento que permitir\u00e3o, \u00e0 Prefeitura, realizar as despesas de aquisi\u00e7\u00e3o da merenda escolar durante o ano de 2023.<\/p>\n<p>Ainda segundo o texto, a suplementa\u00e7\u00e3o leva em conta as transfer\u00eancias da Uni\u00e3o, sendo:<\/p>\n<p>1) PNAE, vinculadas a excesso de arrecada\u00e7\u00e3o (corre\u00e7\u00e3o dos valores per capitas para o exerc\u00edcio 2023), no valor de R$ 2.468.441,04, e super\u00e1vit do exerc\u00edcio anterior, no valor de R$ 360.159,95.<\/p>\n<p>2) Sal\u00e1rio Educa\u00e7\u00e3o \u2013 QSE, vinculadas ao super\u00e1vit financeiro do ano anterior, no valor total de R$ 4.500.000,00.<\/p>\n<p><strong>Programa Educa\u00e7\u00e3o Empreendedora<\/strong><\/p>\n<p>Tamb\u00e9m de autoria dos vereadores Daniel Bassi (PSDB) e Della Motta (Podemos) foi aprovado o\u00a0<a href=\"https:\/\/sapl.franca.sp.leg.br\/materia\/7291\"><strong>Projeto de Lei Ordin\u00e1ria 10\/2023<\/strong><\/a>\u00a0que acrescenta dispositivos \u00e0 Lei n\u00ba 7.482\/2010, que disp\u00f5e sobre o Programa de Educa\u00e7\u00e3o Empreendedora aos alunos do ensino fundamental das escolas municipais de Franca.<\/p>\n<p>Os parlamentares argumentaram: &#8220;A proposta vem tra\u00e7ada em normas gerais a serem seguidas em \u00e2mbito municipal, que poder\u00e3o ser regulamentadas e concretizadas pelo Poder Executivo, conforme crit\u00e9rios de conveni\u00eancia e oportunidade da Administra\u00e7\u00e3o P\u00fablica&#8221;. Eles ainda acrescentaram: &#8220;S\u00e3o diversos nichos de mercado para onde os jovens empreendedores podem migrar, mesmo sem forma\u00e7\u00e3o, para terem seu pr\u00f3prio neg\u00f3cio. Pequenos neg\u00f3cios tamb\u00e9m s\u00e3o respons\u00e1veis por grandes e longevos ganhos&#8221;.<\/p>\n<p>Os vereadores defenderam que o &#8220;ato de empreender n\u00e3o apenas garante benef\u00edcios ao empreendedor, mas aos seus funcion\u00e1rios e a toda a parcela da sociedade que consumir\u00e1 seus produtos e\/ou servi\u00e7os, al\u00e9m de contribuir para o desenvolvimento da economia, gera\u00e7\u00e3o de emprego e renda&#8221;.<\/p>\n<p><strong>Animais em shoppings<\/strong><\/p>\n<p>Foi aprovado tamb\u00e9m o <a href=\"https:\/\/sapl.franca.sp.leg.br\/media\/sapl\/public\/materialegislativa\/2023\/7671\/projeto_de_lei_ordinaria_-_animais_em_shoppings.pdf\">Projeto de Lei Ordin\u00e1ria n\u00ba 33\/2023<\/a>\u00a0que faculta aos shoppings centers do munic\u00edpio de Franca permitir a perman\u00eancia de animais dom\u00e9sticos nas suas \u00e1reas comuns.<\/p>\n<p>A vereadora Lindsay Cardoso (Cidadania) justificou: &#8220;Objetivo suprir uma lacuna na legisla\u00e7\u00e3o municipal referente ao acesso de animais dom\u00e9sticos nos shoppings centers da cidade. A presen\u00e7a de cachorros, principalmente os de pequeno porte, j\u00e1 s\u00e3o uma realidade nos corredores dos centros comerciais da cidade. Contudo, \u00e9 preciso regularizar a situa\u00e7\u00e3o e estabelecer regras para o acesso desses animais, de modo a garantir a seguran\u00e7a tanto de humanos quanto dos bichos de estima\u00e7\u00e3o&#8221;.<\/p>\n<p>Entre as regras propostas est\u00e3o, respeito \u00e0s normas de higiene e sa\u00fade, veda\u00e7\u00e3o da presen\u00e7a de animais na pra\u00e7a de alimenta\u00e7\u00e3o e afixa\u00e7\u00e3o de cartazes com orienta\u00e7\u00e3o sobre permiss\u00e3o de animais. Caso aprovada a lei entra em vigor 120 dias ap\u00f3s a data da publica\u00e7\u00e3o.<\/p>\n<p><strong>Atendimento Infantil<\/strong><\/p>\n<p>Tr\u00eas requerimentos de autoria do vereador Marcelo Tidy (Uni\u00e3o) foram aprovados sendo o <a href=\"https:\/\/sapl.franca.sp.leg.br\/materia\/7910\"><strong>Requerimento 194\/2023<\/strong><\/a> para obter informa\u00e7\u00f5es sobre os motivos do envio dos pacientes (crian\u00e7as) da UPA do Jardim Aeroporto para o Pronto Socorro Infantil nos finais de semana. Tidy comentou: &#8220;Com a chegada do inverno fico pensando nas fam\u00edlias que moram na zona sul e de outras regi\u00f5es que t\u00eam que trazer seus filhos ao Pronto Socorro Infantil.\u00a0 Fica a sugest\u00e3o e espero que a Secret\u00e1ria de Sa\u00fade e o Prefeito possam analisar e encontrar uma alternativa&#8221;.<\/p>\n<p>Ainda aprovado o\u00a0<a href=\"https:\/\/sapl.franca.sp.leg.br\/materia\/7911\"><strong>Requerimento 195\/2023<\/strong><\/a> sobre a possibilidade se de implantar um Sistema Eletr\u00f4nico de Informa\u00e7\u00f5es \u2013 SEI no munic\u00edpio de Franca, nos moldes do que \u00e9 feito no TRF da 4\u00aa Regi\u00e3o. Marcelo Tidy disse: &#8220;Hoje [ter\u00e7a-feira] o pessoal do Observat\u00f3rio Social veio pela manh\u00e3 apoiando a iniciativa, muitos munic\u00edpios t\u00eam usado essa plataforma para agilizar e facilitar a vida das pessoas, ent\u00e3o, espero que o departamento de TI da Prefeitura atue e possa implantar o servi\u00e7o&#8221;.<\/p>\n<p>E por fim, aprovado o <a href=\"https:\/\/sapl.franca.sp.leg.br\/materia\/7912\"><strong>Requerimento 196\/2023\u00a0<\/strong><\/a>para que promova capacita\u00e7\u00e3o de educadores para avalia\u00e7\u00e3o e atendimento de alunos com Transtorno do Espectro Autista \u2013 TEA, no munic\u00edpio de Franca, nos moldes do que foi feito em Limeira-SP.\u00a0Tidy lembrou: &#8220;est\u00e3o fazendo um trabalho muito legal com a rede de ensino, formando e capacitando os profissionais que trabalham com crian\u00e7as autistas e precisamos ter esse cuidado especial, fica a sugest\u00e3o&#8221;.<\/p>\n","protected":false},"excerpt":{"rendered":"<p>Reuni\u00e3o aconteceu nesta ter\u00e7a-feira, 25; Outros projetos tamb\u00e9m foram aprovados Os vereadores se reuniram nesta ter\u00e7a-feira, 25 de abril, para discuss\u00e3o e vota\u00e7\u00f5es de projetos na\u00a012\u00aa<span class=\"excerpt-hellip\"> [\u2026]<\/span><\/p>\n","protected":false},"author":10,"featured_media":33749,"comment_status":"open","ping_status":"open","sticky":false,"template":"","format":"standard","meta":{"_jetpack_memberships_contains_paid_content":false,"footnotes":"","jetpack_publicize_message":"","jetpack_publicize_feature_enabled":true,"jetpack_social_post_already_shared":false,"jetpack_social_options":{"image_generator_settings":{"template":"highway","default_image_id":0,"enabled":false},"version":2}},"categories":[28,44],"tags":[],"class_list":["post-33748","post","type-post","status-publish","format-standard","has-post-thumbnail","hentry","category-cotidiano","category-noticias"],"yoast_head":"<!-- This site is optimized with the Yoast SEO plugin v25.6 - https:\/\/yoast.com\/wordpress\/plugins\/seo\/ -->\n<title>Vereadores aprovam destina\u00e7\u00e3o de R$ 7,3 milh\u00f5es para merenda escolar - VerdadeOn<\/title>\n<meta name=\"robots\" content=\"index, follow, max-snippet:-1, max-image-preview:large, max-video-preview:-1\" \/>\n<link rel=\"canonical\" href=\"https:\/\/verdadeon.com.br\/portal\/2023\/04\/26\/vereadores-aprovam-destinacao-de-r-73-milhoes-para-merenda-escolar\/\" \/>\n<meta property=\"og:locale\" content=\"pt_BR\" \/>\n<meta property=\"og:type\" content=\"article\" \/>\n<meta property=\"og:title\" content=\"Vereadores aprovam destina\u00e7\u00e3o de R$ 7,3 milh\u00f5es para merenda escolar - VerdadeOn\" \/>\n<meta property=\"og:description\" content=\"Reuni\u00e3o aconteceu nesta ter\u00e7a-feira, 25; Outros projetos tamb\u00e9m foram aprovados Os vereadores se reuniram nesta ter\u00e7a-feira, 25 de abril, para discuss\u00e3o e vota\u00e7\u00f5es de projetos na\u00a012\u00aa [\u2026]\" \/>\n<meta property=\"og:url\" content=\"https:\/\/verdadeon.com.br\/portal\/2023\/04\/26\/vereadores-aprovam-destinacao-de-r-73-milhoes-para-merenda-escolar\/\" \/>\n<meta property=\"og:site_name\" content=\"VerdadeOn\" \/>\n<meta property=\"article:published_time\" content=\"2023-04-26T15:41:36+00:00\" \/>\n<meta property=\"og:image\" content=\"https:\/\/verdadeon.com.br\/portal\/wp-content\/uploads\/2023\/04\/12sessao-2.jpg\" \/>\n\t<meta property=\"og:image:width\" content=\"1000\" \/>\n\t<meta property=\"og:image:height\" content=\"670\" \/>\n\t<meta property=\"og:image:type\" content=\"image\/jpeg\" \/>\n<meta name=\"author\" content=\"Redacao VerdadeOn\" \/>\n<meta name=\"twitter:card\" content=\"summary_large_image\" \/>\n<meta name=\"twitter:label1\" content=\"Escrito por\" \/>\n\t<meta name=\"twitter:data1\" content=\"Redacao VerdadeOn\" \/>\n\t<meta name=\"twitter:label2\" content=\"Est. tempo de leitura\" \/>\n\t<meta name=\"twitter:data2\" content=\"4 minutos\" \/>\n<script type=\"application\/ld+json\" class=\"yoast-schema-graph\">{\"@context\":\"https:\/\/schema.org\",\"@graph\":[{\"@type\":\"WebPage\",\"@id\":\"https:\/\/verdadeon.com.br\/portal\/2023\/04\/26\/vereadores-aprovam-destinacao-de-r-73-milhoes-para-merenda-escolar\/\",\"url\":\"https:\/\/verdadeon.com.br\/portal\/2023\/04\/26\/vereadores-aprovam-destinacao-de-r-73-milhoes-para-merenda-escolar\/\",\"name\":\"Vereadores aprovam destina\u00e7\u00e3o de R$ 7,3 milh\u00f5es para merenda escolar - VerdadeOn\",\"isPartOf\":{\"@id\":\"https:\/\/verdadeon.com.br\/portal\/#website\"},\"primaryImageOfPage\":{\"@id\":\"https:\/\/verdadeon.com.br\/portal\/2023\/04\/26\/vereadores-aprovam-destinacao-de-r-73-milhoes-para-merenda-escolar\/#primaryimage\"},\"image\":{\"@id\":\"https:\/\/verdadeon.com.br\/portal\/2023\/04\/26\/vereadores-aprovam-destinacao-de-r-73-milhoes-para-merenda-escolar\/#primaryimage\"},\"thumbnailUrl\":\"https:\/\/i0.wp.com\/verdadeon.com.br\/portal\/wp-content\/uploads\/2023\/04\/12sessao-2.jpg?fit=1000%2C670&ssl=1\",\"datePublished\":\"2023-04-26T15:41:36+00:00\",\"author\":{\"@id\":\"https:\/\/verdadeon.com.br\/portal\/#\/schema\/person\/a5060ad1e9ea3df545188fc93ce43d2f\"},\"breadcrumb\":{\"@id\":\"https:\/\/verdadeon.com.br\/portal\/2023\/04\/26\/vereadores-aprovam-destinacao-de-r-73-milhoes-para-merenda-escolar\/#breadcrumb\"},\"inLanguage\":\"pt-BR\",\"potentialAction\":[{\"@type\":\"ReadAction\",\"target\":[\"https:\/\/verdadeon.com.br\/portal\/2023\/04\/26\/vereadores-aprovam-destinacao-de-r-73-milhoes-para-merenda-escolar\/\"]}]},{\"@type\":\"ImageObject\",\"inLanguage\":\"pt-BR\",\"@id\":\"https:\/\/verdadeon.com.br\/portal\/2023\/04\/26\/vereadores-aprovam-destinacao-de-r-73-milhoes-para-merenda-escolar\/#primaryimage\",\"url\":\"https:\/\/i0.wp.com\/verdadeon.com.br\/portal\/wp-content\/uploads\/2023\/04\/12sessao-2.jpg?fit=1000%2C670&ssl=1\",\"contentUrl\":\"https:\/\/i0.wp.com\/verdadeon.com.br\/portal\/wp-content\/uploads\/2023\/04\/12sessao-2.jpg?fit=1000%2C670&ssl=1\",\"width\":1000,\"height\":670,\"caption\":\"C\u00e2mara de vereadores realiza Audi\u00eancia P\u00fablica para discutir situa\u00e7\u00e3o dos moradores de rua.\"},{\"@type\":\"BreadcrumbList\",\"@id\":\"https:\/\/verdadeon.com.br\/portal\/2023\/04\/26\/vereadores-aprovam-destinacao-de-r-73-milhoes-para-merenda-escolar\/#breadcrumb\",\"itemListElement\":[{\"@type\":\"ListItem\",\"position\":1,\"name\":\"In\u00edcio\",\"item\":\"https:\/\/verdadeon.com.br\/portal\/\"},{\"@type\":\"ListItem\",\"position\":2,\"name\":\"Vereadores aprovam destina\u00e7\u00e3o de R$ 7,3 milh\u00f5es para merenda escolar\"}]},{\"@type\":\"WebSite\",\"@id\":\"https:\/\/verdadeon.com.br\/portal\/#website\",\"url\":\"https:\/\/verdadeon.com.br\/portal\/\",\"name\":\"VerdadeOn\",\"description\":\"Not\u00edcias di\u00e1rias sobre Franca, Regi\u00e3o, Esporte, Cultura, Cotidiano, Colunas. Cobertura nos principais eventos da cidade \u00e9 aqui - Verdadeon Franca\",\"potentialAction\":[{\"@type\":\"SearchAction\",\"target\":{\"@type\":\"EntryPoint\",\"urlTemplate\":\"https:\/\/verdadeon.com.br\/portal\/?s={search_term_string}\"},\"query-input\":{\"@type\":\"PropertyValueSpecification\",\"valueRequired\":true,\"valueName\":\"search_term_string\"}}],\"inLanguage\":\"pt-BR\"},{\"@type\":\"Person\",\"@id\":\"https:\/\/verdadeon.com.br\/portal\/#\/schema\/person\/a5060ad1e9ea3df545188fc93ce43d2f\",\"name\":\"Redacao VerdadeOn\",\"image\":{\"@type\":\"ImageObject\",\"inLanguage\":\"pt-BR\",\"@id\":\"https:\/\/verdadeon.com.br\/portal\/#\/schema\/person\/image\/\",\"url\":\"https:\/\/secure.gravatar.com\/avatar\/459a9613caaaf07f582c3d0841eea68bdd66f533e465e6ba8b9cb45619572cf4?s=96&d=mm&r=g\",\"contentUrl\":\"https:\/\/secure.gravatar.com\/avatar\/459a9613caaaf07f582c3d0841eea68bdd66f533e465e6ba8b9cb45619572cf4?s=96&d=mm&r=g\",\"caption\":\"Redacao VerdadeOn\"},\"url\":\"https:\/\/verdadeon.com.br\/portal\/author\/redacao\/\"}]}<\/script>\n<!-- \/ Yoast SEO plugin. -->","yoast_head_json":{"title":"Vereadores aprovam destina\u00e7\u00e3o de R$ 7,3 milh\u00f5es para merenda escolar - VerdadeOn","robots":{"index":"index","follow":"follow","max-snippet":"max-snippet:-1","max-image-preview":"max-image-preview:large","max-video-preview":"max-video-preview:-1"},"canonical":"https:\/\/verdadeon.com.br\/portal\/2023\/04\/26\/vereadores-aprovam-destinacao-de-r-73-milhoes-para-merenda-escolar\/","og_locale":"pt_BR","og_type":"article","og_title":"Vereadores aprovam destina\u00e7\u00e3o de R$ 7,3 milh\u00f5es para merenda escolar - VerdadeOn","og_description":"Reuni\u00e3o aconteceu nesta ter\u00e7a-feira, 25; Outros projetos tamb\u00e9m foram aprovados Os vereadores se reuniram nesta ter\u00e7a-feira, 25 de abril, para discuss\u00e3o e vota\u00e7\u00f5es de projetos na\u00a012\u00aa [\u2026]","og_url":"https:\/\/verdadeon.com.br\/portal\/2023\/04\/26\/vereadores-aprovam-destinacao-de-r-73-milhoes-para-merenda-escolar\/","og_site_name":"VerdadeOn","article_published_time":"2023-04-26T15:41:36+00:00","og_image":[{"width":1000,"height":670,"url":"https:\/\/verdadeon.com.br\/portal\/wp-content\/uploads\/2023\/04\/12sessao-2.jpg","type":"image\/jpeg"}],"author":"Redacao VerdadeOn","twitter_card":"summary_large_image","twitter_misc":{"Escrito por":"Redacao VerdadeOn","Est. tempo de leitura":"4 minutos"},"schema":{"@context":"https:\/\/schema.org","@graph":[{"@type":"WebPage","@id":"https:\/\/verdadeon.com.br\/portal\/2023\/04\/26\/vereadores-aprovam-destinacao-de-r-73-milhoes-para-merenda-escolar\/","url":"https:\/\/verdadeon.com.br\/portal\/2023\/04\/26\/vereadores-aprovam-destinacao-de-r-73-milhoes-para-merenda-escolar\/","name":"Vereadores aprovam destina\u00e7\u00e3o de R$ 7,3 milh\u00f5es para merenda escolar - VerdadeOn","isPartOf":{"@id":"https:\/\/verdadeon.com.br\/portal\/#website"},"primaryImageOfPage":{"@id":"https:\/\/verdadeon.com.br\/portal\/2023\/04\/26\/vereadores-aprovam-destinacao-de-r-73-milhoes-para-merenda-escolar\/#primaryimage"},"image":{"@id":"https:\/\/verdadeon.com.br\/portal\/2023\/04\/26\/vereadores-aprovam-destinacao-de-r-73-milhoes-para-merenda-escolar\/#primaryimage"},"thumbnailUrl":"https:\/\/i0.wp.com\/verdadeon.com.br\/portal\/wp-content\/uploads\/2023\/04\/12sessao-2.jpg?fit=1000%2C670&ssl=1","datePublished":"2023-04-26T15:41:36+00:00","author":{"@id":"https:\/\/verdadeon.com.br\/portal\/#\/schema\/person\/a5060ad1e9ea3df545188fc93ce43d2f"},"breadcrumb":{"@id":"https:\/\/verdadeon.com.br\/portal\/2023\/04\/26\/vereadores-aprovam-destinacao-de-r-73-milhoes-para-merenda-escolar\/#breadcrumb"},"inLanguage":"pt-BR","potentialAction":[{"@type":"ReadAction","target":["https:\/\/verdadeon.com.br\/portal\/2023\/04\/26\/vereadores-aprovam-destinacao-de-r-73-milhoes-para-merenda-escolar\/"]}]},{"@type":"ImageObject","inLanguage":"pt-BR","@id":"https:\/\/verdadeon.com.br\/portal\/2023\/04\/26\/vereadores-aprovam-destinacao-de-r-73-milhoes-para-merenda-escolar\/#primaryimage","url":"https:\/\/i0.wp.com\/verdadeon.com.br\/portal\/wp-content\/uploads\/2023\/04\/12sessao-2.jpg?fit=1000%2C670&ssl=1","contentUrl":"https:\/\/i0.wp.com\/verdadeon.com.br\/portal\/wp-content\/uploads\/2023\/04\/12sessao-2.jpg?fit=1000%2C670&ssl=1","width":1000,"height":670,"caption":"C\u00e2mara de vereadores realiza Audi\u00eancia P\u00fablica para discutir situa\u00e7\u00e3o dos moradores de rua."},{"@type":"BreadcrumbList","@id":"https:\/\/verdadeon.com.br\/portal\/2023\/04\/26\/vereadores-aprovam-destinacao-de-r-73-milhoes-para-merenda-escolar\/#breadcrumb","itemListElement":[{"@type":"ListItem","position":1,"name":"In\u00edcio","item":"https:\/\/verdadeon.com.br\/portal\/"},{"@type":"ListItem","position":2,"name":"Vereadores aprovam destina\u00e7\u00e3o de R$ 7,3 milh\u00f5es para merenda escolar"}]},{"@type":"WebSite","@id":"https:\/\/verdadeon.com.br\/portal\/#website","url":"https:\/\/verdadeon.com.br\/portal\/","name":"VerdadeOn","description":"Not\u00edcias di\u00e1rias sobre Franca, Regi\u00e3o, Esporte, Cultura, Cotidiano, Colunas. Cobertura nos principais eventos da cidade \u00e9 aqui - Verdadeon Franca","potentialAction":[{"@type":"SearchAction","target":{"@type":"EntryPoint","urlTemplate":"https:\/\/verdadeon.com.br\/portal\/?s={search_term_string}"},"query-input":{"@type":"PropertyValueSpecification","valueRequired":true,"valueName":"search_term_string"}}],"inLanguage":"pt-BR"},{"@type":"Person","@id":"https:\/\/verdadeon.com.br\/portal\/#\/schema\/person\/a5060ad1e9ea3df545188fc93ce43d2f","name":"Redacao VerdadeOn","image":{"@type":"ImageObject","inLanguage":"pt-BR","@id":"https:\/\/verdadeon.com.br\/portal\/#\/schema\/person\/image\/","url":"https:\/\/secure.gravatar.com\/avatar\/459a9613caaaf07f582c3d0841eea68bdd66f533e465e6ba8b9cb45619572cf4?s=96&d=mm&r=g","contentUrl":"https:\/\/secure.gravatar.com\/avatar\/459a9613caaaf07f582c3d0841eea68bdd66f533e465e6ba8b9cb45619572cf4?s=96&d=mm&r=g","caption":"Redacao VerdadeOn"},"url":"https:\/\/verdadeon.com.br\/portal\/author\/redacao\/"}]}},"jetpack_publicize_connections":[],"jetpack_featured_media_url":"https:\/\/i0.wp.com\/verdadeon.com.br\/portal\/wp-content\/uploads\/2023\/04\/12sessao-2.jpg?fit=1000%2C670&ssl=1","jetpack_sharing_enabled":true,"_links":{"self":[{"href":"https:\/\/verdadeon.com.br\/portal\/wp-json\/wp\/v2\/posts\/33748","targetHints":{"allow":["GET"]}}],"collection":[{"href":"https:\/\/verdadeon.com.br\/portal\/wp-json\/wp\/v2\/posts"}],"about":[{"href":"https:\/\/verdadeon.com.br\/portal\/wp-json\/wp\/v2\/types\/post"}],"author":[{"embeddable":true,"href":"https:\/\/verdadeon.com.br\/portal\/wp-json\/wp\/v2\/users\/10"}],"replies":[{"embeddable":true,"href":"https:\/\/verdadeon.com.br\/portal\/wp-json\/wp\/v2\/comments?post=33748"}],"version-history":[{"count":1,"href":"https:\/\/verdadeon.com.br\/portal\/wp-json\/wp\/v2\/posts\/33748\/revisions"}],"predecessor-version":[{"id":33750,"href":"https:\/\/verdadeon.com.br\/portal\/wp-json\/wp\/v2\/posts\/33748\/revisions\/33750"}],"wp:featuredmedia":[{"embeddable":true,"href":"https:\/\/verdadeon.com.br\/portal\/wp-json\/wp\/v2\/media\/33749"}],"wp:attachment":[{"href":"https:\/\/verdadeon.com.br\/portal\/wp-json\/wp\/v2\/media?parent=33748"}],"wp:term":[{"taxonomy":"category","embeddable":true,"href":"https:\/\/verdadeon.com.br\/portal\/wp-json\/wp\/v2\/categories?post=33748"},{"taxonomy":"post_tag","embeddable":true,"href":"https:\/\/verdadeon.com.br\/portal\/wp-json\/wp\/v2\/tags?post=33748"}],"curies":[{"name":"wp","href":"https:\/\/api.w.org\/{rel}","templated":true}]}}