{"id":33741,"date":"2023-04-26T11:57:10","date_gmt":"2023-04-26T14:57:10","guid":{"rendered":"https:\/\/verdadeon.com.br\/portal\/?p=33741"},"modified":"2023-04-26T11:57:10","modified_gmt":"2023-04-26T14:57:10","slug":"gol-quer-pousar-boeings-737-no-aeroporto-de-franca-saiba-aqui-o-que-ainda-esta-impedindo","status":"publish","type":"post","link":"https:\/\/verdadeon.com.br\/portal\/2023\/04\/26\/gol-quer-pousar-boeings-737-no-aeroporto-de-franca-saiba-aqui-o-que-ainda-esta-impedindo\/","title":{"rendered":"GOL quer pousar Boeings 737 no aeroporto de Franca. Saiba aqui o que ainda est\u00e1 impedindo"},"content":{"rendered":"<h2>Vereador Daniel Bassi se re\u00fane com executivos da companhia que abrem o jogo sobre volta dos voos<\/h2>\n<p>A empresa a\u00e9rea GOL, uma das maiores da Am\u00e9rica Latina, quer colocar Boeings 737, avi\u00f5es com capacidade de at\u00e9 130 passageiros, para operar com pousos e decolagens no aeroporto de Franca. A revela\u00e7\u00e3o \u00e9 da pr\u00f3pria companhia, cujos executivos receberam, nesta segunda-feira, 24, o vereador Daniel Bassi para tratar da retomada dos voos comerciais no aeroporto francano.<\/p>\n<p>O vereador afirma que as coisas t\u00eam caminhado bem e que v\u00e1rias etapas do complexo processo de adequa\u00e7\u00e3o do aeroporto local \u00e0s grandes aeronaves j\u00e1 foram superadas e que o trabalho segue firme.<\/p>\n<p>\u201cEstive em reuni\u00e3o com o gestor de rela\u00e7\u00f5es institucionais da GOL, Felippe Bandeira, e com o consultor de Planejamento e Estrutura da empresa, Matheus Motta, na sede da GOL, em S\u00e3o Paulo\u201d, disse Daniel Bassi. A motiva\u00e7\u00e3o da visita foi buscar informa\u00e7\u00f5es sobre a retomada dos voos comerciais para Franca, uma demanda antiga da cidade e importante, dos pontos de vista de desenvolvimento regional e da economia.<\/p>\n<div id=\"attachment_33743\" style=\"width: 310px\" class=\"wp-caption alignnone\"><img data-recalc-dims=\"1\" loading=\"lazy\" decoding=\"async\" aria-describedby=\"caption-attachment-33743\" class=\"size-medium wp-image-33743\" src=\"https:\/\/i0.wp.com\/verdadeon.com.br\/portal\/wp-content\/uploads\/2023\/04\/WhatsApp-Image-2023-04-26-at-10.45.56-1.jpeg?resize=300%2C241&#038;ssl=1\" alt=\"\" width=\"300\" height=\"241\" srcset=\"https:\/\/i0.wp.com\/verdadeon.com.br\/portal\/wp-content\/uploads\/2023\/04\/WhatsApp-Image-2023-04-26-at-10.45.56-1.jpeg?resize=300%2C241&amp;ssl=1 300w, https:\/\/i0.wp.com\/verdadeon.com.br\/portal\/wp-content\/uploads\/2023\/04\/WhatsApp-Image-2023-04-26-at-10.45.56-1.jpeg?resize=1024%2C824&amp;ssl=1 1024w, https:\/\/i0.wp.com\/verdadeon.com.br\/portal\/wp-content\/uploads\/2023\/04\/WhatsApp-Image-2023-04-26-at-10.45.56-1.jpeg?resize=768%2C618&amp;ssl=1 768w, https:\/\/i0.wp.com\/verdadeon.com.br\/portal\/wp-content\/uploads\/2023\/04\/WhatsApp-Image-2023-04-26-at-10.45.56-1.jpeg?resize=1536%2C1236&amp;ssl=1 1536w, https:\/\/i0.wp.com\/verdadeon.com.br\/portal\/wp-content\/uploads\/2023\/04\/WhatsApp-Image-2023-04-26-at-10.45.56-1.jpeg?resize=182%2C146&amp;ssl=1 182w, https:\/\/i0.wp.com\/verdadeon.com.br\/portal\/wp-content\/uploads\/2023\/04\/WhatsApp-Image-2023-04-26-at-10.45.56-1.jpeg?resize=50%2C40&amp;ssl=1 50w, https:\/\/i0.wp.com\/verdadeon.com.br\/portal\/wp-content\/uploads\/2023\/04\/WhatsApp-Image-2023-04-26-at-10.45.56-1.jpeg?resize=93%2C75&amp;ssl=1 93w, https:\/\/i0.wp.com\/verdadeon.com.br\/portal\/wp-content\/uploads\/2023\/04\/WhatsApp-Image-2023-04-26-at-10.45.56-1.jpeg?w=1600&amp;ssl=1 1600w\" sizes=\"auto, (max-width: 300px) 100vw, 300px\" \/><p id=\"caption-attachment-33743\" class=\"wp-caption-text\">Gestor de rela\u00e7\u00f5es institucionais da GOL, Felippe Bandeira, Vereador Daniel Bassi e o consultor de Planejamento e Estrutura da empresa, Matheus Motta, na sede da GOL, em S\u00e3o Paulo.<\/p><\/div>\n<p>Antes de ir falar com a GOL, Daniel Bassi esteve com o secret\u00e1rio de Governo de SP, Gilberto Kassab. \u201cEle me informou que a parte do Estado, que \u00e9 a desonera\u00e7\u00e3o do ICMS sobre o combust\u00edvel de aeronaves, est\u00e1 ok\u201d, informou Bassi. O parlamentar afirma que tamb\u00e9m vem mantendo contato direto com a VOA, que \u00e9 a concession\u00e1ria respons\u00e1vel pela gest\u00e3o do aeroporto \u201cTenente Lund Presotto\u201d.<\/p>\n<p>\u201cEles j\u00e1 fizeram investimentos milion\u00e1rios e seguem fazendo para que o aeroporto re\u00fana todas as condi\u00e7\u00f5es de receber aeronaves grandes para decolagens e pousos, como \u00e9 o caso do Boeing 737 que a GOL quer colocar no nosso aeroporto\u201d, explicou Daniel Bassi. \u201cA gente tem que ouvir a todos e a parte que a gente ainda n\u00e3o tinha conversado diretamente era a GOL. E foi importante falar com os executivos da empresa, pois eles deram informa\u00e7\u00f5es importantes para nossa cidade\u201d, finaliza.<\/p>\n<p><strong>O que est\u00e1 impedindo?<\/strong><\/p>\n<p>A principal informa\u00e7\u00e3o obtida pelo vereador \u00e9 que a GOL quer cumprir com sua parte acordada quando da concess\u00e3o de nosso aeroporto para a VOA, que \u00e9 retomar os voos na cidade. Por\u00e9m, \u00e9 preciso atender todos os requisitos. \u201cO principal \u00e9 que o aeroporto de Franca tem que passar do grau dois para o tr\u00eas, o que est\u00e1 sendo providenciado pela VOA. Isso porque \u00e9 o n\u00edvel exigido pelos avi\u00f5es Boeings 737, com capacidade para 130 passageiros, ou seja, de grande porte\u201d, justificou Bassi.<\/p>\n<p>Segundo a empresa GOL, a nossa pista do aeroporto de Franca est\u00e1 apta, assim como o entorno, galp\u00f5es e o espa\u00e7o destinado aos passageiros. \u201cTem tr\u00eas esteiras para malas, est\u00e1 tudo bem organizado, reformado, ar-condicionado central e tudo mais. Mas tem que atender a todas as exig\u00eancias legais para colocarmos os nossos avi\u00f5es para operar em Franca. E sinto que a VOA est\u00e1 fazendo sua parte, muito empenhada mesmo\u201d, disse Matheus Motta.<\/p>\n<p><strong>Equipamentos<\/strong><\/p>\n<p>Um dos equipamentos exigidos para que Franca tenha um aeroporto dentro dos padr\u00f5es exigidos \u00e9 o chamado PAPI, que \u00e9 um sistema de ilumina\u00e7\u00e3o instalado ao lado da pista que indica aos pilotos em aproxima\u00e7\u00e3o se est\u00e3o na altitude correta para o pouso. \u201cEssa \u00e9 uma informa\u00e7\u00e3o que nos deixa bastante tranquilos, pois a VOA j\u00e1 investiu R$ 1,5 milh\u00e3o no nosso aeroporto e projeta investir, no total, mais de R$ 4 milh\u00f5es. Inclusive o PAPI, segundo a VOA, est\u00e1 comprado e deve ser instalado at\u00e9 junho. Est\u00e3o de fato bastante empenhados\u201d, completou o vereador francano.<\/p>\n<p>T\u00e3o logo todos os equipamentos estejam instalados, a libera\u00e7\u00e3o entrar\u00e1 na fase final, que \u00e9 a inspe\u00e7\u00e3o da For\u00e7a A\u00e9rea Brasileira e a libera\u00e7\u00e3o da ANAC para o retorno das opera\u00e7\u00f5es e o in\u00edcio das vendas das passagens.<\/p>\n<p><strong>Franca-S\u00e3o Paulo<\/strong><\/p>\n<p>Sobre o trajeto dos avi\u00f5es, a programa\u00e7\u00e3o da GOL \u00e9 fazer voos di\u00e1rios de Franca para Guarulhos e de Guarulhos para Franca. Os valores ainda n\u00e3o est\u00e3o dispon\u00edveis, pois o in\u00edcio da venda das passagens s\u00f3 acontece ap\u00f3s todas as etapas serem superadas.<br \/>\n\u201cOs voos abrir\u00e3o as janelas de Franca para o mundo. Daqui, poderemos fazer conex\u00e3o no aeroporto internacional de Guarulhos e ir para qualquer parte do mundo, sem ter que passar horas na estrada para poder embarcar em um avi\u00e3o em Cumbica\u201d, garantiu Daniel Bassi.<\/p>\n<p>Em sua opini\u00e3o, a retomada dos voos movimentar\u00e1 a economia, principalmente o setor de turismo, trazendo renda e desenvolvimento para Franca, reinserindo a cidade no mapa da avia\u00e7\u00e3o civil. \u201cSeguimos trabalhando nessa causa, acompanhando, cobrando, sugerindo, para que tudo isso se torne realidade. Foi o trabalho que fizemos para trazer o Hospital Estadual de Franca, atualmente em constru\u00e7\u00e3o, trabalho muito duro e complexo mas extremamente recompensador. Franca tem que ter soberania tamb\u00e9m em termos de avia\u00e7\u00e3o e n\u00e3o depender de S\u00e3o Paulo, Guarulhos, Campinas ou Ribeir\u00e3o. Nossa popula\u00e7\u00e3o merece isso\u201d, complementou Daniel Bassi.<\/p>\n","protected":false},"excerpt":{"rendered":"<p>Vereador Daniel Bassi se re\u00fane com executivos da companhia que abrem o jogo sobre volta dos voos A empresa a\u00e9rea GOL, uma das maiores da Am\u00e9rica<span class=\"excerpt-hellip\"> [\u2026]<\/span><\/p>\n","protected":false},"author":10,"featured_media":33742,"comment_status":"open","ping_status":"open","sticky":false,"template":"","format":"standard","meta":{"_jetpack_memberships_contains_paid_content":false,"footnotes":"","jetpack_publicize_message":"","jetpack_publicize_feature_enabled":true,"jetpack_social_post_already_shared":false,"jetpack_social_options":{"image_generator_settings":{"template":"highway","default_image_id":0,"enabled":false},"version":2}},"categories":[28,81],"tags":[],"class_list":["post-33741","post","type-post","status-publish","format-standard","has-post-thumbnail","hentry","category-cotidiano","category-manchete"],"yoast_head":"<!-- This site is optimized with the Yoast SEO plugin v25.6 - https:\/\/yoast.com\/wordpress\/plugins\/seo\/ -->\n<title>GOL quer pousar Boeings 737 no aeroporto de Franca. Saiba aqui o que ainda est\u00e1 impedindo - VerdadeOn<\/title>\n<meta name=\"robots\" content=\"index, follow, max-snippet:-1, max-image-preview:large, max-video-preview:-1\" \/>\n<link rel=\"canonical\" href=\"https:\/\/verdadeon.com.br\/portal\/2023\/04\/26\/gol-quer-pousar-boeings-737-no-aeroporto-de-franca-saiba-aqui-o-que-ainda-esta-impedindo\/\" \/>\n<meta property=\"og:locale\" content=\"pt_BR\" \/>\n<meta property=\"og:type\" content=\"article\" \/>\n<meta property=\"og:title\" content=\"GOL quer pousar Boeings 737 no aeroporto de Franca. Saiba aqui o que ainda est\u00e1 impedindo - VerdadeOn\" \/>\n<meta property=\"og:description\" content=\"Vereador Daniel Bassi se re\u00fane com executivos da companhia que abrem o jogo sobre volta dos voos A empresa a\u00e9rea GOL, uma das maiores da Am\u00e9rica [\u2026]\" \/>\n<meta property=\"og:url\" content=\"https:\/\/verdadeon.com.br\/portal\/2023\/04\/26\/gol-quer-pousar-boeings-737-no-aeroporto-de-franca-saiba-aqui-o-que-ainda-esta-impedindo\/\" \/>\n<meta property=\"og:site_name\" content=\"VerdadeOn\" \/>\n<meta property=\"article:published_time\" content=\"2023-04-26T14:57:10+00:00\" \/>\n<meta property=\"og:image\" content=\"https:\/\/verdadeon.com.br\/portal\/wp-content\/uploads\/2023\/04\/WhatsApp-Image-2023-04-26-at-10.45.56.jpeg\" \/>\n\t<meta property=\"og:image:width\" content=\"1536\" \/>\n\t<meta property=\"og:image:height\" content=\"1152\" \/>\n\t<meta property=\"og:image:type\" content=\"image\/jpeg\" \/>\n<meta name=\"author\" content=\"Redacao VerdadeOn\" \/>\n<meta name=\"twitter:card\" content=\"summary_large_image\" \/>\n<meta name=\"twitter:label1\" content=\"Escrito por\" \/>\n\t<meta name=\"twitter:data1\" content=\"Redacao VerdadeOn\" \/>\n\t<meta name=\"twitter:label2\" content=\"Est. tempo de leitura\" \/>\n\t<meta name=\"twitter:data2\" content=\"5 minutos\" \/>\n<script type=\"application\/ld+json\" class=\"yoast-schema-graph\">{\"@context\":\"https:\/\/schema.org\",\"@graph\":[{\"@type\":\"WebPage\",\"@id\":\"https:\/\/verdadeon.com.br\/portal\/2023\/04\/26\/gol-quer-pousar-boeings-737-no-aeroporto-de-franca-saiba-aqui-o-que-ainda-esta-impedindo\/\",\"url\":\"https:\/\/verdadeon.com.br\/portal\/2023\/04\/26\/gol-quer-pousar-boeings-737-no-aeroporto-de-franca-saiba-aqui-o-que-ainda-esta-impedindo\/\",\"name\":\"GOL quer pousar Boeings 737 no aeroporto de Franca. Saiba aqui o que ainda est\u00e1 impedindo - VerdadeOn\",\"isPartOf\":{\"@id\":\"https:\/\/verdadeon.com.br\/portal\/#website\"},\"primaryImageOfPage\":{\"@id\":\"https:\/\/verdadeon.com.br\/portal\/2023\/04\/26\/gol-quer-pousar-boeings-737-no-aeroporto-de-franca-saiba-aqui-o-que-ainda-esta-impedindo\/#primaryimage\"},\"image\":{\"@id\":\"https:\/\/verdadeon.com.br\/portal\/2023\/04\/26\/gol-quer-pousar-boeings-737-no-aeroporto-de-franca-saiba-aqui-o-que-ainda-esta-impedindo\/#primaryimage\"},\"thumbnailUrl\":\"https:\/\/i0.wp.com\/verdadeon.com.br\/portal\/wp-content\/uploads\/2023\/04\/WhatsApp-Image-2023-04-26-at-10.45.56.jpeg?fit=1536%2C1152&ssl=1\",\"datePublished\":\"2023-04-26T14:57:10+00:00\",\"author\":{\"@id\":\"https:\/\/verdadeon.com.br\/portal\/#\/schema\/person\/a5060ad1e9ea3df545188fc93ce43d2f\"},\"breadcrumb\":{\"@id\":\"https:\/\/verdadeon.com.br\/portal\/2023\/04\/26\/gol-quer-pousar-boeings-737-no-aeroporto-de-franca-saiba-aqui-o-que-ainda-esta-impedindo\/#breadcrumb\"},\"inLanguage\":\"pt-BR\",\"potentialAction\":[{\"@type\":\"ReadAction\",\"target\":[\"https:\/\/verdadeon.com.br\/portal\/2023\/04\/26\/gol-quer-pousar-boeings-737-no-aeroporto-de-franca-saiba-aqui-o-que-ainda-esta-impedindo\/\"]}]},{\"@type\":\"ImageObject\",\"inLanguage\":\"pt-BR\",\"@id\":\"https:\/\/verdadeon.com.br\/portal\/2023\/04\/26\/gol-quer-pousar-boeings-737-no-aeroporto-de-franca-saiba-aqui-o-que-ainda-esta-impedindo\/#primaryimage\",\"url\":\"https:\/\/i0.wp.com\/verdadeon.com.br\/portal\/wp-content\/uploads\/2023\/04\/WhatsApp-Image-2023-04-26-at-10.45.56.jpeg?fit=1536%2C1152&ssl=1\",\"contentUrl\":\"https:\/\/i0.wp.com\/verdadeon.com.br\/portal\/wp-content\/uploads\/2023\/04\/WhatsApp-Image-2023-04-26-at-10.45.56.jpeg?fit=1536%2C1152&ssl=1\",\"width\":1536,\"height\":1152,\"caption\":\"Para que a GOL pouse seus Boeings 737, aeroporto francano deve passar do grau 2 para o grau 3.\"},{\"@type\":\"BreadcrumbList\",\"@id\":\"https:\/\/verdadeon.com.br\/portal\/2023\/04\/26\/gol-quer-pousar-boeings-737-no-aeroporto-de-franca-saiba-aqui-o-que-ainda-esta-impedindo\/#breadcrumb\",\"itemListElement\":[{\"@type\":\"ListItem\",\"position\":1,\"name\":\"In\u00edcio\",\"item\":\"https:\/\/verdadeon.com.br\/portal\/\"},{\"@type\":\"ListItem\",\"position\":2,\"name\":\"GOL quer pousar Boeings 737 no aeroporto de Franca. Saiba aqui o que ainda est\u00e1 impedindo\"}]},{\"@type\":\"WebSite\",\"@id\":\"https:\/\/verdadeon.com.br\/portal\/#website\",\"url\":\"https:\/\/verdadeon.com.br\/portal\/\",\"name\":\"VerdadeOn\",\"description\":\"Not\u00edcias di\u00e1rias sobre Franca, Regi\u00e3o, Esporte, Cultura, Cotidiano, Colunas. Cobertura nos principais eventos da cidade \u00e9 aqui - Verdadeon Franca\",\"potentialAction\":[{\"@type\":\"SearchAction\",\"target\":{\"@type\":\"EntryPoint\",\"urlTemplate\":\"https:\/\/verdadeon.com.br\/portal\/?s={search_term_string}\"},\"query-input\":{\"@type\":\"PropertyValueSpecification\",\"valueRequired\":true,\"valueName\":\"search_term_string\"}}],\"inLanguage\":\"pt-BR\"},{\"@type\":\"Person\",\"@id\":\"https:\/\/verdadeon.com.br\/portal\/#\/schema\/person\/a5060ad1e9ea3df545188fc93ce43d2f\",\"name\":\"Redacao VerdadeOn\",\"image\":{\"@type\":\"ImageObject\",\"inLanguage\":\"pt-BR\",\"@id\":\"https:\/\/verdadeon.com.br\/portal\/#\/schema\/person\/image\/\",\"url\":\"https:\/\/secure.gravatar.com\/avatar\/459a9613caaaf07f582c3d0841eea68bdd66f533e465e6ba8b9cb45619572cf4?s=96&d=mm&r=g\",\"contentUrl\":\"https:\/\/secure.gravatar.com\/avatar\/459a9613caaaf07f582c3d0841eea68bdd66f533e465e6ba8b9cb45619572cf4?s=96&d=mm&r=g\",\"caption\":\"Redacao VerdadeOn\"},\"url\":\"https:\/\/verdadeon.com.br\/portal\/author\/redacao\/\"}]}<\/script>\n<!-- \/ Yoast SEO plugin. -->","yoast_head_json":{"title":"GOL quer pousar Boeings 737 no aeroporto de Franca. Saiba aqui o que ainda est\u00e1 impedindo - VerdadeOn","robots":{"index":"index","follow":"follow","max-snippet":"max-snippet:-1","max-image-preview":"max-image-preview:large","max-video-preview":"max-video-preview:-1"},"canonical":"https:\/\/verdadeon.com.br\/portal\/2023\/04\/26\/gol-quer-pousar-boeings-737-no-aeroporto-de-franca-saiba-aqui-o-que-ainda-esta-impedindo\/","og_locale":"pt_BR","og_type":"article","og_title":"GOL quer pousar Boeings 737 no aeroporto de Franca. Saiba aqui o que ainda est\u00e1 impedindo - VerdadeOn","og_description":"Vereador Daniel Bassi se re\u00fane com executivos da companhia que abrem o jogo sobre volta dos voos A empresa a\u00e9rea GOL, uma das maiores da Am\u00e9rica [\u2026]","og_url":"https:\/\/verdadeon.com.br\/portal\/2023\/04\/26\/gol-quer-pousar-boeings-737-no-aeroporto-de-franca-saiba-aqui-o-que-ainda-esta-impedindo\/","og_site_name":"VerdadeOn","article_published_time":"2023-04-26T14:57:10+00:00","og_image":[{"width":1536,"height":1152,"url":"https:\/\/verdadeon.com.br\/portal\/wp-content\/uploads\/2023\/04\/WhatsApp-Image-2023-04-26-at-10.45.56.jpeg","type":"image\/jpeg"}],"author":"Redacao VerdadeOn","twitter_card":"summary_large_image","twitter_misc":{"Escrito por":"Redacao VerdadeOn","Est. tempo de leitura":"5 minutos"},"schema":{"@context":"https:\/\/schema.org","@graph":[{"@type":"WebPage","@id":"https:\/\/verdadeon.com.br\/portal\/2023\/04\/26\/gol-quer-pousar-boeings-737-no-aeroporto-de-franca-saiba-aqui-o-que-ainda-esta-impedindo\/","url":"https:\/\/verdadeon.com.br\/portal\/2023\/04\/26\/gol-quer-pousar-boeings-737-no-aeroporto-de-franca-saiba-aqui-o-que-ainda-esta-impedindo\/","name":"GOL quer pousar Boeings 737 no aeroporto de Franca. Saiba aqui o que ainda est\u00e1 impedindo - VerdadeOn","isPartOf":{"@id":"https:\/\/verdadeon.com.br\/portal\/#website"},"primaryImageOfPage":{"@id":"https:\/\/verdadeon.com.br\/portal\/2023\/04\/26\/gol-quer-pousar-boeings-737-no-aeroporto-de-franca-saiba-aqui-o-que-ainda-esta-impedindo\/#primaryimage"},"image":{"@id":"https:\/\/verdadeon.com.br\/portal\/2023\/04\/26\/gol-quer-pousar-boeings-737-no-aeroporto-de-franca-saiba-aqui-o-que-ainda-esta-impedindo\/#primaryimage"},"thumbnailUrl":"https:\/\/i0.wp.com\/verdadeon.com.br\/portal\/wp-content\/uploads\/2023\/04\/WhatsApp-Image-2023-04-26-at-10.45.56.jpeg?fit=1536%2C1152&ssl=1","datePublished":"2023-04-26T14:57:10+00:00","author":{"@id":"https:\/\/verdadeon.com.br\/portal\/#\/schema\/person\/a5060ad1e9ea3df545188fc93ce43d2f"},"breadcrumb":{"@id":"https:\/\/verdadeon.com.br\/portal\/2023\/04\/26\/gol-quer-pousar-boeings-737-no-aeroporto-de-franca-saiba-aqui-o-que-ainda-esta-impedindo\/#breadcrumb"},"inLanguage":"pt-BR","potentialAction":[{"@type":"ReadAction","target":["https:\/\/verdadeon.com.br\/portal\/2023\/04\/26\/gol-quer-pousar-boeings-737-no-aeroporto-de-franca-saiba-aqui-o-que-ainda-esta-impedindo\/"]}]},{"@type":"ImageObject","inLanguage":"pt-BR","@id":"https:\/\/verdadeon.com.br\/portal\/2023\/04\/26\/gol-quer-pousar-boeings-737-no-aeroporto-de-franca-saiba-aqui-o-que-ainda-esta-impedindo\/#primaryimage","url":"https:\/\/i0.wp.com\/verdadeon.com.br\/portal\/wp-content\/uploads\/2023\/04\/WhatsApp-Image-2023-04-26-at-10.45.56.jpeg?fit=1536%2C1152&ssl=1","contentUrl":"https:\/\/i0.wp.com\/verdadeon.com.br\/portal\/wp-content\/uploads\/2023\/04\/WhatsApp-Image-2023-04-26-at-10.45.56.jpeg?fit=1536%2C1152&ssl=1","width":1536,"height":1152,"caption":"Para que a GOL pouse seus Boeings 737, aeroporto francano deve passar do grau 2 para o grau 3."},{"@type":"BreadcrumbList","@id":"https:\/\/verdadeon.com.br\/portal\/2023\/04\/26\/gol-quer-pousar-boeings-737-no-aeroporto-de-franca-saiba-aqui-o-que-ainda-esta-impedindo\/#breadcrumb","itemListElement":[{"@type":"ListItem","position":1,"name":"In\u00edcio","item":"https:\/\/verdadeon.com.br\/portal\/"},{"@type":"ListItem","position":2,"name":"GOL quer pousar Boeings 737 no aeroporto de Franca. Saiba aqui o que ainda est\u00e1 impedindo"}]},{"@type":"WebSite","@id":"https:\/\/verdadeon.com.br\/portal\/#website","url":"https:\/\/verdadeon.com.br\/portal\/","name":"VerdadeOn","description":"Not\u00edcias di\u00e1rias sobre Franca, Regi\u00e3o, Esporte, Cultura, Cotidiano, Colunas. Cobertura nos principais eventos da cidade \u00e9 aqui - Verdadeon Franca","potentialAction":[{"@type":"SearchAction","target":{"@type":"EntryPoint","urlTemplate":"https:\/\/verdadeon.com.br\/portal\/?s={search_term_string}"},"query-input":{"@type":"PropertyValueSpecification","valueRequired":true,"valueName":"search_term_string"}}],"inLanguage":"pt-BR"},{"@type":"Person","@id":"https:\/\/verdadeon.com.br\/portal\/#\/schema\/person\/a5060ad1e9ea3df545188fc93ce43d2f","name":"Redacao VerdadeOn","image":{"@type":"ImageObject","inLanguage":"pt-BR","@id":"https:\/\/verdadeon.com.br\/portal\/#\/schema\/person\/image\/","url":"https:\/\/secure.gravatar.com\/avatar\/459a9613caaaf07f582c3d0841eea68bdd66f533e465e6ba8b9cb45619572cf4?s=96&d=mm&r=g","contentUrl":"https:\/\/secure.gravatar.com\/avatar\/459a9613caaaf07f582c3d0841eea68bdd66f533e465e6ba8b9cb45619572cf4?s=96&d=mm&r=g","caption":"Redacao VerdadeOn"},"url":"https:\/\/verdadeon.com.br\/portal\/author\/redacao\/"}]}},"jetpack_publicize_connections":[],"jetpack_featured_media_url":"https:\/\/i0.wp.com\/verdadeon.com.br\/portal\/wp-content\/uploads\/2023\/04\/WhatsApp-Image-2023-04-26-at-10.45.56.jpeg?fit=1536%2C1152&ssl=1","jetpack_sharing_enabled":true,"_links":{"self":[{"href":"https:\/\/verdadeon.com.br\/portal\/wp-json\/wp\/v2\/posts\/33741","targetHints":{"allow":["GET"]}}],"collection":[{"href":"https:\/\/verdadeon.com.br\/portal\/wp-json\/wp\/v2\/posts"}],"about":[{"href":"https:\/\/verdadeon.com.br\/portal\/wp-json\/wp\/v2\/types\/post"}],"author":[{"embeddable":true,"href":"https:\/\/verdadeon.com.br\/portal\/wp-json\/wp\/v2\/users\/10"}],"replies":[{"embeddable":true,"href":"https:\/\/verdadeon.com.br\/portal\/wp-json\/wp\/v2\/comments?post=33741"}],"version-history":[{"count":1,"href":"https:\/\/verdadeon.com.br\/portal\/wp-json\/wp\/v2\/posts\/33741\/revisions"}],"predecessor-version":[{"id":33744,"href":"https:\/\/verdadeon.com.br\/portal\/wp-json\/wp\/v2\/posts\/33741\/revisions\/33744"}],"wp:featuredmedia":[{"embeddable":true,"href":"https:\/\/verdadeon.com.br\/portal\/wp-json\/wp\/v2\/media\/33742"}],"wp:attachment":[{"href":"https:\/\/verdadeon.com.br\/portal\/wp-json\/wp\/v2\/media?parent=33741"}],"wp:term":[{"taxonomy":"category","embeddable":true,"href":"https:\/\/verdadeon.com.br\/portal\/wp-json\/wp\/v2\/categories?post=33741"},{"taxonomy":"post_tag","embeddable":true,"href":"https:\/\/verdadeon.com.br\/portal\/wp-json\/wp\/v2\/tags?post=33741"}],"curies":[{"name":"wp","href":"https:\/\/api.w.org\/{rel}","templated":true}]}}