{"id":33738,"date":"2023-04-26T11:30:53","date_gmt":"2023-04-26T14:30:53","guid":{"rendered":"https:\/\/verdadeon.com.br\/portal\/?p=33738"},"modified":"2023-04-26T11:30:53","modified_gmt":"2023-04-26T14:30:53","slug":"expoagro-franca-2023-anuncia-reforco-na-seguranca-em-parceria-com-policias-militar-e-civil","status":"publish","type":"post","link":"https:\/\/verdadeon.com.br\/portal\/2023\/04\/26\/expoagro-franca-2023-anuncia-reforco-na-seguranca-em-parceria-com-policias-militar-e-civil\/","title":{"rendered":"Expoagro Franca 2023 anuncia refor\u00e7o na seguran\u00e7a em parceria com pol\u00edcias Militar e Civil"},"content":{"rendered":"<h2>A organiza\u00e7\u00e3o da 52\u00aa edi\u00e7\u00e3o da Expoagro (Exposi\u00e7\u00e3o Agropecu\u00e1ria) de Franca amplia ainda mais a seguran\u00e7a do p\u00fablico, em a\u00e7\u00e3o conjunta com a Pol\u00edcia Militar e Civil<\/h2>\n<p>Emo\u00e7\u00e3o, divers\u00e3o, shows de primeira linha e seguran\u00e7a. A organiza\u00e7\u00e3o da 52\u00aa edi\u00e7\u00e3o da Expoagro (Exposi\u00e7\u00e3o Agropecu\u00e1ria de Franca) prepara todos os detalhes para garantir a melhor experi\u00eancia ao p\u00fablico que comparecer ao Parque de Exposi\u00e7\u00f5es \u201cFernando Costa\u201d, durante a feira que acontece de 18 a 28 de maio.<\/p>\n<p>Para que todos possam curtir com tranquilidade e seguran\u00e7a os shows de artistas renomados no cen\u00e1rio musical do Pa\u00eds, os organizadores da Expoagro 2023 fecharam uma parceria com a Pol\u00edcia Militar e Pol\u00edcia Civil.<\/p>\n<p>Na manh\u00e3 desta ter\u00e7a-feira, 25, representantes da organiza\u00e7\u00e3o se reuniram com o comando da 5\u00aa Companhia da Pol\u00edcia Militar, respons\u00e1vel pelo policiamento da regi\u00e3o do Parque \u201cFernando Costa\u201d, para alinhar a parceria visando \u00e0 seguran\u00e7a do p\u00fablico durante os dias do evento.<\/p>\n<p>\u201cO policiamento ser\u00e1 refor\u00e7ado com a ronda de equipes policiais no entorno do parque. Vamos contar com equipes da For\u00e7a T\u00e1tica, Rocam (Ronda Ostensiva com Apoio de Motocicletas) e DEJEM (Policiamento Extraordin\u00e1rio). Vamos tamb\u00e9m colocar uma base m\u00f3vel da PM no local e preparar uma escala extra durante os dias do evento\u201d, explicou o Capit\u00e3o Alex Lan\u00e7a, da 5\u00aa Cia. da Pol\u00edcia Militar.<\/p>\n<p>O Capit\u00e3o frisou que o efetivo da cidade n\u00e3o ser\u00e1 prejudicado por conta da festa. \u201cVai ser deslocado o efetivo excepcional para cobrir a regi\u00e3o do Parque de Exposi\u00e7\u00e3o\u201d, ressaltou Lan\u00e7a.<\/p>\n<p>\u201cCom certeza vamos fazer uma Expoagro de sucesso. O Capit\u00e3o citou alguns pontos que ser\u00e3o acatados pela organiza\u00e7\u00e3o, e \u00e9 claro, ser\u00e3o atendidos. O nosso principal objetivo \u00e9 garantir a seguran\u00e7a do p\u00fablico\u201d, completou o gestor da Expoagro, Ronaldo Camargo Moka.<\/p>\n<p><b>Pol\u00edcia Civil<\/b><\/p>\n<p>A organiza\u00e7\u00e3o da Expoagro tamb\u00e9m firmou parceria com a Pol\u00edcia Civil, em reuni\u00e3o realizada com o Delegado Seccional de Pol\u00edcia de Franca, Wanir Jos\u00e9 da Silveira J\u00fanior.<\/p>\n<p>Ficou acertado que uma equipe exclusiva de apoio da Pol\u00edcia Civil ser\u00e1 destinada diretamente para o Parque de Exposi\u00e7\u00f5es \u201cFernando Costa\u201d.<\/p>\n<p>O Delegado Seccional informou ainda que o Plant\u00e3o Policial tamb\u00e9m receber\u00e1 refor\u00e7o no quadro de policiais escalados, nas noites de Expoagro.<\/p>\n<p>O empres\u00e1rio respons\u00e1vel pela festa, Rog\u00e9rio Britto, da Britto Produ\u00e7\u00f5es, destacou o cuidado da organiza\u00e7\u00e3o com todos os detalhes da Expoagro 2023. \u201cEstamos buscando preparar uma linda festa que Franca e regi\u00e3o merecem. Buscamos o apoio das for\u00e7as de seguran\u00e7a para proporcionar ao p\u00fablico presente mais seguran\u00e7a e tranquilidade para ir \u00e0 festa\u201d, disse Britto, acrescentando que a montagem da estrutura do evento j\u00e1 come\u00e7ou no Parque.<\/p>\n<p>Vale destacar que, al\u00e9m das for\u00e7as policiais, a Expoagro 2023 contar\u00e1 com equipes de seguran\u00e7a contratadas pela organiza\u00e7\u00e3o do evento. Por quest\u00f5es de seguran\u00e7a, n\u00e3o ser\u00e3o divulgados n\u00fameros sobre o efetivo que cada Pol\u00edcia empenhar\u00e1 nos dias de festa.<\/p>\n<p dir=\"ltr\"><strong>Venda de Ingressos<\/strong><\/p>\n<p dir=\"ltr\">Os ingressos e passaportes da Expoagro Franca 2023 j\u00e1 est\u00e3o \u00e0 venda, atrav\u00e9s do site\u00a0<a href=\"http:\/\/quero2ingressos.com.br\/\" target=\"_blank\" rel=\"noopener\" data-saferedirecturl=\"https:\/\/www.google.com\/url?q=http:\/\/quero2ingressos.com.br&amp;source=gmail&amp;ust=1682604228183000&amp;usg=AOvVaw21bo3Cq126HJ2AgIex32yX\">quero2ingressos.com.br<\/a>, e nos pontos de venda f\u00edsicos credenciados: Lojas Capanema A\u00e7a\u00ed, Kabe\u00e7a Baterias, Loja Bolsas WB, Loja 100% Jeans, Loja Fashion Jeans, MM Tabacaria, Salom\u00e3o Country, Sensantion Ingressos, Loja Era da Boneca, Casa das Embalagens, Casa de Carnes S\u00e3o Paulo, Quero 2 Ingressos, Loja Wask Easy, Lojas Pedcell, Branco Distribuidora e D Jangus West.<\/p>\n<p dir=\"ltr\"><b>Servi\u00e7o<\/b><\/p>\n<p dir=\"ltr\">52\u00aa Expoagro Franca<\/p>\n<p dir=\"ltr\">Data: De 18 a 28 de maio<\/p>\n<p dir=\"ltr\">Local: Parque de Exposi\u00e7\u00f5es Fernando Costa<\/p>\n<p dir=\"ltr\"><b>Programa\u00e7\u00e3o<\/b><\/p>\n<p dir=\"ltr\">19\/5 Z\u00e9 Neto &amp; Cristiano e DJ KVSH<\/p>\n<p dir=\"ltr\">20\/5 Bruno &amp; Marrone, George Henrique &amp; Rodrigo e DJ Locos<\/p>\n<p dir=\"ltr\">22\/5 Mari Borges (Show Gospel &#8211; entrada franca)<\/p>\n<p dir=\"ltr\">25\/5 Clayton &amp; Rom\u00e1rio e Bruno Nunes &amp; Eduarda<\/p>\n<p dir=\"ltr\">26\/5 Maiara &amp; Maraisa e Pedro Sampaio<\/p>\n<p dir=\"ltr\">27\/5 Jorge &amp; Mateus e Pedro Lipe<\/p>\n<p dir=\"ltr\">28\/5 F\u00e1tima Le\u00e3o, Hugo &amp; Tiago e Lu\u00eds Cl\u00e1udio, Nathan e Eduardo (entrada franca)<\/p>\n<p dir=\"ltr\"><b>Realiza\u00e7\u00e3o<\/b><\/p>\n<p dir=\"ltr\">Britto Produ\u00e7\u00f5es<\/p>\n<p dir=\"ltr\">Apoio: Prefeitura Municipal de Franca<\/p>\n<p dir=\"ltr\">Oferecimento: Circuito Brahma<\/p>\n","protected":false},"excerpt":{"rendered":"<p>A organiza\u00e7\u00e3o da 52\u00aa edi\u00e7\u00e3o da Expoagro (Exposi\u00e7\u00e3o Agropecu\u00e1ria) de Franca amplia ainda mais a seguran\u00e7a do p\u00fablico, em a\u00e7\u00e3o conjunta com a Pol\u00edcia Militar e<span class=\"excerpt-hellip\"> [\u2026]<\/span><\/p>\n","protected":false},"author":10,"featured_media":33739,"comment_status":"open","ping_status":"open","sticky":false,"template":"","format":"standard","meta":{"_jetpack_memberships_contains_paid_content":false,"footnotes":"","jetpack_publicize_message":"","jetpack_publicize_feature_enabled":true,"jetpack_social_post_already_shared":false,"jetpack_social_options":{"image_generator_settings":{"template":"highway","default_image_id":0,"enabled":false},"version":2}},"categories":[28,81],"tags":[],"class_list":["post-33738","post","type-post","status-publish","format-standard","has-post-thumbnail","hentry","category-cotidiano","category-manchete"],"yoast_head":"<!-- This site is optimized with the Yoast SEO plugin v25.6 - https:\/\/yoast.com\/wordpress\/plugins\/seo\/ -->\n<title>Expoagro Franca 2023 anuncia refor\u00e7o na seguran\u00e7a em parceria com pol\u00edcias Militar e Civil - VerdadeOn<\/title>\n<meta name=\"robots\" content=\"index, follow, max-snippet:-1, max-image-preview:large, max-video-preview:-1\" \/>\n<link rel=\"canonical\" href=\"https:\/\/verdadeon.com.br\/portal\/2023\/04\/26\/expoagro-franca-2023-anuncia-reforco-na-seguranca-em-parceria-com-policias-militar-e-civil\/\" \/>\n<meta property=\"og:locale\" content=\"pt_BR\" \/>\n<meta property=\"og:type\" content=\"article\" \/>\n<meta property=\"og:title\" content=\"Expoagro Franca 2023 anuncia refor\u00e7o na seguran\u00e7a em parceria com pol\u00edcias Militar e Civil - VerdadeOn\" \/>\n<meta property=\"og:description\" content=\"A organiza\u00e7\u00e3o da 52\u00aa edi\u00e7\u00e3o da Expoagro (Exposi\u00e7\u00e3o Agropecu\u00e1ria) de Franca amplia ainda mais a seguran\u00e7a do p\u00fablico, em a\u00e7\u00e3o conjunta com a Pol\u00edcia Militar e [\u2026]\" \/>\n<meta property=\"og:url\" content=\"https:\/\/verdadeon.com.br\/portal\/2023\/04\/26\/expoagro-franca-2023-anuncia-reforco-na-seguranca-em-parceria-com-policias-militar-e-civil\/\" \/>\n<meta property=\"og:site_name\" content=\"VerdadeOn\" \/>\n<meta property=\"article:published_time\" content=\"2023-04-26T14:30:53+00:00\" \/>\n<meta property=\"og:image\" content=\"https:\/\/verdadeon.com.br\/portal\/wp-content\/uploads\/2023\/04\/unnamed-1-1.jpg\" \/>\n\t<meta property=\"og:image:width\" content=\"1000\" \/>\n\t<meta property=\"og:image:height\" content=\"670\" \/>\n\t<meta property=\"og:image:type\" content=\"image\/jpeg\" \/>\n<meta name=\"author\" content=\"Redacao VerdadeOn\" \/>\n<meta name=\"twitter:card\" content=\"summary_large_image\" \/>\n<meta name=\"twitter:label1\" content=\"Escrito por\" \/>\n\t<meta name=\"twitter:data1\" content=\"Redacao VerdadeOn\" \/>\n\t<meta name=\"twitter:label2\" content=\"Est. tempo de leitura\" \/>\n\t<meta name=\"twitter:data2\" content=\"4 minutos\" \/>\n<script type=\"application\/ld+json\" class=\"yoast-schema-graph\">{\"@context\":\"https:\/\/schema.org\",\"@graph\":[{\"@type\":\"WebPage\",\"@id\":\"https:\/\/verdadeon.com.br\/portal\/2023\/04\/26\/expoagro-franca-2023-anuncia-reforco-na-seguranca-em-parceria-com-policias-militar-e-civil\/\",\"url\":\"https:\/\/verdadeon.com.br\/portal\/2023\/04\/26\/expoagro-franca-2023-anuncia-reforco-na-seguranca-em-parceria-com-policias-militar-e-civil\/\",\"name\":\"Expoagro Franca 2023 anuncia refor\u00e7o na seguran\u00e7a em parceria com pol\u00edcias Militar e Civil - VerdadeOn\",\"isPartOf\":{\"@id\":\"https:\/\/verdadeon.com.br\/portal\/#website\"},\"primaryImageOfPage\":{\"@id\":\"https:\/\/verdadeon.com.br\/portal\/2023\/04\/26\/expoagro-franca-2023-anuncia-reforco-na-seguranca-em-parceria-com-policias-militar-e-civil\/#primaryimage\"},\"image\":{\"@id\":\"https:\/\/verdadeon.com.br\/portal\/2023\/04\/26\/expoagro-franca-2023-anuncia-reforco-na-seguranca-em-parceria-com-policias-militar-e-civil\/#primaryimage\"},\"thumbnailUrl\":\"https:\/\/i0.wp.com\/verdadeon.com.br\/portal\/wp-content\/uploads\/2023\/04\/unnamed-1-1.jpg?fit=1000%2C670&ssl=1\",\"datePublished\":\"2023-04-26T14:30:53+00:00\",\"author\":{\"@id\":\"https:\/\/verdadeon.com.br\/portal\/#\/schema\/person\/a5060ad1e9ea3df545188fc93ce43d2f\"},\"breadcrumb\":{\"@id\":\"https:\/\/verdadeon.com.br\/portal\/2023\/04\/26\/expoagro-franca-2023-anuncia-reforco-na-seguranca-em-parceria-com-policias-militar-e-civil\/#breadcrumb\"},\"inLanguage\":\"pt-BR\",\"potentialAction\":[{\"@type\":\"ReadAction\",\"target\":[\"https:\/\/verdadeon.com.br\/portal\/2023\/04\/26\/expoagro-franca-2023-anuncia-reforco-na-seguranca-em-parceria-com-policias-militar-e-civil\/\"]}]},{\"@type\":\"ImageObject\",\"inLanguage\":\"pt-BR\",\"@id\":\"https:\/\/verdadeon.com.br\/portal\/2023\/04\/26\/expoagro-franca-2023-anuncia-reforco-na-seguranca-em-parceria-com-policias-militar-e-civil\/#primaryimage\",\"url\":\"https:\/\/i0.wp.com\/verdadeon.com.br\/portal\/wp-content\/uploads\/2023\/04\/unnamed-1-1.jpg?fit=1000%2C670&ssl=1\",\"contentUrl\":\"https:\/\/i0.wp.com\/verdadeon.com.br\/portal\/wp-content\/uploads\/2023\/04\/unnamed-1-1.jpg?fit=1000%2C670&ssl=1\",\"width\":1000,\"height\":670,\"caption\":\"Capit\u00e3o da Pol\u00edcia Militar, Alex Lan\u00e7a e Gestor da Expoagro, Ronaldo Camargo Moka.\"},{\"@type\":\"BreadcrumbList\",\"@id\":\"https:\/\/verdadeon.com.br\/portal\/2023\/04\/26\/expoagro-franca-2023-anuncia-reforco-na-seguranca-em-parceria-com-policias-militar-e-civil\/#breadcrumb\",\"itemListElement\":[{\"@type\":\"ListItem\",\"position\":1,\"name\":\"In\u00edcio\",\"item\":\"https:\/\/verdadeon.com.br\/portal\/\"},{\"@type\":\"ListItem\",\"position\":2,\"name\":\"Expoagro Franca 2023 anuncia refor\u00e7o na seguran\u00e7a em parceria com pol\u00edcias Militar e Civil\"}]},{\"@type\":\"WebSite\",\"@id\":\"https:\/\/verdadeon.com.br\/portal\/#website\",\"url\":\"https:\/\/verdadeon.com.br\/portal\/\",\"name\":\"VerdadeOn\",\"description\":\"Not\u00edcias di\u00e1rias sobre Franca, Regi\u00e3o, Esporte, Cultura, Cotidiano, Colunas. Cobertura nos principais eventos da cidade \u00e9 aqui - Verdadeon Franca\",\"potentialAction\":[{\"@type\":\"SearchAction\",\"target\":{\"@type\":\"EntryPoint\",\"urlTemplate\":\"https:\/\/verdadeon.com.br\/portal\/?s={search_term_string}\"},\"query-input\":{\"@type\":\"PropertyValueSpecification\",\"valueRequired\":true,\"valueName\":\"search_term_string\"}}],\"inLanguage\":\"pt-BR\"},{\"@type\":\"Person\",\"@id\":\"https:\/\/verdadeon.com.br\/portal\/#\/schema\/person\/a5060ad1e9ea3df545188fc93ce43d2f\",\"name\":\"Redacao VerdadeOn\",\"image\":{\"@type\":\"ImageObject\",\"inLanguage\":\"pt-BR\",\"@id\":\"https:\/\/verdadeon.com.br\/portal\/#\/schema\/person\/image\/\",\"url\":\"https:\/\/secure.gravatar.com\/avatar\/459a9613caaaf07f582c3d0841eea68bdd66f533e465e6ba8b9cb45619572cf4?s=96&d=mm&r=g\",\"contentUrl\":\"https:\/\/secure.gravatar.com\/avatar\/459a9613caaaf07f582c3d0841eea68bdd66f533e465e6ba8b9cb45619572cf4?s=96&d=mm&r=g\",\"caption\":\"Redacao VerdadeOn\"},\"url\":\"https:\/\/verdadeon.com.br\/portal\/author\/redacao\/\"}]}<\/script>\n<!-- \/ Yoast SEO plugin. -->","yoast_head_json":{"title":"Expoagro Franca 2023 anuncia refor\u00e7o na seguran\u00e7a em parceria com pol\u00edcias Militar e Civil - VerdadeOn","robots":{"index":"index","follow":"follow","max-snippet":"max-snippet:-1","max-image-preview":"max-image-preview:large","max-video-preview":"max-video-preview:-1"},"canonical":"https:\/\/verdadeon.com.br\/portal\/2023\/04\/26\/expoagro-franca-2023-anuncia-reforco-na-seguranca-em-parceria-com-policias-militar-e-civil\/","og_locale":"pt_BR","og_type":"article","og_title":"Expoagro Franca 2023 anuncia refor\u00e7o na seguran\u00e7a em parceria com pol\u00edcias Militar e Civil - VerdadeOn","og_description":"A organiza\u00e7\u00e3o da 52\u00aa edi\u00e7\u00e3o da Expoagro (Exposi\u00e7\u00e3o Agropecu\u00e1ria) de Franca amplia ainda mais a seguran\u00e7a do p\u00fablico, em a\u00e7\u00e3o conjunta com a Pol\u00edcia Militar e [\u2026]","og_url":"https:\/\/verdadeon.com.br\/portal\/2023\/04\/26\/expoagro-franca-2023-anuncia-reforco-na-seguranca-em-parceria-com-policias-militar-e-civil\/","og_site_name":"VerdadeOn","article_published_time":"2023-04-26T14:30:53+00:00","og_image":[{"width":1000,"height":670,"url":"https:\/\/verdadeon.com.br\/portal\/wp-content\/uploads\/2023\/04\/unnamed-1-1.jpg","type":"image\/jpeg"}],"author":"Redacao VerdadeOn","twitter_card":"summary_large_image","twitter_misc":{"Escrito por":"Redacao VerdadeOn","Est. tempo de leitura":"4 minutos"},"schema":{"@context":"https:\/\/schema.org","@graph":[{"@type":"WebPage","@id":"https:\/\/verdadeon.com.br\/portal\/2023\/04\/26\/expoagro-franca-2023-anuncia-reforco-na-seguranca-em-parceria-com-policias-militar-e-civil\/","url":"https:\/\/verdadeon.com.br\/portal\/2023\/04\/26\/expoagro-franca-2023-anuncia-reforco-na-seguranca-em-parceria-com-policias-militar-e-civil\/","name":"Expoagro Franca 2023 anuncia refor\u00e7o na seguran\u00e7a em parceria com pol\u00edcias Militar e Civil - VerdadeOn","isPartOf":{"@id":"https:\/\/verdadeon.com.br\/portal\/#website"},"primaryImageOfPage":{"@id":"https:\/\/verdadeon.com.br\/portal\/2023\/04\/26\/expoagro-franca-2023-anuncia-reforco-na-seguranca-em-parceria-com-policias-militar-e-civil\/#primaryimage"},"image":{"@id":"https:\/\/verdadeon.com.br\/portal\/2023\/04\/26\/expoagro-franca-2023-anuncia-reforco-na-seguranca-em-parceria-com-policias-militar-e-civil\/#primaryimage"},"thumbnailUrl":"https:\/\/i0.wp.com\/verdadeon.com.br\/portal\/wp-content\/uploads\/2023\/04\/unnamed-1-1.jpg?fit=1000%2C670&ssl=1","datePublished":"2023-04-26T14:30:53+00:00","author":{"@id":"https:\/\/verdadeon.com.br\/portal\/#\/schema\/person\/a5060ad1e9ea3df545188fc93ce43d2f"},"breadcrumb":{"@id":"https:\/\/verdadeon.com.br\/portal\/2023\/04\/26\/expoagro-franca-2023-anuncia-reforco-na-seguranca-em-parceria-com-policias-militar-e-civil\/#breadcrumb"},"inLanguage":"pt-BR","potentialAction":[{"@type":"ReadAction","target":["https:\/\/verdadeon.com.br\/portal\/2023\/04\/26\/expoagro-franca-2023-anuncia-reforco-na-seguranca-em-parceria-com-policias-militar-e-civil\/"]}]},{"@type":"ImageObject","inLanguage":"pt-BR","@id":"https:\/\/verdadeon.com.br\/portal\/2023\/04\/26\/expoagro-franca-2023-anuncia-reforco-na-seguranca-em-parceria-com-policias-militar-e-civil\/#primaryimage","url":"https:\/\/i0.wp.com\/verdadeon.com.br\/portal\/wp-content\/uploads\/2023\/04\/unnamed-1-1.jpg?fit=1000%2C670&ssl=1","contentUrl":"https:\/\/i0.wp.com\/verdadeon.com.br\/portal\/wp-content\/uploads\/2023\/04\/unnamed-1-1.jpg?fit=1000%2C670&ssl=1","width":1000,"height":670,"caption":"Capit\u00e3o da Pol\u00edcia Militar, Alex Lan\u00e7a e Gestor da Expoagro, Ronaldo Camargo Moka."},{"@type":"BreadcrumbList","@id":"https:\/\/verdadeon.com.br\/portal\/2023\/04\/26\/expoagro-franca-2023-anuncia-reforco-na-seguranca-em-parceria-com-policias-militar-e-civil\/#breadcrumb","itemListElement":[{"@type":"ListItem","position":1,"name":"In\u00edcio","item":"https:\/\/verdadeon.com.br\/portal\/"},{"@type":"ListItem","position":2,"name":"Expoagro Franca 2023 anuncia refor\u00e7o na seguran\u00e7a em parceria com pol\u00edcias Militar e Civil"}]},{"@type":"WebSite","@id":"https:\/\/verdadeon.com.br\/portal\/#website","url":"https:\/\/verdadeon.com.br\/portal\/","name":"VerdadeOn","description":"Not\u00edcias di\u00e1rias sobre Franca, Regi\u00e3o, Esporte, Cultura, Cotidiano, Colunas. Cobertura nos principais eventos da cidade \u00e9 aqui - Verdadeon Franca","potentialAction":[{"@type":"SearchAction","target":{"@type":"EntryPoint","urlTemplate":"https:\/\/verdadeon.com.br\/portal\/?s={search_term_string}"},"query-input":{"@type":"PropertyValueSpecification","valueRequired":true,"valueName":"search_term_string"}}],"inLanguage":"pt-BR"},{"@type":"Person","@id":"https:\/\/verdadeon.com.br\/portal\/#\/schema\/person\/a5060ad1e9ea3df545188fc93ce43d2f","name":"Redacao VerdadeOn","image":{"@type":"ImageObject","inLanguage":"pt-BR","@id":"https:\/\/verdadeon.com.br\/portal\/#\/schema\/person\/image\/","url":"https:\/\/secure.gravatar.com\/avatar\/459a9613caaaf07f582c3d0841eea68bdd66f533e465e6ba8b9cb45619572cf4?s=96&d=mm&r=g","contentUrl":"https:\/\/secure.gravatar.com\/avatar\/459a9613caaaf07f582c3d0841eea68bdd66f533e465e6ba8b9cb45619572cf4?s=96&d=mm&r=g","caption":"Redacao VerdadeOn"},"url":"https:\/\/verdadeon.com.br\/portal\/author\/redacao\/"}]}},"jetpack_publicize_connections":[],"jetpack_featured_media_url":"https:\/\/i0.wp.com\/verdadeon.com.br\/portal\/wp-content\/uploads\/2023\/04\/unnamed-1-1.jpg?fit=1000%2C670&ssl=1","jetpack_sharing_enabled":true,"_links":{"self":[{"href":"https:\/\/verdadeon.com.br\/portal\/wp-json\/wp\/v2\/posts\/33738","targetHints":{"allow":["GET"]}}],"collection":[{"href":"https:\/\/verdadeon.com.br\/portal\/wp-json\/wp\/v2\/posts"}],"about":[{"href":"https:\/\/verdadeon.com.br\/portal\/wp-json\/wp\/v2\/types\/post"}],"author":[{"embeddable":true,"href":"https:\/\/verdadeon.com.br\/portal\/wp-json\/wp\/v2\/users\/10"}],"replies":[{"embeddable":true,"href":"https:\/\/verdadeon.com.br\/portal\/wp-json\/wp\/v2\/comments?post=33738"}],"version-history":[{"count":1,"href":"https:\/\/verdadeon.com.br\/portal\/wp-json\/wp\/v2\/posts\/33738\/revisions"}],"predecessor-version":[{"id":33740,"href":"https:\/\/verdadeon.com.br\/portal\/wp-json\/wp\/v2\/posts\/33738\/revisions\/33740"}],"wp:featuredmedia":[{"embeddable":true,"href":"https:\/\/verdadeon.com.br\/portal\/wp-json\/wp\/v2\/media\/33739"}],"wp:attachment":[{"href":"https:\/\/verdadeon.com.br\/portal\/wp-json\/wp\/v2\/media?parent=33738"}],"wp:term":[{"taxonomy":"category","embeddable":true,"href":"https:\/\/verdadeon.com.br\/portal\/wp-json\/wp\/v2\/categories?post=33738"},{"taxonomy":"post_tag","embeddable":true,"href":"https:\/\/verdadeon.com.br\/portal\/wp-json\/wp\/v2\/tags?post=33738"}],"curies":[{"name":"wp","href":"https:\/\/api.w.org\/{rel}","templated":true}]}}