{"id":33725,"date":"2023-04-25T15:20:29","date_gmt":"2023-04-25T18:20:29","guid":{"rendered":"https:\/\/verdadeon.com.br\/portal\/?p=33725"},"modified":"2023-04-25T15:20:29","modified_gmt":"2023-04-25T18:20:29","slug":"franca-recebe-exposicao-de-gravuras-sobre-arquitetura-da-baixada-santista","status":"publish","type":"post","link":"https:\/\/verdadeon.com.br\/portal\/2023\/04\/25\/franca-recebe-exposicao-de-gravuras-sobre-arquitetura-da-baixada-santista\/","title":{"rendered":"Franca recebe exposi\u00e7\u00e3o de gravuras sobre arquitetura da Baixada Santista"},"content":{"rendered":"<h2>Idealizada pela artista pl\u00e1stica M\u00e1rcia Santtos, a exposi\u00e7\u00e3o gratuita passa por cinco das principais cidades do Estado de S\u00e3o Paulo no primeiro semestre de 2023.<\/h2>\n<p>A partir do pr\u00f3ximo dia 02, a artista pl\u00e1stica M\u00e1rcia Santtos traz para Franca, S\u00e3o Paulo, a mostra itinerante \u201cA Cidade como Identidade\u201d, exposi\u00e7\u00e3o de gravuras autorais, produzidas em matrizes originais de embalagens cartonadas\u00a0\u2014\u00a0tamb\u00e9m conhecidas como embalagens\u00a0<em>tetrapak<\/em>\u00a0\u2014\u00a0com a utiliza\u00e7\u00e3o de t\u00e9cnicas de grava\u00e7\u00e3o e impress\u00e3o em relevo e c\u00f4ncavo.<\/p>\n<p>Instalada no Laborat\u00f3rio das Artes de Franca (ap\u00f3s breves passagens por Ribeir\u00e3o Preto, Praia Grande e Taubat\u00e9), a mostra prop\u00f5e reflex\u00f5es acerca da preserva\u00e7\u00e3o da arquitetura como patrim\u00f4nio hist\u00f3rico-cultural e evidencia parte das edifica\u00e7\u00f5es constru\u00eddas para atender as necessidades da popula\u00e7\u00e3o da Baixada Santista e demais regi\u00f5es do Estado.<\/p>\n<p>\u201cAs edifica\u00e7\u00f5es criam v\u00ednculos afetivos entre as gera\u00e7\u00f5es passadas, presentes e futuras, possibilitando \u00e0 popula\u00e7\u00e3o do entorno enxergar-se como sujeitos da hist\u00f3ria. O patrim\u00f4nio preserva assim a identidade do povo, d\u00e1 a ele consci\u00eancia de seus direitos e obriga\u00e7\u00f5es com a sua localidade\u201d, explica a artista e idealizadora da exposi\u00e7\u00e3o.<\/p>\n<p>Por meio das gravuras e t\u00e9cnicas que \u201cgravam\u201d as embalagens em tetrapak (utilizadas para a produ\u00e7\u00e3o das obras), os visitantes poder\u00e3o conferir algumas constru\u00e7\u00f5es que ajudam a contar um pouco mais sobre a hist\u00f3ria, emancipa\u00e7\u00e3o e desenvolvimento de nosso pa\u00eds, formado por colonizadores, escravizados e imigrantes.<\/p>\n<p>\u201cSantos e Franca possuem muitos patrim\u00f4nios arquitet\u00f4nicos importantes, portanto, torna-se vital que a arte proponha reflex\u00f5es acerca dos mesmos. No caso de Franca, podemos citar a esta\u00e7\u00e3o ferrovi\u00e1ria, inaugurada em 1887 (um marco nas transforma\u00e7\u00f5es da cidade), passando pelo edif\u00edcio do Museu Hist\u00f3rico Jos\u00e9 Chiachiri, locais de grande relev\u00e2ncia para a hist\u00f3ria e para a rela\u00e7\u00e3o das pessoas com suas pr\u00f3prias hist\u00f3rias\u201d, conta a santista.<\/p>\n<p>De modo geral, M\u00e1rcia Santtos investe na rela\u00e7\u00e3o pessoal e na percep\u00e7\u00e3o dos detalhes que est\u00e3o em seu entorno, para compor obras que sensibilizem at\u00e9 os mais desatentos.<\/p>\n<p>Tendo como princ\u00edpios a sustentabilidade e a valoriza\u00e7\u00e3o de materiais reutiliz\u00e1veis, ao longo de sua carreira, a arte-educadora e mestre pelo Instituto das Artes da Unesp desenvolveu t\u00e9cnicas de gravura e reaproveitamento de embalagens, al\u00e9m de pesquisas referentes \u00e0 utiliza\u00e7\u00e3o de mat\u00e9rias primas diversas, nas quais destinou anos de estudo intercalados com suas atividades como professora universit\u00e1ria e com as rotinas de trabalho em seu ateli\u00ea.<\/p>\n<p>A exposi\u00e7\u00e3o \u201cA Cidade como Identidade\u201d integra o projeto de mesmo nome, contemplado pelo ProAC &#8211; Programa de A\u00e7\u00e3o Cultural\/2022 e tem o aporte financeiro da Secretaria de Cultura e Economia Criativa do Estado de S\u00e3o Paulo.<\/p>\n<p>A mostra no Laborat\u00f3rio das Artes acontece de 02 de maio a 31 de maio de 2023, com entrada gratuita. Para conhecer mais sobre as a\u00e7\u00f5es do projeto, obter informa\u00e7\u00f5es sobre hor\u00e1rios de visita e das demais localidades que receber\u00e3o a exposi\u00e7\u00e3o, acesse o perfil do ateli\u00ea da artista no Instagram <a href=\"https:\/\/www.instagram.com\/gravurar\" data-saferedirecturl=\"https:\/\/www.google.com\/url?q=https:\/\/www.instagram.com\/gravurar&amp;source=gmail&amp;ust=1682531772881000&amp;usg=AOvVaw3pLDg-4lr88X-7ae9kkfSU\">https:\/\/www.instagram.com\/gravurar<\/a>.<\/p>\n<p><strong><u>Servi\u00e7o<\/u><\/strong><\/p>\n<p><strong>Evento:\u00a0<\/strong>Mostra itinerante de gravuras \u201cA Cidade com Identidade\u201d, de M\u00e1rcia Santtos.<\/p>\n<p><strong>Data:<\/strong>\u00a0de 02\/05 a 31\/05\/2023<\/p>\n<p><strong>Local:<\/strong>\u00a0Laborat\u00f3rio das Artes de Franca &#8211;\u00a0 Rua Cuba, 1099 &#8211; Jardim Consola\u00e7\u00e3o, Franca \u2013 SP.<\/p>\n<p><strong>Valor de ingresso:<\/strong>\u00a0Gratuito<\/p>\n<p><strong>Mais informa\u00e7\u00f5es:<\/strong>\u00a0Gravurar &#8211;\u00a0<u><a href=\"https:\/\/www.instagram.com\/gravurar\" data-saferedirecturl=\"https:\/\/www.google.com\/url?q=https:\/\/www.instagram.com\/gravurar&amp;source=gmail&amp;ust=1682531772881000&amp;usg=AOvVaw3pLDg-4lr88X-7ae9kkfSU\">https:\/\/www.instagram.com\/gravurar<\/a><\/u><\/p>\n<p style=\"font-weight: 400;\">Assessoria de Imprensa: Jo\u00e3o Henrique Santos Mtb 73513 \u2013\u00a0<a href=\"mailto:santos.joaoh@gmail.com\">santos.joaoh@gmail.com<\/a><\/p>\n","protected":false},"excerpt":{"rendered":"<p>Idealizada pela artista pl\u00e1stica M\u00e1rcia Santtos, a exposi\u00e7\u00e3o gratuita passa por cinco das principais cidades do Estado de S\u00e3o Paulo no primeiro semestre de 2023. A<span class=\"excerpt-hellip\"> [\u2026]<\/span><\/p>\n","protected":false},"author":10,"featured_media":33726,"comment_status":"open","ping_status":"open","sticky":false,"template":"","format":"standard","meta":{"_jetpack_memberships_contains_paid_content":false,"footnotes":"","jetpack_publicize_message":"","jetpack_publicize_feature_enabled":true,"jetpack_social_post_already_shared":false,"jetpack_social_options":{"image_generator_settings":{"template":"highway","default_image_id":0,"enabled":false},"version":2}},"categories":[28,81],"tags":[],"class_list":["post-33725","post","type-post","status-publish","format-standard","has-post-thumbnail","hentry","category-cotidiano","category-manchete"],"yoast_head":"<!-- This site is optimized with the Yoast SEO plugin v25.6 - https:\/\/yoast.com\/wordpress\/plugins\/seo\/ -->\n<title>Franca recebe exposi\u00e7\u00e3o de gravuras sobre arquitetura da Baixada Santista - VerdadeOn<\/title>\n<meta name=\"robots\" content=\"index, follow, max-snippet:-1, max-image-preview:large, max-video-preview:-1\" \/>\n<link rel=\"canonical\" href=\"https:\/\/verdadeon.com.br\/portal\/2023\/04\/25\/franca-recebe-exposicao-de-gravuras-sobre-arquitetura-da-baixada-santista\/\" \/>\n<meta property=\"og:locale\" content=\"pt_BR\" \/>\n<meta property=\"og:type\" content=\"article\" \/>\n<meta property=\"og:title\" content=\"Franca recebe exposi\u00e7\u00e3o de gravuras sobre arquitetura da Baixada Santista - VerdadeOn\" \/>\n<meta property=\"og:description\" content=\"Idealizada pela artista pl\u00e1stica M\u00e1rcia Santtos, a exposi\u00e7\u00e3o gratuita passa por cinco das principais cidades do Estado de S\u00e3o Paulo no primeiro semestre de 2023. A [\u2026]\" \/>\n<meta property=\"og:url\" content=\"https:\/\/verdadeon.com.br\/portal\/2023\/04\/25\/franca-recebe-exposicao-de-gravuras-sobre-arquitetura-da-baixada-santista\/\" \/>\n<meta property=\"og:site_name\" content=\"VerdadeOn\" \/>\n<meta property=\"article:published_time\" content=\"2023-04-25T18:20:29+00:00\" \/>\n<meta property=\"og:image\" content=\"https:\/\/verdadeon.com.br\/portal\/wp-content\/uploads\/2023\/04\/Marcia-Santtos-7.jpg\" \/>\n\t<meta property=\"og:image:width\" content=\"1000\" \/>\n\t<meta property=\"og:image:height\" content=\"670\" \/>\n\t<meta property=\"og:image:type\" content=\"image\/jpeg\" \/>\n<meta name=\"author\" content=\"Redacao VerdadeOn\" \/>\n<meta name=\"twitter:card\" content=\"summary_large_image\" \/>\n<meta name=\"twitter:label1\" content=\"Escrito por\" \/>\n\t<meta name=\"twitter:data1\" content=\"Redacao VerdadeOn\" \/>\n\t<meta name=\"twitter:label2\" content=\"Est. tempo de leitura\" \/>\n\t<meta name=\"twitter:data2\" content=\"3 minutos\" \/>\n<script type=\"application\/ld+json\" class=\"yoast-schema-graph\">{\"@context\":\"https:\/\/schema.org\",\"@graph\":[{\"@type\":\"WebPage\",\"@id\":\"https:\/\/verdadeon.com.br\/portal\/2023\/04\/25\/franca-recebe-exposicao-de-gravuras-sobre-arquitetura-da-baixada-santista\/\",\"url\":\"https:\/\/verdadeon.com.br\/portal\/2023\/04\/25\/franca-recebe-exposicao-de-gravuras-sobre-arquitetura-da-baixada-santista\/\",\"name\":\"Franca recebe exposi\u00e7\u00e3o de gravuras sobre arquitetura da Baixada Santista - VerdadeOn\",\"isPartOf\":{\"@id\":\"https:\/\/verdadeon.com.br\/portal\/#website\"},\"primaryImageOfPage\":{\"@id\":\"https:\/\/verdadeon.com.br\/portal\/2023\/04\/25\/franca-recebe-exposicao-de-gravuras-sobre-arquitetura-da-baixada-santista\/#primaryimage\"},\"image\":{\"@id\":\"https:\/\/verdadeon.com.br\/portal\/2023\/04\/25\/franca-recebe-exposicao-de-gravuras-sobre-arquitetura-da-baixada-santista\/#primaryimage\"},\"thumbnailUrl\":\"https:\/\/i0.wp.com\/verdadeon.com.br\/portal\/wp-content\/uploads\/2023\/04\/Marcia-Santtos-7.jpg?fit=1000%2C670&ssl=1\",\"datePublished\":\"2023-04-25T18:20:29+00:00\",\"author\":{\"@id\":\"https:\/\/verdadeon.com.br\/portal\/#\/schema\/person\/a5060ad1e9ea3df545188fc93ce43d2f\"},\"breadcrumb\":{\"@id\":\"https:\/\/verdadeon.com.br\/portal\/2023\/04\/25\/franca-recebe-exposicao-de-gravuras-sobre-arquitetura-da-baixada-santista\/#breadcrumb\"},\"inLanguage\":\"pt-BR\",\"potentialAction\":[{\"@type\":\"ReadAction\",\"target\":[\"https:\/\/verdadeon.com.br\/portal\/2023\/04\/25\/franca-recebe-exposicao-de-gravuras-sobre-arquitetura-da-baixada-santista\/\"]}]},{\"@type\":\"ImageObject\",\"inLanguage\":\"pt-BR\",\"@id\":\"https:\/\/verdadeon.com.br\/portal\/2023\/04\/25\/franca-recebe-exposicao-de-gravuras-sobre-arquitetura-da-baixada-santista\/#primaryimage\",\"url\":\"https:\/\/i0.wp.com\/verdadeon.com.br\/portal\/wp-content\/uploads\/2023\/04\/Marcia-Santtos-7.jpg?fit=1000%2C670&ssl=1\",\"contentUrl\":\"https:\/\/i0.wp.com\/verdadeon.com.br\/portal\/wp-content\/uploads\/2023\/04\/Marcia-Santtos-7.jpg?fit=1000%2C670&ssl=1\",\"width\":1000,\"height\":670,\"caption\":\"A Artista Pl\u00e1stica, M\u00e1rcia Santtos, idealizadora da Mostra itinerante de gravuras \u201cA Cidade com Identidade\u201d.\"},{\"@type\":\"BreadcrumbList\",\"@id\":\"https:\/\/verdadeon.com.br\/portal\/2023\/04\/25\/franca-recebe-exposicao-de-gravuras-sobre-arquitetura-da-baixada-santista\/#breadcrumb\",\"itemListElement\":[{\"@type\":\"ListItem\",\"position\":1,\"name\":\"In\u00edcio\",\"item\":\"https:\/\/verdadeon.com.br\/portal\/\"},{\"@type\":\"ListItem\",\"position\":2,\"name\":\"Franca recebe exposi\u00e7\u00e3o de gravuras sobre arquitetura da Baixada Santista\"}]},{\"@type\":\"WebSite\",\"@id\":\"https:\/\/verdadeon.com.br\/portal\/#website\",\"url\":\"https:\/\/verdadeon.com.br\/portal\/\",\"name\":\"VerdadeOn\",\"description\":\"Not\u00edcias di\u00e1rias sobre Franca, Regi\u00e3o, Esporte, Cultura, Cotidiano, Colunas. Cobertura nos principais eventos da cidade \u00e9 aqui - Verdadeon Franca\",\"potentialAction\":[{\"@type\":\"SearchAction\",\"target\":{\"@type\":\"EntryPoint\",\"urlTemplate\":\"https:\/\/verdadeon.com.br\/portal\/?s={search_term_string}\"},\"query-input\":{\"@type\":\"PropertyValueSpecification\",\"valueRequired\":true,\"valueName\":\"search_term_string\"}}],\"inLanguage\":\"pt-BR\"},{\"@type\":\"Person\",\"@id\":\"https:\/\/verdadeon.com.br\/portal\/#\/schema\/person\/a5060ad1e9ea3df545188fc93ce43d2f\",\"name\":\"Redacao VerdadeOn\",\"image\":{\"@type\":\"ImageObject\",\"inLanguage\":\"pt-BR\",\"@id\":\"https:\/\/verdadeon.com.br\/portal\/#\/schema\/person\/image\/\",\"url\":\"https:\/\/secure.gravatar.com\/avatar\/459a9613caaaf07f582c3d0841eea68bdd66f533e465e6ba8b9cb45619572cf4?s=96&d=mm&r=g\",\"contentUrl\":\"https:\/\/secure.gravatar.com\/avatar\/459a9613caaaf07f582c3d0841eea68bdd66f533e465e6ba8b9cb45619572cf4?s=96&d=mm&r=g\",\"caption\":\"Redacao VerdadeOn\"},\"url\":\"https:\/\/verdadeon.com.br\/portal\/author\/redacao\/\"}]}<\/script>\n<!-- \/ Yoast SEO plugin. -->","yoast_head_json":{"title":"Franca recebe exposi\u00e7\u00e3o de gravuras sobre arquitetura da Baixada Santista - VerdadeOn","robots":{"index":"index","follow":"follow","max-snippet":"max-snippet:-1","max-image-preview":"max-image-preview:large","max-video-preview":"max-video-preview:-1"},"canonical":"https:\/\/verdadeon.com.br\/portal\/2023\/04\/25\/franca-recebe-exposicao-de-gravuras-sobre-arquitetura-da-baixada-santista\/","og_locale":"pt_BR","og_type":"article","og_title":"Franca recebe exposi\u00e7\u00e3o de gravuras sobre arquitetura da Baixada Santista - VerdadeOn","og_description":"Idealizada pela artista pl\u00e1stica M\u00e1rcia Santtos, a exposi\u00e7\u00e3o gratuita passa por cinco das principais cidades do Estado de S\u00e3o Paulo no primeiro semestre de 2023. A [\u2026]","og_url":"https:\/\/verdadeon.com.br\/portal\/2023\/04\/25\/franca-recebe-exposicao-de-gravuras-sobre-arquitetura-da-baixada-santista\/","og_site_name":"VerdadeOn","article_published_time":"2023-04-25T18:20:29+00:00","og_image":[{"width":1000,"height":670,"url":"https:\/\/verdadeon.com.br\/portal\/wp-content\/uploads\/2023\/04\/Marcia-Santtos-7.jpg","type":"image\/jpeg"}],"author":"Redacao VerdadeOn","twitter_card":"summary_large_image","twitter_misc":{"Escrito por":"Redacao VerdadeOn","Est. tempo de leitura":"3 minutos"},"schema":{"@context":"https:\/\/schema.org","@graph":[{"@type":"WebPage","@id":"https:\/\/verdadeon.com.br\/portal\/2023\/04\/25\/franca-recebe-exposicao-de-gravuras-sobre-arquitetura-da-baixada-santista\/","url":"https:\/\/verdadeon.com.br\/portal\/2023\/04\/25\/franca-recebe-exposicao-de-gravuras-sobre-arquitetura-da-baixada-santista\/","name":"Franca recebe exposi\u00e7\u00e3o de gravuras sobre arquitetura da Baixada Santista - VerdadeOn","isPartOf":{"@id":"https:\/\/verdadeon.com.br\/portal\/#website"},"primaryImageOfPage":{"@id":"https:\/\/verdadeon.com.br\/portal\/2023\/04\/25\/franca-recebe-exposicao-de-gravuras-sobre-arquitetura-da-baixada-santista\/#primaryimage"},"image":{"@id":"https:\/\/verdadeon.com.br\/portal\/2023\/04\/25\/franca-recebe-exposicao-de-gravuras-sobre-arquitetura-da-baixada-santista\/#primaryimage"},"thumbnailUrl":"https:\/\/i0.wp.com\/verdadeon.com.br\/portal\/wp-content\/uploads\/2023\/04\/Marcia-Santtos-7.jpg?fit=1000%2C670&ssl=1","datePublished":"2023-04-25T18:20:29+00:00","author":{"@id":"https:\/\/verdadeon.com.br\/portal\/#\/schema\/person\/a5060ad1e9ea3df545188fc93ce43d2f"},"breadcrumb":{"@id":"https:\/\/verdadeon.com.br\/portal\/2023\/04\/25\/franca-recebe-exposicao-de-gravuras-sobre-arquitetura-da-baixada-santista\/#breadcrumb"},"inLanguage":"pt-BR","potentialAction":[{"@type":"ReadAction","target":["https:\/\/verdadeon.com.br\/portal\/2023\/04\/25\/franca-recebe-exposicao-de-gravuras-sobre-arquitetura-da-baixada-santista\/"]}]},{"@type":"ImageObject","inLanguage":"pt-BR","@id":"https:\/\/verdadeon.com.br\/portal\/2023\/04\/25\/franca-recebe-exposicao-de-gravuras-sobre-arquitetura-da-baixada-santista\/#primaryimage","url":"https:\/\/i0.wp.com\/verdadeon.com.br\/portal\/wp-content\/uploads\/2023\/04\/Marcia-Santtos-7.jpg?fit=1000%2C670&ssl=1","contentUrl":"https:\/\/i0.wp.com\/verdadeon.com.br\/portal\/wp-content\/uploads\/2023\/04\/Marcia-Santtos-7.jpg?fit=1000%2C670&ssl=1","width":1000,"height":670,"caption":"A Artista Pl\u00e1stica, M\u00e1rcia Santtos, idealizadora da Mostra itinerante de gravuras \u201cA Cidade com Identidade\u201d."},{"@type":"BreadcrumbList","@id":"https:\/\/verdadeon.com.br\/portal\/2023\/04\/25\/franca-recebe-exposicao-de-gravuras-sobre-arquitetura-da-baixada-santista\/#breadcrumb","itemListElement":[{"@type":"ListItem","position":1,"name":"In\u00edcio","item":"https:\/\/verdadeon.com.br\/portal\/"},{"@type":"ListItem","position":2,"name":"Franca recebe exposi\u00e7\u00e3o de gravuras sobre arquitetura da Baixada Santista"}]},{"@type":"WebSite","@id":"https:\/\/verdadeon.com.br\/portal\/#website","url":"https:\/\/verdadeon.com.br\/portal\/","name":"VerdadeOn","description":"Not\u00edcias di\u00e1rias sobre Franca, Regi\u00e3o, Esporte, Cultura, Cotidiano, Colunas. Cobertura nos principais eventos da cidade \u00e9 aqui - Verdadeon Franca","potentialAction":[{"@type":"SearchAction","target":{"@type":"EntryPoint","urlTemplate":"https:\/\/verdadeon.com.br\/portal\/?s={search_term_string}"},"query-input":{"@type":"PropertyValueSpecification","valueRequired":true,"valueName":"search_term_string"}}],"inLanguage":"pt-BR"},{"@type":"Person","@id":"https:\/\/verdadeon.com.br\/portal\/#\/schema\/person\/a5060ad1e9ea3df545188fc93ce43d2f","name":"Redacao VerdadeOn","image":{"@type":"ImageObject","inLanguage":"pt-BR","@id":"https:\/\/verdadeon.com.br\/portal\/#\/schema\/person\/image\/","url":"https:\/\/secure.gravatar.com\/avatar\/459a9613caaaf07f582c3d0841eea68bdd66f533e465e6ba8b9cb45619572cf4?s=96&d=mm&r=g","contentUrl":"https:\/\/secure.gravatar.com\/avatar\/459a9613caaaf07f582c3d0841eea68bdd66f533e465e6ba8b9cb45619572cf4?s=96&d=mm&r=g","caption":"Redacao VerdadeOn"},"url":"https:\/\/verdadeon.com.br\/portal\/author\/redacao\/"}]}},"jetpack_publicize_connections":[],"jetpack_featured_media_url":"https:\/\/i0.wp.com\/verdadeon.com.br\/portal\/wp-content\/uploads\/2023\/04\/Marcia-Santtos-7.jpg?fit=1000%2C670&ssl=1","jetpack_sharing_enabled":true,"_links":{"self":[{"href":"https:\/\/verdadeon.com.br\/portal\/wp-json\/wp\/v2\/posts\/33725","targetHints":{"allow":["GET"]}}],"collection":[{"href":"https:\/\/verdadeon.com.br\/portal\/wp-json\/wp\/v2\/posts"}],"about":[{"href":"https:\/\/verdadeon.com.br\/portal\/wp-json\/wp\/v2\/types\/post"}],"author":[{"embeddable":true,"href":"https:\/\/verdadeon.com.br\/portal\/wp-json\/wp\/v2\/users\/10"}],"replies":[{"embeddable":true,"href":"https:\/\/verdadeon.com.br\/portal\/wp-json\/wp\/v2\/comments?post=33725"}],"version-history":[{"count":1,"href":"https:\/\/verdadeon.com.br\/portal\/wp-json\/wp\/v2\/posts\/33725\/revisions"}],"predecessor-version":[{"id":33727,"href":"https:\/\/verdadeon.com.br\/portal\/wp-json\/wp\/v2\/posts\/33725\/revisions\/33727"}],"wp:featuredmedia":[{"embeddable":true,"href":"https:\/\/verdadeon.com.br\/portal\/wp-json\/wp\/v2\/media\/33726"}],"wp:attachment":[{"href":"https:\/\/verdadeon.com.br\/portal\/wp-json\/wp\/v2\/media?parent=33725"}],"wp:term":[{"taxonomy":"category","embeddable":true,"href":"https:\/\/verdadeon.com.br\/portal\/wp-json\/wp\/v2\/categories?post=33725"},{"taxonomy":"post_tag","embeddable":true,"href":"https:\/\/verdadeon.com.br\/portal\/wp-json\/wp\/v2\/tags?post=33725"}],"curies":[{"name":"wp","href":"https:\/\/api.w.org\/{rel}","templated":true}]}}