{"id":33687,"date":"2023-04-24T13:54:19","date_gmt":"2023-04-24T16:54:19","guid":{"rendered":"https:\/\/verdadeon.com.br\/portal\/?p=33687"},"modified":"2023-04-24T14:34:42","modified_gmt":"2023-04-24T17:34:42","slug":"sesi-franca-basquete-enfrenta-o-basquete-unifacisa-nas-quartas-de-final-do-nbb","status":"publish","type":"post","link":"https:\/\/verdadeon.com.br\/portal\/2023\/04\/24\/sesi-franca-basquete-enfrenta-o-basquete-unifacisa-nas-quartas-de-final-do-nbb\/","title":{"rendered":"Sesi Franca Basquete enfrenta o Basquete Unifacisa nas quartas de final do NBB"},"content":{"rendered":"<h2>Primeiro jogo acontece no s\u00e1bado (29\/04), no Gin\u00e1sio Pedroc\u00e3o<\/h2>\n<p>O Sesi Franca Basquete duela contra o Basquete Unifacisa pelas quartas de final do NBB 2022\/23 (Novo Basquete Brasil). O time de Campina Grande venceu o Corinthians, na s\u00e9rie melhor de tr\u00eas, pelas oitavas de final do campeonato.<\/p>\n<p>Com 100% de aproveitamento na primeira fase e o primeiro lugar assegurado, o Sesi Franca garantiu a vaga direto para a disputa das quartas de final.<\/p>\n<p>O primeiro jogo da s\u00e9rie entre Sesi Franca e Unifacisa ser\u00e1 no s\u00e1bado (29\/04), \u00e0s 15h00, no Gin\u00e1sio Pedroc\u00e3o. Depois o Sesi Franca viaja para a Para\u00edba para os outros dois confrontos, na ter\u00e7a-feira (02\/05), \u00e0s 19h00, na Arena Unifacisa e o terceiro jogo na quinta-feira (04\/05), \u00e0s 19h00, novamente na Arena Unifacisa.<\/p>\n<p>A s\u00e9rie de quartas de final ser\u00e1 disputada em 5 partidas, quem vencer 3 jogos avan\u00e7a para a semifinal do NBB. Se necess\u00e1rio, os jogos 4 e 5 ser\u00e3o no gin\u00e1sio Pedroc\u00e3o.<\/p>\n<p><strong>Hist\u00f3rico do confronto<\/strong><\/p>\n<p>Ser\u00e1 a primeira vez que os times ir\u00e3o se enfrentar nos playoffs do NBB.<\/p>\n<p>Os times se enfrentaram duas vezes na fase de classifica\u00e7\u00e3o, com duas vit\u00f3rias francanas, por 106 x 94, no dia 19\/11, no Gin\u00e1sio Pedroc\u00e3o e no dia 12\/02\/2023, por 83 x 80, na Arena Unifacisa.<\/p>\n<p><strong>Venda de ingressos<\/strong><\/p>\n<p>A venda de ingressos se iniciou nesta segunda-feira (24\/04), \u00e0s 12h00, no site da www.quero2ingressos.com.br e nas lojas da MG Sports.<\/p>\n<p>Valores dos ingressos: R$25 reais para o setor de arquibancada e R$50 para o setor de numerada.<\/p>\n<p><strong>Transmiss\u00e3o<\/strong><\/p>\n<p>A transmiss\u00e3o da partida de s\u00e1bado ser\u00e1 feita pela TV Cultura.<\/p>\n<p><strong>Tabela do confronto &#8211; Sesi Franca x Unifacisa<\/strong><\/p>\n<p>Jogo 1 &#8211; 29\/04, \u00e0s 15h00, no Gin\u00e1sio Pedroc\u00e3o, com transmiss\u00e3o da TV Cultura.<br \/>\nJogo 2 &#8211; 02\/05, \u00e0s 19h00, na Arena Unifacisa, com transmiss\u00e3o da ESPN2.<br \/>\nJogo 3 &#8211; 04\/05, \u00e0s 19h00, na Arena Unifacisa, com transmiss\u00e3o do YouTube do NBB.<br \/>\nJogo 4 e 5 se necess\u00e1rio no Gin\u00e1sio Pedroc\u00e3o, ainda sem\u00a0data\u00a0e\u00a0hor\u00e1rio.<\/p>\n<p><strong>Demais confrontos das quartas de final:<\/strong><\/p>\n<p><strong>Flamengo x Bauru<\/strong><\/p>\n<p>Jogo 1 \u2013 27\/04 \u2013 19h \u2013 Flamengo x Bauru \u2013 SporTV 2<br \/>\nJogo 2 \u2013 01\/05 \u2013 19h \u2013 Bauru x Flamengo -SporTV 2<br \/>\nJogo 3 \u2013 03\/05 \u2013 19h \u2013 Bauru x Flamengo \u2013 SporTV 2<\/p>\n<p><strong>S\u00e3o Paulo x Pinheiros<\/strong><\/p>\n<p>Jogo 1 \u2013 28\/04 \u2013 20h \u2013 S\u00e3o Paulo x Pinheiros\u00a0 \u2013 Youtube \/ NBA<br \/>\nJogo 2 \u2013 01\/05 \u2013 11h \u2013 Pinheiros x S\u00e3o Paulo \u2013 Youtube \/ NBA<br \/>\nJogo 3 \u2013 03\/05 \u2013 21h \u2013 Pinheiros x S\u00e3o Paulo \u2013 ESPN 2<\/p>\n<p><strong>123 Minas x Paulistano<\/strong><\/p>\n<p>Jogo 1 \u2013 27\/04 \u2013 20h \u2013 123 Minas x Paulistano \u2013 Youtube \/ NBA<br \/>\nJogo 2 \u2013 30\/04 \u2013 19h30 \u2013 Paulistano x 123 Minas \u2013 ESPN 2<br \/>\nJogo 3 \u2013 02\/05 \u2013 20h \u2013 Paulistano x 123 Minas \u2013 Youtube \/ NBA<\/p>\n","protected":false},"excerpt":{"rendered":"<p>Primeiro jogo acontece no s\u00e1bado (29\/04), no Gin\u00e1sio Pedroc\u00e3o O Sesi Franca Basquete duela contra o Basquete Unifacisa pelas quartas de final do NBB 2022\/23 (Novo<span class=\"excerpt-hellip\"> [\u2026]<\/span><\/p>\n","protected":false},"author":10,"featured_media":33688,"comment_status":"open","ping_status":"open","sticky":false,"template":"","format":"standard","meta":{"_jetpack_memberships_contains_paid_content":false,"footnotes":"","jetpack_publicize_message":"","jetpack_publicize_feature_enabled":true,"jetpack_social_post_already_shared":false,"jetpack_social_options":{"image_generator_settings":{"template":"highway","default_image_id":0,"enabled":false},"version":2}},"categories":[28,81],"tags":[],"class_list":["post-33687","post","type-post","status-publish","format-standard","has-post-thumbnail","hentry","category-cotidiano","category-manchete"],"yoast_head":"<!-- This site is optimized with the Yoast SEO plugin v25.6 - https:\/\/yoast.com\/wordpress\/plugins\/seo\/ -->\n<title>Sesi Franca Basquete enfrenta o Basquete Unifacisa nas quartas de final do NBB - VerdadeOn<\/title>\n<meta name=\"robots\" content=\"index, follow, max-snippet:-1, max-image-preview:large, max-video-preview:-1\" \/>\n<link rel=\"canonical\" href=\"https:\/\/verdadeon.com.br\/portal\/2023\/04\/24\/sesi-franca-basquete-enfrenta-o-basquete-unifacisa-nas-quartas-de-final-do-nbb\/\" \/>\n<meta property=\"og:locale\" content=\"pt_BR\" \/>\n<meta property=\"og:type\" content=\"article\" \/>\n<meta property=\"og:title\" content=\"Sesi Franca Basquete enfrenta o Basquete Unifacisa nas quartas de final do NBB - VerdadeOn\" \/>\n<meta property=\"og:description\" content=\"Primeiro jogo acontece no s\u00e1bado (29\/04), no Gin\u00e1sio Pedroc\u00e3o O Sesi Franca Basquete duela contra o Basquete Unifacisa pelas quartas de final do NBB 2022\/23 (Novo [\u2026]\" \/>\n<meta property=\"og:url\" content=\"https:\/\/verdadeon.com.br\/portal\/2023\/04\/24\/sesi-franca-basquete-enfrenta-o-basquete-unifacisa-nas-quartas-de-final-do-nbb\/\" \/>\n<meta property=\"og:site_name\" content=\"VerdadeOn\" \/>\n<meta property=\"article:published_time\" content=\"2023-04-24T16:54:19+00:00\" \/>\n<meta property=\"article:modified_time\" content=\"2023-04-24T17:34:42+00:00\" \/>\n<meta property=\"og:image\" content=\"https:\/\/verdadeon.com.br\/portal\/wp-content\/uploads\/2023\/04\/b5ae6-52510954314-ffbabc4402-o.jpg\" \/>\n\t<meta property=\"og:image:width\" content=\"1000\" \/>\n\t<meta property=\"og:image:height\" content=\"670\" \/>\n\t<meta property=\"og:image:type\" content=\"image\/jpeg\" \/>\n<meta name=\"author\" content=\"Redacao VerdadeOn\" \/>\n<meta name=\"twitter:card\" content=\"summary_large_image\" \/>\n<meta name=\"twitter:label1\" content=\"Escrito por\" \/>\n\t<meta name=\"twitter:data1\" content=\"Redacao VerdadeOn\" \/>\n\t<meta name=\"twitter:label2\" content=\"Est. tempo de leitura\" \/>\n\t<meta name=\"twitter:data2\" content=\"3 minutos\" \/>\n<script type=\"application\/ld+json\" class=\"yoast-schema-graph\">{\"@context\":\"https:\/\/schema.org\",\"@graph\":[{\"@type\":\"WebPage\",\"@id\":\"https:\/\/verdadeon.com.br\/portal\/2023\/04\/24\/sesi-franca-basquete-enfrenta-o-basquete-unifacisa-nas-quartas-de-final-do-nbb\/\",\"url\":\"https:\/\/verdadeon.com.br\/portal\/2023\/04\/24\/sesi-franca-basquete-enfrenta-o-basquete-unifacisa-nas-quartas-de-final-do-nbb\/\",\"name\":\"Sesi Franca Basquete enfrenta o Basquete Unifacisa nas quartas de final do NBB - VerdadeOn\",\"isPartOf\":{\"@id\":\"https:\/\/verdadeon.com.br\/portal\/#website\"},\"primaryImageOfPage\":{\"@id\":\"https:\/\/verdadeon.com.br\/portal\/2023\/04\/24\/sesi-franca-basquete-enfrenta-o-basquete-unifacisa-nas-quartas-de-final-do-nbb\/#primaryimage\"},\"image\":{\"@id\":\"https:\/\/verdadeon.com.br\/portal\/2023\/04\/24\/sesi-franca-basquete-enfrenta-o-basquete-unifacisa-nas-quartas-de-final-do-nbb\/#primaryimage\"},\"thumbnailUrl\":\"https:\/\/i0.wp.com\/verdadeon.com.br\/portal\/wp-content\/uploads\/2023\/04\/b5ae6-52510954314-ffbabc4402-o.jpg?fit=1000%2C670&ssl=1\",\"datePublished\":\"2023-04-24T16:54:19+00:00\",\"dateModified\":\"2023-04-24T17:34:42+00:00\",\"author\":{\"@id\":\"https:\/\/verdadeon.com.br\/portal\/#\/schema\/person\/a5060ad1e9ea3df545188fc93ce43d2f\"},\"breadcrumb\":{\"@id\":\"https:\/\/verdadeon.com.br\/portal\/2023\/04\/24\/sesi-franca-basquete-enfrenta-o-basquete-unifacisa-nas-quartas-de-final-do-nbb\/#breadcrumb\"},\"inLanguage\":\"pt-BR\",\"potentialAction\":[{\"@type\":\"ReadAction\",\"target\":[\"https:\/\/verdadeon.com.br\/portal\/2023\/04\/24\/sesi-franca-basquete-enfrenta-o-basquete-unifacisa-nas-quartas-de-final-do-nbb\/\"]}]},{\"@type\":\"ImageObject\",\"inLanguage\":\"pt-BR\",\"@id\":\"https:\/\/verdadeon.com.br\/portal\/2023\/04\/24\/sesi-franca-basquete-enfrenta-o-basquete-unifacisa-nas-quartas-de-final-do-nbb\/#primaryimage\",\"url\":\"https:\/\/i0.wp.com\/verdadeon.com.br\/portal\/wp-content\/uploads\/2023\/04\/b5ae6-52510954314-ffbabc4402-o.jpg?fit=1000%2C670&ssl=1\",\"contentUrl\":\"https:\/\/i0.wp.com\/verdadeon.com.br\/portal\/wp-content\/uploads\/2023\/04\/b5ae6-52510954314-ffbabc4402-o.jpg?fit=1000%2C670&ssl=1\",\"width\":1000,\"height\":670,\"caption\":\"Sesi Franca encara Basquete Unifacisa nas quartas de final do NBB. (\u00a9Marcos Limonti)\"},{\"@type\":\"BreadcrumbList\",\"@id\":\"https:\/\/verdadeon.com.br\/portal\/2023\/04\/24\/sesi-franca-basquete-enfrenta-o-basquete-unifacisa-nas-quartas-de-final-do-nbb\/#breadcrumb\",\"itemListElement\":[{\"@type\":\"ListItem\",\"position\":1,\"name\":\"In\u00edcio\",\"item\":\"https:\/\/verdadeon.com.br\/portal\/\"},{\"@type\":\"ListItem\",\"position\":2,\"name\":\"Sesi Franca Basquete enfrenta o Basquete Unifacisa nas quartas de final do NBB\"}]},{\"@type\":\"WebSite\",\"@id\":\"https:\/\/verdadeon.com.br\/portal\/#website\",\"url\":\"https:\/\/verdadeon.com.br\/portal\/\",\"name\":\"VerdadeOn\",\"description\":\"Not\u00edcias di\u00e1rias sobre Franca, Regi\u00e3o, Esporte, Cultura, Cotidiano, Colunas. Cobertura nos principais eventos da cidade \u00e9 aqui - Verdadeon Franca\",\"potentialAction\":[{\"@type\":\"SearchAction\",\"target\":{\"@type\":\"EntryPoint\",\"urlTemplate\":\"https:\/\/verdadeon.com.br\/portal\/?s={search_term_string}\"},\"query-input\":{\"@type\":\"PropertyValueSpecification\",\"valueRequired\":true,\"valueName\":\"search_term_string\"}}],\"inLanguage\":\"pt-BR\"},{\"@type\":\"Person\",\"@id\":\"https:\/\/verdadeon.com.br\/portal\/#\/schema\/person\/a5060ad1e9ea3df545188fc93ce43d2f\",\"name\":\"Redacao VerdadeOn\",\"image\":{\"@type\":\"ImageObject\",\"inLanguage\":\"pt-BR\",\"@id\":\"https:\/\/verdadeon.com.br\/portal\/#\/schema\/person\/image\/\",\"url\":\"https:\/\/secure.gravatar.com\/avatar\/459a9613caaaf07f582c3d0841eea68bdd66f533e465e6ba8b9cb45619572cf4?s=96&d=mm&r=g\",\"contentUrl\":\"https:\/\/secure.gravatar.com\/avatar\/459a9613caaaf07f582c3d0841eea68bdd66f533e465e6ba8b9cb45619572cf4?s=96&d=mm&r=g\",\"caption\":\"Redacao VerdadeOn\"},\"url\":\"https:\/\/verdadeon.com.br\/portal\/author\/redacao\/\"}]}<\/script>\n<!-- \/ Yoast SEO plugin. -->","yoast_head_json":{"title":"Sesi Franca Basquete enfrenta o Basquete Unifacisa nas quartas de final do NBB - VerdadeOn","robots":{"index":"index","follow":"follow","max-snippet":"max-snippet:-1","max-image-preview":"max-image-preview:large","max-video-preview":"max-video-preview:-1"},"canonical":"https:\/\/verdadeon.com.br\/portal\/2023\/04\/24\/sesi-franca-basquete-enfrenta-o-basquete-unifacisa-nas-quartas-de-final-do-nbb\/","og_locale":"pt_BR","og_type":"article","og_title":"Sesi Franca Basquete enfrenta o Basquete Unifacisa nas quartas de final do NBB - VerdadeOn","og_description":"Primeiro jogo acontece no s\u00e1bado (29\/04), no Gin\u00e1sio Pedroc\u00e3o O Sesi Franca Basquete duela contra o Basquete Unifacisa pelas quartas de final do NBB 2022\/23 (Novo [\u2026]","og_url":"https:\/\/verdadeon.com.br\/portal\/2023\/04\/24\/sesi-franca-basquete-enfrenta-o-basquete-unifacisa-nas-quartas-de-final-do-nbb\/","og_site_name":"VerdadeOn","article_published_time":"2023-04-24T16:54:19+00:00","article_modified_time":"2023-04-24T17:34:42+00:00","og_image":[{"width":1000,"height":670,"url":"https:\/\/verdadeon.com.br\/portal\/wp-content\/uploads\/2023\/04\/b5ae6-52510954314-ffbabc4402-o.jpg","type":"image\/jpeg"}],"author":"Redacao VerdadeOn","twitter_card":"summary_large_image","twitter_misc":{"Escrito por":"Redacao VerdadeOn","Est. tempo de leitura":"3 minutos"},"schema":{"@context":"https:\/\/schema.org","@graph":[{"@type":"WebPage","@id":"https:\/\/verdadeon.com.br\/portal\/2023\/04\/24\/sesi-franca-basquete-enfrenta-o-basquete-unifacisa-nas-quartas-de-final-do-nbb\/","url":"https:\/\/verdadeon.com.br\/portal\/2023\/04\/24\/sesi-franca-basquete-enfrenta-o-basquete-unifacisa-nas-quartas-de-final-do-nbb\/","name":"Sesi Franca Basquete enfrenta o Basquete Unifacisa nas quartas de final do NBB - VerdadeOn","isPartOf":{"@id":"https:\/\/verdadeon.com.br\/portal\/#website"},"primaryImageOfPage":{"@id":"https:\/\/verdadeon.com.br\/portal\/2023\/04\/24\/sesi-franca-basquete-enfrenta-o-basquete-unifacisa-nas-quartas-de-final-do-nbb\/#primaryimage"},"image":{"@id":"https:\/\/verdadeon.com.br\/portal\/2023\/04\/24\/sesi-franca-basquete-enfrenta-o-basquete-unifacisa-nas-quartas-de-final-do-nbb\/#primaryimage"},"thumbnailUrl":"https:\/\/i0.wp.com\/verdadeon.com.br\/portal\/wp-content\/uploads\/2023\/04\/b5ae6-52510954314-ffbabc4402-o.jpg?fit=1000%2C670&ssl=1","datePublished":"2023-04-24T16:54:19+00:00","dateModified":"2023-04-24T17:34:42+00:00","author":{"@id":"https:\/\/verdadeon.com.br\/portal\/#\/schema\/person\/a5060ad1e9ea3df545188fc93ce43d2f"},"breadcrumb":{"@id":"https:\/\/verdadeon.com.br\/portal\/2023\/04\/24\/sesi-franca-basquete-enfrenta-o-basquete-unifacisa-nas-quartas-de-final-do-nbb\/#breadcrumb"},"inLanguage":"pt-BR","potentialAction":[{"@type":"ReadAction","target":["https:\/\/verdadeon.com.br\/portal\/2023\/04\/24\/sesi-franca-basquete-enfrenta-o-basquete-unifacisa-nas-quartas-de-final-do-nbb\/"]}]},{"@type":"ImageObject","inLanguage":"pt-BR","@id":"https:\/\/verdadeon.com.br\/portal\/2023\/04\/24\/sesi-franca-basquete-enfrenta-o-basquete-unifacisa-nas-quartas-de-final-do-nbb\/#primaryimage","url":"https:\/\/i0.wp.com\/verdadeon.com.br\/portal\/wp-content\/uploads\/2023\/04\/b5ae6-52510954314-ffbabc4402-o.jpg?fit=1000%2C670&ssl=1","contentUrl":"https:\/\/i0.wp.com\/verdadeon.com.br\/portal\/wp-content\/uploads\/2023\/04\/b5ae6-52510954314-ffbabc4402-o.jpg?fit=1000%2C670&ssl=1","width":1000,"height":670,"caption":"Sesi Franca encara Basquete Unifacisa nas quartas de final do NBB. (\u00a9Marcos Limonti)"},{"@type":"BreadcrumbList","@id":"https:\/\/verdadeon.com.br\/portal\/2023\/04\/24\/sesi-franca-basquete-enfrenta-o-basquete-unifacisa-nas-quartas-de-final-do-nbb\/#breadcrumb","itemListElement":[{"@type":"ListItem","position":1,"name":"In\u00edcio","item":"https:\/\/verdadeon.com.br\/portal\/"},{"@type":"ListItem","position":2,"name":"Sesi Franca Basquete enfrenta o Basquete Unifacisa nas quartas de final do NBB"}]},{"@type":"WebSite","@id":"https:\/\/verdadeon.com.br\/portal\/#website","url":"https:\/\/verdadeon.com.br\/portal\/","name":"VerdadeOn","description":"Not\u00edcias di\u00e1rias sobre Franca, Regi\u00e3o, Esporte, Cultura, Cotidiano, Colunas. Cobertura nos principais eventos da cidade \u00e9 aqui - Verdadeon Franca","potentialAction":[{"@type":"SearchAction","target":{"@type":"EntryPoint","urlTemplate":"https:\/\/verdadeon.com.br\/portal\/?s={search_term_string}"},"query-input":{"@type":"PropertyValueSpecification","valueRequired":true,"valueName":"search_term_string"}}],"inLanguage":"pt-BR"},{"@type":"Person","@id":"https:\/\/verdadeon.com.br\/portal\/#\/schema\/person\/a5060ad1e9ea3df545188fc93ce43d2f","name":"Redacao VerdadeOn","image":{"@type":"ImageObject","inLanguage":"pt-BR","@id":"https:\/\/verdadeon.com.br\/portal\/#\/schema\/person\/image\/","url":"https:\/\/secure.gravatar.com\/avatar\/459a9613caaaf07f582c3d0841eea68bdd66f533e465e6ba8b9cb45619572cf4?s=96&d=mm&r=g","contentUrl":"https:\/\/secure.gravatar.com\/avatar\/459a9613caaaf07f582c3d0841eea68bdd66f533e465e6ba8b9cb45619572cf4?s=96&d=mm&r=g","caption":"Redacao VerdadeOn"},"url":"https:\/\/verdadeon.com.br\/portal\/author\/redacao\/"}]}},"jetpack_publicize_connections":[],"jetpack_featured_media_url":"https:\/\/i0.wp.com\/verdadeon.com.br\/portal\/wp-content\/uploads\/2023\/04\/b5ae6-52510954314-ffbabc4402-o.jpg?fit=1000%2C670&ssl=1","jetpack_sharing_enabled":true,"_links":{"self":[{"href":"https:\/\/verdadeon.com.br\/portal\/wp-json\/wp\/v2\/posts\/33687","targetHints":{"allow":["GET"]}}],"collection":[{"href":"https:\/\/verdadeon.com.br\/portal\/wp-json\/wp\/v2\/posts"}],"about":[{"href":"https:\/\/verdadeon.com.br\/portal\/wp-json\/wp\/v2\/types\/post"}],"author":[{"embeddable":true,"href":"https:\/\/verdadeon.com.br\/portal\/wp-json\/wp\/v2\/users\/10"}],"replies":[{"embeddable":true,"href":"https:\/\/verdadeon.com.br\/portal\/wp-json\/wp\/v2\/comments?post=33687"}],"version-history":[{"count":3,"href":"https:\/\/verdadeon.com.br\/portal\/wp-json\/wp\/v2\/posts\/33687\/revisions"}],"predecessor-version":[{"id":33692,"href":"https:\/\/verdadeon.com.br\/portal\/wp-json\/wp\/v2\/posts\/33687\/revisions\/33692"}],"wp:featuredmedia":[{"embeddable":true,"href":"https:\/\/verdadeon.com.br\/portal\/wp-json\/wp\/v2\/media\/33688"}],"wp:attachment":[{"href":"https:\/\/verdadeon.com.br\/portal\/wp-json\/wp\/v2\/media?parent=33687"}],"wp:term":[{"taxonomy":"category","embeddable":true,"href":"https:\/\/verdadeon.com.br\/portal\/wp-json\/wp\/v2\/categories?post=33687"},{"taxonomy":"post_tag","embeddable":true,"href":"https:\/\/verdadeon.com.br\/portal\/wp-json\/wp\/v2\/tags?post=33687"}],"curies":[{"name":"wp","href":"https:\/\/api.w.org\/{rel}","templated":true}]}}