{"id":33683,"date":"2023-04-24T13:43:55","date_gmt":"2023-04-24T16:43:55","guid":{"rendered":"https:\/\/verdadeon.com.br\/portal\/?p=33683"},"modified":"2023-04-24T13:43:55","modified_gmt":"2023-04-24T16:43:55","slug":"dise-prende-cinco-homens-e-apreende-dois-adolescentes-por-trafico-de-drogas","status":"publish","type":"post","link":"https:\/\/verdadeon.com.br\/portal\/2023\/04\/24\/dise-prende-cinco-homens-e-apreende-dois-adolescentes-por-trafico-de-drogas\/","title":{"rendered":"DISE prende cinco homens e apreende dois adolescentes por tr\u00e1fico de drogas"},"content":{"rendered":"<h2>Cumprimento de mandado de busca e apreens\u00e3o deteve 7 homens<\/h2>\n<p>Nesta segunda-feira, 24, a DISE (Delegacia de Investiga\u00e7\u00f5es sobre Entorpecentes), sob comando do delegado Dr. Alan Bazalha Lopes, cumpriu quatro mandados de busca e apreens\u00e3o em tr\u00eas bairros da cidade de Franca. Com aux\u00edlio dos policiais da DIG (Delegacia de Investiga\u00e7\u00f5es Gerais) e CPJ (Central de Pol\u00edcia Judici\u00e1ria), sete pessoas foram detidas em flagrante.<\/p>\n<p>Os mandados de busca e apreens\u00e3o domiciliar foram solicitados pela DISE e expedidos ap\u00f3s den\u00fancia e trabalho de investiga\u00e7\u00e3o. A opera\u00e7\u00e3o foi batizada como Opera\u00e7\u00e3o Pandilla &#8211; que em espanhol significa quadrilha ou gangue.<\/p>\n<p>Inicialmente, os policiais partiram para a Vila Chico J\u00falio. L\u00e1, foi preso um homem de 33 anos de idade, autuado em flagrante por tr\u00e1fico com R$ 2.124 (dois mil, cento e vinte e quatro reais), diversos pequenos sacos pl\u00e1sticos, seis papelotes de maconha, quinze comprimidos de ecstasy e anabolizantes (duas caixas de cipionato de testosterona e duas caixas de decanoato de nandrolona com 44 comprimidos no total).<\/p>\n<p>Em seguida, a pol\u00edcia esteve em duas resid\u00eancias, no bairro Vicente Leporace. Em um dos locais foi preso um outro homem, 32 anos, procurado pela Justi\u00e7a de Ipu\u00e3 por mandado de pris\u00e3o preventiva em caso de roubo. Tamb\u00e9m foi autuado em flagrante por tr\u00e1fico com 85 reais em nota e R$ 99,85 (noventa e nove reais e oitenta e cinco centavos) em moedas, diversos pequenos sacos pl\u00e1sticos, 12 por\u00e7\u00f5es de crack e 22 por\u00e7\u00f5es de coca\u00edna. J\u00e1 no segundo local do bairro, os agentes deram voz de pris\u00e3o a um rapaz de 19 anos de idade. Ele foi autuado em flagrante por tr\u00e1fico e posse de muni\u00e7\u00e3o com R$ 1.041 (um mil e quarenta e um reais), 6 muni\u00e7\u00f5es calibre 32 intactas, duas por\u00e7\u00f5es de maconha, duas por\u00e7\u00f5es de crack e duas balan\u00e7as.<\/p>\n<p>O Jardim Aeroporto foi o \u00faltimo destino dos policiais. Foram presos dois adultos, 21 e 20 anos de idade, respectivamente, e apreendidos dois adolescentes, ambos com 17 anos, todos do sexo masculino. Autuados e apreendidos, incorreram em flagrante por tr\u00e1fico e associa\u00e7\u00e3o, corrup\u00e7\u00e3o de menores, posse de arma (acess\u00f3rio &#8211; pente) e resist\u00eancia com R$ 1.825 (um mil, oitocentos e vinte e cinco reais), um carregador de pistola, uma balan\u00e7a de precis\u00e3o, 58 pinos de coca\u00edna, uma pedra de tamanho m\u00e9dio de crack e uma por\u00e7\u00e3o de tamanho m\u00e9dio de maconha.<\/p>\n<p>No total, sete indiv\u00edduos foram detidos na Opera\u00e7\u00e3o Pandilla, com cinco presos em flagrante delito &#8211; dentre eles um procurado por roubo em Ipu\u00e3 (pris\u00e3o preventiva decretada) &#8211; e dois adolescentes apreendidos.<\/p>\n","protected":false},"excerpt":{"rendered":"<p>Cumprimento de mandado de busca e apreens\u00e3o deteve 7 homens Nesta segunda-feira, 24, a DISE (Delegacia de Investiga\u00e7\u00f5es sobre Entorpecentes), sob comando do delegado Dr. Alan<span class=\"excerpt-hellip\"> [\u2026]<\/span><\/p>\n","protected":false},"author":10,"featured_media":33685,"comment_status":"open","ping_status":"open","sticky":false,"template":"","format":"standard","meta":{"_jetpack_memberships_contains_paid_content":false,"footnotes":"","jetpack_publicize_message":"","jetpack_publicize_feature_enabled":true,"jetpack_social_post_already_shared":false,"jetpack_social_options":{"image_generator_settings":{"template":"highway","default_image_id":0,"enabled":false},"version":2}},"categories":[28,81],"tags":[],"class_list":["post-33683","post","type-post","status-publish","format-standard","has-post-thumbnail","hentry","category-cotidiano","category-manchete"],"yoast_head":"<!-- This site is optimized with the Yoast SEO plugin v25.6 - https:\/\/yoast.com\/wordpress\/plugins\/seo\/ -->\n<title>DISE prende cinco homens e apreende dois adolescentes por tr\u00e1fico de drogas - VerdadeOn<\/title>\n<meta name=\"robots\" content=\"index, follow, max-snippet:-1, max-image-preview:large, max-video-preview:-1\" \/>\n<link rel=\"canonical\" href=\"https:\/\/verdadeon.com.br\/portal\/2023\/04\/24\/dise-prende-cinco-homens-e-apreende-dois-adolescentes-por-trafico-de-drogas\/\" \/>\n<meta property=\"og:locale\" content=\"pt_BR\" \/>\n<meta property=\"og:type\" content=\"article\" \/>\n<meta property=\"og:title\" content=\"DISE prende cinco homens e apreende dois adolescentes por tr\u00e1fico de drogas - VerdadeOn\" \/>\n<meta property=\"og:description\" content=\"Cumprimento de mandado de busca e apreens\u00e3o deteve 7 homens Nesta segunda-feira, 24, a DISE (Delegacia de Investiga\u00e7\u00f5es sobre Entorpecentes), sob comando do delegado Dr. Alan [\u2026]\" \/>\n<meta property=\"og:url\" content=\"https:\/\/verdadeon.com.br\/portal\/2023\/04\/24\/dise-prende-cinco-homens-e-apreende-dois-adolescentes-por-trafico-de-drogas\/\" \/>\n<meta property=\"og:site_name\" content=\"VerdadeOn\" \/>\n<meta property=\"article:published_time\" content=\"2023-04-24T16:43:55+00:00\" \/>\n<meta property=\"og:image\" content=\"https:\/\/verdadeon.com.br\/portal\/wp-content\/uploads\/2023\/04\/AnyConv.com__WhatsApp-Image-2023-04-24-at-13.01.10.jpeg\" \/>\n\t<meta property=\"og:image:width\" content=\"1000\" \/>\n\t<meta property=\"og:image:height\" content=\"670\" \/>\n\t<meta property=\"og:image:type\" content=\"image\/jpeg\" \/>\n<meta name=\"author\" content=\"Redacao VerdadeOn\" \/>\n<meta name=\"twitter:card\" content=\"summary_large_image\" \/>\n<meta name=\"twitter:label1\" content=\"Escrito por\" \/>\n\t<meta name=\"twitter:data1\" content=\"Redacao VerdadeOn\" \/>\n\t<meta name=\"twitter:label2\" content=\"Est. tempo de leitura\" \/>\n\t<meta name=\"twitter:data2\" content=\"2 minutos\" \/>\n<script type=\"application\/ld+json\" class=\"yoast-schema-graph\">{\"@context\":\"https:\/\/schema.org\",\"@graph\":[{\"@type\":\"WebPage\",\"@id\":\"https:\/\/verdadeon.com.br\/portal\/2023\/04\/24\/dise-prende-cinco-homens-e-apreende-dois-adolescentes-por-trafico-de-drogas\/\",\"url\":\"https:\/\/verdadeon.com.br\/portal\/2023\/04\/24\/dise-prende-cinco-homens-e-apreende-dois-adolescentes-por-trafico-de-drogas\/\",\"name\":\"DISE prende cinco homens e apreende dois adolescentes por tr\u00e1fico de drogas - VerdadeOn\",\"isPartOf\":{\"@id\":\"https:\/\/verdadeon.com.br\/portal\/#website\"},\"primaryImageOfPage\":{\"@id\":\"https:\/\/verdadeon.com.br\/portal\/2023\/04\/24\/dise-prende-cinco-homens-e-apreende-dois-adolescentes-por-trafico-de-drogas\/#primaryimage\"},\"image\":{\"@id\":\"https:\/\/verdadeon.com.br\/portal\/2023\/04\/24\/dise-prende-cinco-homens-e-apreende-dois-adolescentes-por-trafico-de-drogas\/#primaryimage\"},\"thumbnailUrl\":\"https:\/\/i0.wp.com\/verdadeon.com.br\/portal\/wp-content\/uploads\/2023\/04\/AnyConv.com__WhatsApp-Image-2023-04-24-at-13.01.10.jpeg?fit=1000%2C670&ssl=1\",\"datePublished\":\"2023-04-24T16:43:55+00:00\",\"author\":{\"@id\":\"https:\/\/verdadeon.com.br\/portal\/#\/schema\/person\/a5060ad1e9ea3df545188fc93ce43d2f\"},\"breadcrumb\":{\"@id\":\"https:\/\/verdadeon.com.br\/portal\/2023\/04\/24\/dise-prende-cinco-homens-e-apreende-dois-adolescentes-por-trafico-de-drogas\/#breadcrumb\"},\"inLanguage\":\"pt-BR\",\"potentialAction\":[{\"@type\":\"ReadAction\",\"target\":[\"https:\/\/verdadeon.com.br\/portal\/2023\/04\/24\/dise-prende-cinco-homens-e-apreende-dois-adolescentes-por-trafico-de-drogas\/\"]}]},{\"@type\":\"ImageObject\",\"inLanguage\":\"pt-BR\",\"@id\":\"https:\/\/verdadeon.com.br\/portal\/2023\/04\/24\/dise-prende-cinco-homens-e-apreende-dois-adolescentes-por-trafico-de-drogas\/#primaryimage\",\"url\":\"https:\/\/i0.wp.com\/verdadeon.com.br\/portal\/wp-content\/uploads\/2023\/04\/AnyConv.com__WhatsApp-Image-2023-04-24-at-13.01.10.jpeg?fit=1000%2C670&ssl=1\",\"contentUrl\":\"https:\/\/i0.wp.com\/verdadeon.com.br\/portal\/wp-content\/uploads\/2023\/04\/AnyConv.com__WhatsApp-Image-2023-04-24-at-13.01.10.jpeg?fit=1000%2C670&ssl=1\",\"width\":1000,\"height\":670,\"caption\":\"Opera\u00e7\u00e3o Pandilla det\u00eam 7 indiv\u00edduos por tr\u00e1fico e associa\u00e7\u00e3o em Franca.\"},{\"@type\":\"BreadcrumbList\",\"@id\":\"https:\/\/verdadeon.com.br\/portal\/2023\/04\/24\/dise-prende-cinco-homens-e-apreende-dois-adolescentes-por-trafico-de-drogas\/#breadcrumb\",\"itemListElement\":[{\"@type\":\"ListItem\",\"position\":1,\"name\":\"In\u00edcio\",\"item\":\"https:\/\/verdadeon.com.br\/portal\/\"},{\"@type\":\"ListItem\",\"position\":2,\"name\":\"DISE prende cinco homens e apreende dois adolescentes por tr\u00e1fico de drogas\"}]},{\"@type\":\"WebSite\",\"@id\":\"https:\/\/verdadeon.com.br\/portal\/#website\",\"url\":\"https:\/\/verdadeon.com.br\/portal\/\",\"name\":\"VerdadeOn\",\"description\":\"Not\u00edcias di\u00e1rias sobre Franca, Regi\u00e3o, Esporte, Cultura, Cotidiano, Colunas. Cobertura nos principais eventos da cidade \u00e9 aqui - Verdadeon Franca\",\"potentialAction\":[{\"@type\":\"SearchAction\",\"target\":{\"@type\":\"EntryPoint\",\"urlTemplate\":\"https:\/\/verdadeon.com.br\/portal\/?s={search_term_string}\"},\"query-input\":{\"@type\":\"PropertyValueSpecification\",\"valueRequired\":true,\"valueName\":\"search_term_string\"}}],\"inLanguage\":\"pt-BR\"},{\"@type\":\"Person\",\"@id\":\"https:\/\/verdadeon.com.br\/portal\/#\/schema\/person\/a5060ad1e9ea3df545188fc93ce43d2f\",\"name\":\"Redacao VerdadeOn\",\"image\":{\"@type\":\"ImageObject\",\"inLanguage\":\"pt-BR\",\"@id\":\"https:\/\/verdadeon.com.br\/portal\/#\/schema\/person\/image\/\",\"url\":\"https:\/\/secure.gravatar.com\/avatar\/459a9613caaaf07f582c3d0841eea68bdd66f533e465e6ba8b9cb45619572cf4?s=96&d=mm&r=g\",\"contentUrl\":\"https:\/\/secure.gravatar.com\/avatar\/459a9613caaaf07f582c3d0841eea68bdd66f533e465e6ba8b9cb45619572cf4?s=96&d=mm&r=g\",\"caption\":\"Redacao VerdadeOn\"},\"url\":\"https:\/\/verdadeon.com.br\/portal\/author\/redacao\/\"}]}<\/script>\n<!-- \/ Yoast SEO plugin. -->","yoast_head_json":{"title":"DISE prende cinco homens e apreende dois adolescentes por tr\u00e1fico de drogas - VerdadeOn","robots":{"index":"index","follow":"follow","max-snippet":"max-snippet:-1","max-image-preview":"max-image-preview:large","max-video-preview":"max-video-preview:-1"},"canonical":"https:\/\/verdadeon.com.br\/portal\/2023\/04\/24\/dise-prende-cinco-homens-e-apreende-dois-adolescentes-por-trafico-de-drogas\/","og_locale":"pt_BR","og_type":"article","og_title":"DISE prende cinco homens e apreende dois adolescentes por tr\u00e1fico de drogas - VerdadeOn","og_description":"Cumprimento de mandado de busca e apreens\u00e3o deteve 7 homens Nesta segunda-feira, 24, a DISE (Delegacia de Investiga\u00e7\u00f5es sobre Entorpecentes), sob comando do delegado Dr. Alan [\u2026]","og_url":"https:\/\/verdadeon.com.br\/portal\/2023\/04\/24\/dise-prende-cinco-homens-e-apreende-dois-adolescentes-por-trafico-de-drogas\/","og_site_name":"VerdadeOn","article_published_time":"2023-04-24T16:43:55+00:00","og_image":[{"width":1000,"height":670,"url":"https:\/\/verdadeon.com.br\/portal\/wp-content\/uploads\/2023\/04\/AnyConv.com__WhatsApp-Image-2023-04-24-at-13.01.10.jpeg","type":"image\/jpeg"}],"author":"Redacao VerdadeOn","twitter_card":"summary_large_image","twitter_misc":{"Escrito por":"Redacao VerdadeOn","Est. tempo de leitura":"2 minutos"},"schema":{"@context":"https:\/\/schema.org","@graph":[{"@type":"WebPage","@id":"https:\/\/verdadeon.com.br\/portal\/2023\/04\/24\/dise-prende-cinco-homens-e-apreende-dois-adolescentes-por-trafico-de-drogas\/","url":"https:\/\/verdadeon.com.br\/portal\/2023\/04\/24\/dise-prende-cinco-homens-e-apreende-dois-adolescentes-por-trafico-de-drogas\/","name":"DISE prende cinco homens e apreende dois adolescentes por tr\u00e1fico de drogas - VerdadeOn","isPartOf":{"@id":"https:\/\/verdadeon.com.br\/portal\/#website"},"primaryImageOfPage":{"@id":"https:\/\/verdadeon.com.br\/portal\/2023\/04\/24\/dise-prende-cinco-homens-e-apreende-dois-adolescentes-por-trafico-de-drogas\/#primaryimage"},"image":{"@id":"https:\/\/verdadeon.com.br\/portal\/2023\/04\/24\/dise-prende-cinco-homens-e-apreende-dois-adolescentes-por-trafico-de-drogas\/#primaryimage"},"thumbnailUrl":"https:\/\/i0.wp.com\/verdadeon.com.br\/portal\/wp-content\/uploads\/2023\/04\/AnyConv.com__WhatsApp-Image-2023-04-24-at-13.01.10.jpeg?fit=1000%2C670&ssl=1","datePublished":"2023-04-24T16:43:55+00:00","author":{"@id":"https:\/\/verdadeon.com.br\/portal\/#\/schema\/person\/a5060ad1e9ea3df545188fc93ce43d2f"},"breadcrumb":{"@id":"https:\/\/verdadeon.com.br\/portal\/2023\/04\/24\/dise-prende-cinco-homens-e-apreende-dois-adolescentes-por-trafico-de-drogas\/#breadcrumb"},"inLanguage":"pt-BR","potentialAction":[{"@type":"ReadAction","target":["https:\/\/verdadeon.com.br\/portal\/2023\/04\/24\/dise-prende-cinco-homens-e-apreende-dois-adolescentes-por-trafico-de-drogas\/"]}]},{"@type":"ImageObject","inLanguage":"pt-BR","@id":"https:\/\/verdadeon.com.br\/portal\/2023\/04\/24\/dise-prende-cinco-homens-e-apreende-dois-adolescentes-por-trafico-de-drogas\/#primaryimage","url":"https:\/\/i0.wp.com\/verdadeon.com.br\/portal\/wp-content\/uploads\/2023\/04\/AnyConv.com__WhatsApp-Image-2023-04-24-at-13.01.10.jpeg?fit=1000%2C670&ssl=1","contentUrl":"https:\/\/i0.wp.com\/verdadeon.com.br\/portal\/wp-content\/uploads\/2023\/04\/AnyConv.com__WhatsApp-Image-2023-04-24-at-13.01.10.jpeg?fit=1000%2C670&ssl=1","width":1000,"height":670,"caption":"Opera\u00e7\u00e3o Pandilla det\u00eam 7 indiv\u00edduos por tr\u00e1fico e associa\u00e7\u00e3o em Franca."},{"@type":"BreadcrumbList","@id":"https:\/\/verdadeon.com.br\/portal\/2023\/04\/24\/dise-prende-cinco-homens-e-apreende-dois-adolescentes-por-trafico-de-drogas\/#breadcrumb","itemListElement":[{"@type":"ListItem","position":1,"name":"In\u00edcio","item":"https:\/\/verdadeon.com.br\/portal\/"},{"@type":"ListItem","position":2,"name":"DISE prende cinco homens e apreende dois adolescentes por tr\u00e1fico de drogas"}]},{"@type":"WebSite","@id":"https:\/\/verdadeon.com.br\/portal\/#website","url":"https:\/\/verdadeon.com.br\/portal\/","name":"VerdadeOn","description":"Not\u00edcias di\u00e1rias sobre Franca, Regi\u00e3o, Esporte, Cultura, Cotidiano, Colunas. Cobertura nos principais eventos da cidade \u00e9 aqui - Verdadeon Franca","potentialAction":[{"@type":"SearchAction","target":{"@type":"EntryPoint","urlTemplate":"https:\/\/verdadeon.com.br\/portal\/?s={search_term_string}"},"query-input":{"@type":"PropertyValueSpecification","valueRequired":true,"valueName":"search_term_string"}}],"inLanguage":"pt-BR"},{"@type":"Person","@id":"https:\/\/verdadeon.com.br\/portal\/#\/schema\/person\/a5060ad1e9ea3df545188fc93ce43d2f","name":"Redacao VerdadeOn","image":{"@type":"ImageObject","inLanguage":"pt-BR","@id":"https:\/\/verdadeon.com.br\/portal\/#\/schema\/person\/image\/","url":"https:\/\/secure.gravatar.com\/avatar\/459a9613caaaf07f582c3d0841eea68bdd66f533e465e6ba8b9cb45619572cf4?s=96&d=mm&r=g","contentUrl":"https:\/\/secure.gravatar.com\/avatar\/459a9613caaaf07f582c3d0841eea68bdd66f533e465e6ba8b9cb45619572cf4?s=96&d=mm&r=g","caption":"Redacao VerdadeOn"},"url":"https:\/\/verdadeon.com.br\/portal\/author\/redacao\/"}]}},"jetpack_publicize_connections":[],"jetpack_featured_media_url":"https:\/\/i0.wp.com\/verdadeon.com.br\/portal\/wp-content\/uploads\/2023\/04\/AnyConv.com__WhatsApp-Image-2023-04-24-at-13.01.10.jpeg?fit=1000%2C670&ssl=1","jetpack_sharing_enabled":true,"_links":{"self":[{"href":"https:\/\/verdadeon.com.br\/portal\/wp-json\/wp\/v2\/posts\/33683","targetHints":{"allow":["GET"]}}],"collection":[{"href":"https:\/\/verdadeon.com.br\/portal\/wp-json\/wp\/v2\/posts"}],"about":[{"href":"https:\/\/verdadeon.com.br\/portal\/wp-json\/wp\/v2\/types\/post"}],"author":[{"embeddable":true,"href":"https:\/\/verdadeon.com.br\/portal\/wp-json\/wp\/v2\/users\/10"}],"replies":[{"embeddable":true,"href":"https:\/\/verdadeon.com.br\/portal\/wp-json\/wp\/v2\/comments?post=33683"}],"version-history":[{"count":1,"href":"https:\/\/verdadeon.com.br\/portal\/wp-json\/wp\/v2\/posts\/33683\/revisions"}],"predecessor-version":[{"id":33686,"href":"https:\/\/verdadeon.com.br\/portal\/wp-json\/wp\/v2\/posts\/33683\/revisions\/33686"}],"wp:featuredmedia":[{"embeddable":true,"href":"https:\/\/verdadeon.com.br\/portal\/wp-json\/wp\/v2\/media\/33685"}],"wp:attachment":[{"href":"https:\/\/verdadeon.com.br\/portal\/wp-json\/wp\/v2\/media?parent=33683"}],"wp:term":[{"taxonomy":"category","embeddable":true,"href":"https:\/\/verdadeon.com.br\/portal\/wp-json\/wp\/v2\/categories?post=33683"},{"taxonomy":"post_tag","embeddable":true,"href":"https:\/\/verdadeon.com.br\/portal\/wp-json\/wp\/v2\/tags?post=33683"}],"curies":[{"name":"wp","href":"https:\/\/api.w.org\/{rel}","templated":true}]}}