{"id":33670,"date":"2023-04-22T14:10:53","date_gmt":"2023-04-22T17:10:53","guid":{"rendered":"https:\/\/verdadeon.com.br\/portal\/?p=33670"},"modified":"2023-04-22T14:10:53","modified_gmt":"2023-04-22T17:10:53","slug":"producao-de-cana-deve-crescer-e-chegar-a-610-milhoes-de-toneladas","status":"publish","type":"post","link":"https:\/\/verdadeon.com.br\/portal\/2023\/04\/22\/producao-de-cana-deve-crescer-e-chegar-a-610-milhoes-de-toneladas\/","title":{"rendered":"Produ\u00e7\u00e3o de cana deve crescer e chegar a 610 milh\u00f5es de toneladas"},"content":{"rendered":"<div class=\"row\">\n<h2 class=\"col-10 offset-1 animated fadeInDown dealy-900 display-8 display-md-8 alt-font font-italic my-1 text-center\">Sudeste tem colheita 5,8% maior: 387 milh\u00f5es de toneladas<\/h2>\n<p>A produ\u00e7\u00e3o de cana-de-a\u00e7\u00facar estimada para a safra 2022\/23 tem uma previs\u00e3o de crescimento de 5,4% na compara\u00e7\u00e3o com a safra 2021\/2022, devendo chegar a 610 milh\u00f5es de toneladas. \u00c9 o que projeta o quarto levantamento sobre a cultura divulgado na \u00faltima quinta-feira (20), em Bras\u00edlia, pela Companhia Nacional de Abastecimento (Conab).<\/p>\n<p>O resultado se deve a uma recupera\u00e7\u00e3o das produtividades nos principais estados produtores, \u201cinfluenciado pelo clima mais favor\u00e1vel nesse ciclo\u201d. O resultado compensou a menor \u00e1rea colhida na temporada anterior.<\/p>\n<p>Em nota divulgada pela Conab, o superintendente de Informa\u00e7\u00f5es da Agropecu\u00e1ria, Aroldo de Oliveira Neto, explicou que, apesar de a safra recente ter sido marcada por \u201cbaixos \u00edndices pluviom\u00e9tricos, aliados \u00e0s baixas temperaturas registradas na Regi\u00e3o Centro-Sul, a produtividade nacional est\u00e1 estimada em 73.609 kg\/ha, 6,1% superior \u00e0 obtida na temporada 2021\/22, quando o clima foi ainda mais adverso para o setor\u201d.<\/p>\n<p>Maior produtora de cana no pa\u00eds, a regi\u00e3o Sudeste apresenta colheita 5,8% maior no ciclo 2022\/23, na compara\u00e7\u00e3o com a safra anterior, saindo de 366,33 milh\u00f5es de toneladas para 387,76 milh\u00f5es de toneladas.<\/p>\n<p>\u201cA \u00e1rea se manteve praticamente est\u00e1vel com 5,1 milh\u00f5es de hectares. Situa\u00e7\u00e3o semelhante foi registrada na regi\u00e3o Centro-Oeste, onde a produtividade aumentou 5,7%, devido \u00e0 melhora nas condi\u00e7\u00f5es clim\u00e1ticas. A \u00e1rea, por sua vez, apresentou redu\u00e7\u00e3o de 2,1%, estimada em 1,77 milh\u00f5es de hectares. Com isso, a colheita chega a 131,54 milh\u00f5es de toneladas\u201d, informou a Conab.<\/p>\n<h2>Melhor desempenho<\/h2>\n<p>No Nordeste, onde as lavouras tiveram melhora de desempenho, foi verificado um incremento na \u00e1rea plantada, \u201cresultando em uma produ\u00e7\u00e3o de aproximadamente 56 milh\u00f5es de toneladas, aumento de 12,5% em compara\u00e7\u00e3o com a safra 2021\/22\u201d.<\/p>\n<p>J\u00e1 na regi\u00e3o Sul, observa-se redu\u00e7\u00e3o da \u00e1rea cultivada, com a cana dando lugar a produtos como soja, milho, mandioca e pastagens.<\/p>\n<p>De acordo com a Conab, a \u00e1rea colhida foi a terceira menor da s\u00e9rie hist\u00f3rica, com uma estimativa de 475,4 mil hectares. O n\u00famero \u00e9 9,1% menor do que o registrado na safra anterior. A produ\u00e7\u00e3o estimada para a regi\u00e3o \u00e9 de 30,95 milh\u00f5es de toneladas. \u201cQueda na produ\u00e7\u00e3o, tamb\u00e9m, na Regi\u00e3o Norte, influenciada pela redu\u00e7\u00e3o de produtividade, que foi recorde na safra passada\u201d, complementa a companhia.<\/p>\n<p>A produ\u00e7\u00e3o estimada de biocombust\u00edvel, produzido a partir da cana, \u00e9 2,1% maior, se comparada \u00e0 safra passada, \u201ccom forte incremento no etanol \u00e0 base de milho e na produ\u00e7\u00e3o do produto \u00e0 base de cana-de-a\u00e7\u00facar na regi\u00e3o Nordeste\u201d.<\/p>\n<p>A estimativa para a produ\u00e7\u00e3o total de biocombust\u00edveis \u00e9 de 30,5 bilh\u00f5es de litros, sendo 12,97 bilh\u00f5es de litros de etanol anidro e 17,53 bilh\u00f5es de litros de etanol hidratado.<\/p>\n<p>\u201cCom o aumento da colheita da cana, a produ\u00e7\u00e3o de etanol apresentou um ligeiro aumento de 0,5% em rela\u00e7\u00e3o \u00e0 temporada anterior. Entre os subprodutos, o etanol anidro produzido a partir da cana-de-a\u00e7\u00facar aumentou 12,5%, alcan\u00e7ando 11,49 bilh\u00f5es de litros. Em contrapartida, o combust\u00edvel hidratado reduziu a produ\u00e7\u00e3o em 7,1%, totalizando 15,04 bilh\u00f5es de litros produzidos\u201d, detalhou o superintendente de Informa\u00e7\u00f5es da Agropecu\u00e1ria, Aroldo de Oliveira Neto.<\/p>\n<h2>Exporta\u00e7\u00f5es crescem<\/h2>\n<p>Segundo o levantamento consolidado da safra 2022\/23, o pa\u00eds exportou 29,4 milh\u00f5es de toneladas de a\u00e7\u00facar (quantidade 13% maior do que obtida no ciclo anterior) \u2013 resultado que, segundo a Conab, foi influenciado pela menor participa\u00e7\u00e3o da \u00cdndia no mercado internacional.<\/p>\n<p>As exporta\u00e7\u00f5es de etanol da \u00faltima safra ficaram em 2,84 bilh\u00f5es de litros (58% maior em rela\u00e7\u00e3o ao ciclo anterior).<\/p>\n<p>\u201cAl\u00e9m de encontrar um mercado mais favor\u00e1vel no exterior no que diz respeito a pre\u00e7os, outros fatores como a valoriza\u00e7\u00e3o do d\u00f3lar, a redu\u00e7\u00e3o na oferta internacional de petr\u00f3leo e as quest\u00f5es envolvendo a demanda a n\u00edvel mundial por combust\u00edveis, principalmente na Europa, est\u00e3o entre os motivos que levaram a esse crescimento da exporta\u00e7\u00e3o do biocombust\u00edvel\u201d, justificou a Conab.<\/p>\n<p>As importa\u00e7\u00f5es do produto foram 43,5% menores na temporada 2022\/23, chegando a 215 milh\u00f5es de litros.<\/p>\n<p>Fonte: Ag\u00eancia Brasil<\/p>\n<\/div>\n","protected":false},"excerpt":{"rendered":"<p>Sudeste tem colheita 5,8% maior: 387 milh\u00f5es de toneladas A produ\u00e7\u00e3o de cana-de-a\u00e7\u00facar estimada para a safra 2022\/23 tem uma previs\u00e3o de crescimento de 5,4% na<span class=\"excerpt-hellip\"> [\u2026]<\/span><\/p>\n","protected":false},"author":10,"featured_media":33671,"comment_status":"open","ping_status":"open","sticky":false,"template":"","format":"standard","meta":{"_jetpack_memberships_contains_paid_content":false,"footnotes":"","jetpack_publicize_message":"","jetpack_publicize_feature_enabled":true,"jetpack_social_post_already_shared":false,"jetpack_social_options":{"image_generator_settings":{"template":"highway","default_image_id":0,"enabled":false},"version":2}},"categories":[28,81],"tags":[],"class_list":["post-33670","post","type-post","status-publish","format-standard","has-post-thumbnail","hentry","category-cotidiano","category-manchete"],"yoast_head":"<!-- This site is optimized with the Yoast SEO plugin v25.6 - https:\/\/yoast.com\/wordpress\/plugins\/seo\/ -->\n<title>Produ\u00e7\u00e3o de cana deve crescer e chegar a 610 milh\u00f5es de toneladas - VerdadeOn<\/title>\n<meta name=\"robots\" content=\"index, follow, max-snippet:-1, max-image-preview:large, max-video-preview:-1\" \/>\n<link rel=\"canonical\" href=\"https:\/\/verdadeon.com.br\/portal\/2023\/04\/22\/producao-de-cana-deve-crescer-e-chegar-a-610-milhoes-de-toneladas\/\" \/>\n<meta property=\"og:locale\" content=\"pt_BR\" \/>\n<meta property=\"og:type\" content=\"article\" \/>\n<meta property=\"og:title\" content=\"Produ\u00e7\u00e3o de cana deve crescer e chegar a 610 milh\u00f5es de toneladas - VerdadeOn\" \/>\n<meta property=\"og:description\" content=\"Sudeste tem colheita 5,8% maior: 387 milh\u00f5es de toneladas A produ\u00e7\u00e3o de cana-de-a\u00e7\u00facar estimada para a safra 2022\/23 tem uma previs\u00e3o de crescimento de 5,4% na [\u2026]\" \/>\n<meta property=\"og:url\" content=\"https:\/\/verdadeon.com.br\/portal\/2023\/04\/22\/producao-de-cana-deve-crescer-e-chegar-a-610-milhoes-de-toneladas\/\" \/>\n<meta property=\"og:site_name\" content=\"VerdadeOn\" \/>\n<meta property=\"article:published_time\" content=\"2023-04-22T17:10:53+00:00\" \/>\n<meta property=\"og:image\" content=\"https:\/\/verdadeon.com.br\/portal\/wp-content\/uploads\/2023\/04\/cana-de-acucar.jpeg\" \/>\n\t<meta property=\"og:image:width\" content=\"1044\" \/>\n\t<meta property=\"og:image:height\" content=\"700\" \/>\n\t<meta property=\"og:image:type\" content=\"image\/jpeg\" \/>\n<meta name=\"author\" content=\"Redacao VerdadeOn\" \/>\n<meta name=\"twitter:card\" content=\"summary_large_image\" \/>\n<meta name=\"twitter:label1\" content=\"Escrito por\" \/>\n\t<meta name=\"twitter:data1\" content=\"Redacao VerdadeOn\" \/>\n\t<meta name=\"twitter:label2\" content=\"Est. tempo de leitura\" \/>\n\t<meta name=\"twitter:data2\" content=\"3 minutos\" \/>\n<script type=\"application\/ld+json\" class=\"yoast-schema-graph\">{\"@context\":\"https:\/\/schema.org\",\"@graph\":[{\"@type\":\"WebPage\",\"@id\":\"https:\/\/verdadeon.com.br\/portal\/2023\/04\/22\/producao-de-cana-deve-crescer-e-chegar-a-610-milhoes-de-toneladas\/\",\"url\":\"https:\/\/verdadeon.com.br\/portal\/2023\/04\/22\/producao-de-cana-deve-crescer-e-chegar-a-610-milhoes-de-toneladas\/\",\"name\":\"Produ\u00e7\u00e3o de cana deve crescer e chegar a 610 milh\u00f5es de toneladas - VerdadeOn\",\"isPartOf\":{\"@id\":\"https:\/\/verdadeon.com.br\/portal\/#website\"},\"primaryImageOfPage\":{\"@id\":\"https:\/\/verdadeon.com.br\/portal\/2023\/04\/22\/producao-de-cana-deve-crescer-e-chegar-a-610-milhoes-de-toneladas\/#primaryimage\"},\"image\":{\"@id\":\"https:\/\/verdadeon.com.br\/portal\/2023\/04\/22\/producao-de-cana-deve-crescer-e-chegar-a-610-milhoes-de-toneladas\/#primaryimage\"},\"thumbnailUrl\":\"https:\/\/i0.wp.com\/verdadeon.com.br\/portal\/wp-content\/uploads\/2023\/04\/cana-de-acucar.jpeg?fit=1044%2C700&ssl=1\",\"datePublished\":\"2023-04-22T17:10:53+00:00\",\"author\":{\"@id\":\"https:\/\/verdadeon.com.br\/portal\/#\/schema\/person\/a5060ad1e9ea3df545188fc93ce43d2f\"},\"breadcrumb\":{\"@id\":\"https:\/\/verdadeon.com.br\/portal\/2023\/04\/22\/producao-de-cana-deve-crescer-e-chegar-a-610-milhoes-de-toneladas\/#breadcrumb\"},\"inLanguage\":\"pt-BR\",\"potentialAction\":[{\"@type\":\"ReadAction\",\"target\":[\"https:\/\/verdadeon.com.br\/portal\/2023\/04\/22\/producao-de-cana-deve-crescer-e-chegar-a-610-milhoes-de-toneladas\/\"]}]},{\"@type\":\"ImageObject\",\"inLanguage\":\"pt-BR\",\"@id\":\"https:\/\/verdadeon.com.br\/portal\/2023\/04\/22\/producao-de-cana-deve-crescer-e-chegar-a-610-milhoes-de-toneladas\/#primaryimage\",\"url\":\"https:\/\/i0.wp.com\/verdadeon.com.br\/portal\/wp-content\/uploads\/2023\/04\/cana-de-acucar.jpeg?fit=1044%2C700&ssl=1\",\"contentUrl\":\"https:\/\/i0.wp.com\/verdadeon.com.br\/portal\/wp-content\/uploads\/2023\/04\/cana-de-acucar.jpeg?fit=1044%2C700&ssl=1\",\"width\":1044,\"height\":700,\"caption\":\"Em carta aberta, entidades rurais descrevem \\\"monocultura da cana-de-a\u00e7\u00facar: o combust\u00edvel que alimenta os inc\u00eandios\\\" (\u00a9Banco de Imagens)\"},{\"@type\":\"BreadcrumbList\",\"@id\":\"https:\/\/verdadeon.com.br\/portal\/2023\/04\/22\/producao-de-cana-deve-crescer-e-chegar-a-610-milhoes-de-toneladas\/#breadcrumb\",\"itemListElement\":[{\"@type\":\"ListItem\",\"position\":1,\"name\":\"In\u00edcio\",\"item\":\"https:\/\/verdadeon.com.br\/portal\/\"},{\"@type\":\"ListItem\",\"position\":2,\"name\":\"Produ\u00e7\u00e3o de cana deve crescer e chegar a 610 milh\u00f5es de toneladas\"}]},{\"@type\":\"WebSite\",\"@id\":\"https:\/\/verdadeon.com.br\/portal\/#website\",\"url\":\"https:\/\/verdadeon.com.br\/portal\/\",\"name\":\"VerdadeOn\",\"description\":\"Not\u00edcias di\u00e1rias sobre Franca, Regi\u00e3o, Esporte, Cultura, Cotidiano, Colunas. Cobertura nos principais eventos da cidade \u00e9 aqui - Verdadeon Franca\",\"potentialAction\":[{\"@type\":\"SearchAction\",\"target\":{\"@type\":\"EntryPoint\",\"urlTemplate\":\"https:\/\/verdadeon.com.br\/portal\/?s={search_term_string}\"},\"query-input\":{\"@type\":\"PropertyValueSpecification\",\"valueRequired\":true,\"valueName\":\"search_term_string\"}}],\"inLanguage\":\"pt-BR\"},{\"@type\":\"Person\",\"@id\":\"https:\/\/verdadeon.com.br\/portal\/#\/schema\/person\/a5060ad1e9ea3df545188fc93ce43d2f\",\"name\":\"Redacao VerdadeOn\",\"image\":{\"@type\":\"ImageObject\",\"inLanguage\":\"pt-BR\",\"@id\":\"https:\/\/verdadeon.com.br\/portal\/#\/schema\/person\/image\/\",\"url\":\"https:\/\/secure.gravatar.com\/avatar\/459a9613caaaf07f582c3d0841eea68bdd66f533e465e6ba8b9cb45619572cf4?s=96&d=mm&r=g\",\"contentUrl\":\"https:\/\/secure.gravatar.com\/avatar\/459a9613caaaf07f582c3d0841eea68bdd66f533e465e6ba8b9cb45619572cf4?s=96&d=mm&r=g\",\"caption\":\"Redacao VerdadeOn\"},\"url\":\"https:\/\/verdadeon.com.br\/portal\/author\/redacao\/\"}]}<\/script>\n<!-- \/ Yoast SEO plugin. -->","yoast_head_json":{"title":"Produ\u00e7\u00e3o de cana deve crescer e chegar a 610 milh\u00f5es de toneladas - VerdadeOn","robots":{"index":"index","follow":"follow","max-snippet":"max-snippet:-1","max-image-preview":"max-image-preview:large","max-video-preview":"max-video-preview:-1"},"canonical":"https:\/\/verdadeon.com.br\/portal\/2023\/04\/22\/producao-de-cana-deve-crescer-e-chegar-a-610-milhoes-de-toneladas\/","og_locale":"pt_BR","og_type":"article","og_title":"Produ\u00e7\u00e3o de cana deve crescer e chegar a 610 milh\u00f5es de toneladas - VerdadeOn","og_description":"Sudeste tem colheita 5,8% maior: 387 milh\u00f5es de toneladas A produ\u00e7\u00e3o de cana-de-a\u00e7\u00facar estimada para a safra 2022\/23 tem uma previs\u00e3o de crescimento de 5,4% na [\u2026]","og_url":"https:\/\/verdadeon.com.br\/portal\/2023\/04\/22\/producao-de-cana-deve-crescer-e-chegar-a-610-milhoes-de-toneladas\/","og_site_name":"VerdadeOn","article_published_time":"2023-04-22T17:10:53+00:00","og_image":[{"width":1044,"height":700,"url":"https:\/\/verdadeon.com.br\/portal\/wp-content\/uploads\/2023\/04\/cana-de-acucar.jpeg","type":"image\/jpeg"}],"author":"Redacao VerdadeOn","twitter_card":"summary_large_image","twitter_misc":{"Escrito por":"Redacao VerdadeOn","Est. tempo de leitura":"3 minutos"},"schema":{"@context":"https:\/\/schema.org","@graph":[{"@type":"WebPage","@id":"https:\/\/verdadeon.com.br\/portal\/2023\/04\/22\/producao-de-cana-deve-crescer-e-chegar-a-610-milhoes-de-toneladas\/","url":"https:\/\/verdadeon.com.br\/portal\/2023\/04\/22\/producao-de-cana-deve-crescer-e-chegar-a-610-milhoes-de-toneladas\/","name":"Produ\u00e7\u00e3o de cana deve crescer e chegar a 610 milh\u00f5es de toneladas - VerdadeOn","isPartOf":{"@id":"https:\/\/verdadeon.com.br\/portal\/#website"},"primaryImageOfPage":{"@id":"https:\/\/verdadeon.com.br\/portal\/2023\/04\/22\/producao-de-cana-deve-crescer-e-chegar-a-610-milhoes-de-toneladas\/#primaryimage"},"image":{"@id":"https:\/\/verdadeon.com.br\/portal\/2023\/04\/22\/producao-de-cana-deve-crescer-e-chegar-a-610-milhoes-de-toneladas\/#primaryimage"},"thumbnailUrl":"https:\/\/i0.wp.com\/verdadeon.com.br\/portal\/wp-content\/uploads\/2023\/04\/cana-de-acucar.jpeg?fit=1044%2C700&ssl=1","datePublished":"2023-04-22T17:10:53+00:00","author":{"@id":"https:\/\/verdadeon.com.br\/portal\/#\/schema\/person\/a5060ad1e9ea3df545188fc93ce43d2f"},"breadcrumb":{"@id":"https:\/\/verdadeon.com.br\/portal\/2023\/04\/22\/producao-de-cana-deve-crescer-e-chegar-a-610-milhoes-de-toneladas\/#breadcrumb"},"inLanguage":"pt-BR","potentialAction":[{"@type":"ReadAction","target":["https:\/\/verdadeon.com.br\/portal\/2023\/04\/22\/producao-de-cana-deve-crescer-e-chegar-a-610-milhoes-de-toneladas\/"]}]},{"@type":"ImageObject","inLanguage":"pt-BR","@id":"https:\/\/verdadeon.com.br\/portal\/2023\/04\/22\/producao-de-cana-deve-crescer-e-chegar-a-610-milhoes-de-toneladas\/#primaryimage","url":"https:\/\/i0.wp.com\/verdadeon.com.br\/portal\/wp-content\/uploads\/2023\/04\/cana-de-acucar.jpeg?fit=1044%2C700&ssl=1","contentUrl":"https:\/\/i0.wp.com\/verdadeon.com.br\/portal\/wp-content\/uploads\/2023\/04\/cana-de-acucar.jpeg?fit=1044%2C700&ssl=1","width":1044,"height":700,"caption":"Em carta aberta, entidades rurais descrevem \"monocultura da cana-de-a\u00e7\u00facar: o combust\u00edvel que alimenta os inc\u00eandios\" (\u00a9Banco de Imagens)"},{"@type":"BreadcrumbList","@id":"https:\/\/verdadeon.com.br\/portal\/2023\/04\/22\/producao-de-cana-deve-crescer-e-chegar-a-610-milhoes-de-toneladas\/#breadcrumb","itemListElement":[{"@type":"ListItem","position":1,"name":"In\u00edcio","item":"https:\/\/verdadeon.com.br\/portal\/"},{"@type":"ListItem","position":2,"name":"Produ\u00e7\u00e3o de cana deve crescer e chegar a 610 milh\u00f5es de toneladas"}]},{"@type":"WebSite","@id":"https:\/\/verdadeon.com.br\/portal\/#website","url":"https:\/\/verdadeon.com.br\/portal\/","name":"VerdadeOn","description":"Not\u00edcias di\u00e1rias sobre Franca, Regi\u00e3o, Esporte, Cultura, Cotidiano, Colunas. Cobertura nos principais eventos da cidade \u00e9 aqui - Verdadeon Franca","potentialAction":[{"@type":"SearchAction","target":{"@type":"EntryPoint","urlTemplate":"https:\/\/verdadeon.com.br\/portal\/?s={search_term_string}"},"query-input":{"@type":"PropertyValueSpecification","valueRequired":true,"valueName":"search_term_string"}}],"inLanguage":"pt-BR"},{"@type":"Person","@id":"https:\/\/verdadeon.com.br\/portal\/#\/schema\/person\/a5060ad1e9ea3df545188fc93ce43d2f","name":"Redacao VerdadeOn","image":{"@type":"ImageObject","inLanguage":"pt-BR","@id":"https:\/\/verdadeon.com.br\/portal\/#\/schema\/person\/image\/","url":"https:\/\/secure.gravatar.com\/avatar\/459a9613caaaf07f582c3d0841eea68bdd66f533e465e6ba8b9cb45619572cf4?s=96&d=mm&r=g","contentUrl":"https:\/\/secure.gravatar.com\/avatar\/459a9613caaaf07f582c3d0841eea68bdd66f533e465e6ba8b9cb45619572cf4?s=96&d=mm&r=g","caption":"Redacao VerdadeOn"},"url":"https:\/\/verdadeon.com.br\/portal\/author\/redacao\/"}]}},"jetpack_publicize_connections":[],"jetpack_featured_media_url":"https:\/\/i0.wp.com\/verdadeon.com.br\/portal\/wp-content\/uploads\/2023\/04\/cana-de-acucar.jpeg?fit=1044%2C700&ssl=1","jetpack_sharing_enabled":true,"_links":{"self":[{"href":"https:\/\/verdadeon.com.br\/portal\/wp-json\/wp\/v2\/posts\/33670","targetHints":{"allow":["GET"]}}],"collection":[{"href":"https:\/\/verdadeon.com.br\/portal\/wp-json\/wp\/v2\/posts"}],"about":[{"href":"https:\/\/verdadeon.com.br\/portal\/wp-json\/wp\/v2\/types\/post"}],"author":[{"embeddable":true,"href":"https:\/\/verdadeon.com.br\/portal\/wp-json\/wp\/v2\/users\/10"}],"replies":[{"embeddable":true,"href":"https:\/\/verdadeon.com.br\/portal\/wp-json\/wp\/v2\/comments?post=33670"}],"version-history":[{"count":1,"href":"https:\/\/verdadeon.com.br\/portal\/wp-json\/wp\/v2\/posts\/33670\/revisions"}],"predecessor-version":[{"id":33672,"href":"https:\/\/verdadeon.com.br\/portal\/wp-json\/wp\/v2\/posts\/33670\/revisions\/33672"}],"wp:featuredmedia":[{"embeddable":true,"href":"https:\/\/verdadeon.com.br\/portal\/wp-json\/wp\/v2\/media\/33671"}],"wp:attachment":[{"href":"https:\/\/verdadeon.com.br\/portal\/wp-json\/wp\/v2\/media?parent=33670"}],"wp:term":[{"taxonomy":"category","embeddable":true,"href":"https:\/\/verdadeon.com.br\/portal\/wp-json\/wp\/v2\/categories?post=33670"},{"taxonomy":"post_tag","embeddable":true,"href":"https:\/\/verdadeon.com.br\/portal\/wp-json\/wp\/v2\/tags?post=33670"}],"curies":[{"name":"wp","href":"https:\/\/api.w.org\/{rel}","templated":true}]}}