{"id":33659,"date":"2023-04-22T13:45:42","date_gmt":"2023-04-22T16:45:42","guid":{"rendered":"https:\/\/verdadeon.com.br\/portal\/?p=33659"},"modified":"2023-04-22T13:51:48","modified_gmt":"2023-04-22T16:51:48","slug":"concurso-da-prefeitura-tem-provas-neste-domingo-23","status":"publish","type":"post","link":"https:\/\/verdadeon.com.br\/portal\/2023\/04\/22\/concurso-da-prefeitura-tem-provas-neste-domingo-23\/","title":{"rendered":"Concurso da Prefeitura tem provas neste domingo, 23"},"content":{"rendered":"<h2>Provas do concurso 03\/23 ser\u00e3o realizadas no pr\u00e9dio da Faculdade de Direito de Franca<\/h2>\n<p style=\"font-weight: 400;\">Com 162 candidatos inscritos, est\u00e3o programadas para este domingo, dia 23, na Faculdade de Direito de Franca, as provas objetivas para o Concurso\u00a0\u00a0P\u00fablico 03\/23, realizado pela Prefeitura. O lembrete est\u00e1 sendo feito pela Secretaria de Administra\u00e7\u00e3o e Recursos Humanos, que divulgou no \u00faltimo dia 13 o edital com a rela\u00e7\u00e3o completa dos inscritos para as fun\u00e7\u00f5es de Agente de Defesa Civil, Ge\u00f3logo, M\u00e9dicos e Motorista I.<\/p>\n<p style=\"font-weight: 400;\">A orienta\u00e7\u00e3o \u00e9 que estejam na unidade 1 da Faculdade de Direito (Avenida Major Nic\u00e1cio, 2.377, bairro S\u00e3o Jos\u00e9), quando os port\u00f5es ser\u00e3o abertos \u00e0s 8 horas. Recomenda-se que estejam munidos do cart\u00e3o de inscri\u00e7\u00e3o, documenta\u00e7\u00e3o e que se apresentem ao local com pelo menos 30 minutos de anteced\u00eancia, com m\u00e1scara de prote\u00e7\u00e3o contra a covid-19 e observem as demais normas de seguran\u00e7a previstas.<\/p>\n<p style=\"font-weight: 400;\">Dos 162 candidatos, a maior demanda est\u00e1 para a fun\u00e7\u00e3o de Motorista I, com 75 inscri\u00e7\u00f5es, seguido pela atividade de Agente de Defesa Civil, com 36 e M\u00e9dico Clinico Geral, com 22 candidatos.<\/p>\n<p style=\"font-weight: 400;\"><strong>Concurso 01\/23<\/strong><\/p>\n<p style=\"font-weight: 400;\">Um outro Concurso P\u00fablico, de n\u00ba 01\/23, est\u00e1 em andamento. As notas das provas objetivas, gabarito e convoca\u00e7\u00e3o para as provas pr\u00e1ticas foram publicadas dia 14 deste m\u00eas. As respostas aos recursos apresentados permaneceram dispon\u00edveis no endere\u00e7o eletr\u00f4nico\u00a0<a href=\"http:\/\/www.ibamsp-concursos.org.br\/site\/recurso\/acessar\/719\" data-saferedirecturl=\"https:\/\/www.google.com\/url?q=http:\/\/www.ibamsp-concursos.org.br\/site\/recurso\/acessar\/719&amp;source=gmail&amp;ust=1682267865350000&amp;usg=AOvVaw3fKOtayHeXcPkMM95viAPO\">www.ibamsp-concursos.org.br\/site\/recurso\/acessar\/719<\/a>\u00a0at\u00e9 a \u00faltima quarta-feira, dia 18.<\/p>\n<p style=\"font-weight: 400;\">Esse concurso \u00e9 destinado para as fun\u00e7\u00f5es substitutas de Agente de Defesa Civil, Coordenador Pedag\u00f3gico, M\u00e9dicos Cirurgi\u00e3o Gastroenterologista, Dermatologista, Emergencialista Pediatra, Especialista em Doppler, Especialista em Ultrassonografia Ginecol\u00f3gica e Obstetr\u00edcia, Geriatra, Hematologista, Homeopata, Infectologista, Mastologista, Nefrologista, Oncologista, Otorrinolaringologista, Pediatra, Pneumologista, Pneumologista Cirurgi\u00e3o Tor\u00e1cico, Psiquiatra Infantil, Radiologista, Reumatologista, Urologista, Motorista I, Orientador Educacional, Pedagogo, Professor PEB II Educa\u00e7\u00e3o Art\u00edstica, Professor PEB II F\u00edsica, Professor\u00a0\u00a0PEB II Sociologia, Servente Merendeiro e Supervisor de Ensino.<\/p>\n<p style=\"font-weight: 400;\">Al\u00e9m das provas objetivas para todas as fun\u00e7\u00f5es, os candidatos para Motorista I Substituto passar\u00e3o por prova pr\u00e1tica. O exame est\u00e1 previsto para o dia 7 de maio, no per\u00edodo de 8 \u00e0s 11h, na sede da EMDEF (Empresa Municipal para o Desenvolvimento de Franca), que fica na rua Vera Beatriz Marques Mello, 5.965, no Distrito Industrial.<\/p>\n<p style=\"font-weight: 400;\">A rela\u00e7\u00e3o dos 29 candidatos habilitados a participarem da prova pr\u00e1tica est\u00e1 dispon\u00edvel na publica\u00e7\u00e3o feita no Di\u00e1rio Oficial do Munic\u00edpio, que pode ser acessada pelo link\u00a0<a href=\"https:\/\/www.franca.sp.gov.br\/arquivos\/diario-oficial\/documentos\/2263-14042023.pdf\" data-saferedirecturl=\"https:\/\/www.google.com\/url?q=https:\/\/www.franca.sp.gov.br\/arquivos\/diario-oficial\/documentos\/2263-14042023.pdf&amp;source=gmail&amp;ust=1682267865350000&amp;usg=AOvVaw2cLKy5p4aMwhO9_bBYlLmK\">https:\/\/www.franca.sp.gov.br\/arquivos\/diario-oficial\/documentos\/2263-14042023.pdf<\/a>\u00a0.<\/p>\n<p><strong>Bolsa Medicina<\/strong><\/p>\n<p style=\"font-weight: 400;\">Em publica\u00e7\u00e3o no Di\u00e1rio Oficial do Munic\u00edpio desta sexta-feira, 20, a Secretaria de Educa\u00e7\u00e3o divulgou os tr\u00eas estudantes contemplados no Bolsa Medicina. O edital\u00a0est\u00e1 dispon\u00edvel no link\u00a0<a href=\"https:\/\/www.franca.sp.gov.br\/arquivos\/diario-oficial\/documentos\/2267-20042023.pdf\" data-saferedirecturl=\"https:\/\/www.google.com\/url?q=https:\/\/www.franca.sp.gov.br\/arquivos\/diario-oficial\/documentos\/2267-20042023.pdf&amp;source=gmail&amp;ust=1682267865350000&amp;usg=AOvVaw0C6xde8bxXiCEIiFKskf2n\">https:\/\/www.franca.sp.gov.br\/arquivos\/diario-oficial\/documentos\/2267-20042023.pdf<\/a>.<\/p>\n<p style=\"font-weight: 400;\">O Bolsa Medicina \u00e9 um programa municipal de concess\u00e3o de bolsas de estudos parciais do curso superior presencial de gradua\u00e7\u00e3o em Medicina do Centro Universit\u00e1rio Municipal de Franca (Uni-Facef). Uma estudante foi contemplada com bolsa de 50% e outros dois com bolsa de 40%, que devem comparecer \u00e0 sede da Secretaria de Educa\u00e7\u00e3o munidos de documento de identidade, n\u00famero de conta corrente ou poupan\u00e7a e papel e caneta para anota\u00e7\u00f5es, no dia 27 de abril, \u00e0s 17h30. O n\u00e3o comparecimento dos alunos poder\u00e1 implicar na desclassifica\u00e7\u00e3o autom\u00e1tica. H\u00e1 duas universit\u00e1rias na lista de espera.<\/p>\n<p style=\"font-weight: 400;\">Al\u00e9m do projeto, a Prefeitura de Franca disponibiliza o Bolsa Universidade, aux\u00edlio destinado aos estudantes universit\u00e1rios de baixa renda, que estejam matriculados em uma das tr\u00eas unidades de Ensino Superior da cidade: Faculdade de Direito (FDF), Centro Universit\u00e1rio Municipal de Franca (Uni-Facef) ou Unifran e que n\u00e3o tenham forma\u00e7\u00e3o universit\u00e1ria anterior.<\/p>\n<p style=\"font-weight: 400;\">A previs\u00e3o \u00e9 que o resultado da primeira etapa do processo de sele\u00e7\u00e3o seja divulgado no dia\u00a013 de maio, no Di\u00e1rio Oficial do Munic\u00edpio. A publica\u00e7\u00e3o conter\u00e1 os classificados para as entrevistas sociais, data e hor\u00e1rio para comparecerem \u00e0 Secretaria de Educa\u00e7\u00e3o.<\/p>\n","protected":false},"excerpt":{"rendered":"<p>Provas do concurso 03\/23 ser\u00e3o realizadas no pr\u00e9dio da Faculdade de Direito de Franca Com 162 candidatos inscritos, est\u00e3o programadas para este domingo, dia 23, na<span class=\"excerpt-hellip\"> [\u2026]<\/span><\/p>\n","protected":false},"author":10,"featured_media":33662,"comment_status":"open","ping_status":"open","sticky":false,"template":"","format":"standard","meta":{"_jetpack_memberships_contains_paid_content":false,"footnotes":"","jetpack_publicize_message":"","jetpack_publicize_feature_enabled":true,"jetpack_social_post_already_shared":false,"jetpack_social_options":{"image_generator_settings":{"template":"highway","default_image_id":0,"enabled":false},"version":2}},"categories":[28,81],"tags":[],"class_list":["post-33659","post","type-post","status-publish","format-standard","has-post-thumbnail","hentry","category-cotidiano","category-manchete"],"yoast_head":"<!-- This site is optimized with the Yoast SEO plugin v25.6 - https:\/\/yoast.com\/wordpress\/plugins\/seo\/ -->\n<title>Concurso da Prefeitura tem provas neste domingo, 23 - VerdadeOn<\/title>\n<meta name=\"robots\" content=\"index, follow, max-snippet:-1, max-image-preview:large, max-video-preview:-1\" \/>\n<link rel=\"canonical\" href=\"https:\/\/verdadeon.com.br\/portal\/2023\/04\/22\/concurso-da-prefeitura-tem-provas-neste-domingo-23\/\" \/>\n<meta property=\"og:locale\" content=\"pt_BR\" \/>\n<meta property=\"og:type\" content=\"article\" \/>\n<meta property=\"og:title\" content=\"Concurso da Prefeitura tem provas neste domingo, 23 - VerdadeOn\" \/>\n<meta property=\"og:description\" content=\"Provas do concurso 03\/23 ser\u00e3o realizadas no pr\u00e9dio da Faculdade de Direito de Franca Com 162 candidatos inscritos, est\u00e3o programadas para este domingo, dia 23, na [\u2026]\" \/>\n<meta property=\"og:url\" content=\"https:\/\/verdadeon.com.br\/portal\/2023\/04\/22\/concurso-da-prefeitura-tem-provas-neste-domingo-23\/\" \/>\n<meta property=\"og:site_name\" content=\"VerdadeOn\" \/>\n<meta property=\"article:published_time\" content=\"2023-04-22T16:45:42+00:00\" \/>\n<meta property=\"article:modified_time\" content=\"2023-04-22T16:51:48+00:00\" \/>\n<meta property=\"og:image\" content=\"https:\/\/verdadeon.com.br\/portal\/wp-content\/uploads\/2023\/04\/mao-o-preenchimento-de-questionario-form-scaled.jpg\" \/>\n\t<meta property=\"og:image:width\" content=\"2560\" \/>\n\t<meta property=\"og:image:height\" content=\"1715\" \/>\n\t<meta property=\"og:image:type\" content=\"image\/jpeg\" \/>\n<meta name=\"author\" content=\"Redacao VerdadeOn\" \/>\n<meta name=\"twitter:card\" content=\"summary_large_image\" \/>\n<meta name=\"twitter:label1\" content=\"Escrito por\" \/>\n\t<meta name=\"twitter:data1\" content=\"Redacao VerdadeOn\" \/>\n\t<meta name=\"twitter:label2\" content=\"Est. tempo de leitura\" \/>\n\t<meta name=\"twitter:data2\" content=\"3 minutos\" \/>\n<script type=\"application\/ld+json\" class=\"yoast-schema-graph\">{\"@context\":\"https:\/\/schema.org\",\"@graph\":[{\"@type\":\"WebPage\",\"@id\":\"https:\/\/verdadeon.com.br\/portal\/2023\/04\/22\/concurso-da-prefeitura-tem-provas-neste-domingo-23\/\",\"url\":\"https:\/\/verdadeon.com.br\/portal\/2023\/04\/22\/concurso-da-prefeitura-tem-provas-neste-domingo-23\/\",\"name\":\"Concurso da Prefeitura tem provas neste domingo, 23 - VerdadeOn\",\"isPartOf\":{\"@id\":\"https:\/\/verdadeon.com.br\/portal\/#website\"},\"primaryImageOfPage\":{\"@id\":\"https:\/\/verdadeon.com.br\/portal\/2023\/04\/22\/concurso-da-prefeitura-tem-provas-neste-domingo-23\/#primaryimage\"},\"image\":{\"@id\":\"https:\/\/verdadeon.com.br\/portal\/2023\/04\/22\/concurso-da-prefeitura-tem-provas-neste-domingo-23\/#primaryimage\"},\"thumbnailUrl\":\"https:\/\/i0.wp.com\/verdadeon.com.br\/portal\/wp-content\/uploads\/2023\/04\/mao-o-preenchimento-de-questionario-form-scaled.jpg?fit=2560%2C1715&ssl=1\",\"datePublished\":\"2023-04-22T16:45:42+00:00\",\"dateModified\":\"2023-04-22T16:51:48+00:00\",\"author\":{\"@id\":\"https:\/\/verdadeon.com.br\/portal\/#\/schema\/person\/a5060ad1e9ea3df545188fc93ce43d2f\"},\"breadcrumb\":{\"@id\":\"https:\/\/verdadeon.com.br\/portal\/2023\/04\/22\/concurso-da-prefeitura-tem-provas-neste-domingo-23\/#breadcrumb\"},\"inLanguage\":\"pt-BR\",\"potentialAction\":[{\"@type\":\"ReadAction\",\"target\":[\"https:\/\/verdadeon.com.br\/portal\/2023\/04\/22\/concurso-da-prefeitura-tem-provas-neste-domingo-23\/\"]}]},{\"@type\":\"ImageObject\",\"inLanguage\":\"pt-BR\",\"@id\":\"https:\/\/verdadeon.com.br\/portal\/2023\/04\/22\/concurso-da-prefeitura-tem-provas-neste-domingo-23\/#primaryimage\",\"url\":\"https:\/\/i0.wp.com\/verdadeon.com.br\/portal\/wp-content\/uploads\/2023\/04\/mao-o-preenchimento-de-questionario-form-scaled.jpg?fit=2560%2C1715&ssl=1\",\"contentUrl\":\"https:\/\/i0.wp.com\/verdadeon.com.br\/portal\/wp-content\/uploads\/2023\/04\/mao-o-preenchimento-de-questionario-form-scaled.jpg?fit=2560%2C1715&ssl=1\",\"width\":2560,\"height\":1715,\"caption\":\"Programa visa prepara\u00e7\u00e3o de jovens para vestibulares\"},{\"@type\":\"BreadcrumbList\",\"@id\":\"https:\/\/verdadeon.com.br\/portal\/2023\/04\/22\/concurso-da-prefeitura-tem-provas-neste-domingo-23\/#breadcrumb\",\"itemListElement\":[{\"@type\":\"ListItem\",\"position\":1,\"name\":\"In\u00edcio\",\"item\":\"https:\/\/verdadeon.com.br\/portal\/\"},{\"@type\":\"ListItem\",\"position\":2,\"name\":\"Concurso da Prefeitura tem provas neste domingo, 23\"}]},{\"@type\":\"WebSite\",\"@id\":\"https:\/\/verdadeon.com.br\/portal\/#website\",\"url\":\"https:\/\/verdadeon.com.br\/portal\/\",\"name\":\"VerdadeOn\",\"description\":\"Not\u00edcias di\u00e1rias sobre Franca, Regi\u00e3o, Esporte, Cultura, Cotidiano, Colunas. Cobertura nos principais eventos da cidade \u00e9 aqui - Verdadeon Franca\",\"potentialAction\":[{\"@type\":\"SearchAction\",\"target\":{\"@type\":\"EntryPoint\",\"urlTemplate\":\"https:\/\/verdadeon.com.br\/portal\/?s={search_term_string}\"},\"query-input\":{\"@type\":\"PropertyValueSpecification\",\"valueRequired\":true,\"valueName\":\"search_term_string\"}}],\"inLanguage\":\"pt-BR\"},{\"@type\":\"Person\",\"@id\":\"https:\/\/verdadeon.com.br\/portal\/#\/schema\/person\/a5060ad1e9ea3df545188fc93ce43d2f\",\"name\":\"Redacao VerdadeOn\",\"image\":{\"@type\":\"ImageObject\",\"inLanguage\":\"pt-BR\",\"@id\":\"https:\/\/verdadeon.com.br\/portal\/#\/schema\/person\/image\/\",\"url\":\"https:\/\/secure.gravatar.com\/avatar\/459a9613caaaf07f582c3d0841eea68bdd66f533e465e6ba8b9cb45619572cf4?s=96&d=mm&r=g\",\"contentUrl\":\"https:\/\/secure.gravatar.com\/avatar\/459a9613caaaf07f582c3d0841eea68bdd66f533e465e6ba8b9cb45619572cf4?s=96&d=mm&r=g\",\"caption\":\"Redacao VerdadeOn\"},\"url\":\"https:\/\/verdadeon.com.br\/portal\/author\/redacao\/\"}]}<\/script>\n<!-- \/ Yoast SEO plugin. -->","yoast_head_json":{"title":"Concurso da Prefeitura tem provas neste domingo, 23 - VerdadeOn","robots":{"index":"index","follow":"follow","max-snippet":"max-snippet:-1","max-image-preview":"max-image-preview:large","max-video-preview":"max-video-preview:-1"},"canonical":"https:\/\/verdadeon.com.br\/portal\/2023\/04\/22\/concurso-da-prefeitura-tem-provas-neste-domingo-23\/","og_locale":"pt_BR","og_type":"article","og_title":"Concurso da Prefeitura tem provas neste domingo, 23 - VerdadeOn","og_description":"Provas do concurso 03\/23 ser\u00e3o realizadas no pr\u00e9dio da Faculdade de Direito de Franca Com 162 candidatos inscritos, est\u00e3o programadas para este domingo, dia 23, na [\u2026]","og_url":"https:\/\/verdadeon.com.br\/portal\/2023\/04\/22\/concurso-da-prefeitura-tem-provas-neste-domingo-23\/","og_site_name":"VerdadeOn","article_published_time":"2023-04-22T16:45:42+00:00","article_modified_time":"2023-04-22T16:51:48+00:00","og_image":[{"width":2560,"height":1715,"url":"https:\/\/verdadeon.com.br\/portal\/wp-content\/uploads\/2023\/04\/mao-o-preenchimento-de-questionario-form-scaled.jpg","type":"image\/jpeg"}],"author":"Redacao VerdadeOn","twitter_card":"summary_large_image","twitter_misc":{"Escrito por":"Redacao VerdadeOn","Est. tempo de leitura":"3 minutos"},"schema":{"@context":"https:\/\/schema.org","@graph":[{"@type":"WebPage","@id":"https:\/\/verdadeon.com.br\/portal\/2023\/04\/22\/concurso-da-prefeitura-tem-provas-neste-domingo-23\/","url":"https:\/\/verdadeon.com.br\/portal\/2023\/04\/22\/concurso-da-prefeitura-tem-provas-neste-domingo-23\/","name":"Concurso da Prefeitura tem provas neste domingo, 23 - VerdadeOn","isPartOf":{"@id":"https:\/\/verdadeon.com.br\/portal\/#website"},"primaryImageOfPage":{"@id":"https:\/\/verdadeon.com.br\/portal\/2023\/04\/22\/concurso-da-prefeitura-tem-provas-neste-domingo-23\/#primaryimage"},"image":{"@id":"https:\/\/verdadeon.com.br\/portal\/2023\/04\/22\/concurso-da-prefeitura-tem-provas-neste-domingo-23\/#primaryimage"},"thumbnailUrl":"https:\/\/i0.wp.com\/verdadeon.com.br\/portal\/wp-content\/uploads\/2023\/04\/mao-o-preenchimento-de-questionario-form-scaled.jpg?fit=2560%2C1715&ssl=1","datePublished":"2023-04-22T16:45:42+00:00","dateModified":"2023-04-22T16:51:48+00:00","author":{"@id":"https:\/\/verdadeon.com.br\/portal\/#\/schema\/person\/a5060ad1e9ea3df545188fc93ce43d2f"},"breadcrumb":{"@id":"https:\/\/verdadeon.com.br\/portal\/2023\/04\/22\/concurso-da-prefeitura-tem-provas-neste-domingo-23\/#breadcrumb"},"inLanguage":"pt-BR","potentialAction":[{"@type":"ReadAction","target":["https:\/\/verdadeon.com.br\/portal\/2023\/04\/22\/concurso-da-prefeitura-tem-provas-neste-domingo-23\/"]}]},{"@type":"ImageObject","inLanguage":"pt-BR","@id":"https:\/\/verdadeon.com.br\/portal\/2023\/04\/22\/concurso-da-prefeitura-tem-provas-neste-domingo-23\/#primaryimage","url":"https:\/\/i0.wp.com\/verdadeon.com.br\/portal\/wp-content\/uploads\/2023\/04\/mao-o-preenchimento-de-questionario-form-scaled.jpg?fit=2560%2C1715&ssl=1","contentUrl":"https:\/\/i0.wp.com\/verdadeon.com.br\/portal\/wp-content\/uploads\/2023\/04\/mao-o-preenchimento-de-questionario-form-scaled.jpg?fit=2560%2C1715&ssl=1","width":2560,"height":1715,"caption":"Programa visa prepara\u00e7\u00e3o de jovens para vestibulares"},{"@type":"BreadcrumbList","@id":"https:\/\/verdadeon.com.br\/portal\/2023\/04\/22\/concurso-da-prefeitura-tem-provas-neste-domingo-23\/#breadcrumb","itemListElement":[{"@type":"ListItem","position":1,"name":"In\u00edcio","item":"https:\/\/verdadeon.com.br\/portal\/"},{"@type":"ListItem","position":2,"name":"Concurso da Prefeitura tem provas neste domingo, 23"}]},{"@type":"WebSite","@id":"https:\/\/verdadeon.com.br\/portal\/#website","url":"https:\/\/verdadeon.com.br\/portal\/","name":"VerdadeOn","description":"Not\u00edcias di\u00e1rias sobre Franca, Regi\u00e3o, Esporte, Cultura, Cotidiano, Colunas. Cobertura nos principais eventos da cidade \u00e9 aqui - Verdadeon Franca","potentialAction":[{"@type":"SearchAction","target":{"@type":"EntryPoint","urlTemplate":"https:\/\/verdadeon.com.br\/portal\/?s={search_term_string}"},"query-input":{"@type":"PropertyValueSpecification","valueRequired":true,"valueName":"search_term_string"}}],"inLanguage":"pt-BR"},{"@type":"Person","@id":"https:\/\/verdadeon.com.br\/portal\/#\/schema\/person\/a5060ad1e9ea3df545188fc93ce43d2f","name":"Redacao VerdadeOn","image":{"@type":"ImageObject","inLanguage":"pt-BR","@id":"https:\/\/verdadeon.com.br\/portal\/#\/schema\/person\/image\/","url":"https:\/\/secure.gravatar.com\/avatar\/459a9613caaaf07f582c3d0841eea68bdd66f533e465e6ba8b9cb45619572cf4?s=96&d=mm&r=g","contentUrl":"https:\/\/secure.gravatar.com\/avatar\/459a9613caaaf07f582c3d0841eea68bdd66f533e465e6ba8b9cb45619572cf4?s=96&d=mm&r=g","caption":"Redacao VerdadeOn"},"url":"https:\/\/verdadeon.com.br\/portal\/author\/redacao\/"}]}},"jetpack_publicize_connections":[],"jetpack_featured_media_url":"https:\/\/i0.wp.com\/verdadeon.com.br\/portal\/wp-content\/uploads\/2023\/04\/mao-o-preenchimento-de-questionario-form-scaled.jpg?fit=2560%2C1715&ssl=1","jetpack_sharing_enabled":true,"_links":{"self":[{"href":"https:\/\/verdadeon.com.br\/portal\/wp-json\/wp\/v2\/posts\/33659","targetHints":{"allow":["GET"]}}],"collection":[{"href":"https:\/\/verdadeon.com.br\/portal\/wp-json\/wp\/v2\/posts"}],"about":[{"href":"https:\/\/verdadeon.com.br\/portal\/wp-json\/wp\/v2\/types\/post"}],"author":[{"embeddable":true,"href":"https:\/\/verdadeon.com.br\/portal\/wp-json\/wp\/v2\/users\/10"}],"replies":[{"embeddable":true,"href":"https:\/\/verdadeon.com.br\/portal\/wp-json\/wp\/v2\/comments?post=33659"}],"version-history":[{"count":1,"href":"https:\/\/verdadeon.com.br\/portal\/wp-json\/wp\/v2\/posts\/33659\/revisions"}],"predecessor-version":[{"id":33660,"href":"https:\/\/verdadeon.com.br\/portal\/wp-json\/wp\/v2\/posts\/33659\/revisions\/33660"}],"wp:featuredmedia":[{"embeddable":true,"href":"https:\/\/verdadeon.com.br\/portal\/wp-json\/wp\/v2\/media\/33662"}],"wp:attachment":[{"href":"https:\/\/verdadeon.com.br\/portal\/wp-json\/wp\/v2\/media?parent=33659"}],"wp:term":[{"taxonomy":"category","embeddable":true,"href":"https:\/\/verdadeon.com.br\/portal\/wp-json\/wp\/v2\/categories?post=33659"},{"taxonomy":"post_tag","embeddable":true,"href":"https:\/\/verdadeon.com.br\/portal\/wp-json\/wp\/v2\/tags?post=33659"}],"curies":[{"name":"wp","href":"https:\/\/api.w.org\/{rel}","templated":true}]}}