{"id":33655,"date":"2023-04-22T13:34:45","date_gmt":"2023-04-22T16:34:45","guid":{"rendered":"https:\/\/verdadeon.com.br\/portal\/?p=33655"},"modified":"2023-04-22T13:34:45","modified_gmt":"2023-04-22T16:34:45","slug":"casos-da-doenca-mao-pe-boca-cresceram-149-no-estado-de-sp-em-2023","status":"publish","type":"post","link":"https:\/\/verdadeon.com.br\/portal\/2023\/04\/22\/casos-da-doenca-mao-pe-boca-cresceram-149-no-estado-de-sp-em-2023\/","title":{"rendered":"Casos da doen\u00e7a m\u00e3o-p\u00e9-boca cresceram 149% no estado de SP em 2023"},"content":{"rendered":"<div class=\"row\">\n<h2 class=\"col-10 offset-1 animated fadeInDown dealy-900 display-8 display-md-8 alt-font font-italic my-1 text-center\">At\u00e9 mar\u00e7o j\u00e1 foram 391 notifica\u00e7\u00f5es em S\u00e3o Paulo<\/h2>\n<p>Entre janeiro e mar\u00e7o deste ano, o estado de S\u00e3o Paulo registrou 391 casos da doen\u00e7a m\u00e3o-p\u00e9-boca. Isso representou aumento de 149% em rela\u00e7\u00e3o aos tr\u00eas primeiros meses do ano passado.<\/p>\n<p>Segundo a Secretaria Estadual da Sa\u00fade de S\u00e3o Paulo, o n\u00famero de casos\u00a0da doen\u00e7a em 2023 j\u00e1 \u00e9 maior ao que foi registrado em todo o ano de 2022, quando houve 385 notifica\u00e7\u00f5es. E deve crescer ainda mais, j\u00e1 que a doen\u00e7a tende a ter maior transmiss\u00e3o durante o outono.<\/p>\n<p>A doen\u00e7a m\u00e3o-p\u00e9-boca \u00e9 uma enfermidade contagiosa, causada por um v\u00edrus e \u00e9 sazonal. Ela \u00e9 mais frequente em crian\u00e7as de at\u00e9 cinco anos, cuja transmiss\u00e3o ocorre por meio de secre\u00e7\u00f5es de vias a\u00e9reas, got\u00edculas de saliva, via fecal-oral e pelo contato com les\u00f5es.<\/p>\n<p>Para evitar a doen\u00e7a \u00e9 necess\u00e1rio medidas b\u00e1sicas de higiene como lavar bem as m\u00e3os e evitar aglomera\u00e7\u00f5es. Tamb\u00e9m \u00e9 necess\u00e1rio n\u00e3o compartilhar objetos e higienizar os itens de uso pessoal e do ambiente com solu\u00e7\u00e3o de \u00e1lcool et\u00edlico 70% ou solu\u00e7\u00e3o clorada. A secretaria orienta que os pais mantenham as crian\u00e7as doentes em casa, evitando que ela frequente a creche por cerca de sete dias ou at\u00e9 que as les\u00f5es de pele tenham desaparecido.<\/p>\n<h2>V\u00edrus<\/h2>\n<p>N\u00e3o h\u00e1 tratamento para a doen\u00e7a. O uso de analg\u00e9sicos, antit\u00e9rmicos e hidrata\u00e7\u00e3o pode auxiliar na recupera\u00e7\u00e3o, que poder durar entre sete e dez dias, segundo a secretaria.<\/p>\n<p>O v\u00edrus que provoca a doen\u00e7a habita o sistema digestivo e pode provocar estomatites, uma esp\u00e9cie de afta. Os sintomas est\u00e3o associados a febre alta nos primeiros dias e, depois, pequenas bolhas nas m\u00e3os e nas plantas dos p\u00e9s, al\u00e9m de manchas vermelhas na boca, am\u00eddalas e faringe. Outros sintomas s\u00e3o: v\u00f4mitos e diarreia, al\u00e9m de dificuldade para engolir e muita saliva\u00e7\u00e3o.<\/p>\n<p>\u201cGeralmente, como ocorre em outras infec\u00e7\u00f5es por v\u00edrus, a doen\u00e7a regride espontaneamente ap\u00f3s alguns dias. N\u00e3o existe vacina contra esta doen\u00e7a, portanto na maior parte dos casos tratam-se apenas os sintomas\u201d, explicou Helmar Abreu Rocha Verlangieri, infectologista infantil do Hospital Darcy Vargas, por meio de nota.<\/p>\n<p>Fonte: Ag\u00eancia Brasil<\/p>\n<\/div>\n","protected":false},"excerpt":{"rendered":"<p>At\u00e9 mar\u00e7o j\u00e1 foram 391 notifica\u00e7\u00f5es em S\u00e3o Paulo Entre janeiro e mar\u00e7o deste ano, o estado de S\u00e3o Paulo registrou 391 casos da doen\u00e7a m\u00e3o-p\u00e9-boca.<span class=\"excerpt-hellip\"> [\u2026]<\/span><\/p>\n","protected":false},"author":10,"featured_media":33657,"comment_status":"open","ping_status":"open","sticky":false,"template":"","format":"standard","meta":{"_jetpack_memberships_contains_paid_content":false,"footnotes":"","jetpack_publicize_message":"","jetpack_publicize_feature_enabled":true,"jetpack_social_post_already_shared":false,"jetpack_social_options":{"image_generator_settings":{"template":"highway","default_image_id":0,"enabled":false},"version":2}},"categories":[28,44],"tags":[],"class_list":["post-33655","post","type-post","status-publish","format-standard","has-post-thumbnail","hentry","category-cotidiano","category-noticias"],"yoast_head":"<!-- This site is optimized with the Yoast SEO plugin v25.6 - https:\/\/yoast.com\/wordpress\/plugins\/seo\/ -->\n<title>Casos da doen\u00e7a m\u00e3o-p\u00e9-boca cresceram 149% no estado de SP em 2023 - VerdadeOn<\/title>\n<meta name=\"robots\" content=\"index, follow, max-snippet:-1, max-image-preview:large, max-video-preview:-1\" \/>\n<link rel=\"canonical\" href=\"https:\/\/verdadeon.com.br\/portal\/2023\/04\/22\/casos-da-doenca-mao-pe-boca-cresceram-149-no-estado-de-sp-em-2023\/\" \/>\n<meta property=\"og:locale\" content=\"pt_BR\" \/>\n<meta property=\"og:type\" content=\"article\" \/>\n<meta property=\"og:title\" content=\"Casos da doen\u00e7a m\u00e3o-p\u00e9-boca cresceram 149% no estado de SP em 2023 - VerdadeOn\" \/>\n<meta property=\"og:description\" content=\"At\u00e9 mar\u00e7o j\u00e1 foram 391 notifica\u00e7\u00f5es em S\u00e3o Paulo Entre janeiro e mar\u00e7o deste ano, o estado de S\u00e3o Paulo registrou 391 casos da doen\u00e7a m\u00e3o-p\u00e9-boca. [\u2026]\" \/>\n<meta property=\"og:url\" content=\"https:\/\/verdadeon.com.br\/portal\/2023\/04\/22\/casos-da-doenca-mao-pe-boca-cresceram-149-no-estado-de-sp-em-2023\/\" \/>\n<meta property=\"og:site_name\" content=\"VerdadeOn\" \/>\n<meta property=\"article:published_time\" content=\"2023-04-22T16:34:45+00:00\" \/>\n<meta property=\"og:image\" content=\"https:\/\/verdadeon.com.br\/portal\/wp-content\/uploads\/2023\/04\/4333042-1-scaled.jpg\" \/>\n\t<meta property=\"og:image:width\" content=\"2560\" \/>\n\t<meta property=\"og:image:height\" content=\"1715\" \/>\n\t<meta property=\"og:image:type\" content=\"image\/jpeg\" \/>\n<meta name=\"author\" content=\"Redacao VerdadeOn\" \/>\n<meta name=\"twitter:card\" content=\"summary_large_image\" \/>\n<meta name=\"twitter:label1\" content=\"Escrito por\" \/>\n\t<meta name=\"twitter:data1\" content=\"Redacao VerdadeOn\" \/>\n\t<meta name=\"twitter:label2\" content=\"Est. tempo de leitura\" \/>\n\t<meta name=\"twitter:data2\" content=\"2 minutos\" \/>\n<script type=\"application\/ld+json\" class=\"yoast-schema-graph\">{\"@context\":\"https:\/\/schema.org\",\"@graph\":[{\"@type\":\"WebPage\",\"@id\":\"https:\/\/verdadeon.com.br\/portal\/2023\/04\/22\/casos-da-doenca-mao-pe-boca-cresceram-149-no-estado-de-sp-em-2023\/\",\"url\":\"https:\/\/verdadeon.com.br\/portal\/2023\/04\/22\/casos-da-doenca-mao-pe-boca-cresceram-149-no-estado-de-sp-em-2023\/\",\"name\":\"Casos da doen\u00e7a m\u00e3o-p\u00e9-boca cresceram 149% no estado de SP em 2023 - VerdadeOn\",\"isPartOf\":{\"@id\":\"https:\/\/verdadeon.com.br\/portal\/#website\"},\"primaryImageOfPage\":{\"@id\":\"https:\/\/verdadeon.com.br\/portal\/2023\/04\/22\/casos-da-doenca-mao-pe-boca-cresceram-149-no-estado-de-sp-em-2023\/#primaryimage\"},\"image\":{\"@id\":\"https:\/\/verdadeon.com.br\/portal\/2023\/04\/22\/casos-da-doenca-mao-pe-boca-cresceram-149-no-estado-de-sp-em-2023\/#primaryimage\"},\"thumbnailUrl\":\"https:\/\/i0.wp.com\/verdadeon.com.br\/portal\/wp-content\/uploads\/2023\/04\/4333042-1-scaled.jpg?fit=2560%2C1715&ssl=1\",\"datePublished\":\"2023-04-22T16:34:45+00:00\",\"author\":{\"@id\":\"https:\/\/verdadeon.com.br\/portal\/#\/schema\/person\/a5060ad1e9ea3df545188fc93ce43d2f\"},\"breadcrumb\":{\"@id\":\"https:\/\/verdadeon.com.br\/portal\/2023\/04\/22\/casos-da-doenca-mao-pe-boca-cresceram-149-no-estado-de-sp-em-2023\/#breadcrumb\"},\"inLanguage\":\"pt-BR\",\"potentialAction\":[{\"@type\":\"ReadAction\",\"target\":[\"https:\/\/verdadeon.com.br\/portal\/2023\/04\/22\/casos-da-doenca-mao-pe-boca-cresceram-149-no-estado-de-sp-em-2023\/\"]}]},{\"@type\":\"ImageObject\",\"inLanguage\":\"pt-BR\",\"@id\":\"https:\/\/verdadeon.com.br\/portal\/2023\/04\/22\/casos-da-doenca-mao-pe-boca-cresceram-149-no-estado-de-sp-em-2023\/#primaryimage\",\"url\":\"https:\/\/i0.wp.com\/verdadeon.com.br\/portal\/wp-content\/uploads\/2023\/04\/4333042-1-scaled.jpg?fit=2560%2C1715&ssl=1\",\"contentUrl\":\"https:\/\/i0.wp.com\/verdadeon.com.br\/portal\/wp-content\/uploads\/2023\/04\/4333042-1-scaled.jpg?fit=2560%2C1715&ssl=1\",\"width\":2560,\"height\":1715,\"caption\":\"N\u00famero de casos da doen\u00e7a m\u00e3o-p\u00e9-boca no primeiro trimestre de 2023 d\u00e1 mais que o dobro de 2022. (\u00a9Freepik)\"},{\"@type\":\"BreadcrumbList\",\"@id\":\"https:\/\/verdadeon.com.br\/portal\/2023\/04\/22\/casos-da-doenca-mao-pe-boca-cresceram-149-no-estado-de-sp-em-2023\/#breadcrumb\",\"itemListElement\":[{\"@type\":\"ListItem\",\"position\":1,\"name\":\"In\u00edcio\",\"item\":\"https:\/\/verdadeon.com.br\/portal\/\"},{\"@type\":\"ListItem\",\"position\":2,\"name\":\"Casos da doen\u00e7a m\u00e3o-p\u00e9-boca cresceram 149% no estado de SP em 2023\"}]},{\"@type\":\"WebSite\",\"@id\":\"https:\/\/verdadeon.com.br\/portal\/#website\",\"url\":\"https:\/\/verdadeon.com.br\/portal\/\",\"name\":\"VerdadeOn\",\"description\":\"Not\u00edcias di\u00e1rias sobre Franca, Regi\u00e3o, Esporte, Cultura, Cotidiano, Colunas. Cobertura nos principais eventos da cidade \u00e9 aqui - Verdadeon Franca\",\"potentialAction\":[{\"@type\":\"SearchAction\",\"target\":{\"@type\":\"EntryPoint\",\"urlTemplate\":\"https:\/\/verdadeon.com.br\/portal\/?s={search_term_string}\"},\"query-input\":{\"@type\":\"PropertyValueSpecification\",\"valueRequired\":true,\"valueName\":\"search_term_string\"}}],\"inLanguage\":\"pt-BR\"},{\"@type\":\"Person\",\"@id\":\"https:\/\/verdadeon.com.br\/portal\/#\/schema\/person\/a5060ad1e9ea3df545188fc93ce43d2f\",\"name\":\"Redacao VerdadeOn\",\"image\":{\"@type\":\"ImageObject\",\"inLanguage\":\"pt-BR\",\"@id\":\"https:\/\/verdadeon.com.br\/portal\/#\/schema\/person\/image\/\",\"url\":\"https:\/\/secure.gravatar.com\/avatar\/459a9613caaaf07f582c3d0841eea68bdd66f533e465e6ba8b9cb45619572cf4?s=96&d=mm&r=g\",\"contentUrl\":\"https:\/\/secure.gravatar.com\/avatar\/459a9613caaaf07f582c3d0841eea68bdd66f533e465e6ba8b9cb45619572cf4?s=96&d=mm&r=g\",\"caption\":\"Redacao VerdadeOn\"},\"url\":\"https:\/\/verdadeon.com.br\/portal\/author\/redacao\/\"}]}<\/script>\n<!-- \/ Yoast SEO plugin. -->","yoast_head_json":{"title":"Casos da doen\u00e7a m\u00e3o-p\u00e9-boca cresceram 149% no estado de SP em 2023 - VerdadeOn","robots":{"index":"index","follow":"follow","max-snippet":"max-snippet:-1","max-image-preview":"max-image-preview:large","max-video-preview":"max-video-preview:-1"},"canonical":"https:\/\/verdadeon.com.br\/portal\/2023\/04\/22\/casos-da-doenca-mao-pe-boca-cresceram-149-no-estado-de-sp-em-2023\/","og_locale":"pt_BR","og_type":"article","og_title":"Casos da doen\u00e7a m\u00e3o-p\u00e9-boca cresceram 149% no estado de SP em 2023 - VerdadeOn","og_description":"At\u00e9 mar\u00e7o j\u00e1 foram 391 notifica\u00e7\u00f5es em S\u00e3o Paulo Entre janeiro e mar\u00e7o deste ano, o estado de S\u00e3o Paulo registrou 391 casos da doen\u00e7a m\u00e3o-p\u00e9-boca. [\u2026]","og_url":"https:\/\/verdadeon.com.br\/portal\/2023\/04\/22\/casos-da-doenca-mao-pe-boca-cresceram-149-no-estado-de-sp-em-2023\/","og_site_name":"VerdadeOn","article_published_time":"2023-04-22T16:34:45+00:00","og_image":[{"width":2560,"height":1715,"url":"https:\/\/verdadeon.com.br\/portal\/wp-content\/uploads\/2023\/04\/4333042-1-scaled.jpg","type":"image\/jpeg"}],"author":"Redacao VerdadeOn","twitter_card":"summary_large_image","twitter_misc":{"Escrito por":"Redacao VerdadeOn","Est. tempo de leitura":"2 minutos"},"schema":{"@context":"https:\/\/schema.org","@graph":[{"@type":"WebPage","@id":"https:\/\/verdadeon.com.br\/portal\/2023\/04\/22\/casos-da-doenca-mao-pe-boca-cresceram-149-no-estado-de-sp-em-2023\/","url":"https:\/\/verdadeon.com.br\/portal\/2023\/04\/22\/casos-da-doenca-mao-pe-boca-cresceram-149-no-estado-de-sp-em-2023\/","name":"Casos da doen\u00e7a m\u00e3o-p\u00e9-boca cresceram 149% no estado de SP em 2023 - VerdadeOn","isPartOf":{"@id":"https:\/\/verdadeon.com.br\/portal\/#website"},"primaryImageOfPage":{"@id":"https:\/\/verdadeon.com.br\/portal\/2023\/04\/22\/casos-da-doenca-mao-pe-boca-cresceram-149-no-estado-de-sp-em-2023\/#primaryimage"},"image":{"@id":"https:\/\/verdadeon.com.br\/portal\/2023\/04\/22\/casos-da-doenca-mao-pe-boca-cresceram-149-no-estado-de-sp-em-2023\/#primaryimage"},"thumbnailUrl":"https:\/\/i0.wp.com\/verdadeon.com.br\/portal\/wp-content\/uploads\/2023\/04\/4333042-1-scaled.jpg?fit=2560%2C1715&ssl=1","datePublished":"2023-04-22T16:34:45+00:00","author":{"@id":"https:\/\/verdadeon.com.br\/portal\/#\/schema\/person\/a5060ad1e9ea3df545188fc93ce43d2f"},"breadcrumb":{"@id":"https:\/\/verdadeon.com.br\/portal\/2023\/04\/22\/casos-da-doenca-mao-pe-boca-cresceram-149-no-estado-de-sp-em-2023\/#breadcrumb"},"inLanguage":"pt-BR","potentialAction":[{"@type":"ReadAction","target":["https:\/\/verdadeon.com.br\/portal\/2023\/04\/22\/casos-da-doenca-mao-pe-boca-cresceram-149-no-estado-de-sp-em-2023\/"]}]},{"@type":"ImageObject","inLanguage":"pt-BR","@id":"https:\/\/verdadeon.com.br\/portal\/2023\/04\/22\/casos-da-doenca-mao-pe-boca-cresceram-149-no-estado-de-sp-em-2023\/#primaryimage","url":"https:\/\/i0.wp.com\/verdadeon.com.br\/portal\/wp-content\/uploads\/2023\/04\/4333042-1-scaled.jpg?fit=2560%2C1715&ssl=1","contentUrl":"https:\/\/i0.wp.com\/verdadeon.com.br\/portal\/wp-content\/uploads\/2023\/04\/4333042-1-scaled.jpg?fit=2560%2C1715&ssl=1","width":2560,"height":1715,"caption":"N\u00famero de casos da doen\u00e7a m\u00e3o-p\u00e9-boca no primeiro trimestre de 2023 d\u00e1 mais que o dobro de 2022. (\u00a9Freepik)"},{"@type":"BreadcrumbList","@id":"https:\/\/verdadeon.com.br\/portal\/2023\/04\/22\/casos-da-doenca-mao-pe-boca-cresceram-149-no-estado-de-sp-em-2023\/#breadcrumb","itemListElement":[{"@type":"ListItem","position":1,"name":"In\u00edcio","item":"https:\/\/verdadeon.com.br\/portal\/"},{"@type":"ListItem","position":2,"name":"Casos da doen\u00e7a m\u00e3o-p\u00e9-boca cresceram 149% no estado de SP em 2023"}]},{"@type":"WebSite","@id":"https:\/\/verdadeon.com.br\/portal\/#website","url":"https:\/\/verdadeon.com.br\/portal\/","name":"VerdadeOn","description":"Not\u00edcias di\u00e1rias sobre Franca, Regi\u00e3o, Esporte, Cultura, Cotidiano, Colunas. Cobertura nos principais eventos da cidade \u00e9 aqui - Verdadeon Franca","potentialAction":[{"@type":"SearchAction","target":{"@type":"EntryPoint","urlTemplate":"https:\/\/verdadeon.com.br\/portal\/?s={search_term_string}"},"query-input":{"@type":"PropertyValueSpecification","valueRequired":true,"valueName":"search_term_string"}}],"inLanguage":"pt-BR"},{"@type":"Person","@id":"https:\/\/verdadeon.com.br\/portal\/#\/schema\/person\/a5060ad1e9ea3df545188fc93ce43d2f","name":"Redacao VerdadeOn","image":{"@type":"ImageObject","inLanguage":"pt-BR","@id":"https:\/\/verdadeon.com.br\/portal\/#\/schema\/person\/image\/","url":"https:\/\/secure.gravatar.com\/avatar\/459a9613caaaf07f582c3d0841eea68bdd66f533e465e6ba8b9cb45619572cf4?s=96&d=mm&r=g","contentUrl":"https:\/\/secure.gravatar.com\/avatar\/459a9613caaaf07f582c3d0841eea68bdd66f533e465e6ba8b9cb45619572cf4?s=96&d=mm&r=g","caption":"Redacao VerdadeOn"},"url":"https:\/\/verdadeon.com.br\/portal\/author\/redacao\/"}]}},"jetpack_publicize_connections":[],"jetpack_featured_media_url":"https:\/\/i0.wp.com\/verdadeon.com.br\/portal\/wp-content\/uploads\/2023\/04\/4333042-1-scaled.jpg?fit=2560%2C1715&ssl=1","jetpack_sharing_enabled":true,"_links":{"self":[{"href":"https:\/\/verdadeon.com.br\/portal\/wp-json\/wp\/v2\/posts\/33655","targetHints":{"allow":["GET"]}}],"collection":[{"href":"https:\/\/verdadeon.com.br\/portal\/wp-json\/wp\/v2\/posts"}],"about":[{"href":"https:\/\/verdadeon.com.br\/portal\/wp-json\/wp\/v2\/types\/post"}],"author":[{"embeddable":true,"href":"https:\/\/verdadeon.com.br\/portal\/wp-json\/wp\/v2\/users\/10"}],"replies":[{"embeddable":true,"href":"https:\/\/verdadeon.com.br\/portal\/wp-json\/wp\/v2\/comments?post=33655"}],"version-history":[{"count":1,"href":"https:\/\/verdadeon.com.br\/portal\/wp-json\/wp\/v2\/posts\/33655\/revisions"}],"predecessor-version":[{"id":33658,"href":"https:\/\/verdadeon.com.br\/portal\/wp-json\/wp\/v2\/posts\/33655\/revisions\/33658"}],"wp:featuredmedia":[{"embeddable":true,"href":"https:\/\/verdadeon.com.br\/portal\/wp-json\/wp\/v2\/media\/33657"}],"wp:attachment":[{"href":"https:\/\/verdadeon.com.br\/portal\/wp-json\/wp\/v2\/media?parent=33655"}],"wp:term":[{"taxonomy":"category","embeddable":true,"href":"https:\/\/verdadeon.com.br\/portal\/wp-json\/wp\/v2\/categories?post=33655"},{"taxonomy":"post_tag","embeddable":true,"href":"https:\/\/verdadeon.com.br\/portal\/wp-json\/wp\/v2\/tags?post=33655"}],"curies":[{"name":"wp","href":"https:\/\/api.w.org\/{rel}","templated":true}]}}