{"id":33599,"date":"2023-04-19T16:40:37","date_gmt":"2023-04-19T19:40:37","guid":{"rendered":"https:\/\/verdadeon.com.br\/portal\/?p=33599"},"modified":"2023-04-19T17:43:05","modified_gmt":"2023-04-19T20:43:05","slug":"procafe-apresenta-nova-variedade-de-grao-e-debate-mais-tres-temas-em-dia-de-campo","status":"publish","type":"post","link":"https:\/\/verdadeon.com.br\/portal\/2023\/04\/19\/procafe-apresenta-nova-variedade-de-grao-e-debate-mais-tres-temas-em-dia-de-campo\/","title":{"rendered":"Procaf\u00e9 apresenta nova variedade de gr\u00e3o e debate mais tr\u00eas temas em Dia de Campo"},"content":{"rendered":"<h2>Evento tamb\u00e9m renovou o conv\u00eanio entre a Funda\u00e7\u00e3o do Caf\u00e9 e a Funda\u00e7\u00e3o Procaf\u00e9 para continuidade das pesquisas<\/h2>\n<p>Nem mesmo a chuva espantou na manh\u00e3 desta quarta-feira, 19 de abril, o p\u00fablico de acompanhar o Dia de Campo na Fazenda Experimental de Franca, promovido pela Funda\u00e7\u00e3o Procaf\u00e9.<\/p>\n<p>O evento foi prestigiado por mais de mil pessoas, dentre elas, cafeicultores, agr\u00f4nomos, pesquisadores, consultores, t\u00e9cnicos e estudantes do setor que puderam conhecer tecnologias desenvolvidas para racionalizar o manejo dos cafezais. Durante o Dia de Campo, as informa\u00e7\u00f5es foram transmitidas e demonstradas com indica\u00e7\u00f5es sobre os mais recentes resultados das pesquisas realizadas pelos pesquisadores da Fazenda Experimental de Franca.<\/p>\n<p>\u201cO Dia de Campo tem como objetivo apresentar os resultados das pesquisas realizadas aqui. Foram sete esta\u00e7\u00f5es diferentes nas quais apresentamos a viabilidade da irriga\u00e7\u00e3o em cafezais na Regi\u00e3o da Alta Mogiana, a distribui\u00e7\u00e3o dos nutrientes em profundidade, no solo em cafezais, culturas intercalares em cafezais e a implanta\u00e7\u00e3o do Catuca\u00ed APA, nova variedade de caf\u00e9 com desempenho superior para a Regi\u00e3o da Alta Mogiana. As turmas foram separadas por cores e todas puderam passar em cada uma das esta\u00e7\u00f5es e entender cada um dos resultados apresentados\u201d, afirmou Marcelo Jord\u00e3o Filho, engenheiro agr\u00f4nomo e pesquisador da Funda\u00e7\u00e3o Procaf\u00e9.<\/p>\n<p>Autoridades estiveram presentes como o prefeito de Franca, Alexandre Ferreira, o presidente da Funda\u00e7\u00e3o do Caf\u00e9 da Alta Mogiana, Jos\u00e9 Henrique Mendon\u00e7a, o presidente da Cocapec, Carlos Sato e o diretor presidente da Funda\u00e7\u00e3o Procaf\u00e9, Jos\u00e9 Edgard Pinto Paiva, al\u00e9m de vereadores de Franca. Durante a abertura do evento, foi assinado um termo de renova\u00e7\u00e3o do conv\u00eanio entre a Funda\u00e7\u00e3o do Caf\u00e9 da Alta Mogiana e a Funda\u00e7\u00e3o Procaf\u00e9, que visa promover a difus\u00e3o de tecnologias na cultura do caf\u00e9 para os produtores de caf\u00e9 da regi\u00e3o da Alta Mogiana, na \u00e1rea da Fazenda Experimental de Franca. O conv\u00eanio inicial, completa dez anos em 2023.<\/p>\n<p><em>O Dia de Campo em Franca \u00e9 o segundo de uma s\u00e9rie de tr\u00eas encontros promovidos pela Funda\u00e7\u00e3o Procaf\u00e9. O primeiro ocorreu no dia 22 de mar\u00e7o em Boa Esperan\u00e7a-MG e o terceiro est\u00e1 programado para os dias 31 de maio e 1\u00ba de junho, em Varginha-MG.<\/em><\/p>\n<p><img data-recalc-dims=\"1\" loading=\"lazy\" decoding=\"async\" class=\"alignnone size-full wp-image-33601\" src=\"https:\/\/i0.wp.com\/verdadeon.com.br\/portal\/wp-content\/uploads\/2023\/04\/Imagem-do-WhatsApp-de-2023-04-19-as-16.36.24.jpg?resize=1220%2C813&#038;ssl=1\" alt=\"\" width=\"1220\" height=\"813\" srcset=\"https:\/\/i0.wp.com\/verdadeon.com.br\/portal\/wp-content\/uploads\/2023\/04\/Imagem-do-WhatsApp-de-2023-04-19-as-16.36.24.jpg?w=1600&amp;ssl=1 1600w, https:\/\/i0.wp.com\/verdadeon.com.br\/portal\/wp-content\/uploads\/2023\/04\/Imagem-do-WhatsApp-de-2023-04-19-as-16.36.24.jpg?resize=300%2C200&amp;ssl=1 300w, https:\/\/i0.wp.com\/verdadeon.com.br\/portal\/wp-content\/uploads\/2023\/04\/Imagem-do-WhatsApp-de-2023-04-19-as-16.36.24.jpg?resize=1024%2C682&amp;ssl=1 1024w, https:\/\/i0.wp.com\/verdadeon.com.br\/portal\/wp-content\/uploads\/2023\/04\/Imagem-do-WhatsApp-de-2023-04-19-as-16.36.24.jpg?resize=768%2C512&amp;ssl=1 768w, https:\/\/i0.wp.com\/verdadeon.com.br\/portal\/wp-content\/uploads\/2023\/04\/Imagem-do-WhatsApp-de-2023-04-19-as-16.36.24.jpg?resize=1536%2C1023&amp;ssl=1 1536w, https:\/\/i0.wp.com\/verdadeon.com.br\/portal\/wp-content\/uploads\/2023\/04\/Imagem-do-WhatsApp-de-2023-04-19-as-16.36.24.jpg?resize=219%2C146&amp;ssl=1 219w, https:\/\/i0.wp.com\/verdadeon.com.br\/portal\/wp-content\/uploads\/2023\/04\/Imagem-do-WhatsApp-de-2023-04-19-as-16.36.24.jpg?resize=50%2C33&amp;ssl=1 50w, https:\/\/i0.wp.com\/verdadeon.com.br\/portal\/wp-content\/uploads\/2023\/04\/Imagem-do-WhatsApp-de-2023-04-19-as-16.36.24.jpg?resize=113%2C75&amp;ssl=1 113w\" sizes=\"auto, (max-width: 1220px) 100vw, 1220px\" \/> <img data-recalc-dims=\"1\" loading=\"lazy\" decoding=\"async\" class=\"alignnone size-full wp-image-33600\" src=\"https:\/\/i0.wp.com\/verdadeon.com.br\/portal\/wp-content\/uploads\/2023\/04\/Imagem-do-WhatsApp-de-2023-04-19-as-16.36.243.jpg?resize=1220%2C813&#038;ssl=1\" alt=\"\" width=\"1220\" height=\"813\" srcset=\"https:\/\/i0.wp.com\/verdadeon.com.br\/portal\/wp-content\/uploads\/2023\/04\/Imagem-do-WhatsApp-de-2023-04-19-as-16.36.243.jpg?w=1600&amp;ssl=1 1600w, https:\/\/i0.wp.com\/verdadeon.com.br\/portal\/wp-content\/uploads\/2023\/04\/Imagem-do-WhatsApp-de-2023-04-19-as-16.36.243.jpg?resize=300%2C200&amp;ssl=1 300w, https:\/\/i0.wp.com\/verdadeon.com.br\/portal\/wp-content\/uploads\/2023\/04\/Imagem-do-WhatsApp-de-2023-04-19-as-16.36.243.jpg?resize=1024%2C682&amp;ssl=1 1024w, https:\/\/i0.wp.com\/verdadeon.com.br\/portal\/wp-content\/uploads\/2023\/04\/Imagem-do-WhatsApp-de-2023-04-19-as-16.36.243.jpg?resize=768%2C512&amp;ssl=1 768w, https:\/\/i0.wp.com\/verdadeon.com.br\/portal\/wp-content\/uploads\/2023\/04\/Imagem-do-WhatsApp-de-2023-04-19-as-16.36.243.jpg?resize=1536%2C1023&amp;ssl=1 1536w, https:\/\/i0.wp.com\/verdadeon.com.br\/portal\/wp-content\/uploads\/2023\/04\/Imagem-do-WhatsApp-de-2023-04-19-as-16.36.243.jpg?resize=219%2C146&amp;ssl=1 219w, https:\/\/i0.wp.com\/verdadeon.com.br\/portal\/wp-content\/uploads\/2023\/04\/Imagem-do-WhatsApp-de-2023-04-19-as-16.36.243.jpg?resize=50%2C33&amp;ssl=1 50w, https:\/\/i0.wp.com\/verdadeon.com.br\/portal\/wp-content\/uploads\/2023\/04\/Imagem-do-WhatsApp-de-2023-04-19-as-16.36.243.jpg?resize=113%2C75&amp;ssl=1 113w\" sizes=\"auto, (max-width: 1220px) 100vw, 1220px\" \/><\/p>\n<p>&nbsp;<\/p>\n<p>&nbsp;<\/p>\n","protected":false},"excerpt":{"rendered":"<p>Evento tamb\u00e9m renovou o conv\u00eanio entre a Funda\u00e7\u00e3o do Caf\u00e9 e a Funda\u00e7\u00e3o Procaf\u00e9 para continuidade das pesquisas Nem mesmo a chuva espantou na manh\u00e3 desta<span class=\"excerpt-hellip\"> [\u2026]<\/span><\/p>\n","protected":false},"author":4,"featured_media":33602,"comment_status":"open","ping_status":"open","sticky":false,"template":"","format":"standard","meta":{"_jetpack_memberships_contains_paid_content":false,"footnotes":"","jetpack_publicize_message":"","jetpack_publicize_feature_enabled":true,"jetpack_social_post_already_shared":false,"jetpack_social_options":{"image_generator_settings":{"template":"highway","default_image_id":0,"enabled":false},"version":2}},"categories":[28],"tags":[],"class_list":["post-33599","post","type-post","status-publish","format-standard","has-post-thumbnail","hentry","category-cotidiano"],"yoast_head":"<!-- This site is optimized with the Yoast SEO plugin v25.6 - https:\/\/yoast.com\/wordpress\/plugins\/seo\/ -->\n<title>Procaf\u00e9 apresenta nova variedade de gr\u00e3o e debate mais tr\u00eas temas em Dia de Campo - VerdadeOn<\/title>\n<meta name=\"robots\" content=\"index, follow, max-snippet:-1, max-image-preview:large, max-video-preview:-1\" \/>\n<link rel=\"canonical\" href=\"https:\/\/verdadeon.com.br\/portal\/2023\/04\/19\/procafe-apresenta-nova-variedade-de-grao-e-debate-mais-tres-temas-em-dia-de-campo\/\" \/>\n<meta property=\"og:locale\" content=\"pt_BR\" \/>\n<meta property=\"og:type\" content=\"article\" \/>\n<meta property=\"og:title\" content=\"Procaf\u00e9 apresenta nova variedade de gr\u00e3o e debate mais tr\u00eas temas em Dia de Campo - VerdadeOn\" \/>\n<meta property=\"og:description\" content=\"Evento tamb\u00e9m renovou o conv\u00eanio entre a Funda\u00e7\u00e3o do Caf\u00e9 e a Funda\u00e7\u00e3o Procaf\u00e9 para continuidade das pesquisas Nem mesmo a chuva espantou na manh\u00e3 desta [\u2026]\" \/>\n<meta property=\"og:url\" content=\"https:\/\/verdadeon.com.br\/portal\/2023\/04\/19\/procafe-apresenta-nova-variedade-de-grao-e-debate-mais-tres-temas-em-dia-de-campo\/\" \/>\n<meta property=\"og:site_name\" content=\"VerdadeOn\" \/>\n<meta property=\"article:published_time\" content=\"2023-04-19T19:40:37+00:00\" \/>\n<meta property=\"article:modified_time\" content=\"2023-04-19T20:43:05+00:00\" \/>\n<meta property=\"og:image\" content=\"https:\/\/verdadeon.com.br\/portal\/wp-content\/uploads\/2023\/04\/Imagem-do-WhatsApp-de-2023-04-19-as-16.36.242.jpg\" \/>\n\t<meta property=\"og:image:width\" content=\"1600\" \/>\n\t<meta property=\"og:image:height\" content=\"1066\" \/>\n\t<meta property=\"og:image:type\" content=\"image\/jpeg\" \/>\n<meta name=\"author\" content=\"Fernando Calixto\" \/>\n<meta name=\"twitter:card\" content=\"summary_large_image\" \/>\n<meta name=\"twitter:label1\" content=\"Escrito por\" \/>\n\t<meta name=\"twitter:data1\" content=\"Fernando Calixto\" \/>\n\t<meta name=\"twitter:label2\" content=\"Est. tempo de leitura\" \/>\n\t<meta name=\"twitter:data2\" content=\"3 minutos\" \/>\n<script type=\"application\/ld+json\" class=\"yoast-schema-graph\">{\"@context\":\"https:\/\/schema.org\",\"@graph\":[{\"@type\":\"WebPage\",\"@id\":\"https:\/\/verdadeon.com.br\/portal\/2023\/04\/19\/procafe-apresenta-nova-variedade-de-grao-e-debate-mais-tres-temas-em-dia-de-campo\/\",\"url\":\"https:\/\/verdadeon.com.br\/portal\/2023\/04\/19\/procafe-apresenta-nova-variedade-de-grao-e-debate-mais-tres-temas-em-dia-de-campo\/\",\"name\":\"Procaf\u00e9 apresenta nova variedade de gr\u00e3o e debate mais tr\u00eas temas em Dia de Campo - VerdadeOn\",\"isPartOf\":{\"@id\":\"https:\/\/verdadeon.com.br\/portal\/#website\"},\"primaryImageOfPage\":{\"@id\":\"https:\/\/verdadeon.com.br\/portal\/2023\/04\/19\/procafe-apresenta-nova-variedade-de-grao-e-debate-mais-tres-temas-em-dia-de-campo\/#primaryimage\"},\"image\":{\"@id\":\"https:\/\/verdadeon.com.br\/portal\/2023\/04\/19\/procafe-apresenta-nova-variedade-de-grao-e-debate-mais-tres-temas-em-dia-de-campo\/#primaryimage\"},\"thumbnailUrl\":\"https:\/\/i0.wp.com\/verdadeon.com.br\/portal\/wp-content\/uploads\/2023\/04\/Imagem-do-WhatsApp-de-2023-04-19-as-16.36.242.jpg?fit=1600%2C1066&ssl=1\",\"datePublished\":\"2023-04-19T19:40:37+00:00\",\"dateModified\":\"2023-04-19T20:43:05+00:00\",\"author\":{\"@id\":\"https:\/\/verdadeon.com.br\/portal\/#\/schema\/person\/8994718f49ee62ba5610471e29ca1f62\"},\"breadcrumb\":{\"@id\":\"https:\/\/verdadeon.com.br\/portal\/2023\/04\/19\/procafe-apresenta-nova-variedade-de-grao-e-debate-mais-tres-temas-em-dia-de-campo\/#breadcrumb\"},\"inLanguage\":\"pt-BR\",\"potentialAction\":[{\"@type\":\"ReadAction\",\"target\":[\"https:\/\/verdadeon.com.br\/portal\/2023\/04\/19\/procafe-apresenta-nova-variedade-de-grao-e-debate-mais-tres-temas-em-dia-de-campo\/\"]}]},{\"@type\":\"ImageObject\",\"inLanguage\":\"pt-BR\",\"@id\":\"https:\/\/verdadeon.com.br\/portal\/2023\/04\/19\/procafe-apresenta-nova-variedade-de-grao-e-debate-mais-tres-temas-em-dia-de-campo\/#primaryimage\",\"url\":\"https:\/\/i0.wp.com\/verdadeon.com.br\/portal\/wp-content\/uploads\/2023\/04\/Imagem-do-WhatsApp-de-2023-04-19-as-16.36.242.jpg?fit=1600%2C1066&ssl=1\",\"contentUrl\":\"https:\/\/i0.wp.com\/verdadeon.com.br\/portal\/wp-content\/uploads\/2023\/04\/Imagem-do-WhatsApp-de-2023-04-19-as-16.36.242.jpg?fit=1600%2C1066&ssl=1\",\"width\":1600,\"height\":1066,\"caption\":\"Fotos: Wilker Maia\/Casa da Comunica\u00e7\u00e3o\u00a0Franca\"},{\"@type\":\"BreadcrumbList\",\"@id\":\"https:\/\/verdadeon.com.br\/portal\/2023\/04\/19\/procafe-apresenta-nova-variedade-de-grao-e-debate-mais-tres-temas-em-dia-de-campo\/#breadcrumb\",\"itemListElement\":[{\"@type\":\"ListItem\",\"position\":1,\"name\":\"In\u00edcio\",\"item\":\"https:\/\/verdadeon.com.br\/portal\/\"},{\"@type\":\"ListItem\",\"position\":2,\"name\":\"Procaf\u00e9 apresenta nova variedade de gr\u00e3o e debate mais tr\u00eas temas em Dia de Campo\"}]},{\"@type\":\"WebSite\",\"@id\":\"https:\/\/verdadeon.com.br\/portal\/#website\",\"url\":\"https:\/\/verdadeon.com.br\/portal\/\",\"name\":\"VerdadeOn\",\"description\":\"Not\u00edcias di\u00e1rias sobre Franca, Regi\u00e3o, Esporte, Cultura, Cotidiano, Colunas. Cobertura nos principais eventos da cidade \u00e9 aqui - Verdadeon Franca\",\"potentialAction\":[{\"@type\":\"SearchAction\",\"target\":{\"@type\":\"EntryPoint\",\"urlTemplate\":\"https:\/\/verdadeon.com.br\/portal\/?s={search_term_string}\"},\"query-input\":{\"@type\":\"PropertyValueSpecification\",\"valueRequired\":true,\"valueName\":\"search_term_string\"}}],\"inLanguage\":\"pt-BR\"},{\"@type\":\"Person\",\"@id\":\"https:\/\/verdadeon.com.br\/portal\/#\/schema\/person\/8994718f49ee62ba5610471e29ca1f62\",\"name\":\"Fernando Calixto\",\"image\":{\"@type\":\"ImageObject\",\"inLanguage\":\"pt-BR\",\"@id\":\"https:\/\/verdadeon.com.br\/portal\/#\/schema\/person\/image\/\",\"url\":\"https:\/\/secure.gravatar.com\/avatar\/7578910c24966c0316c340f9dbd601e93ee9f9212e1033968b367af9306bd9fb?s=96&d=mm&r=g\",\"contentUrl\":\"https:\/\/secure.gravatar.com\/avatar\/7578910c24966c0316c340f9dbd601e93ee9f9212e1033968b367af9306bd9fb?s=96&d=mm&r=g\",\"caption\":\"Fernando Calixto\"},\"url\":\"https:\/\/verdadeon.com.br\/portal\/author\/fernando-calixto\/\"}]}<\/script>\n<!-- \/ Yoast SEO plugin. -->","yoast_head_json":{"title":"Procaf\u00e9 apresenta nova variedade de gr\u00e3o e debate mais tr\u00eas temas em Dia de Campo - VerdadeOn","robots":{"index":"index","follow":"follow","max-snippet":"max-snippet:-1","max-image-preview":"max-image-preview:large","max-video-preview":"max-video-preview:-1"},"canonical":"https:\/\/verdadeon.com.br\/portal\/2023\/04\/19\/procafe-apresenta-nova-variedade-de-grao-e-debate-mais-tres-temas-em-dia-de-campo\/","og_locale":"pt_BR","og_type":"article","og_title":"Procaf\u00e9 apresenta nova variedade de gr\u00e3o e debate mais tr\u00eas temas em Dia de Campo - VerdadeOn","og_description":"Evento tamb\u00e9m renovou o conv\u00eanio entre a Funda\u00e7\u00e3o do Caf\u00e9 e a Funda\u00e7\u00e3o Procaf\u00e9 para continuidade das pesquisas Nem mesmo a chuva espantou na manh\u00e3 desta [\u2026]","og_url":"https:\/\/verdadeon.com.br\/portal\/2023\/04\/19\/procafe-apresenta-nova-variedade-de-grao-e-debate-mais-tres-temas-em-dia-de-campo\/","og_site_name":"VerdadeOn","article_published_time":"2023-04-19T19:40:37+00:00","article_modified_time":"2023-04-19T20:43:05+00:00","og_image":[{"width":1600,"height":1066,"url":"https:\/\/verdadeon.com.br\/portal\/wp-content\/uploads\/2023\/04\/Imagem-do-WhatsApp-de-2023-04-19-as-16.36.242.jpg","type":"image\/jpeg"}],"author":"Fernando Calixto","twitter_card":"summary_large_image","twitter_misc":{"Escrito por":"Fernando Calixto","Est. tempo de leitura":"3 minutos"},"schema":{"@context":"https:\/\/schema.org","@graph":[{"@type":"WebPage","@id":"https:\/\/verdadeon.com.br\/portal\/2023\/04\/19\/procafe-apresenta-nova-variedade-de-grao-e-debate-mais-tres-temas-em-dia-de-campo\/","url":"https:\/\/verdadeon.com.br\/portal\/2023\/04\/19\/procafe-apresenta-nova-variedade-de-grao-e-debate-mais-tres-temas-em-dia-de-campo\/","name":"Procaf\u00e9 apresenta nova variedade de gr\u00e3o e debate mais tr\u00eas temas em Dia de Campo - VerdadeOn","isPartOf":{"@id":"https:\/\/verdadeon.com.br\/portal\/#website"},"primaryImageOfPage":{"@id":"https:\/\/verdadeon.com.br\/portal\/2023\/04\/19\/procafe-apresenta-nova-variedade-de-grao-e-debate-mais-tres-temas-em-dia-de-campo\/#primaryimage"},"image":{"@id":"https:\/\/verdadeon.com.br\/portal\/2023\/04\/19\/procafe-apresenta-nova-variedade-de-grao-e-debate-mais-tres-temas-em-dia-de-campo\/#primaryimage"},"thumbnailUrl":"https:\/\/i0.wp.com\/verdadeon.com.br\/portal\/wp-content\/uploads\/2023\/04\/Imagem-do-WhatsApp-de-2023-04-19-as-16.36.242.jpg?fit=1600%2C1066&ssl=1","datePublished":"2023-04-19T19:40:37+00:00","dateModified":"2023-04-19T20:43:05+00:00","author":{"@id":"https:\/\/verdadeon.com.br\/portal\/#\/schema\/person\/8994718f49ee62ba5610471e29ca1f62"},"breadcrumb":{"@id":"https:\/\/verdadeon.com.br\/portal\/2023\/04\/19\/procafe-apresenta-nova-variedade-de-grao-e-debate-mais-tres-temas-em-dia-de-campo\/#breadcrumb"},"inLanguage":"pt-BR","potentialAction":[{"@type":"ReadAction","target":["https:\/\/verdadeon.com.br\/portal\/2023\/04\/19\/procafe-apresenta-nova-variedade-de-grao-e-debate-mais-tres-temas-em-dia-de-campo\/"]}]},{"@type":"ImageObject","inLanguage":"pt-BR","@id":"https:\/\/verdadeon.com.br\/portal\/2023\/04\/19\/procafe-apresenta-nova-variedade-de-grao-e-debate-mais-tres-temas-em-dia-de-campo\/#primaryimage","url":"https:\/\/i0.wp.com\/verdadeon.com.br\/portal\/wp-content\/uploads\/2023\/04\/Imagem-do-WhatsApp-de-2023-04-19-as-16.36.242.jpg?fit=1600%2C1066&ssl=1","contentUrl":"https:\/\/i0.wp.com\/verdadeon.com.br\/portal\/wp-content\/uploads\/2023\/04\/Imagem-do-WhatsApp-de-2023-04-19-as-16.36.242.jpg?fit=1600%2C1066&ssl=1","width":1600,"height":1066,"caption":"Fotos: Wilker Maia\/Casa da Comunica\u00e7\u00e3o\u00a0Franca"},{"@type":"BreadcrumbList","@id":"https:\/\/verdadeon.com.br\/portal\/2023\/04\/19\/procafe-apresenta-nova-variedade-de-grao-e-debate-mais-tres-temas-em-dia-de-campo\/#breadcrumb","itemListElement":[{"@type":"ListItem","position":1,"name":"In\u00edcio","item":"https:\/\/verdadeon.com.br\/portal\/"},{"@type":"ListItem","position":2,"name":"Procaf\u00e9 apresenta nova variedade de gr\u00e3o e debate mais tr\u00eas temas em Dia de Campo"}]},{"@type":"WebSite","@id":"https:\/\/verdadeon.com.br\/portal\/#website","url":"https:\/\/verdadeon.com.br\/portal\/","name":"VerdadeOn","description":"Not\u00edcias di\u00e1rias sobre Franca, Regi\u00e3o, Esporte, Cultura, Cotidiano, Colunas. Cobertura nos principais eventos da cidade \u00e9 aqui - Verdadeon Franca","potentialAction":[{"@type":"SearchAction","target":{"@type":"EntryPoint","urlTemplate":"https:\/\/verdadeon.com.br\/portal\/?s={search_term_string}"},"query-input":{"@type":"PropertyValueSpecification","valueRequired":true,"valueName":"search_term_string"}}],"inLanguage":"pt-BR"},{"@type":"Person","@id":"https:\/\/verdadeon.com.br\/portal\/#\/schema\/person\/8994718f49ee62ba5610471e29ca1f62","name":"Fernando Calixto","image":{"@type":"ImageObject","inLanguage":"pt-BR","@id":"https:\/\/verdadeon.com.br\/portal\/#\/schema\/person\/image\/","url":"https:\/\/secure.gravatar.com\/avatar\/7578910c24966c0316c340f9dbd601e93ee9f9212e1033968b367af9306bd9fb?s=96&d=mm&r=g","contentUrl":"https:\/\/secure.gravatar.com\/avatar\/7578910c24966c0316c340f9dbd601e93ee9f9212e1033968b367af9306bd9fb?s=96&d=mm&r=g","caption":"Fernando Calixto"},"url":"https:\/\/verdadeon.com.br\/portal\/author\/fernando-calixto\/"}]}},"jetpack_publicize_connections":[],"jetpack_featured_media_url":"https:\/\/i0.wp.com\/verdadeon.com.br\/portal\/wp-content\/uploads\/2023\/04\/Imagem-do-WhatsApp-de-2023-04-19-as-16.36.242.jpg?fit=1600%2C1066&ssl=1","jetpack_sharing_enabled":true,"_links":{"self":[{"href":"https:\/\/verdadeon.com.br\/portal\/wp-json\/wp\/v2\/posts\/33599","targetHints":{"allow":["GET"]}}],"collection":[{"href":"https:\/\/verdadeon.com.br\/portal\/wp-json\/wp\/v2\/posts"}],"about":[{"href":"https:\/\/verdadeon.com.br\/portal\/wp-json\/wp\/v2\/types\/post"}],"author":[{"embeddable":true,"href":"https:\/\/verdadeon.com.br\/portal\/wp-json\/wp\/v2\/users\/4"}],"replies":[{"embeddable":true,"href":"https:\/\/verdadeon.com.br\/portal\/wp-json\/wp\/v2\/comments?post=33599"}],"version-history":[{"count":3,"href":"https:\/\/verdadeon.com.br\/portal\/wp-json\/wp\/v2\/posts\/33599\/revisions"}],"predecessor-version":[{"id":33605,"href":"https:\/\/verdadeon.com.br\/portal\/wp-json\/wp\/v2\/posts\/33599\/revisions\/33605"}],"wp:featuredmedia":[{"embeddable":true,"href":"https:\/\/verdadeon.com.br\/portal\/wp-json\/wp\/v2\/media\/33602"}],"wp:attachment":[{"href":"https:\/\/verdadeon.com.br\/portal\/wp-json\/wp\/v2\/media?parent=33599"}],"wp:term":[{"taxonomy":"category","embeddable":true,"href":"https:\/\/verdadeon.com.br\/portal\/wp-json\/wp\/v2\/categories?post=33599"},{"taxonomy":"post_tag","embeddable":true,"href":"https:\/\/verdadeon.com.br\/portal\/wp-json\/wp\/v2\/tags?post=33599"}],"curies":[{"name":"wp","href":"https:\/\/api.w.org\/{rel}","templated":true}]}}