{"id":33584,"date":"2023-04-19T15:02:58","date_gmt":"2023-04-19T18:02:58","guid":{"rendered":"https:\/\/verdadeon.com.br\/portal\/?p=33584"},"modified":"2023-04-19T15:02:58","modified_gmt":"2023-04-19T18:02:58","slug":"educacao-realiza-dia-d-de-cultura-da-paz-em-escolas-e-creches","status":"publish","type":"post","link":"https:\/\/verdadeon.com.br\/portal\/2023\/04\/19\/educacao-realiza-dia-d-de-cultura-da-paz-em-escolas-e-creches\/","title":{"rendered":"Educa\u00e7\u00e3o realiza Dia D de Cultura da Paz em escolas e creches"},"content":{"rendered":"<h2>\u201cEscola \u00e9 lugar de acolhimento, alegria e paz&#8221;, enfatiza M\u00e1rcia Gatti, secret\u00e1ria municipal de educa\u00e7\u00e3o<\/h2>\n<p>Como forma de promover a paz e seguran\u00e7a nas escolas e creches municipais, a Secretaria de Educa\u00e7\u00e3o realiza nesta semana e na pr\u00f3xima, diversas a\u00e7\u00f5es nas unidades. Uma \u00e9 espec\u00edfica para o dia 20 de abril, quinta-feira, intitulado Dia D de Cultura da Paz.<\/p>\n<p>Palestras, rodas de conversa, indica\u00e7\u00f5es de leitores, entregas de flores para professores e atos de gentileza fazem parte da programa\u00e7\u00e3o, j\u00e1 encaminhada para os pais e respons\u00e1veis. Eles tamb\u00e9m receberam orienta\u00e7\u00f5es sobre como contribu\u00edrem com a seguran\u00e7a das crian\u00e7as, verificando a mochila\/bolsa para saber o que os filhos est\u00e3o levando para as escolas, import\u00e2ncia do uso do uniforme e di\u00e1logo para evitar que a viol\u00eancia chegue \u00e0s unidades.<\/p>\n<p>M\u00e1rcia Gatti, secret\u00e1ria de Educa\u00e7\u00e3o, destacou a import\u00e2ncia da colabora\u00e7\u00e3o de todos. \u201cEscola \u00e9 lugar de acolhimento, alegria e paz. Pedimos que os pais e respons\u00e1veis enviem os estudantes para as escolas. N\u00e3o d\u00e1 para abrir m\u00e3o da educa\u00e7\u00e3o das crian\u00e7as e adolescentes, que j\u00e1 foi prejudicada em raz\u00e3o da pandemia\u201d, disse.<\/p>\n<p>Al\u00e9m dessa a\u00e7\u00e3o, entre os dias 25 e 28 de abril, as escolas e creches desenvolver\u00e3o tarefas di\u00e1rias de respeito ao pr\u00f3ximo. A Secretaria de Educa\u00e7\u00e3o tamb\u00e9m treinou os diretores e fez orienta\u00e7\u00f5es acerca do registro de ocorr\u00eancias, como agir e alinhou a\u00e7\u00f5es para garantir um ambiente seguro a todos. Foi ainda, instalado v\u00eddeo porteiro em todas as escolas e creches municipais. Desse modo, a entrada de pessoas, fora do per\u00edodo de alunos, s\u00f3 ser\u00e1 autorizada, mediante identifica\u00e7\u00e3o visual, uso de crach\u00e1s e uniformes, al\u00e9m de apresenta\u00e7\u00e3o de documentos.<\/p>\n<p>Tamb\u00e9m h\u00e1 um novo protocolo de entrada e sa\u00edda dos alunos. A orienta\u00e7\u00e3o \u00e9 que os pais e respons\u00e1veis deixem e retirem as crian\u00e7as, no port\u00e3o das unidades e os profissionais busquem os estudantes para acompanh\u00e1-los at\u00e9 a sala de aula, evitando fluxo maior de pessoas no interior das escolas e creches.<\/p>\n<p>Al\u00e9m disso, os pais ou respons\u00e1veis que decidirem buscar ou levar as crian\u00e7as em hor\u00e1rio diferente do habitual nas unidades, dever\u00e3o preencher um formul\u00e1rio, justificando o motivo e um funcion\u00e1rio da escola, acompanhar\u00e1 durante todo o trajeto esse estudante, garantindo que ele saia ou chegue na unidade em seguran\u00e7a.<\/p>\n<p>Nos pr\u00f3ximos dias, ser\u00e1 aberta a licita\u00e7\u00e3o para a contrata\u00e7\u00e3o de empresa especializada, que destinar\u00e1 um agente treinado para o controle de portaria em todas as escolas municipais, acompanhando quem entra nas unidades, desde a chegada dos alunos. Todas as medidas vieram, ap\u00f3s uma reuni\u00e3o do prefeito Alexandre Ferreira com as secretarias de Educa\u00e7\u00e3o e Seguran\u00e7a, Pol\u00edcias Militar e Civil e Diretoria Regional de Ensino, na semana passada.<\/p>\n<p><strong>Curso de Libras<\/strong><\/p>\n<div id=\"attachment_33592\" style=\"width: 310px\" class=\"wp-caption alignnone\"><img data-recalc-dims=\"1\" loading=\"lazy\" decoding=\"async\" aria-describedby=\"caption-attachment-33592\" class=\"size-medium wp-image-33592\" src=\"https:\/\/i0.wp.com\/verdadeon.com.br\/portal\/wp-content\/uploads\/2023\/04\/IMG_3196.jpg?resize=300%2C200&#038;ssl=1\" alt=\"\" width=\"300\" height=\"200\" srcset=\"https:\/\/i0.wp.com\/verdadeon.com.br\/portal\/wp-content\/uploads\/2023\/04\/IMG_3196-scaled.jpg?resize=300%2C200&amp;ssl=1 300w, https:\/\/i0.wp.com\/verdadeon.com.br\/portal\/wp-content\/uploads\/2023\/04\/IMG_3196-scaled.jpg?resize=1024%2C683&amp;ssl=1 1024w, https:\/\/i0.wp.com\/verdadeon.com.br\/portal\/wp-content\/uploads\/2023\/04\/IMG_3196-scaled.jpg?resize=768%2C512&amp;ssl=1 768w, https:\/\/i0.wp.com\/verdadeon.com.br\/portal\/wp-content\/uploads\/2023\/04\/IMG_3196-scaled.jpg?resize=1536%2C1024&amp;ssl=1 1536w, https:\/\/i0.wp.com\/verdadeon.com.br\/portal\/wp-content\/uploads\/2023\/04\/IMG_3196-scaled.jpg?resize=2048%2C1365&amp;ssl=1 2048w, https:\/\/i0.wp.com\/verdadeon.com.br\/portal\/wp-content\/uploads\/2023\/04\/IMG_3196-scaled.jpg?resize=219%2C146&amp;ssl=1 219w, https:\/\/i0.wp.com\/verdadeon.com.br\/portal\/wp-content\/uploads\/2023\/04\/IMG_3196-scaled.jpg?resize=50%2C33&amp;ssl=1 50w, https:\/\/i0.wp.com\/verdadeon.com.br\/portal\/wp-content\/uploads\/2023\/04\/IMG_3196-scaled.jpg?resize=113%2C75&amp;ssl=1 113w, https:\/\/i0.wp.com\/verdadeon.com.br\/portal\/wp-content\/uploads\/2023\/04\/IMG_3196-scaled.jpg?resize=1000%2C670&amp;ssl=1 1000w, https:\/\/i0.wp.com\/verdadeon.com.br\/portal\/wp-content\/uploads\/2023\/04\/IMG_3196-scaled.jpg?w=2440&amp;ssl=1 2440w\" sizes=\"auto, (max-width: 300px) 100vw, 300px\" \/><p id=\"caption-attachment-33592\" class=\"wp-caption-text\">Servidores p\u00fablicos municipais realizam curso de libras.<\/p><\/div>\n<p>Para garantir mais inclus\u00e3o e atendimento de excel\u00eancia, a Secretaria de Administra\u00e7\u00e3o e Recursos Humanos iniciou, na \u00faltima segunda-feira, um curso de Libras para 56 servidores p\u00fablicos municipais das secretarias de Educa\u00e7\u00e3o, Sa\u00fade, A\u00e7\u00e3o Social e Pa\u00e7o Municipal, que t\u00eam contato direto com \u00e0 popula\u00e7\u00e3o. Eles foram divididos em duas turmas, com 28 participantes em cada, no CEFAP (Centro de Forma\u00e7\u00e3o e Aperfei\u00e7oamento Profissional) para aprender a se comunicar atrav\u00e9s da linguagem de sinais.<\/p>\n<p>As aulas s\u00e3o ministradas pela servidora da Secretaria de Educa\u00e7\u00e3o, Maria Rita Capel, professora de Letras com habilita\u00e7\u00e3o em Libras. No primeiro encontro, ela j\u00e1 come\u00e7ou a ensinar palavras para os alunos, que far\u00e3o o curso at\u00e9 setembro.<\/p>\n","protected":false},"excerpt":{"rendered":"<p>\u201cEscola \u00e9 lugar de acolhimento, alegria e paz&#8221;, enfatiza M\u00e1rcia Gatti, secret\u00e1ria municipal de educa\u00e7\u00e3o Como forma de promover a paz e seguran\u00e7a nas escolas e<span class=\"excerpt-hellip\"> [\u2026]<\/span><\/p>\n","protected":false},"author":10,"featured_media":33593,"comment_status":"open","ping_status":"open","sticky":false,"template":"","format":"standard","meta":{"_jetpack_memberships_contains_paid_content":false,"footnotes":"","jetpack_publicize_message":"","jetpack_publicize_feature_enabled":true,"jetpack_social_post_already_shared":false,"jetpack_social_options":{"image_generator_settings":{"template":"highway","default_image_id":0,"enabled":false},"version":2}},"categories":[28,44],"tags":[],"class_list":["post-33584","post","type-post","status-publish","format-standard","has-post-thumbnail","hentry","category-cotidiano","category-noticias"],"yoast_head":"<!-- This site is optimized with the Yoast SEO plugin v25.6 - https:\/\/yoast.com\/wordpress\/plugins\/seo\/ -->\n<title>Educa\u00e7\u00e3o realiza Dia D de Cultura da Paz em escolas e creches - VerdadeOn<\/title>\n<meta name=\"robots\" content=\"index, follow, max-snippet:-1, max-image-preview:large, max-video-preview:-1\" \/>\n<link rel=\"canonical\" href=\"https:\/\/verdadeon.com.br\/portal\/2023\/04\/19\/educacao-realiza-dia-d-de-cultura-da-paz-em-escolas-e-creches\/\" \/>\n<meta property=\"og:locale\" content=\"pt_BR\" \/>\n<meta property=\"og:type\" content=\"article\" \/>\n<meta property=\"og:title\" content=\"Educa\u00e7\u00e3o realiza Dia D de Cultura da Paz em escolas e creches - VerdadeOn\" \/>\n<meta property=\"og:description\" content=\"\u201cEscola \u00e9 lugar de acolhimento, alegria e paz&#8221;, enfatiza M\u00e1rcia Gatti, secret\u00e1ria municipal de educa\u00e7\u00e3o Como forma de promover a paz e seguran\u00e7a nas escolas e [\u2026]\" \/>\n<meta property=\"og:url\" content=\"https:\/\/verdadeon.com.br\/portal\/2023\/04\/19\/educacao-realiza-dia-d-de-cultura-da-paz-em-escolas-e-creches\/\" \/>\n<meta property=\"og:site_name\" content=\"VerdadeOn\" \/>\n<meta property=\"article:published_time\" content=\"2023-04-19T18:02:58+00:00\" \/>\n<meta property=\"og:image\" content=\"https:\/\/verdadeon.com.br\/portal\/wp-content\/uploads\/2023\/04\/IMG_1540.jpg\" \/>\n\t<meta property=\"og:image:width\" content=\"1000\" \/>\n\t<meta property=\"og:image:height\" content=\"670\" \/>\n\t<meta property=\"og:image:type\" content=\"image\/jpeg\" \/>\n<meta name=\"author\" content=\"Redacao VerdadeOn\" \/>\n<meta name=\"twitter:card\" content=\"summary_large_image\" \/>\n<meta name=\"twitter:label1\" content=\"Escrito por\" \/>\n\t<meta name=\"twitter:data1\" content=\"Redacao VerdadeOn\" \/>\n\t<meta name=\"twitter:label2\" content=\"Est. tempo de leitura\" \/>\n\t<meta name=\"twitter:data2\" content=\"4 minutos\" \/>\n<script type=\"application\/ld+json\" class=\"yoast-schema-graph\">{\"@context\":\"https:\/\/schema.org\",\"@graph\":[{\"@type\":\"WebPage\",\"@id\":\"https:\/\/verdadeon.com.br\/portal\/2023\/04\/19\/educacao-realiza-dia-d-de-cultura-da-paz-em-escolas-e-creches\/\",\"url\":\"https:\/\/verdadeon.com.br\/portal\/2023\/04\/19\/educacao-realiza-dia-d-de-cultura-da-paz-em-escolas-e-creches\/\",\"name\":\"Educa\u00e7\u00e3o realiza Dia D de Cultura da Paz em escolas e creches - VerdadeOn\",\"isPartOf\":{\"@id\":\"https:\/\/verdadeon.com.br\/portal\/#website\"},\"primaryImageOfPage\":{\"@id\":\"https:\/\/verdadeon.com.br\/portal\/2023\/04\/19\/educacao-realiza-dia-d-de-cultura-da-paz-em-escolas-e-creches\/#primaryimage\"},\"image\":{\"@id\":\"https:\/\/verdadeon.com.br\/portal\/2023\/04\/19\/educacao-realiza-dia-d-de-cultura-da-paz-em-escolas-e-creches\/#primaryimage\"},\"thumbnailUrl\":\"https:\/\/i0.wp.com\/verdadeon.com.br\/portal\/wp-content\/uploads\/2023\/04\/IMG_1540.jpg?fit=1000%2C670&ssl=1\",\"datePublished\":\"2023-04-19T18:02:58+00:00\",\"author\":{\"@id\":\"https:\/\/verdadeon.com.br\/portal\/#\/schema\/person\/a5060ad1e9ea3df545188fc93ce43d2f\"},\"breadcrumb\":{\"@id\":\"https:\/\/verdadeon.com.br\/portal\/2023\/04\/19\/educacao-realiza-dia-d-de-cultura-da-paz-em-escolas-e-creches\/#breadcrumb\"},\"inLanguage\":\"pt-BR\",\"potentialAction\":[{\"@type\":\"ReadAction\",\"target\":[\"https:\/\/verdadeon.com.br\/portal\/2023\/04\/19\/educacao-realiza-dia-d-de-cultura-da-paz-em-escolas-e-creches\/\"]}]},{\"@type\":\"ImageObject\",\"inLanguage\":\"pt-BR\",\"@id\":\"https:\/\/verdadeon.com.br\/portal\/2023\/04\/19\/educacao-realiza-dia-d-de-cultura-da-paz-em-escolas-e-creches\/#primaryimage\",\"url\":\"https:\/\/i0.wp.com\/verdadeon.com.br\/portal\/wp-content\/uploads\/2023\/04\/IMG_1540.jpg?fit=1000%2C670&ssl=1\",\"contentUrl\":\"https:\/\/i0.wp.com\/verdadeon.com.br\/portal\/wp-content\/uploads\/2023\/04\/IMG_1540.jpg?fit=1000%2C670&ssl=1\",\"width\":1000,\"height\":670,\"caption\":\"Secretaria da Educa\u00e7\u00e3o realiza nesta quinta-feira, 20, o Dia D de Cultura de Paz.\"},{\"@type\":\"BreadcrumbList\",\"@id\":\"https:\/\/verdadeon.com.br\/portal\/2023\/04\/19\/educacao-realiza-dia-d-de-cultura-da-paz-em-escolas-e-creches\/#breadcrumb\",\"itemListElement\":[{\"@type\":\"ListItem\",\"position\":1,\"name\":\"In\u00edcio\",\"item\":\"https:\/\/verdadeon.com.br\/portal\/\"},{\"@type\":\"ListItem\",\"position\":2,\"name\":\"Educa\u00e7\u00e3o realiza Dia D de Cultura da Paz em escolas e creches\"}]},{\"@type\":\"WebSite\",\"@id\":\"https:\/\/verdadeon.com.br\/portal\/#website\",\"url\":\"https:\/\/verdadeon.com.br\/portal\/\",\"name\":\"VerdadeOn\",\"description\":\"Not\u00edcias di\u00e1rias sobre Franca, Regi\u00e3o, Esporte, Cultura, Cotidiano, Colunas. Cobertura nos principais eventos da cidade \u00e9 aqui - Verdadeon Franca\",\"potentialAction\":[{\"@type\":\"SearchAction\",\"target\":{\"@type\":\"EntryPoint\",\"urlTemplate\":\"https:\/\/verdadeon.com.br\/portal\/?s={search_term_string}\"},\"query-input\":{\"@type\":\"PropertyValueSpecification\",\"valueRequired\":true,\"valueName\":\"search_term_string\"}}],\"inLanguage\":\"pt-BR\"},{\"@type\":\"Person\",\"@id\":\"https:\/\/verdadeon.com.br\/portal\/#\/schema\/person\/a5060ad1e9ea3df545188fc93ce43d2f\",\"name\":\"Redacao VerdadeOn\",\"image\":{\"@type\":\"ImageObject\",\"inLanguage\":\"pt-BR\",\"@id\":\"https:\/\/verdadeon.com.br\/portal\/#\/schema\/person\/image\/\",\"url\":\"https:\/\/secure.gravatar.com\/avatar\/459a9613caaaf07f582c3d0841eea68bdd66f533e465e6ba8b9cb45619572cf4?s=96&d=mm&r=g\",\"contentUrl\":\"https:\/\/secure.gravatar.com\/avatar\/459a9613caaaf07f582c3d0841eea68bdd66f533e465e6ba8b9cb45619572cf4?s=96&d=mm&r=g\",\"caption\":\"Redacao VerdadeOn\"},\"url\":\"https:\/\/verdadeon.com.br\/portal\/author\/redacao\/\"}]}<\/script>\n<!-- \/ Yoast SEO plugin. -->","yoast_head_json":{"title":"Educa\u00e7\u00e3o realiza Dia D de Cultura da Paz em escolas e creches - VerdadeOn","robots":{"index":"index","follow":"follow","max-snippet":"max-snippet:-1","max-image-preview":"max-image-preview:large","max-video-preview":"max-video-preview:-1"},"canonical":"https:\/\/verdadeon.com.br\/portal\/2023\/04\/19\/educacao-realiza-dia-d-de-cultura-da-paz-em-escolas-e-creches\/","og_locale":"pt_BR","og_type":"article","og_title":"Educa\u00e7\u00e3o realiza Dia D de Cultura da Paz em escolas e creches - VerdadeOn","og_description":"\u201cEscola \u00e9 lugar de acolhimento, alegria e paz&#8221;, enfatiza M\u00e1rcia Gatti, secret\u00e1ria municipal de educa\u00e7\u00e3o Como forma de promover a paz e seguran\u00e7a nas escolas e [\u2026]","og_url":"https:\/\/verdadeon.com.br\/portal\/2023\/04\/19\/educacao-realiza-dia-d-de-cultura-da-paz-em-escolas-e-creches\/","og_site_name":"VerdadeOn","article_published_time":"2023-04-19T18:02:58+00:00","og_image":[{"width":1000,"height":670,"url":"https:\/\/verdadeon.com.br\/portal\/wp-content\/uploads\/2023\/04\/IMG_1540.jpg","type":"image\/jpeg"}],"author":"Redacao VerdadeOn","twitter_card":"summary_large_image","twitter_misc":{"Escrito por":"Redacao VerdadeOn","Est. tempo de leitura":"4 minutos"},"schema":{"@context":"https:\/\/schema.org","@graph":[{"@type":"WebPage","@id":"https:\/\/verdadeon.com.br\/portal\/2023\/04\/19\/educacao-realiza-dia-d-de-cultura-da-paz-em-escolas-e-creches\/","url":"https:\/\/verdadeon.com.br\/portal\/2023\/04\/19\/educacao-realiza-dia-d-de-cultura-da-paz-em-escolas-e-creches\/","name":"Educa\u00e7\u00e3o realiza Dia D de Cultura da Paz em escolas e creches - VerdadeOn","isPartOf":{"@id":"https:\/\/verdadeon.com.br\/portal\/#website"},"primaryImageOfPage":{"@id":"https:\/\/verdadeon.com.br\/portal\/2023\/04\/19\/educacao-realiza-dia-d-de-cultura-da-paz-em-escolas-e-creches\/#primaryimage"},"image":{"@id":"https:\/\/verdadeon.com.br\/portal\/2023\/04\/19\/educacao-realiza-dia-d-de-cultura-da-paz-em-escolas-e-creches\/#primaryimage"},"thumbnailUrl":"https:\/\/i0.wp.com\/verdadeon.com.br\/portal\/wp-content\/uploads\/2023\/04\/IMG_1540.jpg?fit=1000%2C670&ssl=1","datePublished":"2023-04-19T18:02:58+00:00","author":{"@id":"https:\/\/verdadeon.com.br\/portal\/#\/schema\/person\/a5060ad1e9ea3df545188fc93ce43d2f"},"breadcrumb":{"@id":"https:\/\/verdadeon.com.br\/portal\/2023\/04\/19\/educacao-realiza-dia-d-de-cultura-da-paz-em-escolas-e-creches\/#breadcrumb"},"inLanguage":"pt-BR","potentialAction":[{"@type":"ReadAction","target":["https:\/\/verdadeon.com.br\/portal\/2023\/04\/19\/educacao-realiza-dia-d-de-cultura-da-paz-em-escolas-e-creches\/"]}]},{"@type":"ImageObject","inLanguage":"pt-BR","@id":"https:\/\/verdadeon.com.br\/portal\/2023\/04\/19\/educacao-realiza-dia-d-de-cultura-da-paz-em-escolas-e-creches\/#primaryimage","url":"https:\/\/i0.wp.com\/verdadeon.com.br\/portal\/wp-content\/uploads\/2023\/04\/IMG_1540.jpg?fit=1000%2C670&ssl=1","contentUrl":"https:\/\/i0.wp.com\/verdadeon.com.br\/portal\/wp-content\/uploads\/2023\/04\/IMG_1540.jpg?fit=1000%2C670&ssl=1","width":1000,"height":670,"caption":"Secretaria da Educa\u00e7\u00e3o realiza nesta quinta-feira, 20, o Dia D de Cultura de Paz."},{"@type":"BreadcrumbList","@id":"https:\/\/verdadeon.com.br\/portal\/2023\/04\/19\/educacao-realiza-dia-d-de-cultura-da-paz-em-escolas-e-creches\/#breadcrumb","itemListElement":[{"@type":"ListItem","position":1,"name":"In\u00edcio","item":"https:\/\/verdadeon.com.br\/portal\/"},{"@type":"ListItem","position":2,"name":"Educa\u00e7\u00e3o realiza Dia D de Cultura da Paz em escolas e creches"}]},{"@type":"WebSite","@id":"https:\/\/verdadeon.com.br\/portal\/#website","url":"https:\/\/verdadeon.com.br\/portal\/","name":"VerdadeOn","description":"Not\u00edcias di\u00e1rias sobre Franca, Regi\u00e3o, Esporte, Cultura, Cotidiano, Colunas. Cobertura nos principais eventos da cidade \u00e9 aqui - Verdadeon Franca","potentialAction":[{"@type":"SearchAction","target":{"@type":"EntryPoint","urlTemplate":"https:\/\/verdadeon.com.br\/portal\/?s={search_term_string}"},"query-input":{"@type":"PropertyValueSpecification","valueRequired":true,"valueName":"search_term_string"}}],"inLanguage":"pt-BR"},{"@type":"Person","@id":"https:\/\/verdadeon.com.br\/portal\/#\/schema\/person\/a5060ad1e9ea3df545188fc93ce43d2f","name":"Redacao VerdadeOn","image":{"@type":"ImageObject","inLanguage":"pt-BR","@id":"https:\/\/verdadeon.com.br\/portal\/#\/schema\/person\/image\/","url":"https:\/\/secure.gravatar.com\/avatar\/459a9613caaaf07f582c3d0841eea68bdd66f533e465e6ba8b9cb45619572cf4?s=96&d=mm&r=g","contentUrl":"https:\/\/secure.gravatar.com\/avatar\/459a9613caaaf07f582c3d0841eea68bdd66f533e465e6ba8b9cb45619572cf4?s=96&d=mm&r=g","caption":"Redacao VerdadeOn"},"url":"https:\/\/verdadeon.com.br\/portal\/author\/redacao\/"}]}},"jetpack_publicize_connections":[],"jetpack_featured_media_url":"https:\/\/i0.wp.com\/verdadeon.com.br\/portal\/wp-content\/uploads\/2023\/04\/IMG_1540.jpg?fit=1000%2C670&ssl=1","jetpack_sharing_enabled":true,"_links":{"self":[{"href":"https:\/\/verdadeon.com.br\/portal\/wp-json\/wp\/v2\/posts\/33584","targetHints":{"allow":["GET"]}}],"collection":[{"href":"https:\/\/verdadeon.com.br\/portal\/wp-json\/wp\/v2\/posts"}],"about":[{"href":"https:\/\/verdadeon.com.br\/portal\/wp-json\/wp\/v2\/types\/post"}],"author":[{"embeddable":true,"href":"https:\/\/verdadeon.com.br\/portal\/wp-json\/wp\/v2\/users\/10"}],"replies":[{"embeddable":true,"href":"https:\/\/verdadeon.com.br\/portal\/wp-json\/wp\/v2\/comments?post=33584"}],"version-history":[{"count":1,"href":"https:\/\/verdadeon.com.br\/portal\/wp-json\/wp\/v2\/posts\/33584\/revisions"}],"predecessor-version":[{"id":33594,"href":"https:\/\/verdadeon.com.br\/portal\/wp-json\/wp\/v2\/posts\/33584\/revisions\/33594"}],"wp:featuredmedia":[{"embeddable":true,"href":"https:\/\/verdadeon.com.br\/portal\/wp-json\/wp\/v2\/media\/33593"}],"wp:attachment":[{"href":"https:\/\/verdadeon.com.br\/portal\/wp-json\/wp\/v2\/media?parent=33584"}],"wp:term":[{"taxonomy":"category","embeddable":true,"href":"https:\/\/verdadeon.com.br\/portal\/wp-json\/wp\/v2\/categories?post=33584"},{"taxonomy":"post_tag","embeddable":true,"href":"https:\/\/verdadeon.com.br\/portal\/wp-json\/wp\/v2\/tags?post=33584"}],"curies":[{"name":"wp","href":"https:\/\/api.w.org\/{rel}","templated":true}]}}