{"id":33540,"date":"2023-04-18T16:14:43","date_gmt":"2023-04-18T19:14:43","guid":{"rendered":"https:\/\/verdadeon.com.br\/portal\/?p=33540"},"modified":"2023-04-18T16:14:43","modified_gmt":"2023-04-18T19:14:43","slug":"fundacao-procafe-espera-mil-pessoas-em-dia-de-campo-em-franca","status":"publish","type":"post","link":"https:\/\/verdadeon.com.br\/portal\/2023\/04\/18\/fundacao-procafe-espera-mil-pessoas-em-dia-de-campo-em-franca\/","title":{"rendered":"Funda\u00e7\u00e3o Procaf\u00e9 espera mil pessoas em Dia de Campo em Franca"},"content":{"rendered":"<h2>Evento acontece nesta quarta-feira e apresenta resultados de pesquisas na cafeicultura<\/h2>\n<p>Cafeicultores, t\u00e9cnicos, agr\u00f4nomos, pesquisadores, consultores e estudantes s\u00e3o esperados nesta quarta-feira, 19 de abril, para participarem do Dia de Campo da Funda\u00e7\u00e3o Procaf\u00e9. O evento ser\u00e1 realizado na Fazenda Experimental de Franca-SP, a partir das 8 horas e visa demonstrar, na pr\u00e1tica, novas tecnologias para a cafeicultura. A entrada \u00e9 gratuita e as inscri\u00e7\u00f5es acontecem no local.<\/p>\n<p>A programa\u00e7\u00e3o envolve a apresenta\u00e7\u00e3o de quatro temas gerados atrav\u00e9s dos trabalhos de pesquisa realizados pela Funda\u00e7\u00e3o Procaf\u00e9, al\u00e9m da visualiza\u00e7\u00e3o pr\u00e1tica das plantas nos talh\u00f5es experimentais e a intera\u00e7\u00e3o entre prestadoras de servi\u00e7os e produtos do segmento agr\u00edcola com os produtores. Na ocasi\u00e3o, esta\u00e7\u00f5es de campo das empresas Basf, Ihara e Sipcam Nichino estar\u00e3o montadas na Fazenda Experimental.<\/p>\n<p>\u201cEsperamos a presen\u00e7a de mil participantes, compreendendo o engenheiro e o t\u00e9cnico que assistem ao produtor de caf\u00e9, pesquisadores, cafeicultores, l\u00edderes e autoridades ligadas ao setor cafeeiro de diversas regi\u00f5es\u201d, adiantou Marcelo Jord\u00e3o Filho, engenheiro agr\u00f4nomo e pesquisador da Funda\u00e7\u00e3o Procaf\u00e9.<\/p>\n<p>Segundo o cronograma, o Dia de Campo em Franca tratar\u00e1 da viabilidade da irriga\u00e7\u00e3o em cafezais na Regi\u00e3o da Alta Mogiana, a distribui\u00e7\u00e3o dos nutrientes, em profundidade, no solo em cafezais, culturas intercalares em cafezais e a implanta\u00e7\u00e3o do Catuca\u00ed APA, nova variedade de caf\u00e9 com desempenho superior para a Regi\u00e3o da Alta Mogiana.<\/p>\n<p>\u201cO evento come\u00e7a com um caf\u00e9 da manh\u00e3, em seguida se formam os grupos para as visitas e seguimos para o campo. Cada grupo vai at\u00e9 um pesquisador que explana o resultado daquela esta\u00e7\u00e3o de campo. \u00c9 a oportunidade que o produtor tem de ver em loco a aplica\u00e7\u00e3o daquela tecnologia\u201d, explicou Jord\u00e3o, que al\u00e9m de pesquisador tamb\u00e9m \u00e9 coordenador da Fazenda Experimental de Franca.<\/p>\n<p>O Dia de Campo em Franca \u00e9 o segundo de uma s\u00e9rie de tr\u00eas encontros promovidos pela Funda\u00e7\u00e3o Procaf\u00e9. O primeiro ocorreu no dia 22 de mar\u00e7o em Boa Esperan\u00e7a-MG e o terceiro est\u00e1 programado para os dias 31 de maio e 1\u00ba de junho, em Varginha-MG.<\/p>\n<p><strong>Sobre a Funda\u00e7\u00e3o Procaf\u00e9<\/strong><\/p>\n<p>Reconhecida por seus trabalhos de pesquisa, desenvolvimento e difus\u00e3o de tecnologias cafeeiras, a Funda\u00e7\u00e3o Procaf\u00e9, que existe h\u00e1 22 anos, \u00e9 uma entidade de direito privado, sem fins lucrativos, institu\u00edda por cooperativas agr\u00edcolas, cooperativas de cr\u00e9dito, sindicatos e associa\u00e7\u00f5es, que tem objetivo principal, dar suporte ao desenvolvimento tecnol\u00f3gico da cafeicultura nacional, mantendo-a na lideran\u00e7a mundial do setor cafeeiro.<\/p>\n<p>Para a realiza\u00e7\u00e3o de suas atividades de apoio \u00e0 tecnologia cafeicultura, a Funda\u00e7\u00e3o Procaf\u00e9 conta com um Programa de Trabalho amparado por um Plano Diretor cujo posicionamento estrat\u00e9gico \u00e9 baseado em sua miss\u00e3o, vis\u00e3o e valores, sendo:<\/p>\n<p><strong>Servi\u00e7o:<\/strong><\/p>\n<p><strong>Dia de Campo \u2013 Funda\u00e7\u00e3o Procaf\u00e9<\/strong><\/p>\n<p><strong>Quando:<\/strong> 19 de abril<\/p>\n<p><strong>Hor\u00e1rio:<\/strong> A partir das 8 horas<\/p>\n<p><strong>Local:<\/strong> Fazenda Experimental de Franca<\/p>\n<p><strong>Endere\u00e7o:<\/strong> Avenida Doutor Sidney Romeu Andrade, 2750, Jardim Marambaia, Franca\/SP<\/p>\n","protected":false},"excerpt":{"rendered":"<p>Evento acontece nesta quarta-feira e apresenta resultados de pesquisas na cafeicultura Cafeicultores, t\u00e9cnicos, agr\u00f4nomos, pesquisadores, consultores e estudantes s\u00e3o esperados nesta quarta-feira, 19 de abril, para<span class=\"excerpt-hellip\"> [\u2026]<\/span><\/p>\n","protected":false},"author":10,"featured_media":33541,"comment_status":"open","ping_status":"open","sticky":false,"template":"","format":"standard","meta":{"_jetpack_memberships_contains_paid_content":false,"footnotes":"","jetpack_publicize_message":"","jetpack_publicize_feature_enabled":true,"jetpack_social_post_already_shared":false,"jetpack_social_options":{"image_generator_settings":{"template":"highway","default_image_id":0,"enabled":false},"version":2}},"categories":[28,44],"tags":[],"class_list":["post-33540","post","type-post","status-publish","format-standard","has-post-thumbnail","hentry","category-cotidiano","category-noticias"],"yoast_head":"<!-- This site is optimized with the Yoast SEO plugin v25.6 - https:\/\/yoast.com\/wordpress\/plugins\/seo\/ -->\n<title>Funda\u00e7\u00e3o Procaf\u00e9 espera mil pessoas em Dia de Campo em Franca - VerdadeOn<\/title>\n<meta name=\"robots\" content=\"index, follow, max-snippet:-1, max-image-preview:large, max-video-preview:-1\" \/>\n<link rel=\"canonical\" href=\"https:\/\/verdadeon.com.br\/portal\/2023\/04\/18\/fundacao-procafe-espera-mil-pessoas-em-dia-de-campo-em-franca\/\" \/>\n<meta property=\"og:locale\" content=\"pt_BR\" \/>\n<meta property=\"og:type\" content=\"article\" \/>\n<meta property=\"og:title\" content=\"Funda\u00e7\u00e3o Procaf\u00e9 espera mil pessoas em Dia de Campo em Franca - VerdadeOn\" \/>\n<meta property=\"og:description\" content=\"Evento acontece nesta quarta-feira e apresenta resultados de pesquisas na cafeicultura Cafeicultores, t\u00e9cnicos, agr\u00f4nomos, pesquisadores, consultores e estudantes s\u00e3o esperados nesta quarta-feira, 19 de abril, para [\u2026]\" \/>\n<meta property=\"og:url\" content=\"https:\/\/verdadeon.com.br\/portal\/2023\/04\/18\/fundacao-procafe-espera-mil-pessoas-em-dia-de-campo-em-franca\/\" \/>\n<meta property=\"og:site_name\" content=\"VerdadeOn\" \/>\n<meta property=\"article:published_time\" content=\"2023-04-18T19:14:43+00:00\" \/>\n<meta property=\"og:image\" content=\"https:\/\/verdadeon.com.br\/portal\/wp-content\/uploads\/2023\/04\/WhatsApp-Image-2023-04-18-at-14.01.29.jpeg\" \/>\n\t<meta property=\"og:image:width\" content=\"1000\" \/>\n\t<meta property=\"og:image:height\" content=\"670\" \/>\n\t<meta property=\"og:image:type\" content=\"image\/jpeg\" \/>\n<meta name=\"author\" content=\"Redacao VerdadeOn\" \/>\n<meta name=\"twitter:card\" content=\"summary_large_image\" \/>\n<meta name=\"twitter:label1\" content=\"Escrito por\" \/>\n\t<meta name=\"twitter:data1\" content=\"Redacao VerdadeOn\" \/>\n\t<meta name=\"twitter:label2\" content=\"Est. tempo de leitura\" \/>\n\t<meta name=\"twitter:data2\" content=\"3 minutos\" \/>\n<script type=\"application\/ld+json\" class=\"yoast-schema-graph\">{\"@context\":\"https:\/\/schema.org\",\"@graph\":[{\"@type\":\"WebPage\",\"@id\":\"https:\/\/verdadeon.com.br\/portal\/2023\/04\/18\/fundacao-procafe-espera-mil-pessoas-em-dia-de-campo-em-franca\/\",\"url\":\"https:\/\/verdadeon.com.br\/portal\/2023\/04\/18\/fundacao-procafe-espera-mil-pessoas-em-dia-de-campo-em-franca\/\",\"name\":\"Funda\u00e7\u00e3o Procaf\u00e9 espera mil pessoas em Dia de Campo em Franca - VerdadeOn\",\"isPartOf\":{\"@id\":\"https:\/\/verdadeon.com.br\/portal\/#website\"},\"primaryImageOfPage\":{\"@id\":\"https:\/\/verdadeon.com.br\/portal\/2023\/04\/18\/fundacao-procafe-espera-mil-pessoas-em-dia-de-campo-em-franca\/#primaryimage\"},\"image\":{\"@id\":\"https:\/\/verdadeon.com.br\/portal\/2023\/04\/18\/fundacao-procafe-espera-mil-pessoas-em-dia-de-campo-em-franca\/#primaryimage\"},\"thumbnailUrl\":\"https:\/\/i0.wp.com\/verdadeon.com.br\/portal\/wp-content\/uploads\/2023\/04\/WhatsApp-Image-2023-04-18-at-14.01.29.jpeg?fit=1000%2C670&ssl=1\",\"datePublished\":\"2023-04-18T19:14:43+00:00\",\"author\":{\"@id\":\"https:\/\/verdadeon.com.br\/portal\/#\/schema\/person\/a5060ad1e9ea3df545188fc93ce43d2f\"},\"breadcrumb\":{\"@id\":\"https:\/\/verdadeon.com.br\/portal\/2023\/04\/18\/fundacao-procafe-espera-mil-pessoas-em-dia-de-campo-em-franca\/#breadcrumb\"},\"inLanguage\":\"pt-BR\",\"potentialAction\":[{\"@type\":\"ReadAction\",\"target\":[\"https:\/\/verdadeon.com.br\/portal\/2023\/04\/18\/fundacao-procafe-espera-mil-pessoas-em-dia-de-campo-em-franca\/\"]}]},{\"@type\":\"ImageObject\",\"inLanguage\":\"pt-BR\",\"@id\":\"https:\/\/verdadeon.com.br\/portal\/2023\/04\/18\/fundacao-procafe-espera-mil-pessoas-em-dia-de-campo-em-franca\/#primaryimage\",\"url\":\"https:\/\/i0.wp.com\/verdadeon.com.br\/portal\/wp-content\/uploads\/2023\/04\/WhatsApp-Image-2023-04-18-at-14.01.29.jpeg?fit=1000%2C670&ssl=1\",\"contentUrl\":\"https:\/\/i0.wp.com\/verdadeon.com.br\/portal\/wp-content\/uploads\/2023\/04\/WhatsApp-Image-2023-04-18-at-14.01.29.jpeg?fit=1000%2C670&ssl=1\",\"width\":1000,\"height\":670,\"caption\":\"Procaf\u00e9 realiza evento no munic\u00edpio de Vargina (MG) nos dias 31 de maio e 1\u00ba de junho\"},{\"@type\":\"BreadcrumbList\",\"@id\":\"https:\/\/verdadeon.com.br\/portal\/2023\/04\/18\/fundacao-procafe-espera-mil-pessoas-em-dia-de-campo-em-franca\/#breadcrumb\",\"itemListElement\":[{\"@type\":\"ListItem\",\"position\":1,\"name\":\"In\u00edcio\",\"item\":\"https:\/\/verdadeon.com.br\/portal\/\"},{\"@type\":\"ListItem\",\"position\":2,\"name\":\"Funda\u00e7\u00e3o Procaf\u00e9 espera mil pessoas em Dia de Campo em Franca\"}]},{\"@type\":\"WebSite\",\"@id\":\"https:\/\/verdadeon.com.br\/portal\/#website\",\"url\":\"https:\/\/verdadeon.com.br\/portal\/\",\"name\":\"VerdadeOn\",\"description\":\"Not\u00edcias di\u00e1rias sobre Franca, Regi\u00e3o, Esporte, Cultura, Cotidiano, Colunas. Cobertura nos principais eventos da cidade \u00e9 aqui - Verdadeon Franca\",\"potentialAction\":[{\"@type\":\"SearchAction\",\"target\":{\"@type\":\"EntryPoint\",\"urlTemplate\":\"https:\/\/verdadeon.com.br\/portal\/?s={search_term_string}\"},\"query-input\":{\"@type\":\"PropertyValueSpecification\",\"valueRequired\":true,\"valueName\":\"search_term_string\"}}],\"inLanguage\":\"pt-BR\"},{\"@type\":\"Person\",\"@id\":\"https:\/\/verdadeon.com.br\/portal\/#\/schema\/person\/a5060ad1e9ea3df545188fc93ce43d2f\",\"name\":\"Redacao VerdadeOn\",\"image\":{\"@type\":\"ImageObject\",\"inLanguage\":\"pt-BR\",\"@id\":\"https:\/\/verdadeon.com.br\/portal\/#\/schema\/person\/image\/\",\"url\":\"https:\/\/secure.gravatar.com\/avatar\/459a9613caaaf07f582c3d0841eea68bdd66f533e465e6ba8b9cb45619572cf4?s=96&d=mm&r=g\",\"contentUrl\":\"https:\/\/secure.gravatar.com\/avatar\/459a9613caaaf07f582c3d0841eea68bdd66f533e465e6ba8b9cb45619572cf4?s=96&d=mm&r=g\",\"caption\":\"Redacao VerdadeOn\"},\"url\":\"https:\/\/verdadeon.com.br\/portal\/author\/redacao\/\"}]}<\/script>\n<!-- \/ Yoast SEO plugin. -->","yoast_head_json":{"title":"Funda\u00e7\u00e3o Procaf\u00e9 espera mil pessoas em Dia de Campo em Franca - VerdadeOn","robots":{"index":"index","follow":"follow","max-snippet":"max-snippet:-1","max-image-preview":"max-image-preview:large","max-video-preview":"max-video-preview:-1"},"canonical":"https:\/\/verdadeon.com.br\/portal\/2023\/04\/18\/fundacao-procafe-espera-mil-pessoas-em-dia-de-campo-em-franca\/","og_locale":"pt_BR","og_type":"article","og_title":"Funda\u00e7\u00e3o Procaf\u00e9 espera mil pessoas em Dia de Campo em Franca - VerdadeOn","og_description":"Evento acontece nesta quarta-feira e apresenta resultados de pesquisas na cafeicultura Cafeicultores, t\u00e9cnicos, agr\u00f4nomos, pesquisadores, consultores e estudantes s\u00e3o esperados nesta quarta-feira, 19 de abril, para [\u2026]","og_url":"https:\/\/verdadeon.com.br\/portal\/2023\/04\/18\/fundacao-procafe-espera-mil-pessoas-em-dia-de-campo-em-franca\/","og_site_name":"VerdadeOn","article_published_time":"2023-04-18T19:14:43+00:00","og_image":[{"width":1000,"height":670,"url":"https:\/\/verdadeon.com.br\/portal\/wp-content\/uploads\/2023\/04\/WhatsApp-Image-2023-04-18-at-14.01.29.jpeg","type":"image\/jpeg"}],"author":"Redacao VerdadeOn","twitter_card":"summary_large_image","twitter_misc":{"Escrito por":"Redacao VerdadeOn","Est. tempo de leitura":"3 minutos"},"schema":{"@context":"https:\/\/schema.org","@graph":[{"@type":"WebPage","@id":"https:\/\/verdadeon.com.br\/portal\/2023\/04\/18\/fundacao-procafe-espera-mil-pessoas-em-dia-de-campo-em-franca\/","url":"https:\/\/verdadeon.com.br\/portal\/2023\/04\/18\/fundacao-procafe-espera-mil-pessoas-em-dia-de-campo-em-franca\/","name":"Funda\u00e7\u00e3o Procaf\u00e9 espera mil pessoas em Dia de Campo em Franca - VerdadeOn","isPartOf":{"@id":"https:\/\/verdadeon.com.br\/portal\/#website"},"primaryImageOfPage":{"@id":"https:\/\/verdadeon.com.br\/portal\/2023\/04\/18\/fundacao-procafe-espera-mil-pessoas-em-dia-de-campo-em-franca\/#primaryimage"},"image":{"@id":"https:\/\/verdadeon.com.br\/portal\/2023\/04\/18\/fundacao-procafe-espera-mil-pessoas-em-dia-de-campo-em-franca\/#primaryimage"},"thumbnailUrl":"https:\/\/i0.wp.com\/verdadeon.com.br\/portal\/wp-content\/uploads\/2023\/04\/WhatsApp-Image-2023-04-18-at-14.01.29.jpeg?fit=1000%2C670&ssl=1","datePublished":"2023-04-18T19:14:43+00:00","author":{"@id":"https:\/\/verdadeon.com.br\/portal\/#\/schema\/person\/a5060ad1e9ea3df545188fc93ce43d2f"},"breadcrumb":{"@id":"https:\/\/verdadeon.com.br\/portal\/2023\/04\/18\/fundacao-procafe-espera-mil-pessoas-em-dia-de-campo-em-franca\/#breadcrumb"},"inLanguage":"pt-BR","potentialAction":[{"@type":"ReadAction","target":["https:\/\/verdadeon.com.br\/portal\/2023\/04\/18\/fundacao-procafe-espera-mil-pessoas-em-dia-de-campo-em-franca\/"]}]},{"@type":"ImageObject","inLanguage":"pt-BR","@id":"https:\/\/verdadeon.com.br\/portal\/2023\/04\/18\/fundacao-procafe-espera-mil-pessoas-em-dia-de-campo-em-franca\/#primaryimage","url":"https:\/\/i0.wp.com\/verdadeon.com.br\/portal\/wp-content\/uploads\/2023\/04\/WhatsApp-Image-2023-04-18-at-14.01.29.jpeg?fit=1000%2C670&ssl=1","contentUrl":"https:\/\/i0.wp.com\/verdadeon.com.br\/portal\/wp-content\/uploads\/2023\/04\/WhatsApp-Image-2023-04-18-at-14.01.29.jpeg?fit=1000%2C670&ssl=1","width":1000,"height":670,"caption":"Procaf\u00e9 realiza evento no munic\u00edpio de Vargina (MG) nos dias 31 de maio e 1\u00ba de junho"},{"@type":"BreadcrumbList","@id":"https:\/\/verdadeon.com.br\/portal\/2023\/04\/18\/fundacao-procafe-espera-mil-pessoas-em-dia-de-campo-em-franca\/#breadcrumb","itemListElement":[{"@type":"ListItem","position":1,"name":"In\u00edcio","item":"https:\/\/verdadeon.com.br\/portal\/"},{"@type":"ListItem","position":2,"name":"Funda\u00e7\u00e3o Procaf\u00e9 espera mil pessoas em Dia de Campo em Franca"}]},{"@type":"WebSite","@id":"https:\/\/verdadeon.com.br\/portal\/#website","url":"https:\/\/verdadeon.com.br\/portal\/","name":"VerdadeOn","description":"Not\u00edcias di\u00e1rias sobre Franca, Regi\u00e3o, Esporte, Cultura, Cotidiano, Colunas. Cobertura nos principais eventos da cidade \u00e9 aqui - Verdadeon Franca","potentialAction":[{"@type":"SearchAction","target":{"@type":"EntryPoint","urlTemplate":"https:\/\/verdadeon.com.br\/portal\/?s={search_term_string}"},"query-input":{"@type":"PropertyValueSpecification","valueRequired":true,"valueName":"search_term_string"}}],"inLanguage":"pt-BR"},{"@type":"Person","@id":"https:\/\/verdadeon.com.br\/portal\/#\/schema\/person\/a5060ad1e9ea3df545188fc93ce43d2f","name":"Redacao VerdadeOn","image":{"@type":"ImageObject","inLanguage":"pt-BR","@id":"https:\/\/verdadeon.com.br\/portal\/#\/schema\/person\/image\/","url":"https:\/\/secure.gravatar.com\/avatar\/459a9613caaaf07f582c3d0841eea68bdd66f533e465e6ba8b9cb45619572cf4?s=96&d=mm&r=g","contentUrl":"https:\/\/secure.gravatar.com\/avatar\/459a9613caaaf07f582c3d0841eea68bdd66f533e465e6ba8b9cb45619572cf4?s=96&d=mm&r=g","caption":"Redacao VerdadeOn"},"url":"https:\/\/verdadeon.com.br\/portal\/author\/redacao\/"}]}},"jetpack_publicize_connections":[],"jetpack_featured_media_url":"https:\/\/i0.wp.com\/verdadeon.com.br\/portal\/wp-content\/uploads\/2023\/04\/WhatsApp-Image-2023-04-18-at-14.01.29.jpeg?fit=1000%2C670&ssl=1","jetpack_sharing_enabled":true,"_links":{"self":[{"href":"https:\/\/verdadeon.com.br\/portal\/wp-json\/wp\/v2\/posts\/33540","targetHints":{"allow":["GET"]}}],"collection":[{"href":"https:\/\/verdadeon.com.br\/portal\/wp-json\/wp\/v2\/posts"}],"about":[{"href":"https:\/\/verdadeon.com.br\/portal\/wp-json\/wp\/v2\/types\/post"}],"author":[{"embeddable":true,"href":"https:\/\/verdadeon.com.br\/portal\/wp-json\/wp\/v2\/users\/10"}],"replies":[{"embeddable":true,"href":"https:\/\/verdadeon.com.br\/portal\/wp-json\/wp\/v2\/comments?post=33540"}],"version-history":[{"count":1,"href":"https:\/\/verdadeon.com.br\/portal\/wp-json\/wp\/v2\/posts\/33540\/revisions"}],"predecessor-version":[{"id":33542,"href":"https:\/\/verdadeon.com.br\/portal\/wp-json\/wp\/v2\/posts\/33540\/revisions\/33542"}],"wp:featuredmedia":[{"embeddable":true,"href":"https:\/\/verdadeon.com.br\/portal\/wp-json\/wp\/v2\/media\/33541"}],"wp:attachment":[{"href":"https:\/\/verdadeon.com.br\/portal\/wp-json\/wp\/v2\/media?parent=33540"}],"wp:term":[{"taxonomy":"category","embeddable":true,"href":"https:\/\/verdadeon.com.br\/portal\/wp-json\/wp\/v2\/categories?post=33540"},{"taxonomy":"post_tag","embeddable":true,"href":"https:\/\/verdadeon.com.br\/portal\/wp-json\/wp\/v2\/tags?post=33540"}],"curies":[{"name":"wp","href":"https:\/\/api.w.org\/{rel}","templated":true}]}}