{"id":33539,"date":"2023-04-18T16:27:36","date_gmt":"2023-04-18T19:27:36","guid":{"rendered":"https:\/\/verdadeon.com.br\/portal\/?p=33539"},"modified":"2023-04-18T16:27:36","modified_gmt":"2023-04-18T19:27:36","slug":"acidente-na-rodovia-candido-portinari-deixa-uma-pessoa-ferida","status":"publish","type":"post","link":"https:\/\/verdadeon.com.br\/portal\/2023\/04\/18\/acidente-na-rodovia-candido-portinari-deixa-uma-pessoa-ferida\/","title":{"rendered":"Acidente na Rodovia C\u00e2ndido Portinari deixa uma pessoa ferida"},"content":{"rendered":"<h2>Al\u00e9m da colis\u00e3o, um motorista de caminh\u00e3o tamb\u00e9m perdeu o controle do ve\u00edculo<\/h2>\n<p>Nesta ter\u00e7a-feira, 18, uma mulher de 52 anos, que dirigia na Rodovia C\u00e2ndido Portinari, sentido Ribeir\u00e3o Preto, ficou levemente ferida. Em raz\u00e3o da chuva a pista estava molhada e o carro acabou rodando. Um motorista de aplicativo vinha logo atr\u00e1s, quando colidiu na traseira do ve\u00edculo.<\/p>\n<p>O motorista de um caminh\u00e3o de supermercados viu o acidente e tentou frear. Ele perdeu o controle da dire\u00e7\u00e3o e acabou batendo na mureta de prote\u00e7\u00e3o ao lado da via. O condutor, por\u00e9m, n\u00e3o ficou ferido.<\/p>\n<div id=\"attachment_33543\" style=\"width: 310px\" class=\"wp-caption alignnone\"><img data-recalc-dims=\"1\" loading=\"lazy\" decoding=\"async\" aria-describedby=\"caption-attachment-33543\" class=\"size-medium wp-image-33543\" src=\"https:\/\/i0.wp.com\/verdadeon.com.br\/portal\/wp-content\/uploads\/2023\/04\/WhatsApp-Image-2023-04-18-at-16.23.13.jpeg?resize=300%2C201&#038;ssl=1\" alt=\"\" width=\"300\" height=\"201\" srcset=\"https:\/\/i0.wp.com\/verdadeon.com.br\/portal\/wp-content\/uploads\/2023\/04\/WhatsApp-Image-2023-04-18-at-16.23.13.jpeg?resize=300%2C201&amp;ssl=1 300w, https:\/\/i0.wp.com\/verdadeon.com.br\/portal\/wp-content\/uploads\/2023\/04\/WhatsApp-Image-2023-04-18-at-16.23.13.jpeg?resize=768%2C515&amp;ssl=1 768w, https:\/\/i0.wp.com\/verdadeon.com.br\/portal\/wp-content\/uploads\/2023\/04\/WhatsApp-Image-2023-04-18-at-16.23.13.jpeg?resize=218%2C146&amp;ssl=1 218w, https:\/\/i0.wp.com\/verdadeon.com.br\/portal\/wp-content\/uploads\/2023\/04\/WhatsApp-Image-2023-04-18-at-16.23.13.jpeg?resize=50%2C34&amp;ssl=1 50w, https:\/\/i0.wp.com\/verdadeon.com.br\/portal\/wp-content\/uploads\/2023\/04\/WhatsApp-Image-2023-04-18-at-16.23.13.jpeg?resize=112%2C75&amp;ssl=1 112w, https:\/\/i0.wp.com\/verdadeon.com.br\/portal\/wp-content\/uploads\/2023\/04\/WhatsApp-Image-2023-04-18-at-16.23.13.jpeg?w=1000&amp;ssl=1 1000w\" sizes=\"auto, (max-width: 300px) 100vw, 300px\" \/><p id=\"caption-attachment-33543\" class=\"wp-caption-text\">Caminh\u00e3o tomba na C\u00e2ndido Portinari (\u00a9Reprodu\u00e7\u00e3o)<\/p><\/div>\n<p>Uma equipe de resgate da ViaPaulista socorreu a mulher que havia ficado ferida, levando-a ao Pronto Socorro Dr. \u00c1lvaro Azzus. A Pol\u00edcia Rodovi\u00e1ria Federal registrou um boletim de ocorr\u00eancia sobre o ocorrido.<\/p>\n","protected":false},"excerpt":{"rendered":"<p>Al\u00e9m da colis\u00e3o, um motorista de caminh\u00e3o tamb\u00e9m perdeu o controle do ve\u00edculo Nesta ter\u00e7a-feira, 18, uma mulher de 52 anos, que dirigia na Rodovia C\u00e2ndido<span class=\"excerpt-hellip\"> [\u2026]<\/span><\/p>\n","protected":false},"author":10,"featured_media":33544,"comment_status":"open","ping_status":"open","sticky":false,"template":"","format":"standard","meta":{"_jetpack_memberships_contains_paid_content":false,"footnotes":"","jetpack_publicize_message":"","jetpack_publicize_feature_enabled":true,"jetpack_social_post_already_shared":false,"jetpack_social_options":{"image_generator_settings":{"template":"highway","default_image_id":0,"enabled":false},"version":2}},"categories":[28,44],"tags":[],"class_list":["post-33539","post","type-post","status-publish","format-standard","has-post-thumbnail","hentry","category-cotidiano","category-noticias"],"yoast_head":"<!-- This site is optimized with the Yoast SEO plugin v25.6 - https:\/\/yoast.com\/wordpress\/plugins\/seo\/ -->\n<title>Acidente na Rodovia C\u00e2ndido Portinari deixa uma pessoa ferida - VerdadeOn<\/title>\n<meta name=\"robots\" content=\"index, follow, max-snippet:-1, max-image-preview:large, max-video-preview:-1\" \/>\n<link rel=\"canonical\" href=\"https:\/\/verdadeon.com.br\/portal\/2023\/04\/18\/acidente-na-rodovia-candido-portinari-deixa-uma-pessoa-ferida\/\" \/>\n<meta property=\"og:locale\" content=\"pt_BR\" \/>\n<meta property=\"og:type\" content=\"article\" \/>\n<meta property=\"og:title\" content=\"Acidente na Rodovia C\u00e2ndido Portinari deixa uma pessoa ferida - VerdadeOn\" \/>\n<meta property=\"og:description\" content=\"Al\u00e9m da colis\u00e3o, um motorista de caminh\u00e3o tamb\u00e9m perdeu o controle do ve\u00edculo Nesta ter\u00e7a-feira, 18, uma mulher de 52 anos, que dirigia na Rodovia C\u00e2ndido [\u2026]\" \/>\n<meta property=\"og:url\" content=\"https:\/\/verdadeon.com.br\/portal\/2023\/04\/18\/acidente-na-rodovia-candido-portinari-deixa-uma-pessoa-ferida\/\" \/>\n<meta property=\"og:site_name\" content=\"VerdadeOn\" \/>\n<meta property=\"article:published_time\" content=\"2023-04-18T19:27:36+00:00\" \/>\n<meta property=\"og:image\" content=\"https:\/\/verdadeon.com.br\/portal\/wp-content\/uploads\/2023\/04\/WhatsApp-Image-2023-04-18-at-16.23.13-1.jpeg\" \/>\n\t<meta property=\"og:image:width\" content=\"1000\" \/>\n\t<meta property=\"og:image:height\" content=\"670\" \/>\n\t<meta property=\"og:image:type\" content=\"image\/jpeg\" \/>\n<meta name=\"author\" content=\"Redacao VerdadeOn\" \/>\n<meta name=\"twitter:card\" content=\"summary_large_image\" \/>\n<meta name=\"twitter:label1\" content=\"Escrito por\" \/>\n\t<meta name=\"twitter:data1\" content=\"Redacao VerdadeOn\" \/>\n\t<meta name=\"twitter:label2\" content=\"Est. tempo de leitura\" \/>\n\t<meta name=\"twitter:data2\" content=\"1 minuto\" \/>\n<script type=\"application\/ld+json\" class=\"yoast-schema-graph\">{\"@context\":\"https:\/\/schema.org\",\"@graph\":[{\"@type\":\"WebPage\",\"@id\":\"https:\/\/verdadeon.com.br\/portal\/2023\/04\/18\/acidente-na-rodovia-candido-portinari-deixa-uma-pessoa-ferida\/\",\"url\":\"https:\/\/verdadeon.com.br\/portal\/2023\/04\/18\/acidente-na-rodovia-candido-portinari-deixa-uma-pessoa-ferida\/\",\"name\":\"Acidente na Rodovia C\u00e2ndido Portinari deixa uma pessoa ferida - VerdadeOn\",\"isPartOf\":{\"@id\":\"https:\/\/verdadeon.com.br\/portal\/#website\"},\"primaryImageOfPage\":{\"@id\":\"https:\/\/verdadeon.com.br\/portal\/2023\/04\/18\/acidente-na-rodovia-candido-portinari-deixa-uma-pessoa-ferida\/#primaryimage\"},\"image\":{\"@id\":\"https:\/\/verdadeon.com.br\/portal\/2023\/04\/18\/acidente-na-rodovia-candido-portinari-deixa-uma-pessoa-ferida\/#primaryimage\"},\"thumbnailUrl\":\"https:\/\/i0.wp.com\/verdadeon.com.br\/portal\/wp-content\/uploads\/2023\/04\/WhatsApp-Image-2023-04-18-at-16.23.13-1.jpeg?fit=1000%2C670&ssl=1\",\"datePublished\":\"2023-04-18T19:27:36+00:00\",\"author\":{\"@id\":\"https:\/\/verdadeon.com.br\/portal\/#\/schema\/person\/a5060ad1e9ea3df545188fc93ce43d2f\"},\"breadcrumb\":{\"@id\":\"https:\/\/verdadeon.com.br\/portal\/2023\/04\/18\/acidente-na-rodovia-candido-portinari-deixa-uma-pessoa-ferida\/#breadcrumb\"},\"inLanguage\":\"pt-BR\",\"potentialAction\":[{\"@type\":\"ReadAction\",\"target\":[\"https:\/\/verdadeon.com.br\/portal\/2023\/04\/18\/acidente-na-rodovia-candido-portinari-deixa-uma-pessoa-ferida\/\"]}]},{\"@type\":\"ImageObject\",\"inLanguage\":\"pt-BR\",\"@id\":\"https:\/\/verdadeon.com.br\/portal\/2023\/04\/18\/acidente-na-rodovia-candido-portinari-deixa-uma-pessoa-ferida\/#primaryimage\",\"url\":\"https:\/\/i0.wp.com\/verdadeon.com.br\/portal\/wp-content\/uploads\/2023\/04\/WhatsApp-Image-2023-04-18-at-16.23.13-1.jpeg?fit=1000%2C670&ssl=1\",\"contentUrl\":\"https:\/\/i0.wp.com\/verdadeon.com.br\/portal\/wp-content\/uploads\/2023\/04\/WhatsApp-Image-2023-04-18-at-16.23.13-1.jpeg?fit=1000%2C670&ssl=1\",\"width\":1000,\"height\":670,\"caption\":\"Acidente em pista molhada deixa motorista levemente ferida. (\u00a9Reprodu\u00e7\u00e3o)\"},{\"@type\":\"BreadcrumbList\",\"@id\":\"https:\/\/verdadeon.com.br\/portal\/2023\/04\/18\/acidente-na-rodovia-candido-portinari-deixa-uma-pessoa-ferida\/#breadcrumb\",\"itemListElement\":[{\"@type\":\"ListItem\",\"position\":1,\"name\":\"In\u00edcio\",\"item\":\"https:\/\/verdadeon.com.br\/portal\/\"},{\"@type\":\"ListItem\",\"position\":2,\"name\":\"Acidente na Rodovia C\u00e2ndido Portinari deixa uma pessoa ferida\"}]},{\"@type\":\"WebSite\",\"@id\":\"https:\/\/verdadeon.com.br\/portal\/#website\",\"url\":\"https:\/\/verdadeon.com.br\/portal\/\",\"name\":\"VerdadeOn\",\"description\":\"Not\u00edcias di\u00e1rias sobre Franca, Regi\u00e3o, Esporte, Cultura, Cotidiano, Colunas. Cobertura nos principais eventos da cidade \u00e9 aqui - Verdadeon Franca\",\"potentialAction\":[{\"@type\":\"SearchAction\",\"target\":{\"@type\":\"EntryPoint\",\"urlTemplate\":\"https:\/\/verdadeon.com.br\/portal\/?s={search_term_string}\"},\"query-input\":{\"@type\":\"PropertyValueSpecification\",\"valueRequired\":true,\"valueName\":\"search_term_string\"}}],\"inLanguage\":\"pt-BR\"},{\"@type\":\"Person\",\"@id\":\"https:\/\/verdadeon.com.br\/portal\/#\/schema\/person\/a5060ad1e9ea3df545188fc93ce43d2f\",\"name\":\"Redacao VerdadeOn\",\"image\":{\"@type\":\"ImageObject\",\"inLanguage\":\"pt-BR\",\"@id\":\"https:\/\/verdadeon.com.br\/portal\/#\/schema\/person\/image\/\",\"url\":\"https:\/\/secure.gravatar.com\/avatar\/459a9613caaaf07f582c3d0841eea68bdd66f533e465e6ba8b9cb45619572cf4?s=96&d=mm&r=g\",\"contentUrl\":\"https:\/\/secure.gravatar.com\/avatar\/459a9613caaaf07f582c3d0841eea68bdd66f533e465e6ba8b9cb45619572cf4?s=96&d=mm&r=g\",\"caption\":\"Redacao VerdadeOn\"},\"url\":\"https:\/\/verdadeon.com.br\/portal\/author\/redacao\/\"}]}<\/script>\n<!-- \/ Yoast SEO plugin. -->","yoast_head_json":{"title":"Acidente na Rodovia C\u00e2ndido Portinari deixa uma pessoa ferida - VerdadeOn","robots":{"index":"index","follow":"follow","max-snippet":"max-snippet:-1","max-image-preview":"max-image-preview:large","max-video-preview":"max-video-preview:-1"},"canonical":"https:\/\/verdadeon.com.br\/portal\/2023\/04\/18\/acidente-na-rodovia-candido-portinari-deixa-uma-pessoa-ferida\/","og_locale":"pt_BR","og_type":"article","og_title":"Acidente na Rodovia C\u00e2ndido Portinari deixa uma pessoa ferida - VerdadeOn","og_description":"Al\u00e9m da colis\u00e3o, um motorista de caminh\u00e3o tamb\u00e9m perdeu o controle do ve\u00edculo Nesta ter\u00e7a-feira, 18, uma mulher de 52 anos, que dirigia na Rodovia C\u00e2ndido [\u2026]","og_url":"https:\/\/verdadeon.com.br\/portal\/2023\/04\/18\/acidente-na-rodovia-candido-portinari-deixa-uma-pessoa-ferida\/","og_site_name":"VerdadeOn","article_published_time":"2023-04-18T19:27:36+00:00","og_image":[{"width":1000,"height":670,"url":"https:\/\/verdadeon.com.br\/portal\/wp-content\/uploads\/2023\/04\/WhatsApp-Image-2023-04-18-at-16.23.13-1.jpeg","type":"image\/jpeg"}],"author":"Redacao VerdadeOn","twitter_card":"summary_large_image","twitter_misc":{"Escrito por":"Redacao VerdadeOn","Est. tempo de leitura":"1 minuto"},"schema":{"@context":"https:\/\/schema.org","@graph":[{"@type":"WebPage","@id":"https:\/\/verdadeon.com.br\/portal\/2023\/04\/18\/acidente-na-rodovia-candido-portinari-deixa-uma-pessoa-ferida\/","url":"https:\/\/verdadeon.com.br\/portal\/2023\/04\/18\/acidente-na-rodovia-candido-portinari-deixa-uma-pessoa-ferida\/","name":"Acidente na Rodovia C\u00e2ndido Portinari deixa uma pessoa ferida - VerdadeOn","isPartOf":{"@id":"https:\/\/verdadeon.com.br\/portal\/#website"},"primaryImageOfPage":{"@id":"https:\/\/verdadeon.com.br\/portal\/2023\/04\/18\/acidente-na-rodovia-candido-portinari-deixa-uma-pessoa-ferida\/#primaryimage"},"image":{"@id":"https:\/\/verdadeon.com.br\/portal\/2023\/04\/18\/acidente-na-rodovia-candido-portinari-deixa-uma-pessoa-ferida\/#primaryimage"},"thumbnailUrl":"https:\/\/i0.wp.com\/verdadeon.com.br\/portal\/wp-content\/uploads\/2023\/04\/WhatsApp-Image-2023-04-18-at-16.23.13-1.jpeg?fit=1000%2C670&ssl=1","datePublished":"2023-04-18T19:27:36+00:00","author":{"@id":"https:\/\/verdadeon.com.br\/portal\/#\/schema\/person\/a5060ad1e9ea3df545188fc93ce43d2f"},"breadcrumb":{"@id":"https:\/\/verdadeon.com.br\/portal\/2023\/04\/18\/acidente-na-rodovia-candido-portinari-deixa-uma-pessoa-ferida\/#breadcrumb"},"inLanguage":"pt-BR","potentialAction":[{"@type":"ReadAction","target":["https:\/\/verdadeon.com.br\/portal\/2023\/04\/18\/acidente-na-rodovia-candido-portinari-deixa-uma-pessoa-ferida\/"]}]},{"@type":"ImageObject","inLanguage":"pt-BR","@id":"https:\/\/verdadeon.com.br\/portal\/2023\/04\/18\/acidente-na-rodovia-candido-portinari-deixa-uma-pessoa-ferida\/#primaryimage","url":"https:\/\/i0.wp.com\/verdadeon.com.br\/portal\/wp-content\/uploads\/2023\/04\/WhatsApp-Image-2023-04-18-at-16.23.13-1.jpeg?fit=1000%2C670&ssl=1","contentUrl":"https:\/\/i0.wp.com\/verdadeon.com.br\/portal\/wp-content\/uploads\/2023\/04\/WhatsApp-Image-2023-04-18-at-16.23.13-1.jpeg?fit=1000%2C670&ssl=1","width":1000,"height":670,"caption":"Acidente em pista molhada deixa motorista levemente ferida. (\u00a9Reprodu\u00e7\u00e3o)"},{"@type":"BreadcrumbList","@id":"https:\/\/verdadeon.com.br\/portal\/2023\/04\/18\/acidente-na-rodovia-candido-portinari-deixa-uma-pessoa-ferida\/#breadcrumb","itemListElement":[{"@type":"ListItem","position":1,"name":"In\u00edcio","item":"https:\/\/verdadeon.com.br\/portal\/"},{"@type":"ListItem","position":2,"name":"Acidente na Rodovia C\u00e2ndido Portinari deixa uma pessoa ferida"}]},{"@type":"WebSite","@id":"https:\/\/verdadeon.com.br\/portal\/#website","url":"https:\/\/verdadeon.com.br\/portal\/","name":"VerdadeOn","description":"Not\u00edcias di\u00e1rias sobre Franca, Regi\u00e3o, Esporte, Cultura, Cotidiano, Colunas. Cobertura nos principais eventos da cidade \u00e9 aqui - Verdadeon Franca","potentialAction":[{"@type":"SearchAction","target":{"@type":"EntryPoint","urlTemplate":"https:\/\/verdadeon.com.br\/portal\/?s={search_term_string}"},"query-input":{"@type":"PropertyValueSpecification","valueRequired":true,"valueName":"search_term_string"}}],"inLanguage":"pt-BR"},{"@type":"Person","@id":"https:\/\/verdadeon.com.br\/portal\/#\/schema\/person\/a5060ad1e9ea3df545188fc93ce43d2f","name":"Redacao VerdadeOn","image":{"@type":"ImageObject","inLanguage":"pt-BR","@id":"https:\/\/verdadeon.com.br\/portal\/#\/schema\/person\/image\/","url":"https:\/\/secure.gravatar.com\/avatar\/459a9613caaaf07f582c3d0841eea68bdd66f533e465e6ba8b9cb45619572cf4?s=96&d=mm&r=g","contentUrl":"https:\/\/secure.gravatar.com\/avatar\/459a9613caaaf07f582c3d0841eea68bdd66f533e465e6ba8b9cb45619572cf4?s=96&d=mm&r=g","caption":"Redacao VerdadeOn"},"url":"https:\/\/verdadeon.com.br\/portal\/author\/redacao\/"}]}},"jetpack_publicize_connections":[],"jetpack_featured_media_url":"https:\/\/i0.wp.com\/verdadeon.com.br\/portal\/wp-content\/uploads\/2023\/04\/WhatsApp-Image-2023-04-18-at-16.23.13-1.jpeg?fit=1000%2C670&ssl=1","jetpack_sharing_enabled":true,"_links":{"self":[{"href":"https:\/\/verdadeon.com.br\/portal\/wp-json\/wp\/v2\/posts\/33539","targetHints":{"allow":["GET"]}}],"collection":[{"href":"https:\/\/verdadeon.com.br\/portal\/wp-json\/wp\/v2\/posts"}],"about":[{"href":"https:\/\/verdadeon.com.br\/portal\/wp-json\/wp\/v2\/types\/post"}],"author":[{"embeddable":true,"href":"https:\/\/verdadeon.com.br\/portal\/wp-json\/wp\/v2\/users\/10"}],"replies":[{"embeddable":true,"href":"https:\/\/verdadeon.com.br\/portal\/wp-json\/wp\/v2\/comments?post=33539"}],"version-history":[{"count":1,"href":"https:\/\/verdadeon.com.br\/portal\/wp-json\/wp\/v2\/posts\/33539\/revisions"}],"predecessor-version":[{"id":33545,"href":"https:\/\/verdadeon.com.br\/portal\/wp-json\/wp\/v2\/posts\/33539\/revisions\/33545"}],"wp:featuredmedia":[{"embeddable":true,"href":"https:\/\/verdadeon.com.br\/portal\/wp-json\/wp\/v2\/media\/33544"}],"wp:attachment":[{"href":"https:\/\/verdadeon.com.br\/portal\/wp-json\/wp\/v2\/media?parent=33539"}],"wp:term":[{"taxonomy":"category","embeddable":true,"href":"https:\/\/verdadeon.com.br\/portal\/wp-json\/wp\/v2\/categories?post=33539"},{"taxonomy":"post_tag","embeddable":true,"href":"https:\/\/verdadeon.com.br\/portal\/wp-json\/wp\/v2\/tags?post=33539"}],"curies":[{"name":"wp","href":"https:\/\/api.w.org\/{rel}","templated":true}]}}