{"id":33482,"date":"2023-04-17T10:37:16","date_gmt":"2023-04-17T13:37:16","guid":{"rendered":"https:\/\/verdadeon.com.br\/portal\/?p=33482"},"modified":"2023-04-17T10:37:16","modified_gmt":"2023-04-17T13:37:16","slug":"festival-cultura-sertaneja-de-ribeirao-mantem-as-raizes-do-interior-com-a-queima-do-alho","status":"publish","type":"post","link":"https:\/\/verdadeon.com.br\/portal\/2023\/04\/17\/festival-cultura-sertaneja-de-ribeirao-mantem-as-raizes-do-interior-com-a-queima-do-alho\/","title":{"rendered":"\u00a0\u201cFestival Cultura Sertaneja de Ribeir\u00e3o\u201d mant\u00e9m as ra\u00edzes do interior com a Queima do Alho"},"content":{"rendered":"<h2 style=\"text-align: left;\" align=\"center\">Marcado para o pr\u00f3ximo dia 21, evento do Ribeir\u00e3o Rodeo Music enaltece a cultura caipira com moda de viola, catira, card\u00e1pio tradicional \u201cdo estrad\u00e3o\u201d e muito mais. Ingressos j\u00e1 est\u00e3o \u00e0 venda<u><\/u><u><\/u><\/h2>\n<p>Celebrando as ra\u00edzes do interior, o \u201cFestival Cultura Sertaneja de Ribeir\u00e3o\u201d, organizado pelo Ribeir\u00e3o Rodeo Music, ser\u00e1 realizado no pr\u00f3ximo dia 21 de abril, feriado de Tiradentes, ao meio-dia (12h), no Parque Permanente de Exposi\u00e7\u00f5es.<br \/>\n<u><\/u><u><\/u>Com muita moda de viola, dan\u00e7a t\u00edpica catira e toda cenografia para \u201ctransportar\u201d os participantes para o universo sertanejo, o evento tamb\u00e9m contar\u00e1 com um leg\u00edtimo concurso de Queima do Alho, com comitivas de cozinheiros disputando qual faz a melhor comida.<br \/>\n<u><\/u><u><\/u>A Queima do Alho \u00e9 parte do legado das comitivas de pe\u00f5es de boiadeiro, mantendo vivas as tradi\u00e7\u00f5es sertanejas. O card\u00e1pio \u00e9 o original que acompanhava as tropas que viajavam pelo \u201cestrad\u00e3o\u201d no interior brasileiro, com arroz carreteiro, feij\u00e3o gordo, pa\u00e7oca de carne seca e carne no arado. Ao todo, 10 comitivas v\u00e3o participar do evento. As refei\u00e7\u00f5es preparadas no local ser\u00e3o avaliadas por uma comiss\u00e3o de tr\u00eas ju\u00edzes especializados.<br \/>\n<u><\/u><u><\/u>Tamb\u00e9m para enaltecer a cultura caipira, a m\u00fasica do Festival fica por conta da dupla Z\u00e9 Mulato &amp; Cassiano. Com larga experi\u00eancia no universo da viola caipira, os irm\u00e3os, nascidos no interior de Minas Gerais, gravaram seu primeiro disco em 1978, tendo algumas de suas can\u00e7\u00f5es regravadas por in\u00fameros violeiros e cantores da MPB de todo Brasil. Hoje, est\u00e3o entre as duplas caipiras mais importantes do pa\u00eds. O line-up do evento ainda contar\u00e1 com as duplas Edivan &amp; Gisele e Leonam &amp; Manoel.<br \/>\n<u><\/u><u><\/u>Os ingressos para o \u201cFestival Cultura Sertaneja de Ribeir\u00e3o\u201d j\u00e1 est\u00e3o \u00e0 venda\u00a0<a href=\"https:\/\/%20www.totalacesso.com\/\" target=\"_blank\" rel=\"noopener\" data-saferedirecturl=\"https:\/\/www.google.com\/url?q=https:\/\/%2520www.totalacesso.com&amp;source=gmail&amp;ust=1681824371148000&amp;usg=AOvVaw1zVSf3DFbpU-W_DQE5xOyK\">neste site<\/a>\u00a0e nos pontos de venda f\u00edsicos, no Shopping Iguatemi Ribeir\u00e3o Preto e na loja Oscar Cal\u00e7ados (Centro). O almo\u00e7o est\u00e1 incluso e ser\u00e1 servido das 12h \u00e0s 15h. O valor do ingresso no primeiro lote \u00e9 de R\uff04\u00a060.<\/p>\n<p>&nbsp;<\/p>\n<p><img data-recalc-dims=\"1\" loading=\"lazy\" decoding=\"async\" class=\"alignnone  wp-image-33484\" src=\"https:\/\/i0.wp.com\/verdadeon.com.br\/portal\/wp-content\/uploads\/2023\/04\/4d9b916a3762d4efed46f52fb677d5a8.jpeg?resize=1109%2C743&#038;ssl=1\" alt=\"\" width=\"1109\" height=\"743\" srcset=\"https:\/\/i0.wp.com\/verdadeon.com.br\/portal\/wp-content\/uploads\/2023\/04\/4d9b916a3762d4efed46f52fb677d5a8.jpeg?w=1000&amp;ssl=1 1000w, https:\/\/i0.wp.com\/verdadeon.com.br\/portal\/wp-content\/uploads\/2023\/04\/4d9b916a3762d4efed46f52fb677d5a8.jpeg?resize=300%2C201&amp;ssl=1 300w, https:\/\/i0.wp.com\/verdadeon.com.br\/portal\/wp-content\/uploads\/2023\/04\/4d9b916a3762d4efed46f52fb677d5a8.jpeg?resize=768%2C515&amp;ssl=1 768w, https:\/\/i0.wp.com\/verdadeon.com.br\/portal\/wp-content\/uploads\/2023\/04\/4d9b916a3762d4efed46f52fb677d5a8.jpeg?resize=218%2C146&amp;ssl=1 218w, https:\/\/i0.wp.com\/verdadeon.com.br\/portal\/wp-content\/uploads\/2023\/04\/4d9b916a3762d4efed46f52fb677d5a8.jpeg?resize=50%2C34&amp;ssl=1 50w, https:\/\/i0.wp.com\/verdadeon.com.br\/portal\/wp-content\/uploads\/2023\/04\/4d9b916a3762d4efed46f52fb677d5a8.jpeg?resize=112%2C75&amp;ssl=1 112w\" sizes=\"auto, (max-width: 1109px) 100vw, 1109px\" \/><br \/>\n<u><\/u><u><\/u><\/p>\n<p><strong>Ribeir\u00e3o Rodeo Music<\/strong><br \/>\n<u><\/u><u><\/u>De 20 a 30 de abril, o Ribeir\u00e3o Rodeo Music vai animar o p\u00fablico no Parque Permanente de Exposi\u00e7\u00f5es. Al\u00e9m do \u201cFestival Cultura Sertaneja de Ribeir\u00e3o\u201d e da movimenta\u00e7\u00e3o da arena com as provas esportivas, outras atra\u00e7\u00f5es participam do evento.<br \/>\n<u><\/u><u><\/u>No dia 20, acontecem os shows de Bruno &amp; Marrone, Jorge &amp; Mateus, Alok e Clayton &amp; Rom\u00e1rio. J\u00e1 no dia 22, se apresentam Hugo &amp; Guilherme, Matheus &amp; Kauan, Menos \u00c9 Mais e KVSH.<br \/>\n<u><\/u><u><\/u>No final de semana seguinte, se apresentam, no dia 29 de abril, Henrique &amp; Juliano, Ana Castela e Pedro Sampaio. A festa continua no dia 30 com shows de Z\u00e9 Neto &amp; Cristiano, Maiara &amp; Mara\u00edsa, Dennis e Israel &amp; Rodolfo.<br \/>\n<u><\/u><u><\/u>Com o slogan \u201cO Som Que Vem do Interior\u201d, o evento oferece quatro setores para o p\u00fablico aproveitar as atra\u00e7\u00f5es: arena e camarotes Black Lounge, Black Lounge Open e Brahma. Os ingressos j\u00e1 est\u00e3o \u00e0 venda.<u><\/u><u><\/u><\/p>\n<p>A 17\u00aa edi\u00e7\u00e3o do Ribeir\u00e3o Rodeo Music ainda ter\u00e1 provas e cinco modalidades de rodeio (cutiano, montaria em touros, tr\u00eas tambores, team penning e ranch sorting).<br \/>\n<u><\/u><u><\/u><strong>Onde:<\/strong>\u00a0Parque Permanente de Exposi\u00e7\u00f5es &#8211; Avenida Orestes Lopes de Camargo, 350. Jardim Joquei Clube, Ribeir\u00e3o Preto.<br \/>\n<u><\/u><u><\/u><strong>Compra de ingressos:<\/strong>\u00a0<a href=\"https:\/\/www.totalacesso.com%20\/\" target=\"_blank\" rel=\"noopener\" data-saferedirecturl=\"https:\/\/www.google.com\/url?q=https:\/\/www.totalacesso.com%2520&amp;source=gmail&amp;ust=1681824371148000&amp;usg=AOvVaw1sCeM5Zqbe8l_pi-xCf251\">neste site<\/a>. Pontos de venda f\u00edsicos: Shopping Iguatemi Ribeir\u00e3o Preto e na loja Oscar Cal\u00e7ados, localizada na rua \u00c1lvares Cabral, 470, no Centro da cidade.<\/p>\n","protected":false},"excerpt":{"rendered":"<p>Marcado para o pr\u00f3ximo dia 21, evento do Ribeir\u00e3o Rodeo Music enaltece a cultura caipira com moda de viola, catira, card\u00e1pio tradicional \u201cdo estrad\u00e3o\u201d e muito<span class=\"excerpt-hellip\"> [\u2026]<\/span><\/p>\n","protected":false},"author":4,"featured_media":33483,"comment_status":"open","ping_status":"open","sticky":false,"template":"","format":"standard","meta":{"_jetpack_memberships_contains_paid_content":false,"footnotes":"","jetpack_publicize_message":"","jetpack_publicize_feature_enabled":true,"jetpack_social_post_already_shared":false,"jetpack_social_options":{"image_generator_settings":{"template":"highway","default_image_id":0,"enabled":false},"version":2}},"categories":[28,44],"tags":[],"class_list":["post-33482","post","type-post","status-publish","format-standard","has-post-thumbnail","hentry","category-cotidiano","category-noticias"],"yoast_head":"<!-- This site is optimized with the Yoast SEO plugin v25.6 - https:\/\/yoast.com\/wordpress\/plugins\/seo\/ -->\n<title>\u00a0\u201cFestival Cultura Sertaneja de Ribeir\u00e3o\u201d mant\u00e9m as ra\u00edzes do interior com a Queima do Alho - VerdadeOn<\/title>\n<meta name=\"robots\" content=\"index, follow, max-snippet:-1, max-image-preview:large, max-video-preview:-1\" \/>\n<link rel=\"canonical\" href=\"https:\/\/verdadeon.com.br\/portal\/2023\/04\/17\/festival-cultura-sertaneja-de-ribeirao-mantem-as-raizes-do-interior-com-a-queima-do-alho\/\" \/>\n<meta property=\"og:locale\" content=\"pt_BR\" \/>\n<meta property=\"og:type\" content=\"article\" \/>\n<meta property=\"og:title\" content=\"\u00a0\u201cFestival Cultura Sertaneja de Ribeir\u00e3o\u201d mant\u00e9m as ra\u00edzes do interior com a Queima do Alho - VerdadeOn\" \/>\n<meta property=\"og:description\" content=\"Marcado para o pr\u00f3ximo dia 21, evento do Ribeir\u00e3o Rodeo Music enaltece a cultura caipira com moda de viola, catira, card\u00e1pio tradicional \u201cdo estrad\u00e3o\u201d e muito [\u2026]\" \/>\n<meta property=\"og:url\" content=\"https:\/\/verdadeon.com.br\/portal\/2023\/04\/17\/festival-cultura-sertaneja-de-ribeirao-mantem-as-raizes-do-interior-com-a-queima-do-alho\/\" \/>\n<meta property=\"og:site_name\" content=\"VerdadeOn\" \/>\n<meta property=\"article:published_time\" content=\"2023-04-17T13:37:16+00:00\" \/>\n<meta property=\"og:image\" content=\"https:\/\/verdadeon.com.br\/portal\/wp-content\/uploads\/2023\/04\/d8be60a3d7a5905013d3a0af5a57c841.jpeg\" \/>\n\t<meta property=\"og:image:width\" content=\"1000\" \/>\n\t<meta property=\"og:image:height\" content=\"670\" \/>\n\t<meta property=\"og:image:type\" content=\"image\/jpeg\" \/>\n<meta name=\"author\" content=\"Fernando Calixto\" \/>\n<meta name=\"twitter:card\" content=\"summary_large_image\" \/>\n<meta name=\"twitter:label1\" content=\"Escrito por\" \/>\n\t<meta name=\"twitter:data1\" content=\"Fernando Calixto\" \/>\n\t<meta name=\"twitter:label2\" content=\"Est. tempo de leitura\" \/>\n\t<meta name=\"twitter:data2\" content=\"4 minutos\" \/>\n<script type=\"application\/ld+json\" class=\"yoast-schema-graph\">{\"@context\":\"https:\/\/schema.org\",\"@graph\":[{\"@type\":\"WebPage\",\"@id\":\"https:\/\/verdadeon.com.br\/portal\/2023\/04\/17\/festival-cultura-sertaneja-de-ribeirao-mantem-as-raizes-do-interior-com-a-queima-do-alho\/\",\"url\":\"https:\/\/verdadeon.com.br\/portal\/2023\/04\/17\/festival-cultura-sertaneja-de-ribeirao-mantem-as-raizes-do-interior-com-a-queima-do-alho\/\",\"name\":\"\u00a0\u201cFestival Cultura Sertaneja de Ribeir\u00e3o\u201d mant\u00e9m as ra\u00edzes do interior com a Queima do Alho - VerdadeOn\",\"isPartOf\":{\"@id\":\"https:\/\/verdadeon.com.br\/portal\/#website\"},\"primaryImageOfPage\":{\"@id\":\"https:\/\/verdadeon.com.br\/portal\/2023\/04\/17\/festival-cultura-sertaneja-de-ribeirao-mantem-as-raizes-do-interior-com-a-queima-do-alho\/#primaryimage\"},\"image\":{\"@id\":\"https:\/\/verdadeon.com.br\/portal\/2023\/04\/17\/festival-cultura-sertaneja-de-ribeirao-mantem-as-raizes-do-interior-com-a-queima-do-alho\/#primaryimage\"},\"thumbnailUrl\":\"https:\/\/i0.wp.com\/verdadeon.com.br\/portal\/wp-content\/uploads\/2023\/04\/d8be60a3d7a5905013d3a0af5a57c841.jpeg?fit=1000%2C670&ssl=1\",\"datePublished\":\"2023-04-17T13:37:16+00:00\",\"author\":{\"@id\":\"https:\/\/verdadeon.com.br\/portal\/#\/schema\/person\/8994718f49ee62ba5610471e29ca1f62\"},\"breadcrumb\":{\"@id\":\"https:\/\/verdadeon.com.br\/portal\/2023\/04\/17\/festival-cultura-sertaneja-de-ribeirao-mantem-as-raizes-do-interior-com-a-queima-do-alho\/#breadcrumb\"},\"inLanguage\":\"pt-BR\",\"potentialAction\":[{\"@type\":\"ReadAction\",\"target\":[\"https:\/\/verdadeon.com.br\/portal\/2023\/04\/17\/festival-cultura-sertaneja-de-ribeirao-mantem-as-raizes-do-interior-com-a-queima-do-alho\/\"]}]},{\"@type\":\"ImageObject\",\"inLanguage\":\"pt-BR\",\"@id\":\"https:\/\/verdadeon.com.br\/portal\/2023\/04\/17\/festival-cultura-sertaneja-de-ribeirao-mantem-as-raizes-do-interior-com-a-queima-do-alho\/#primaryimage\",\"url\":\"https:\/\/i0.wp.com\/verdadeon.com.br\/portal\/wp-content\/uploads\/2023\/04\/d8be60a3d7a5905013d3a0af5a57c841.jpeg?fit=1000%2C670&ssl=1\",\"contentUrl\":\"https:\/\/i0.wp.com\/verdadeon.com.br\/portal\/wp-content\/uploads\/2023\/04\/d8be60a3d7a5905013d3a0af5a57c841.jpeg?fit=1000%2C670&ssl=1\",\"width\":1000,\"height\":670},{\"@type\":\"BreadcrumbList\",\"@id\":\"https:\/\/verdadeon.com.br\/portal\/2023\/04\/17\/festival-cultura-sertaneja-de-ribeirao-mantem-as-raizes-do-interior-com-a-queima-do-alho\/#breadcrumb\",\"itemListElement\":[{\"@type\":\"ListItem\",\"position\":1,\"name\":\"In\u00edcio\",\"item\":\"https:\/\/verdadeon.com.br\/portal\/\"},{\"@type\":\"ListItem\",\"position\":2,\"name\":\"\u00a0\u201cFestival Cultura Sertaneja de Ribeir\u00e3o\u201d mant\u00e9m as ra\u00edzes do interior com a Queima do Alho\"}]},{\"@type\":\"WebSite\",\"@id\":\"https:\/\/verdadeon.com.br\/portal\/#website\",\"url\":\"https:\/\/verdadeon.com.br\/portal\/\",\"name\":\"VerdadeOn\",\"description\":\"Not\u00edcias di\u00e1rias sobre Franca, Regi\u00e3o, Esporte, Cultura, Cotidiano, Colunas. Cobertura nos principais eventos da cidade \u00e9 aqui - Verdadeon Franca\",\"potentialAction\":[{\"@type\":\"SearchAction\",\"target\":{\"@type\":\"EntryPoint\",\"urlTemplate\":\"https:\/\/verdadeon.com.br\/portal\/?s={search_term_string}\"},\"query-input\":{\"@type\":\"PropertyValueSpecification\",\"valueRequired\":true,\"valueName\":\"search_term_string\"}}],\"inLanguage\":\"pt-BR\"},{\"@type\":\"Person\",\"@id\":\"https:\/\/verdadeon.com.br\/portal\/#\/schema\/person\/8994718f49ee62ba5610471e29ca1f62\",\"name\":\"Fernando Calixto\",\"image\":{\"@type\":\"ImageObject\",\"inLanguage\":\"pt-BR\",\"@id\":\"https:\/\/verdadeon.com.br\/portal\/#\/schema\/person\/image\/\",\"url\":\"https:\/\/secure.gravatar.com\/avatar\/7578910c24966c0316c340f9dbd601e93ee9f9212e1033968b367af9306bd9fb?s=96&d=mm&r=g\",\"contentUrl\":\"https:\/\/secure.gravatar.com\/avatar\/7578910c24966c0316c340f9dbd601e93ee9f9212e1033968b367af9306bd9fb?s=96&d=mm&r=g\",\"caption\":\"Fernando Calixto\"},\"url\":\"https:\/\/verdadeon.com.br\/portal\/author\/fernando-calixto\/\"}]}<\/script>\n<!-- \/ Yoast SEO plugin. -->","yoast_head_json":{"title":"\u00a0\u201cFestival Cultura Sertaneja de Ribeir\u00e3o\u201d mant\u00e9m as ra\u00edzes do interior com a Queima do Alho - VerdadeOn","robots":{"index":"index","follow":"follow","max-snippet":"max-snippet:-1","max-image-preview":"max-image-preview:large","max-video-preview":"max-video-preview:-1"},"canonical":"https:\/\/verdadeon.com.br\/portal\/2023\/04\/17\/festival-cultura-sertaneja-de-ribeirao-mantem-as-raizes-do-interior-com-a-queima-do-alho\/","og_locale":"pt_BR","og_type":"article","og_title":"\u00a0\u201cFestival Cultura Sertaneja de Ribeir\u00e3o\u201d mant\u00e9m as ra\u00edzes do interior com a Queima do Alho - VerdadeOn","og_description":"Marcado para o pr\u00f3ximo dia 21, evento do Ribeir\u00e3o Rodeo Music enaltece a cultura caipira com moda de viola, catira, card\u00e1pio tradicional \u201cdo estrad\u00e3o\u201d e muito [\u2026]","og_url":"https:\/\/verdadeon.com.br\/portal\/2023\/04\/17\/festival-cultura-sertaneja-de-ribeirao-mantem-as-raizes-do-interior-com-a-queima-do-alho\/","og_site_name":"VerdadeOn","article_published_time":"2023-04-17T13:37:16+00:00","og_image":[{"width":1000,"height":670,"url":"https:\/\/verdadeon.com.br\/portal\/wp-content\/uploads\/2023\/04\/d8be60a3d7a5905013d3a0af5a57c841.jpeg","type":"image\/jpeg"}],"author":"Fernando Calixto","twitter_card":"summary_large_image","twitter_misc":{"Escrito por":"Fernando Calixto","Est. tempo de leitura":"4 minutos"},"schema":{"@context":"https:\/\/schema.org","@graph":[{"@type":"WebPage","@id":"https:\/\/verdadeon.com.br\/portal\/2023\/04\/17\/festival-cultura-sertaneja-de-ribeirao-mantem-as-raizes-do-interior-com-a-queima-do-alho\/","url":"https:\/\/verdadeon.com.br\/portal\/2023\/04\/17\/festival-cultura-sertaneja-de-ribeirao-mantem-as-raizes-do-interior-com-a-queima-do-alho\/","name":"\u00a0\u201cFestival Cultura Sertaneja de Ribeir\u00e3o\u201d mant\u00e9m as ra\u00edzes do interior com a Queima do Alho - VerdadeOn","isPartOf":{"@id":"https:\/\/verdadeon.com.br\/portal\/#website"},"primaryImageOfPage":{"@id":"https:\/\/verdadeon.com.br\/portal\/2023\/04\/17\/festival-cultura-sertaneja-de-ribeirao-mantem-as-raizes-do-interior-com-a-queima-do-alho\/#primaryimage"},"image":{"@id":"https:\/\/verdadeon.com.br\/portal\/2023\/04\/17\/festival-cultura-sertaneja-de-ribeirao-mantem-as-raizes-do-interior-com-a-queima-do-alho\/#primaryimage"},"thumbnailUrl":"https:\/\/i0.wp.com\/verdadeon.com.br\/portal\/wp-content\/uploads\/2023\/04\/d8be60a3d7a5905013d3a0af5a57c841.jpeg?fit=1000%2C670&ssl=1","datePublished":"2023-04-17T13:37:16+00:00","author":{"@id":"https:\/\/verdadeon.com.br\/portal\/#\/schema\/person\/8994718f49ee62ba5610471e29ca1f62"},"breadcrumb":{"@id":"https:\/\/verdadeon.com.br\/portal\/2023\/04\/17\/festival-cultura-sertaneja-de-ribeirao-mantem-as-raizes-do-interior-com-a-queima-do-alho\/#breadcrumb"},"inLanguage":"pt-BR","potentialAction":[{"@type":"ReadAction","target":["https:\/\/verdadeon.com.br\/portal\/2023\/04\/17\/festival-cultura-sertaneja-de-ribeirao-mantem-as-raizes-do-interior-com-a-queima-do-alho\/"]}]},{"@type":"ImageObject","inLanguage":"pt-BR","@id":"https:\/\/verdadeon.com.br\/portal\/2023\/04\/17\/festival-cultura-sertaneja-de-ribeirao-mantem-as-raizes-do-interior-com-a-queima-do-alho\/#primaryimage","url":"https:\/\/i0.wp.com\/verdadeon.com.br\/portal\/wp-content\/uploads\/2023\/04\/d8be60a3d7a5905013d3a0af5a57c841.jpeg?fit=1000%2C670&ssl=1","contentUrl":"https:\/\/i0.wp.com\/verdadeon.com.br\/portal\/wp-content\/uploads\/2023\/04\/d8be60a3d7a5905013d3a0af5a57c841.jpeg?fit=1000%2C670&ssl=1","width":1000,"height":670},{"@type":"BreadcrumbList","@id":"https:\/\/verdadeon.com.br\/portal\/2023\/04\/17\/festival-cultura-sertaneja-de-ribeirao-mantem-as-raizes-do-interior-com-a-queima-do-alho\/#breadcrumb","itemListElement":[{"@type":"ListItem","position":1,"name":"In\u00edcio","item":"https:\/\/verdadeon.com.br\/portal\/"},{"@type":"ListItem","position":2,"name":"\u00a0\u201cFestival Cultura Sertaneja de Ribeir\u00e3o\u201d mant\u00e9m as ra\u00edzes do interior com a Queima do Alho"}]},{"@type":"WebSite","@id":"https:\/\/verdadeon.com.br\/portal\/#website","url":"https:\/\/verdadeon.com.br\/portal\/","name":"VerdadeOn","description":"Not\u00edcias di\u00e1rias sobre Franca, Regi\u00e3o, Esporte, Cultura, Cotidiano, Colunas. Cobertura nos principais eventos da cidade \u00e9 aqui - Verdadeon Franca","potentialAction":[{"@type":"SearchAction","target":{"@type":"EntryPoint","urlTemplate":"https:\/\/verdadeon.com.br\/portal\/?s={search_term_string}"},"query-input":{"@type":"PropertyValueSpecification","valueRequired":true,"valueName":"search_term_string"}}],"inLanguage":"pt-BR"},{"@type":"Person","@id":"https:\/\/verdadeon.com.br\/portal\/#\/schema\/person\/8994718f49ee62ba5610471e29ca1f62","name":"Fernando Calixto","image":{"@type":"ImageObject","inLanguage":"pt-BR","@id":"https:\/\/verdadeon.com.br\/portal\/#\/schema\/person\/image\/","url":"https:\/\/secure.gravatar.com\/avatar\/7578910c24966c0316c340f9dbd601e93ee9f9212e1033968b367af9306bd9fb?s=96&d=mm&r=g","contentUrl":"https:\/\/secure.gravatar.com\/avatar\/7578910c24966c0316c340f9dbd601e93ee9f9212e1033968b367af9306bd9fb?s=96&d=mm&r=g","caption":"Fernando Calixto"},"url":"https:\/\/verdadeon.com.br\/portal\/author\/fernando-calixto\/"}]}},"jetpack_publicize_connections":[],"jetpack_featured_media_url":"https:\/\/i0.wp.com\/verdadeon.com.br\/portal\/wp-content\/uploads\/2023\/04\/d8be60a3d7a5905013d3a0af5a57c841.jpeg?fit=1000%2C670&ssl=1","jetpack_sharing_enabled":true,"_links":{"self":[{"href":"https:\/\/verdadeon.com.br\/portal\/wp-json\/wp\/v2\/posts\/33482","targetHints":{"allow":["GET"]}}],"collection":[{"href":"https:\/\/verdadeon.com.br\/portal\/wp-json\/wp\/v2\/posts"}],"about":[{"href":"https:\/\/verdadeon.com.br\/portal\/wp-json\/wp\/v2\/types\/post"}],"author":[{"embeddable":true,"href":"https:\/\/verdadeon.com.br\/portal\/wp-json\/wp\/v2\/users\/4"}],"replies":[{"embeddable":true,"href":"https:\/\/verdadeon.com.br\/portal\/wp-json\/wp\/v2\/comments?post=33482"}],"version-history":[{"count":1,"href":"https:\/\/verdadeon.com.br\/portal\/wp-json\/wp\/v2\/posts\/33482\/revisions"}],"predecessor-version":[{"id":33485,"href":"https:\/\/verdadeon.com.br\/portal\/wp-json\/wp\/v2\/posts\/33482\/revisions\/33485"}],"wp:featuredmedia":[{"embeddable":true,"href":"https:\/\/verdadeon.com.br\/portal\/wp-json\/wp\/v2\/media\/33483"}],"wp:attachment":[{"href":"https:\/\/verdadeon.com.br\/portal\/wp-json\/wp\/v2\/media?parent=33482"}],"wp:term":[{"taxonomy":"category","embeddable":true,"href":"https:\/\/verdadeon.com.br\/portal\/wp-json\/wp\/v2\/categories?post=33482"},{"taxonomy":"post_tag","embeddable":true,"href":"https:\/\/verdadeon.com.br\/portal\/wp-json\/wp\/v2\/tags?post=33482"}],"curies":[{"name":"wp","href":"https:\/\/api.w.org\/{rel}","templated":true}]}}