{"id":3344,"date":"2020-02-12T10:00:00","date_gmt":"2020-02-12T13:00:00","guid":{"rendered":"http:\/\/verdadeon.com.br\/portal\/?p=3344"},"modified":"2020-02-12T00:59:20","modified_gmt":"2020-02-12T03:59:20","slug":"momento-verdade-autismo-em-foco","status":"publish","type":"post","link":"https:\/\/verdadeon.com.br\/portal\/2020\/02\/12\/momento-verdade-autismo-em-foco\/","title":{"rendered":"Momento Verdade: Autismo em foco"},"content":{"rendered":"\n<h2 class=\"wp-block-heading\">O autismo \u00e9 uma s\u00edndrome que atinge cerca de dois milh\u00f5es de brasileiros. Em Franca, atrav\u00e9s da APAAF, pais recebem orienta\u00e7\u00f5es <\/h2>\n\n\n\n<p>Reportagem Daniel Afonso<\/p>\n\n\n\n<p class=\"has-drop-cap\">Quando os pais recebem o diagn\u00f3stico do filho com autismo, eles embarcam em uma jornada rumo a um universo desconhecido e por isso precisam encontrar formas de desvendar esse novo mundo. Apesar da Lei Romeo Mion &#8211; em homenagem ao filho autista do apresentador de televis\u00e3o Marcos Mion &#8211; que cria a Carteira de Identifica\u00e7\u00e3o da Pessoa com Transtorno do Espectro Autista (Ciptea), ainda n\u00e3o ser t\u00e3o difundida, o assunto \u00e9 nosso destaque de hoje no Momento Verdade.<br>\nEm Franca, existe at\u00e9 um trabalho diferenciado por parte da APAAF (Associa\u00e7\u00e3o de Pais e Amigos dos Autistas de Franca), idealizada por pais que possuem filhos autistas e fundada em 2017. <br>\nDe acordo com a conselheira da APAAF, Juliana Rocha da Silva, a ideia da associa\u00e7\u00e3o surgiu da necessidade de se fazer um trabalho espec\u00edfico, especializado e direcionado \u00e0 popula\u00e7\u00e3o autista em Franca. \u201cHoje atuamos na cidade oferecendo cursos, capacita\u00e7\u00f5es e palestras tanto direcionados aos profissionais que lidam com autistas quanto aos pais e familiares\u201d, ressaltou.<br>\nNo ano passado, a entidade desenvolveu um projeto contemplando dezenas de crian\u00e7as, atrav\u00e9s de recrea\u00e7\u00e3o e esportes em parceria com a FEAC. <br>\nEm abril por ser comemorado o Dia Mundial da Conscientiza\u00e7\u00e3o do Autismo, a APAAF como em todos os anos, far\u00e1 uma semana de atividades. \u201cO dia 2 de abril \u00e9 uma data muito importante para nossa comunidade autista, pois nesse per\u00edodo diversas institui\u00e7\u00f5es no mundo est\u00e3o voltadas e dedicadas a falar sobre o assunto, conscientizar a popula\u00e7\u00e3o, e o mais importante, trazer conhecimento, aprendizado e capacita\u00e7\u00e3o para que as fam\u00edlias e profissionais lidem com as pessoas autistas de maneira mais digna e segura poss\u00edvel\u201d, explicou.<br>\nO presidente Harley Guirao tamb\u00e9m colocou como meta a amplia\u00e7\u00e3o da atua\u00e7\u00e3o e apoio \u00e0s fam\u00edlias francanas. Para isso, eles realizam um curso que j\u00e1 est\u00e1 em andamento e outros com esta mesma finalidade.<\/p>\n\n\n\n<p>Mais uma vit\u00f3ria<br>\nRecentemente, os vereadores da C\u00e2mara Municipal de Franca aprovaram o projeto que pro\u00edbe fogos de estampido, que tamb\u00e9m era uma das bandeiras da APAAF e dos pais de autistas.<br>\nA aprova\u00e7\u00e3o desse projeto foi uma grande conquista, pois muitas fam\u00edlias s\u00e3o diretamente afetadas, principalmente em \u00e9pocas festivas que s\u00e3o mais comuns a soltura desses fogos com ru\u00eddos, prejudiciais a uma grande parte dos autistas.<br>\n\u201cA maioria das pessoas que tem o transtorno do espectro autista t\u00eam tamb\u00e9m problemas sensoriais o que faz com que esses barulhos dos fogos desencadeiem crises causando s\u00e9rios danos \u00e0 sa\u00fade, n\u00e3o somente aos autistas, mas tamb\u00e9m outras defici\u00eancias como a S\u00edndrome de Down, por exemplo, al\u00e9m tamb\u00e9m de prejudicar idosos acamados e animais que tanto sofrem devido a esse mesmo problema\u201d, destacou.<br>\nEla explicou que o autor do projeto, vereador Pastor Ot\u00e1vio, teve o apoio de v\u00e1rias entidades, fam\u00edlias e pessoas que se identificam com esta causa e se unem para essa luta. \u201cAl\u00e9m da APAAF, o projeto teve apoio do Grupo Crer pra Ver S\u00edndrome de Down e de todas as ONGs de prote\u00e7\u00e3o aos animais, al\u00e9m das fam\u00edlias e diversas pessoas que est\u00e3o unidas neta causa\u201d, disse. Por fim, para ela a aprova\u00e7\u00e3o un\u00e2nime desse projeto de lei foi um grande passo: \u201cagora temos que nos dedicar em conscientizar a popula\u00e7\u00e3o da import\u00e2ncia de tudo isso\u201d.<br>\nSegundo dados do CDC (Center of Deseases Control and Prevention), \u00f3rg\u00e3o ligado ao governo dos Estados Unidos, existe hoje um caso de autismo a cada 110 pessoas. Dessa forma, estima-se que o Brasil, com seus 200 milh\u00f5es de habitantes, possua cerca de 2 milh\u00f5es de autistas. S\u00e3o mais de 300 mil ocorr\u00eancias s\u00f3 no Estado de S\u00e3o Paulo. <br>\nEm 2012, alguns dos direitos dos autistas passaram a ser assegurados pela lei 12.764, que reconhece que os portadores de autismo tenham os mesmos direitos que todas os outros pacientes com necessidades especiais no Brasil. O autismo n\u00e3o se cura, se compreende\u2026<\/p>\n","protected":false},"excerpt":{"rendered":"<p>O autismo \u00e9 uma s\u00edndrome que atinge cerca de dois milh\u00f5es de brasileiros. Em Franca, atrav\u00e9s da APAAF, pais recebem orienta\u00e7\u00f5es Reportagem Daniel Afonso Quando os<span class=\"excerpt-hellip\"> [\u2026]<\/span><\/p>\n","protected":false},"author":10,"featured_media":3345,"comment_status":"open","ping_status":"open","sticky":false,"template":"","format":"standard","meta":{"_jetpack_memberships_contains_paid_content":false,"footnotes":"","jetpack_publicize_message":"","jetpack_publicize_feature_enabled":true,"jetpack_social_post_already_shared":false,"jetpack_social_options":{"image_generator_settings":{"template":"highway","default_image_id":0,"enabled":false},"version":2}},"categories":[28,44,1],"tags":[46],"class_list":["post-3344","post","type-post","status-publish","format-standard","has-post-thumbnail","hentry","category-cotidiano","category-noticias","category-sem-categoria","tag-cotidiano"],"yoast_head":"<!-- This site is optimized with the Yoast SEO plugin v25.6 - https:\/\/yoast.com\/wordpress\/plugins\/seo\/ -->\n<title>Momento Verdade: Autismo em foco - VerdadeOn<\/title>\n<meta name=\"robots\" content=\"index, follow, max-snippet:-1, max-image-preview:large, max-video-preview:-1\" \/>\n<link rel=\"canonical\" href=\"https:\/\/verdadeon.com.br\/portal\/2020\/02\/12\/momento-verdade-autismo-em-foco\/\" \/>\n<meta property=\"og:locale\" content=\"pt_BR\" \/>\n<meta property=\"og:type\" content=\"article\" \/>\n<meta property=\"og:title\" content=\"Momento Verdade: Autismo em foco - VerdadeOn\" \/>\n<meta property=\"og:description\" content=\"O autismo \u00e9 uma s\u00edndrome que atinge cerca de dois milh\u00f5es de brasileiros. Em Franca, atrav\u00e9s da APAAF, pais recebem orienta\u00e7\u00f5es Reportagem Daniel Afonso Quando os [\u2026]\" \/>\n<meta property=\"og:url\" content=\"https:\/\/verdadeon.com.br\/portal\/2020\/02\/12\/momento-verdade-autismo-em-foco\/\" \/>\n<meta property=\"og:site_name\" content=\"VerdadeOn\" \/>\n<meta property=\"article:published_time\" content=\"2020-02-12T13:00:00+00:00\" \/>\n<meta property=\"og:image\" content=\"https:\/\/verdadeon.com.br\/portal\/wp-content\/uploads\/2020\/02\/WhatsApp-Image-2020-02-10-at-13.44.26.jpg\" \/>\n\t<meta property=\"og:image:width\" content=\"892\" \/>\n\t<meta property=\"og:image:height\" content=\"670\" \/>\n\t<meta property=\"og:image:type\" content=\"image\/jpeg\" \/>\n<meta name=\"author\" content=\"Redacao VerdadeOn\" \/>\n<meta name=\"twitter:card\" content=\"summary_large_image\" \/>\n<meta name=\"twitter:label1\" content=\"Escrito por\" \/>\n\t<meta name=\"twitter:data1\" content=\"Redacao VerdadeOn\" \/>\n\t<meta name=\"twitter:label2\" content=\"Est. tempo de leitura\" \/>\n\t<meta name=\"twitter:data2\" content=\"4 minutos\" \/>\n<script type=\"application\/ld+json\" class=\"yoast-schema-graph\">{\"@context\":\"https:\/\/schema.org\",\"@graph\":[{\"@type\":\"WebPage\",\"@id\":\"https:\/\/verdadeon.com.br\/portal\/2020\/02\/12\/momento-verdade-autismo-em-foco\/\",\"url\":\"https:\/\/verdadeon.com.br\/portal\/2020\/02\/12\/momento-verdade-autismo-em-foco\/\",\"name\":\"Momento Verdade: Autismo em foco - VerdadeOn\",\"isPartOf\":{\"@id\":\"https:\/\/verdadeon.com.br\/portal\/#website\"},\"primaryImageOfPage\":{\"@id\":\"https:\/\/verdadeon.com.br\/portal\/2020\/02\/12\/momento-verdade-autismo-em-foco\/#primaryimage\"},\"image\":{\"@id\":\"https:\/\/verdadeon.com.br\/portal\/2020\/02\/12\/momento-verdade-autismo-em-foco\/#primaryimage\"},\"thumbnailUrl\":\"https:\/\/i0.wp.com\/verdadeon.com.br\/portal\/wp-content\/uploads\/2020\/02\/WhatsApp-Image-2020-02-10-at-13.44.26.jpg?fit=892%2C670&ssl=1\",\"datePublished\":\"2020-02-12T13:00:00+00:00\",\"author\":{\"@id\":\"https:\/\/verdadeon.com.br\/portal\/#\/schema\/person\/a5060ad1e9ea3df545188fc93ce43d2f\"},\"breadcrumb\":{\"@id\":\"https:\/\/verdadeon.com.br\/portal\/2020\/02\/12\/momento-verdade-autismo-em-foco\/#breadcrumb\"},\"inLanguage\":\"pt-BR\",\"potentialAction\":[{\"@type\":\"ReadAction\",\"target\":[\"https:\/\/verdadeon.com.br\/portal\/2020\/02\/12\/momento-verdade-autismo-em-foco\/\"]}]},{\"@type\":\"ImageObject\",\"inLanguage\":\"pt-BR\",\"@id\":\"https:\/\/verdadeon.com.br\/portal\/2020\/02\/12\/momento-verdade-autismo-em-foco\/#primaryimage\",\"url\":\"https:\/\/i0.wp.com\/verdadeon.com.br\/portal\/wp-content\/uploads\/2020\/02\/WhatsApp-Image-2020-02-10-at-13.44.26.jpg?fit=892%2C670&ssl=1\",\"contentUrl\":\"https:\/\/i0.wp.com\/verdadeon.com.br\/portal\/wp-content\/uploads\/2020\/02\/WhatsApp-Image-2020-02-10-at-13.44.26.jpg?fit=892%2C670&ssl=1\",\"width\":892,\"height\":670,\"caption\":\"trabalho - A APAAF (Associa\u00e7\u00e3o de Pais e Amigos do Autista de Franca) foi idealizada por pais de autistas e fundada no dia 24 de maio de 2017. Entidades realiza v\u00e1rios eventos inclusivos durante o ano | Foto: Divulga\u00e7\u00e3o\"},{\"@type\":\"BreadcrumbList\",\"@id\":\"https:\/\/verdadeon.com.br\/portal\/2020\/02\/12\/momento-verdade-autismo-em-foco\/#breadcrumb\",\"itemListElement\":[{\"@type\":\"ListItem\",\"position\":1,\"name\":\"In\u00edcio\",\"item\":\"https:\/\/verdadeon.com.br\/portal\/\"},{\"@type\":\"ListItem\",\"position\":2,\"name\":\"Momento Verdade: Autismo em foco\"}]},{\"@type\":\"WebSite\",\"@id\":\"https:\/\/verdadeon.com.br\/portal\/#website\",\"url\":\"https:\/\/verdadeon.com.br\/portal\/\",\"name\":\"VerdadeOn\",\"description\":\"Not\u00edcias di\u00e1rias sobre Franca, Regi\u00e3o, Esporte, Cultura, Cotidiano, Colunas. Cobertura nos principais eventos da cidade \u00e9 aqui - Verdadeon Franca\",\"potentialAction\":[{\"@type\":\"SearchAction\",\"target\":{\"@type\":\"EntryPoint\",\"urlTemplate\":\"https:\/\/verdadeon.com.br\/portal\/?s={search_term_string}\"},\"query-input\":{\"@type\":\"PropertyValueSpecification\",\"valueRequired\":true,\"valueName\":\"search_term_string\"}}],\"inLanguage\":\"pt-BR\"},{\"@type\":\"Person\",\"@id\":\"https:\/\/verdadeon.com.br\/portal\/#\/schema\/person\/a5060ad1e9ea3df545188fc93ce43d2f\",\"name\":\"Redacao VerdadeOn\",\"image\":{\"@type\":\"ImageObject\",\"inLanguage\":\"pt-BR\",\"@id\":\"https:\/\/verdadeon.com.br\/portal\/#\/schema\/person\/image\/\",\"url\":\"https:\/\/secure.gravatar.com\/avatar\/459a9613caaaf07f582c3d0841eea68bdd66f533e465e6ba8b9cb45619572cf4?s=96&d=mm&r=g\",\"contentUrl\":\"https:\/\/secure.gravatar.com\/avatar\/459a9613caaaf07f582c3d0841eea68bdd66f533e465e6ba8b9cb45619572cf4?s=96&d=mm&r=g\",\"caption\":\"Redacao VerdadeOn\"},\"url\":\"https:\/\/verdadeon.com.br\/portal\/author\/redacao\/\"}]}<\/script>\n<!-- \/ Yoast SEO plugin. -->","yoast_head_json":{"title":"Momento Verdade: Autismo em foco - VerdadeOn","robots":{"index":"index","follow":"follow","max-snippet":"max-snippet:-1","max-image-preview":"max-image-preview:large","max-video-preview":"max-video-preview:-1"},"canonical":"https:\/\/verdadeon.com.br\/portal\/2020\/02\/12\/momento-verdade-autismo-em-foco\/","og_locale":"pt_BR","og_type":"article","og_title":"Momento Verdade: Autismo em foco - VerdadeOn","og_description":"O autismo \u00e9 uma s\u00edndrome que atinge cerca de dois milh\u00f5es de brasileiros. Em Franca, atrav\u00e9s da APAAF, pais recebem orienta\u00e7\u00f5es Reportagem Daniel Afonso Quando os [\u2026]","og_url":"https:\/\/verdadeon.com.br\/portal\/2020\/02\/12\/momento-verdade-autismo-em-foco\/","og_site_name":"VerdadeOn","article_published_time":"2020-02-12T13:00:00+00:00","og_image":[{"width":892,"height":670,"url":"https:\/\/verdadeon.com.br\/portal\/wp-content\/uploads\/2020\/02\/WhatsApp-Image-2020-02-10-at-13.44.26.jpg","type":"image\/jpeg"}],"author":"Redacao VerdadeOn","twitter_card":"summary_large_image","twitter_misc":{"Escrito por":"Redacao VerdadeOn","Est. tempo de leitura":"4 minutos"},"schema":{"@context":"https:\/\/schema.org","@graph":[{"@type":"WebPage","@id":"https:\/\/verdadeon.com.br\/portal\/2020\/02\/12\/momento-verdade-autismo-em-foco\/","url":"https:\/\/verdadeon.com.br\/portal\/2020\/02\/12\/momento-verdade-autismo-em-foco\/","name":"Momento Verdade: Autismo em foco - VerdadeOn","isPartOf":{"@id":"https:\/\/verdadeon.com.br\/portal\/#website"},"primaryImageOfPage":{"@id":"https:\/\/verdadeon.com.br\/portal\/2020\/02\/12\/momento-verdade-autismo-em-foco\/#primaryimage"},"image":{"@id":"https:\/\/verdadeon.com.br\/portal\/2020\/02\/12\/momento-verdade-autismo-em-foco\/#primaryimage"},"thumbnailUrl":"https:\/\/i0.wp.com\/verdadeon.com.br\/portal\/wp-content\/uploads\/2020\/02\/WhatsApp-Image-2020-02-10-at-13.44.26.jpg?fit=892%2C670&ssl=1","datePublished":"2020-02-12T13:00:00+00:00","author":{"@id":"https:\/\/verdadeon.com.br\/portal\/#\/schema\/person\/a5060ad1e9ea3df545188fc93ce43d2f"},"breadcrumb":{"@id":"https:\/\/verdadeon.com.br\/portal\/2020\/02\/12\/momento-verdade-autismo-em-foco\/#breadcrumb"},"inLanguage":"pt-BR","potentialAction":[{"@type":"ReadAction","target":["https:\/\/verdadeon.com.br\/portal\/2020\/02\/12\/momento-verdade-autismo-em-foco\/"]}]},{"@type":"ImageObject","inLanguage":"pt-BR","@id":"https:\/\/verdadeon.com.br\/portal\/2020\/02\/12\/momento-verdade-autismo-em-foco\/#primaryimage","url":"https:\/\/i0.wp.com\/verdadeon.com.br\/portal\/wp-content\/uploads\/2020\/02\/WhatsApp-Image-2020-02-10-at-13.44.26.jpg?fit=892%2C670&ssl=1","contentUrl":"https:\/\/i0.wp.com\/verdadeon.com.br\/portal\/wp-content\/uploads\/2020\/02\/WhatsApp-Image-2020-02-10-at-13.44.26.jpg?fit=892%2C670&ssl=1","width":892,"height":670,"caption":"trabalho - A APAAF (Associa\u00e7\u00e3o de Pais e Amigos do Autista de Franca) foi idealizada por pais de autistas e fundada no dia 24 de maio de 2017. Entidades realiza v\u00e1rios eventos inclusivos durante o ano | Foto: Divulga\u00e7\u00e3o"},{"@type":"BreadcrumbList","@id":"https:\/\/verdadeon.com.br\/portal\/2020\/02\/12\/momento-verdade-autismo-em-foco\/#breadcrumb","itemListElement":[{"@type":"ListItem","position":1,"name":"In\u00edcio","item":"https:\/\/verdadeon.com.br\/portal\/"},{"@type":"ListItem","position":2,"name":"Momento Verdade: Autismo em foco"}]},{"@type":"WebSite","@id":"https:\/\/verdadeon.com.br\/portal\/#website","url":"https:\/\/verdadeon.com.br\/portal\/","name":"VerdadeOn","description":"Not\u00edcias di\u00e1rias sobre Franca, Regi\u00e3o, Esporte, Cultura, Cotidiano, Colunas. Cobertura nos principais eventos da cidade \u00e9 aqui - Verdadeon Franca","potentialAction":[{"@type":"SearchAction","target":{"@type":"EntryPoint","urlTemplate":"https:\/\/verdadeon.com.br\/portal\/?s={search_term_string}"},"query-input":{"@type":"PropertyValueSpecification","valueRequired":true,"valueName":"search_term_string"}}],"inLanguage":"pt-BR"},{"@type":"Person","@id":"https:\/\/verdadeon.com.br\/portal\/#\/schema\/person\/a5060ad1e9ea3df545188fc93ce43d2f","name":"Redacao VerdadeOn","image":{"@type":"ImageObject","inLanguage":"pt-BR","@id":"https:\/\/verdadeon.com.br\/portal\/#\/schema\/person\/image\/","url":"https:\/\/secure.gravatar.com\/avatar\/459a9613caaaf07f582c3d0841eea68bdd66f533e465e6ba8b9cb45619572cf4?s=96&d=mm&r=g","contentUrl":"https:\/\/secure.gravatar.com\/avatar\/459a9613caaaf07f582c3d0841eea68bdd66f533e465e6ba8b9cb45619572cf4?s=96&d=mm&r=g","caption":"Redacao VerdadeOn"},"url":"https:\/\/verdadeon.com.br\/portal\/author\/redacao\/"}]}},"jetpack_publicize_connections":[],"jetpack_featured_media_url":"https:\/\/i0.wp.com\/verdadeon.com.br\/portal\/wp-content\/uploads\/2020\/02\/WhatsApp-Image-2020-02-10-at-13.44.26.jpg?fit=892%2C670&ssl=1","jetpack_sharing_enabled":true,"_links":{"self":[{"href":"https:\/\/verdadeon.com.br\/portal\/wp-json\/wp\/v2\/posts\/3344","targetHints":{"allow":["GET"]}}],"collection":[{"href":"https:\/\/verdadeon.com.br\/portal\/wp-json\/wp\/v2\/posts"}],"about":[{"href":"https:\/\/verdadeon.com.br\/portal\/wp-json\/wp\/v2\/types\/post"}],"author":[{"embeddable":true,"href":"https:\/\/verdadeon.com.br\/portal\/wp-json\/wp\/v2\/users\/10"}],"replies":[{"embeddable":true,"href":"https:\/\/verdadeon.com.br\/portal\/wp-json\/wp\/v2\/comments?post=3344"}],"version-history":[{"count":0,"href":"https:\/\/verdadeon.com.br\/portal\/wp-json\/wp\/v2\/posts\/3344\/revisions"}],"wp:featuredmedia":[{"embeddable":true,"href":"https:\/\/verdadeon.com.br\/portal\/wp-json\/wp\/v2\/media\/3345"}],"wp:attachment":[{"href":"https:\/\/verdadeon.com.br\/portal\/wp-json\/wp\/v2\/media?parent=3344"}],"wp:term":[{"taxonomy":"category","embeddable":true,"href":"https:\/\/verdadeon.com.br\/portal\/wp-json\/wp\/v2\/categories?post=3344"},{"taxonomy":"post_tag","embeddable":true,"href":"https:\/\/verdadeon.com.br\/portal\/wp-json\/wp\/v2\/tags?post=3344"}],"curies":[{"name":"wp","href":"https:\/\/api.w.org\/{rel}","templated":true}]}}