{"id":33433,"date":"2023-04-14T09:51:07","date_gmt":"2023-04-14T12:51:07","guid":{"rendered":"https:\/\/verdadeon.com.br\/portal\/?p=33433"},"modified":"2023-04-14T09:51:07","modified_gmt":"2023-04-14T12:51:07","slug":"feira-kitanda-com-cafe-celebra-mes-do-cafe-repleta-de-novidades-e-sabores","status":"publish","type":"post","link":"https:\/\/verdadeon.com.br\/portal\/2023\/04\/14\/feira-kitanda-com-cafe-celebra-mes-do-cafe-repleta-de-novidades-e-sabores\/","title":{"rendered":"Feira Kitanda com Caf\u00e9 celebra m\u00eas do caf\u00e9 repleta de novidades e sabores\u00a0"},"content":{"rendered":"<h2>Evento segue at\u00e9 o dia 15 de abril no Doca Complexo Cafeeiro, na Esta\u00e7\u00e3o<\/h2>\n<p>Voc\u00ea \u00e9 daqueles apaixonados por caf\u00e9? Adora um doce diferente mas cheio de sabor? Curte artesanato? Ent\u00e3o, voc\u00ea n\u00e3o pode perder a primeira Feira Kitanda com Caf\u00e9 que vai at\u00e9 s\u00e1bado (15).<\/p>\n<p>A Feira, organizada em parceria pelo Kilombo das Kitandeiras, Doca Complexo Cafeeiro, Grupo Limoeiro e a empres\u00e1ria Fl\u00e1via Lancha, foi criada para celebrar o m\u00eas do caf\u00e9 (dia 14 de abril \u00e9 Dia Mundial do Caf\u00e9). \u201cAs meninas do Kilombo das Kitandeiras tiveram a ideia de criar um evento voltado para o caf\u00e9, que \u00e9 uma das riquezas da nossa regi\u00e3o. Como n\u00e3o sabiam como organizar, me pediram ajuda. Eu amei a ideia e topei na hora\u201d, conta Fl\u00e1via.<\/p>\n<p>A empres\u00e1ria e um grupo de mulheres empreendedoras do Kilombo procuraram o Doca Complexo Cafeeiro para ser o palco do evento. J\u00falio Ferreira, um dos s\u00f3cios do Doca, abra\u00e7ou a ideia. \u201cO evento tem tudo a ver com nosso espa\u00e7o. Ficamos felizes com o convite\u201d, disse.<\/p>\n<p>Com o local definido, foi a vez de procurar o Grupo Limoeiro para fazer a publicidade. \u201cQuando a Flavia me contou sobre a ideia, eu fiquei encantado e quis participar\u201d, contou Leandro Araujo, do Limoeiro.<\/p>\n<p>A feira ganhou vida. Ao todo, s\u00e3o 12 expositores, todos membros do Kilombo das Kitandeiras. \u201cSomos todos afroempreendedores. O Kilombo nasceu em 2017 com a necessidade de nos organizarmos e nos apoiarmos em nossas dificuldades e desafios\u201d, disse Fernanda Apolin\u00e1rio Batista Rodrigues, uma das articuladoras do grupo.<\/p>\n<p>Mas com o tempo, o Kilombo expandiu seu prop\u00f3sito e se tornou um lugar de acolhimento e resgate da ancestralidade afro. Hoje s\u00e3o mais de 30 membros.<\/p>\n<p>&nbsp;<\/p>\n<p><strong>ATRA\u00c7\u00d5ES\u00a0<\/strong><\/p>\n<p>Quem for visitar a Feira Kitanda com Caf\u00e9 vai encontrar del\u00edcias tradicionais como verrine, brownies, tiramissus, bala baiana, banofe, etc. Todos adaptados para ter como ingrediente o caf\u00e9.<\/p>\n<p>Al\u00e9m disso, a feira ainda ter\u00e1 artesanato com pinturas, bijuterias, bonecas, sabonetes e roupas tamb\u00e9m envolvendo o caf\u00e9.<\/p>\n<p>E n\u00e3o para por a\u00ed. Nos tr\u00eas dias do evento, ainda haver\u00e1 atra\u00e7\u00f5es culturais como apresenta\u00e7\u00e3o musical, oficina de pinturas ao vivo, oficina de atividades para crian\u00e7as e, no s\u00e1bado, um sarau especial com o Grupo Ang\u00e1.<\/p>\n<p>Lembrando que a feira tem entrada gratuita e vai funcionar das 10h \u00e0s 16h. A Feira ser\u00e1 na Doca Complexo Cafeeiro, que fica na rua Diogo Feij\u00f3, 1754, na Esta\u00e7\u00e3o, pr\u00f3ximo ao Magazine Luiza.<\/p>\n<p dir=\"auto\">\n<p dir=\"auto\"><strong>FEIRA KITANDA COM CAF\u00c9<\/strong><\/p>\n<p dir=\"auto\"><span style=\"font-family: UICTFontTextStyleBody;\">Data: de 13 a 15 de abril\u00a0<\/span><\/p>\n<p dir=\"auto\"><span style=\"font-family: UICTFontTextStyleBody;\">Hor\u00e1rio: das 10h \u00e0s 16h<\/span><\/p>\n<p dir=\"auto\"><span style=\"font-family: UICTFontTextStyleBody;\">Abertura oficial: quinta, dia 13, \u00e0s 10h<\/span><\/p>\n<p dir=\"auto\"><span style=\"font-family: UICTFontTextStyleBody;\">Onde: Doca Complexo Cafeeiro &#8211; Rua Diogo Feij\u00f3, 1754 &#8211; Esta\u00e7\u00e3o<\/span><\/p>\n","protected":false},"excerpt":{"rendered":"<p>Evento segue at\u00e9 o dia 15 de abril no Doca Complexo Cafeeiro, na Esta\u00e7\u00e3o Voc\u00ea \u00e9 daqueles apaixonados por caf\u00e9? Adora um doce diferente mas cheio<span class=\"excerpt-hellip\"> [\u2026]<\/span><\/p>\n","protected":false},"author":4,"featured_media":33434,"comment_status":"open","ping_status":"open","sticky":false,"template":"","format":"standard","meta":{"_jetpack_memberships_contains_paid_content":false,"footnotes":"","jetpack_publicize_message":"","jetpack_publicize_feature_enabled":true,"jetpack_social_post_already_shared":false,"jetpack_social_options":{"image_generator_settings":{"template":"highway","default_image_id":0,"enabled":false},"version":2}},"categories":[28,44],"tags":[],"class_list":["post-33433","post","type-post","status-publish","format-standard","has-post-thumbnail","hentry","category-cotidiano","category-noticias"],"yoast_head":"<!-- This site is optimized with the Yoast SEO plugin v25.6 - https:\/\/yoast.com\/wordpress\/plugins\/seo\/ -->\n<title>Feira Kitanda com Caf\u00e9 celebra m\u00eas do caf\u00e9 repleta de novidades e sabores\u00a0 - VerdadeOn<\/title>\n<meta name=\"robots\" content=\"index, follow, max-snippet:-1, max-image-preview:large, max-video-preview:-1\" \/>\n<link rel=\"canonical\" href=\"https:\/\/verdadeon.com.br\/portal\/2023\/04\/14\/feira-kitanda-com-cafe-celebra-mes-do-cafe-repleta-de-novidades-e-sabores\/\" \/>\n<meta property=\"og:locale\" content=\"pt_BR\" \/>\n<meta property=\"og:type\" content=\"article\" \/>\n<meta property=\"og:title\" content=\"Feira Kitanda com Caf\u00e9 celebra m\u00eas do caf\u00e9 repleta de novidades e sabores\u00a0 - VerdadeOn\" \/>\n<meta property=\"og:description\" content=\"Evento segue at\u00e9 o dia 15 de abril no Doca Complexo Cafeeiro, na Esta\u00e7\u00e3o Voc\u00ea \u00e9 daqueles apaixonados por caf\u00e9? Adora um doce diferente mas cheio [\u2026]\" \/>\n<meta property=\"og:url\" content=\"https:\/\/verdadeon.com.br\/portal\/2023\/04\/14\/feira-kitanda-com-cafe-celebra-mes-do-cafe-repleta-de-novidades-e-sabores\/\" \/>\n<meta property=\"og:site_name\" content=\"VerdadeOn\" \/>\n<meta property=\"article:published_time\" content=\"2023-04-14T12:51:07+00:00\" \/>\n<meta property=\"og:image\" content=\"https:\/\/verdadeon.com.br\/portal\/wp-content\/uploads\/2023\/04\/unnamed-15-scaled.jpg\" \/>\n\t<meta property=\"og:image:width\" content=\"2560\" \/>\n\t<meta property=\"og:image:height\" content=\"1715\" \/>\n\t<meta property=\"og:image:type\" content=\"image\/jpeg\" \/>\n<meta name=\"author\" content=\"Fernando Calixto\" \/>\n<meta name=\"twitter:card\" content=\"summary_large_image\" \/>\n<meta name=\"twitter:label1\" content=\"Escrito por\" \/>\n\t<meta name=\"twitter:data1\" content=\"Fernando Calixto\" \/>\n\t<meta name=\"twitter:label2\" content=\"Est. tempo de leitura\" \/>\n\t<meta name=\"twitter:data2\" content=\"3 minutos\" \/>\n<script type=\"application\/ld+json\" class=\"yoast-schema-graph\">{\"@context\":\"https:\/\/schema.org\",\"@graph\":[{\"@type\":\"WebPage\",\"@id\":\"https:\/\/verdadeon.com.br\/portal\/2023\/04\/14\/feira-kitanda-com-cafe-celebra-mes-do-cafe-repleta-de-novidades-e-sabores\/\",\"url\":\"https:\/\/verdadeon.com.br\/portal\/2023\/04\/14\/feira-kitanda-com-cafe-celebra-mes-do-cafe-repleta-de-novidades-e-sabores\/\",\"name\":\"Feira Kitanda com Caf\u00e9 celebra m\u00eas do caf\u00e9 repleta de novidades e sabores\u00a0 - VerdadeOn\",\"isPartOf\":{\"@id\":\"https:\/\/verdadeon.com.br\/portal\/#website\"},\"primaryImageOfPage\":{\"@id\":\"https:\/\/verdadeon.com.br\/portal\/2023\/04\/14\/feira-kitanda-com-cafe-celebra-mes-do-cafe-repleta-de-novidades-e-sabores\/#primaryimage\"},\"image\":{\"@id\":\"https:\/\/verdadeon.com.br\/portal\/2023\/04\/14\/feira-kitanda-com-cafe-celebra-mes-do-cafe-repleta-de-novidades-e-sabores\/#primaryimage\"},\"thumbnailUrl\":\"https:\/\/i0.wp.com\/verdadeon.com.br\/portal\/wp-content\/uploads\/2023\/04\/unnamed-15-scaled.jpg?fit=2560%2C1715&ssl=1\",\"datePublished\":\"2023-04-14T12:51:07+00:00\",\"author\":{\"@id\":\"https:\/\/verdadeon.com.br\/portal\/#\/schema\/person\/8994718f49ee62ba5610471e29ca1f62\"},\"breadcrumb\":{\"@id\":\"https:\/\/verdadeon.com.br\/portal\/2023\/04\/14\/feira-kitanda-com-cafe-celebra-mes-do-cafe-repleta-de-novidades-e-sabores\/#breadcrumb\"},\"inLanguage\":\"pt-BR\",\"potentialAction\":[{\"@type\":\"ReadAction\",\"target\":[\"https:\/\/verdadeon.com.br\/portal\/2023\/04\/14\/feira-kitanda-com-cafe-celebra-mes-do-cafe-repleta-de-novidades-e-sabores\/\"]}]},{\"@type\":\"ImageObject\",\"inLanguage\":\"pt-BR\",\"@id\":\"https:\/\/verdadeon.com.br\/portal\/2023\/04\/14\/feira-kitanda-com-cafe-celebra-mes-do-cafe-repleta-de-novidades-e-sabores\/#primaryimage\",\"url\":\"https:\/\/i0.wp.com\/verdadeon.com.br\/portal\/wp-content\/uploads\/2023\/04\/unnamed-15-scaled.jpg?fit=2560%2C1715&ssl=1\",\"contentUrl\":\"https:\/\/i0.wp.com\/verdadeon.com.br\/portal\/wp-content\/uploads\/2023\/04\/unnamed-15-scaled.jpg?fit=2560%2C1715&ssl=1\",\"width\":2560,\"height\":1715,\"caption\":\"Fernanda Apolin\u00e1rio, Roberta Bozzola(Doca Caf\u00e9s), Fl\u00e1via Lancha e Leandro Ara\u00fajo\"},{\"@type\":\"BreadcrumbList\",\"@id\":\"https:\/\/verdadeon.com.br\/portal\/2023\/04\/14\/feira-kitanda-com-cafe-celebra-mes-do-cafe-repleta-de-novidades-e-sabores\/#breadcrumb\",\"itemListElement\":[{\"@type\":\"ListItem\",\"position\":1,\"name\":\"In\u00edcio\",\"item\":\"https:\/\/verdadeon.com.br\/portal\/\"},{\"@type\":\"ListItem\",\"position\":2,\"name\":\"Feira Kitanda com Caf\u00e9 celebra m\u00eas do caf\u00e9 repleta de novidades e sabores\u00a0\"}]},{\"@type\":\"WebSite\",\"@id\":\"https:\/\/verdadeon.com.br\/portal\/#website\",\"url\":\"https:\/\/verdadeon.com.br\/portal\/\",\"name\":\"VerdadeOn\",\"description\":\"Not\u00edcias di\u00e1rias sobre Franca, Regi\u00e3o, Esporte, Cultura, Cotidiano, Colunas. Cobertura nos principais eventos da cidade \u00e9 aqui - Verdadeon Franca\",\"potentialAction\":[{\"@type\":\"SearchAction\",\"target\":{\"@type\":\"EntryPoint\",\"urlTemplate\":\"https:\/\/verdadeon.com.br\/portal\/?s={search_term_string}\"},\"query-input\":{\"@type\":\"PropertyValueSpecification\",\"valueRequired\":true,\"valueName\":\"search_term_string\"}}],\"inLanguage\":\"pt-BR\"},{\"@type\":\"Person\",\"@id\":\"https:\/\/verdadeon.com.br\/portal\/#\/schema\/person\/8994718f49ee62ba5610471e29ca1f62\",\"name\":\"Fernando Calixto\",\"image\":{\"@type\":\"ImageObject\",\"inLanguage\":\"pt-BR\",\"@id\":\"https:\/\/verdadeon.com.br\/portal\/#\/schema\/person\/image\/\",\"url\":\"https:\/\/secure.gravatar.com\/avatar\/7578910c24966c0316c340f9dbd601e93ee9f9212e1033968b367af9306bd9fb?s=96&d=mm&r=g\",\"contentUrl\":\"https:\/\/secure.gravatar.com\/avatar\/7578910c24966c0316c340f9dbd601e93ee9f9212e1033968b367af9306bd9fb?s=96&d=mm&r=g\",\"caption\":\"Fernando Calixto\"},\"url\":\"https:\/\/verdadeon.com.br\/portal\/author\/fernando-calixto\/\"}]}<\/script>\n<!-- \/ Yoast SEO plugin. -->","yoast_head_json":{"title":"Feira Kitanda com Caf\u00e9 celebra m\u00eas do caf\u00e9 repleta de novidades e sabores\u00a0 - VerdadeOn","robots":{"index":"index","follow":"follow","max-snippet":"max-snippet:-1","max-image-preview":"max-image-preview:large","max-video-preview":"max-video-preview:-1"},"canonical":"https:\/\/verdadeon.com.br\/portal\/2023\/04\/14\/feira-kitanda-com-cafe-celebra-mes-do-cafe-repleta-de-novidades-e-sabores\/","og_locale":"pt_BR","og_type":"article","og_title":"Feira Kitanda com Caf\u00e9 celebra m\u00eas do caf\u00e9 repleta de novidades e sabores\u00a0 - VerdadeOn","og_description":"Evento segue at\u00e9 o dia 15 de abril no Doca Complexo Cafeeiro, na Esta\u00e7\u00e3o Voc\u00ea \u00e9 daqueles apaixonados por caf\u00e9? Adora um doce diferente mas cheio [\u2026]","og_url":"https:\/\/verdadeon.com.br\/portal\/2023\/04\/14\/feira-kitanda-com-cafe-celebra-mes-do-cafe-repleta-de-novidades-e-sabores\/","og_site_name":"VerdadeOn","article_published_time":"2023-04-14T12:51:07+00:00","og_image":[{"width":2560,"height":1715,"url":"https:\/\/verdadeon.com.br\/portal\/wp-content\/uploads\/2023\/04\/unnamed-15-scaled.jpg","type":"image\/jpeg"}],"author":"Fernando Calixto","twitter_card":"summary_large_image","twitter_misc":{"Escrito por":"Fernando Calixto","Est. tempo de leitura":"3 minutos"},"schema":{"@context":"https:\/\/schema.org","@graph":[{"@type":"WebPage","@id":"https:\/\/verdadeon.com.br\/portal\/2023\/04\/14\/feira-kitanda-com-cafe-celebra-mes-do-cafe-repleta-de-novidades-e-sabores\/","url":"https:\/\/verdadeon.com.br\/portal\/2023\/04\/14\/feira-kitanda-com-cafe-celebra-mes-do-cafe-repleta-de-novidades-e-sabores\/","name":"Feira Kitanda com Caf\u00e9 celebra m\u00eas do caf\u00e9 repleta de novidades e sabores\u00a0 - VerdadeOn","isPartOf":{"@id":"https:\/\/verdadeon.com.br\/portal\/#website"},"primaryImageOfPage":{"@id":"https:\/\/verdadeon.com.br\/portal\/2023\/04\/14\/feira-kitanda-com-cafe-celebra-mes-do-cafe-repleta-de-novidades-e-sabores\/#primaryimage"},"image":{"@id":"https:\/\/verdadeon.com.br\/portal\/2023\/04\/14\/feira-kitanda-com-cafe-celebra-mes-do-cafe-repleta-de-novidades-e-sabores\/#primaryimage"},"thumbnailUrl":"https:\/\/i0.wp.com\/verdadeon.com.br\/portal\/wp-content\/uploads\/2023\/04\/unnamed-15-scaled.jpg?fit=2560%2C1715&ssl=1","datePublished":"2023-04-14T12:51:07+00:00","author":{"@id":"https:\/\/verdadeon.com.br\/portal\/#\/schema\/person\/8994718f49ee62ba5610471e29ca1f62"},"breadcrumb":{"@id":"https:\/\/verdadeon.com.br\/portal\/2023\/04\/14\/feira-kitanda-com-cafe-celebra-mes-do-cafe-repleta-de-novidades-e-sabores\/#breadcrumb"},"inLanguage":"pt-BR","potentialAction":[{"@type":"ReadAction","target":["https:\/\/verdadeon.com.br\/portal\/2023\/04\/14\/feira-kitanda-com-cafe-celebra-mes-do-cafe-repleta-de-novidades-e-sabores\/"]}]},{"@type":"ImageObject","inLanguage":"pt-BR","@id":"https:\/\/verdadeon.com.br\/portal\/2023\/04\/14\/feira-kitanda-com-cafe-celebra-mes-do-cafe-repleta-de-novidades-e-sabores\/#primaryimage","url":"https:\/\/i0.wp.com\/verdadeon.com.br\/portal\/wp-content\/uploads\/2023\/04\/unnamed-15-scaled.jpg?fit=2560%2C1715&ssl=1","contentUrl":"https:\/\/i0.wp.com\/verdadeon.com.br\/portal\/wp-content\/uploads\/2023\/04\/unnamed-15-scaled.jpg?fit=2560%2C1715&ssl=1","width":2560,"height":1715,"caption":"Fernanda Apolin\u00e1rio, Roberta Bozzola(Doca Caf\u00e9s), Fl\u00e1via Lancha e Leandro Ara\u00fajo"},{"@type":"BreadcrumbList","@id":"https:\/\/verdadeon.com.br\/portal\/2023\/04\/14\/feira-kitanda-com-cafe-celebra-mes-do-cafe-repleta-de-novidades-e-sabores\/#breadcrumb","itemListElement":[{"@type":"ListItem","position":1,"name":"In\u00edcio","item":"https:\/\/verdadeon.com.br\/portal\/"},{"@type":"ListItem","position":2,"name":"Feira Kitanda com Caf\u00e9 celebra m\u00eas do caf\u00e9 repleta de novidades e sabores\u00a0"}]},{"@type":"WebSite","@id":"https:\/\/verdadeon.com.br\/portal\/#website","url":"https:\/\/verdadeon.com.br\/portal\/","name":"VerdadeOn","description":"Not\u00edcias di\u00e1rias sobre Franca, Regi\u00e3o, Esporte, Cultura, Cotidiano, Colunas. Cobertura nos principais eventos da cidade \u00e9 aqui - Verdadeon Franca","potentialAction":[{"@type":"SearchAction","target":{"@type":"EntryPoint","urlTemplate":"https:\/\/verdadeon.com.br\/portal\/?s={search_term_string}"},"query-input":{"@type":"PropertyValueSpecification","valueRequired":true,"valueName":"search_term_string"}}],"inLanguage":"pt-BR"},{"@type":"Person","@id":"https:\/\/verdadeon.com.br\/portal\/#\/schema\/person\/8994718f49ee62ba5610471e29ca1f62","name":"Fernando Calixto","image":{"@type":"ImageObject","inLanguage":"pt-BR","@id":"https:\/\/verdadeon.com.br\/portal\/#\/schema\/person\/image\/","url":"https:\/\/secure.gravatar.com\/avatar\/7578910c24966c0316c340f9dbd601e93ee9f9212e1033968b367af9306bd9fb?s=96&d=mm&r=g","contentUrl":"https:\/\/secure.gravatar.com\/avatar\/7578910c24966c0316c340f9dbd601e93ee9f9212e1033968b367af9306bd9fb?s=96&d=mm&r=g","caption":"Fernando Calixto"},"url":"https:\/\/verdadeon.com.br\/portal\/author\/fernando-calixto\/"}]}},"jetpack_publicize_connections":[],"jetpack_featured_media_url":"https:\/\/i0.wp.com\/verdadeon.com.br\/portal\/wp-content\/uploads\/2023\/04\/unnamed-15-scaled.jpg?fit=2560%2C1715&ssl=1","jetpack_sharing_enabled":true,"_links":{"self":[{"href":"https:\/\/verdadeon.com.br\/portal\/wp-json\/wp\/v2\/posts\/33433","targetHints":{"allow":["GET"]}}],"collection":[{"href":"https:\/\/verdadeon.com.br\/portal\/wp-json\/wp\/v2\/posts"}],"about":[{"href":"https:\/\/verdadeon.com.br\/portal\/wp-json\/wp\/v2\/types\/post"}],"author":[{"embeddable":true,"href":"https:\/\/verdadeon.com.br\/portal\/wp-json\/wp\/v2\/users\/4"}],"replies":[{"embeddable":true,"href":"https:\/\/verdadeon.com.br\/portal\/wp-json\/wp\/v2\/comments?post=33433"}],"version-history":[{"count":1,"href":"https:\/\/verdadeon.com.br\/portal\/wp-json\/wp\/v2\/posts\/33433\/revisions"}],"predecessor-version":[{"id":33435,"href":"https:\/\/verdadeon.com.br\/portal\/wp-json\/wp\/v2\/posts\/33433\/revisions\/33435"}],"wp:featuredmedia":[{"embeddable":true,"href":"https:\/\/verdadeon.com.br\/portal\/wp-json\/wp\/v2\/media\/33434"}],"wp:attachment":[{"href":"https:\/\/verdadeon.com.br\/portal\/wp-json\/wp\/v2\/media?parent=33433"}],"wp:term":[{"taxonomy":"category","embeddable":true,"href":"https:\/\/verdadeon.com.br\/portal\/wp-json\/wp\/v2\/categories?post=33433"},{"taxonomy":"post_tag","embeddable":true,"href":"https:\/\/verdadeon.com.br\/portal\/wp-json\/wp\/v2\/tags?post=33433"}],"curies":[{"name":"wp","href":"https:\/\/api.w.org\/{rel}","templated":true}]}}