{"id":3338,"date":"2020-02-12T08:00:00","date_gmt":"2020-02-12T11:00:00","guid":{"rendered":"http:\/\/verdadeon.com.br\/portal\/?p=3338"},"modified":"2020-02-12T00:59:20","modified_gmt":"2020-02-12T03:59:20","slug":"formandos-do-curso-de-direito-lancam-livro","status":"publish","type":"post","link":"https:\/\/verdadeon.com.br\/portal\/2020\/02\/12\/formandos-do-curso-de-direito-lancam-livro\/","title":{"rendered":"Formandos do curso de Direito lan\u00e7am livro"},"content":{"rendered":"\n<h2 class=\"wp-block-heading\">Livro escrito por 18 alunos ser\u00e1 lan\u00e7ado nesta sexta-feira (14) durante a Cola\u00e7\u00e3o de Grau<\/h2>\n\n\n\n<p>Reportagem Daniel Afonso<\/p>\n\n\n\n<p class=\"has-drop-cap\">Al\u00e9m do \u00eaxito na conclus\u00e3o do curso superior, os formandos da XXXIII turma de Direito da Universidade de Franca v\u00e3o aproveitar o dia da cola\u00e7\u00e3o de grau para lan\u00e7arem o livro \u201cAs Novas Concep\u00e7\u00f5es do Direito de Fam\u00edlia\u201d. O caso at\u00edpico ser\u00e1 realizado nesta sexta-feira (14), no espa\u00e7o Green Hall, em Franca.<br>\nO livro \u00e9 composto por 11 artigos escritos por 18 alunos graduandos, que receberam orienta\u00e7\u00e3o do advogado Thales Branco Gon\u00e7alves. <br>\nOs formandos, J\u00falio Fl\u00e1vio Barbosa Carvalho e B\u00e1rbara Navarro, contam que essa ideia do livro veio no ano passado quando da visita do autor M\u00e1rio Luiz Delgado, na subse\u00e7\u00e3o da OAB-Franca, que inclusive j\u00e1 escreveu um livro com a mesma tem\u00e1tica. <br>\nA oportunidade com esse autor foi em maio de 2019 quando ele esteve presente em um evento da Comiss\u00e3o de Direito de Fam\u00edlia e Sucess\u00f5es da OAB. \u201cEle sugeriu a cria\u00e7\u00e3o de um livro de artigos jur\u00eddicos reunindo os temas do nosso trabalho de conclus\u00e3o de curso e demais assuntos atuais e relevantes do Direito das Fam\u00edlias, como Guarda Compartilhada Animal, Alimentos Grav\u00eddicos e o Exame Negativo de DNA, entre outros\u201d, explicam os formandos.<br>\nQuestionados sobre como conduziram a publica\u00e7\u00e3o, eles explicaram que tiveram todo o incentivo dos professores, al\u00e9m de toda viv\u00eancia entre est\u00e1gios e as aulas do curso. \u201cEstamos muito felizes com o lan\u00e7amento desse livro, o qual \u00e9 fruto de todos ensinamentos que tivemos durante o curso e de todo o empenho aos envolvidos na publica\u00e7\u00e3o. \u00c9 uma honra realizar o lan\u00e7amento desse projeto in\u00e9dito em nossa cola\u00e7\u00e3o de grau\u201d, relatam.<br>\nO livro ser\u00e1 lan\u00e7ado apenas na cola\u00e7\u00e3o, por\u00e9m ontem (11) a obra foi entregue em m\u00e3os para o coordenador do curso Esdras Lovo. Como o p\u00fablico \u00e9 mais restrito durante a formatura, especialmente a familiares e amigos dos formandos, o livro tamb\u00e9m ter\u00e1 outra data de lan\u00e7amento aberto ao p\u00fablico. Os formandos escolheram a data de 19 de mar\u00e7o, \u00e0s 19 horas na sede da OAB, quando tamb\u00e9m ter\u00e1 palestras com temas dos artigos da obra.<\/p>\n","protected":false},"excerpt":{"rendered":"<p>Livro escrito por 18 alunos ser\u00e1 lan\u00e7ado nesta sexta-feira (14) durante a Cola\u00e7\u00e3o de Grau Reportagem Daniel Afonso Al\u00e9m do \u00eaxito na conclus\u00e3o do curso superior,<span class=\"excerpt-hellip\"> [\u2026]<\/span><\/p>\n","protected":false},"author":10,"featured_media":3339,"comment_status":"open","ping_status":"open","sticky":false,"template":"","format":"standard","meta":{"_jetpack_memberships_contains_paid_content":false,"footnotes":"","jetpack_publicize_message":"","jetpack_publicize_feature_enabled":true,"jetpack_social_post_already_shared":false,"jetpack_social_options":{"image_generator_settings":{"template":"highway","default_image_id":0,"enabled":false},"version":2}},"categories":[28,44,1],"tags":[46],"class_list":["post-3338","post","type-post","status-publish","format-standard","has-post-thumbnail","hentry","category-cotidiano","category-noticias","category-sem-categoria","tag-cotidiano"],"yoast_head":"<!-- This site is optimized with the Yoast SEO plugin v25.6 - https:\/\/yoast.com\/wordpress\/plugins\/seo\/ -->\n<title>Formandos do curso de Direito lan\u00e7am livro - VerdadeOn<\/title>\n<meta name=\"robots\" content=\"index, follow, max-snippet:-1, max-image-preview:large, max-video-preview:-1\" \/>\n<link rel=\"canonical\" href=\"https:\/\/verdadeon.com.br\/portal\/2020\/02\/12\/formandos-do-curso-de-direito-lancam-livro\/\" \/>\n<meta property=\"og:locale\" content=\"pt_BR\" \/>\n<meta property=\"og:type\" content=\"article\" \/>\n<meta property=\"og:title\" content=\"Formandos do curso de Direito lan\u00e7am livro - VerdadeOn\" \/>\n<meta property=\"og:description\" content=\"Livro escrito por 18 alunos ser\u00e1 lan\u00e7ado nesta sexta-feira (14) durante a Cola\u00e7\u00e3o de Grau Reportagem Daniel Afonso Al\u00e9m do \u00eaxito na conclus\u00e3o do curso superior, [\u2026]\" \/>\n<meta property=\"og:url\" content=\"https:\/\/verdadeon.com.br\/portal\/2020\/02\/12\/formandos-do-curso-de-direito-lancam-livro\/\" \/>\n<meta property=\"og:site_name\" content=\"VerdadeOn\" \/>\n<meta property=\"article:published_time\" content=\"2020-02-12T11:00:00+00:00\" \/>\n<meta property=\"og:image\" content=\"https:\/\/verdadeon.com.br\/portal\/wp-content\/uploads\/2020\/02\/WhatsApp-Image-2020-02-11-at-14.37.45.jpg\" \/>\n\t<meta property=\"og:image:width\" content=\"1000\" \/>\n\t<meta property=\"og:image:height\" content=\"563\" \/>\n\t<meta property=\"og:image:type\" content=\"image\/jpeg\" \/>\n<meta name=\"author\" content=\"Redacao VerdadeOn\" \/>\n<meta name=\"twitter:card\" content=\"summary_large_image\" \/>\n<meta name=\"twitter:label1\" content=\"Escrito por\" \/>\n\t<meta name=\"twitter:data1\" content=\"Redacao VerdadeOn\" \/>\n\t<meta name=\"twitter:label2\" content=\"Est. tempo de leitura\" \/>\n\t<meta name=\"twitter:data2\" content=\"2 minutos\" \/>\n<script type=\"application\/ld+json\" class=\"yoast-schema-graph\">{\"@context\":\"https:\/\/schema.org\",\"@graph\":[{\"@type\":\"WebPage\",\"@id\":\"https:\/\/verdadeon.com.br\/portal\/2020\/02\/12\/formandos-do-curso-de-direito-lancam-livro\/\",\"url\":\"https:\/\/verdadeon.com.br\/portal\/2020\/02\/12\/formandos-do-curso-de-direito-lancam-livro\/\",\"name\":\"Formandos do curso de Direito lan\u00e7am livro - VerdadeOn\",\"isPartOf\":{\"@id\":\"https:\/\/verdadeon.com.br\/portal\/#website\"},\"primaryImageOfPage\":{\"@id\":\"https:\/\/verdadeon.com.br\/portal\/2020\/02\/12\/formandos-do-curso-de-direito-lancam-livro\/#primaryimage\"},\"image\":{\"@id\":\"https:\/\/verdadeon.com.br\/portal\/2020\/02\/12\/formandos-do-curso-de-direito-lancam-livro\/#primaryimage\"},\"thumbnailUrl\":\"https:\/\/i0.wp.com\/verdadeon.com.br\/portal\/wp-content\/uploads\/2020\/02\/WhatsApp-Image-2020-02-11-at-14.37.45.jpg?fit=1000%2C563&ssl=1\",\"datePublished\":\"2020-02-12T11:00:00+00:00\",\"author\":{\"@id\":\"https:\/\/verdadeon.com.br\/portal\/#\/schema\/person\/a5060ad1e9ea3df545188fc93ce43d2f\"},\"breadcrumb\":{\"@id\":\"https:\/\/verdadeon.com.br\/portal\/2020\/02\/12\/formandos-do-curso-de-direito-lancam-livro\/#breadcrumb\"},\"inLanguage\":\"pt-BR\",\"potentialAction\":[{\"@type\":\"ReadAction\",\"target\":[\"https:\/\/verdadeon.com.br\/portal\/2020\/02\/12\/formandos-do-curso-de-direito-lancam-livro\/\"]}]},{\"@type\":\"ImageObject\",\"inLanguage\":\"pt-BR\",\"@id\":\"https:\/\/verdadeon.com.br\/portal\/2020\/02\/12\/formandos-do-curso-de-direito-lancam-livro\/#primaryimage\",\"url\":\"https:\/\/i0.wp.com\/verdadeon.com.br\/portal\/wp-content\/uploads\/2020\/02\/WhatsApp-Image-2020-02-11-at-14.37.45.jpg?fit=1000%2C563&ssl=1\",\"contentUrl\":\"https:\/\/i0.wp.com\/verdadeon.com.br\/portal\/wp-content\/uploads\/2020\/02\/WhatsApp-Image-2020-02-11-at-14.37.45.jpg?fit=1000%2C563&ssl=1\",\"width\":1000,\"height\":563,\"caption\":\"primeira m\u00e3o - Os formandos, B\u00e1rbara Navarro e J\u00falio Fl\u00e1vio Barbosa Carvalho, j\u00e1 entregaram o livro \\\"As Novas Concep\u00e7\u00f5es do Direito de Fam\u00edlia\\\" para o coordenador do curso de Direito na Unifran, Esdras Lovo. O lan\u00e7amento acontece nesta sexta (14) na cola\u00e7\u00e3o e dia 19 de mar\u00e7o na OAB | Foto: Divulga\u00e7\u00e3o\"},{\"@type\":\"BreadcrumbList\",\"@id\":\"https:\/\/verdadeon.com.br\/portal\/2020\/02\/12\/formandos-do-curso-de-direito-lancam-livro\/#breadcrumb\",\"itemListElement\":[{\"@type\":\"ListItem\",\"position\":1,\"name\":\"In\u00edcio\",\"item\":\"https:\/\/verdadeon.com.br\/portal\/\"},{\"@type\":\"ListItem\",\"position\":2,\"name\":\"Formandos do curso de Direito lan\u00e7am livro\"}]},{\"@type\":\"WebSite\",\"@id\":\"https:\/\/verdadeon.com.br\/portal\/#website\",\"url\":\"https:\/\/verdadeon.com.br\/portal\/\",\"name\":\"VerdadeOn\",\"description\":\"Not\u00edcias di\u00e1rias sobre Franca, Regi\u00e3o, Esporte, Cultura, Cotidiano, Colunas. Cobertura nos principais eventos da cidade \u00e9 aqui - Verdadeon Franca\",\"potentialAction\":[{\"@type\":\"SearchAction\",\"target\":{\"@type\":\"EntryPoint\",\"urlTemplate\":\"https:\/\/verdadeon.com.br\/portal\/?s={search_term_string}\"},\"query-input\":{\"@type\":\"PropertyValueSpecification\",\"valueRequired\":true,\"valueName\":\"search_term_string\"}}],\"inLanguage\":\"pt-BR\"},{\"@type\":\"Person\",\"@id\":\"https:\/\/verdadeon.com.br\/portal\/#\/schema\/person\/a5060ad1e9ea3df545188fc93ce43d2f\",\"name\":\"Redacao VerdadeOn\",\"image\":{\"@type\":\"ImageObject\",\"inLanguage\":\"pt-BR\",\"@id\":\"https:\/\/verdadeon.com.br\/portal\/#\/schema\/person\/image\/\",\"url\":\"https:\/\/secure.gravatar.com\/avatar\/459a9613caaaf07f582c3d0841eea68bdd66f533e465e6ba8b9cb45619572cf4?s=96&d=mm&r=g\",\"contentUrl\":\"https:\/\/secure.gravatar.com\/avatar\/459a9613caaaf07f582c3d0841eea68bdd66f533e465e6ba8b9cb45619572cf4?s=96&d=mm&r=g\",\"caption\":\"Redacao VerdadeOn\"},\"url\":\"https:\/\/verdadeon.com.br\/portal\/author\/redacao\/\"}]}<\/script>\n<!-- \/ Yoast SEO plugin. -->","yoast_head_json":{"title":"Formandos do curso de Direito lan\u00e7am livro - VerdadeOn","robots":{"index":"index","follow":"follow","max-snippet":"max-snippet:-1","max-image-preview":"max-image-preview:large","max-video-preview":"max-video-preview:-1"},"canonical":"https:\/\/verdadeon.com.br\/portal\/2020\/02\/12\/formandos-do-curso-de-direito-lancam-livro\/","og_locale":"pt_BR","og_type":"article","og_title":"Formandos do curso de Direito lan\u00e7am livro - VerdadeOn","og_description":"Livro escrito por 18 alunos ser\u00e1 lan\u00e7ado nesta sexta-feira (14) durante a Cola\u00e7\u00e3o de Grau Reportagem Daniel Afonso Al\u00e9m do \u00eaxito na conclus\u00e3o do curso superior, [\u2026]","og_url":"https:\/\/verdadeon.com.br\/portal\/2020\/02\/12\/formandos-do-curso-de-direito-lancam-livro\/","og_site_name":"VerdadeOn","article_published_time":"2020-02-12T11:00:00+00:00","og_image":[{"width":1000,"height":563,"url":"https:\/\/verdadeon.com.br\/portal\/wp-content\/uploads\/2020\/02\/WhatsApp-Image-2020-02-11-at-14.37.45.jpg","type":"image\/jpeg"}],"author":"Redacao VerdadeOn","twitter_card":"summary_large_image","twitter_misc":{"Escrito por":"Redacao VerdadeOn","Est. tempo de leitura":"2 minutos"},"schema":{"@context":"https:\/\/schema.org","@graph":[{"@type":"WebPage","@id":"https:\/\/verdadeon.com.br\/portal\/2020\/02\/12\/formandos-do-curso-de-direito-lancam-livro\/","url":"https:\/\/verdadeon.com.br\/portal\/2020\/02\/12\/formandos-do-curso-de-direito-lancam-livro\/","name":"Formandos do curso de Direito lan\u00e7am livro - VerdadeOn","isPartOf":{"@id":"https:\/\/verdadeon.com.br\/portal\/#website"},"primaryImageOfPage":{"@id":"https:\/\/verdadeon.com.br\/portal\/2020\/02\/12\/formandos-do-curso-de-direito-lancam-livro\/#primaryimage"},"image":{"@id":"https:\/\/verdadeon.com.br\/portal\/2020\/02\/12\/formandos-do-curso-de-direito-lancam-livro\/#primaryimage"},"thumbnailUrl":"https:\/\/i0.wp.com\/verdadeon.com.br\/portal\/wp-content\/uploads\/2020\/02\/WhatsApp-Image-2020-02-11-at-14.37.45.jpg?fit=1000%2C563&ssl=1","datePublished":"2020-02-12T11:00:00+00:00","author":{"@id":"https:\/\/verdadeon.com.br\/portal\/#\/schema\/person\/a5060ad1e9ea3df545188fc93ce43d2f"},"breadcrumb":{"@id":"https:\/\/verdadeon.com.br\/portal\/2020\/02\/12\/formandos-do-curso-de-direito-lancam-livro\/#breadcrumb"},"inLanguage":"pt-BR","potentialAction":[{"@type":"ReadAction","target":["https:\/\/verdadeon.com.br\/portal\/2020\/02\/12\/formandos-do-curso-de-direito-lancam-livro\/"]}]},{"@type":"ImageObject","inLanguage":"pt-BR","@id":"https:\/\/verdadeon.com.br\/portal\/2020\/02\/12\/formandos-do-curso-de-direito-lancam-livro\/#primaryimage","url":"https:\/\/i0.wp.com\/verdadeon.com.br\/portal\/wp-content\/uploads\/2020\/02\/WhatsApp-Image-2020-02-11-at-14.37.45.jpg?fit=1000%2C563&ssl=1","contentUrl":"https:\/\/i0.wp.com\/verdadeon.com.br\/portal\/wp-content\/uploads\/2020\/02\/WhatsApp-Image-2020-02-11-at-14.37.45.jpg?fit=1000%2C563&ssl=1","width":1000,"height":563,"caption":"primeira m\u00e3o - Os formandos, B\u00e1rbara Navarro e J\u00falio Fl\u00e1vio Barbosa Carvalho, j\u00e1 entregaram o livro \"As Novas Concep\u00e7\u00f5es do Direito de Fam\u00edlia\" para o coordenador do curso de Direito na Unifran, Esdras Lovo. O lan\u00e7amento acontece nesta sexta (14) na cola\u00e7\u00e3o e dia 19 de mar\u00e7o na OAB | Foto: Divulga\u00e7\u00e3o"},{"@type":"BreadcrumbList","@id":"https:\/\/verdadeon.com.br\/portal\/2020\/02\/12\/formandos-do-curso-de-direito-lancam-livro\/#breadcrumb","itemListElement":[{"@type":"ListItem","position":1,"name":"In\u00edcio","item":"https:\/\/verdadeon.com.br\/portal\/"},{"@type":"ListItem","position":2,"name":"Formandos do curso de Direito lan\u00e7am livro"}]},{"@type":"WebSite","@id":"https:\/\/verdadeon.com.br\/portal\/#website","url":"https:\/\/verdadeon.com.br\/portal\/","name":"VerdadeOn","description":"Not\u00edcias di\u00e1rias sobre Franca, Regi\u00e3o, Esporte, Cultura, Cotidiano, Colunas. Cobertura nos principais eventos da cidade \u00e9 aqui - Verdadeon Franca","potentialAction":[{"@type":"SearchAction","target":{"@type":"EntryPoint","urlTemplate":"https:\/\/verdadeon.com.br\/portal\/?s={search_term_string}"},"query-input":{"@type":"PropertyValueSpecification","valueRequired":true,"valueName":"search_term_string"}}],"inLanguage":"pt-BR"},{"@type":"Person","@id":"https:\/\/verdadeon.com.br\/portal\/#\/schema\/person\/a5060ad1e9ea3df545188fc93ce43d2f","name":"Redacao VerdadeOn","image":{"@type":"ImageObject","inLanguage":"pt-BR","@id":"https:\/\/verdadeon.com.br\/portal\/#\/schema\/person\/image\/","url":"https:\/\/secure.gravatar.com\/avatar\/459a9613caaaf07f582c3d0841eea68bdd66f533e465e6ba8b9cb45619572cf4?s=96&d=mm&r=g","contentUrl":"https:\/\/secure.gravatar.com\/avatar\/459a9613caaaf07f582c3d0841eea68bdd66f533e465e6ba8b9cb45619572cf4?s=96&d=mm&r=g","caption":"Redacao VerdadeOn"},"url":"https:\/\/verdadeon.com.br\/portal\/author\/redacao\/"}]}},"jetpack_publicize_connections":[],"jetpack_featured_media_url":"https:\/\/i0.wp.com\/verdadeon.com.br\/portal\/wp-content\/uploads\/2020\/02\/WhatsApp-Image-2020-02-11-at-14.37.45.jpg?fit=1000%2C563&ssl=1","jetpack_sharing_enabled":true,"_links":{"self":[{"href":"https:\/\/verdadeon.com.br\/portal\/wp-json\/wp\/v2\/posts\/3338","targetHints":{"allow":["GET"]}}],"collection":[{"href":"https:\/\/verdadeon.com.br\/portal\/wp-json\/wp\/v2\/posts"}],"about":[{"href":"https:\/\/verdadeon.com.br\/portal\/wp-json\/wp\/v2\/types\/post"}],"author":[{"embeddable":true,"href":"https:\/\/verdadeon.com.br\/portal\/wp-json\/wp\/v2\/users\/10"}],"replies":[{"embeddable":true,"href":"https:\/\/verdadeon.com.br\/portal\/wp-json\/wp\/v2\/comments?post=3338"}],"version-history":[{"count":0,"href":"https:\/\/verdadeon.com.br\/portal\/wp-json\/wp\/v2\/posts\/3338\/revisions"}],"wp:featuredmedia":[{"embeddable":true,"href":"https:\/\/verdadeon.com.br\/portal\/wp-json\/wp\/v2\/media\/3339"}],"wp:attachment":[{"href":"https:\/\/verdadeon.com.br\/portal\/wp-json\/wp\/v2\/media?parent=3338"}],"wp:term":[{"taxonomy":"category","embeddable":true,"href":"https:\/\/verdadeon.com.br\/portal\/wp-json\/wp\/v2\/categories?post=3338"},{"taxonomy":"post_tag","embeddable":true,"href":"https:\/\/verdadeon.com.br\/portal\/wp-json\/wp\/v2\/tags?post=3338"}],"curies":[{"name":"wp","href":"https:\/\/api.w.org\/{rel}","templated":true}]}}