{"id":33358,"date":"2023-04-12T11:44:18","date_gmt":"2023-04-12T14:44:18","guid":{"rendered":"https:\/\/verdadeon.com.br\/portal\/?p=33358"},"modified":"2023-04-12T11:44:18","modified_gmt":"2023-04-12T14:44:18","slug":"saude-vai-credenciar-57-mil-equipes-para-reforcar-unidades-basicas","status":"publish","type":"post","link":"https:\/\/verdadeon.com.br\/portal\/2023\/04\/12\/saude-vai-credenciar-57-mil-equipes-para-reforcar-unidades-basicas\/","title":{"rendered":"Sa\u00fade vai credenciar 57 mil equipes para refor\u00e7ar unidades b\u00e1sicas"},"content":{"rendered":"<div class=\"row\">\n<h2 class=\"col-10 offset-1 animated fadeInDown dealy-900 display-8 display-md-8 alt-font font-italic my-1 text-center\">Medida atende pedidos de quase 4 mil munic\u00edpios<\/h2>\n<p>O Minist\u00e9rio da Sa\u00fade informou que ir\u00e1 credenciar 57 mil equipes para refor\u00e7ar e ampliar o atendimento nas unidades b\u00e1sicas, consideradas a porta de entrada no Sistema \u00danico de Sa\u00fade (SUS).<\/p>\n<p>De acordo com o minist\u00e9rio, o credenciamento das novas equipes ir\u00e1 zerar a fila de pedidos pendentes de munic\u00edpios feitos at\u00e9 janeiro deste ano. No total, 3,8 mil munic\u00edpios ser\u00e3o atendidos e mais 33,8 milh\u00f5es de brasileiros passar\u00e3o a ter atendimento m\u00e9dico na rede p\u00fablica. Para as contrata\u00e7\u00f5es, ser\u00e1 liberado montante de R$ 1,6 bilh\u00e3o ao ano.<\/p>\n<p>Os profissionais de sa\u00fade ser\u00e3o deslocados para o Mais M\u00e9dicos, sa\u00fade da fam\u00edlia (1,4 mil), agentes comunit\u00e1rios (30 mil), programa de assist\u00eancia odontol\u00f3gica (3,6 mil equipes), aten\u00e7\u00e3o prim\u00e1ria (2,9 mil) e consult\u00f3rios de rua (30).<\/p>\n<p>Segundo o minist\u00e9rio, 47 equipes ser\u00e3o credenciadas para atender popula\u00e7\u00f5es ribeirinhas.<\/p>\n<p>\u201cEsse primeiro atendimento, realizado nas Unidades B\u00e1sicas de Sa\u00fade, \u00e9 respons\u00e1vel pelo acompanhamento da situa\u00e7\u00e3o de sa\u00fade da popula\u00e7\u00e3o, preven\u00e7\u00e3o e redu\u00e7\u00e3o de doen\u00e7as. Nesse contexto, preencher os vazios assistenciais que deixaram de ser atendidos pelo governo anterior \u00e9 uma forma de resgatar o direito e o acesso da popula\u00e7\u00e3o brasileira \u00e0 sa\u00fade\u201d, diz nota divulgada pela pasta.<\/p>\n<p>Os estados e munic\u00edpios ter\u00e3o 90 dias para efetivarem o credenciamento das equipes. O prazo para gestores locais do SUS apresentarem novas solicita\u00e7\u00f5es \u00e9 de 40 dias.<\/p>\n<p>Fonte: Ag\u00eancia Brasil<\/p>\n<\/div>\n","protected":false},"excerpt":{"rendered":"<p>Medida atende pedidos de quase 4 mil munic\u00edpios O Minist\u00e9rio da Sa\u00fade informou que ir\u00e1 credenciar 57 mil equipes para refor\u00e7ar e ampliar o atendimento nas<span class=\"excerpt-hellip\"> [\u2026]<\/span><\/p>\n","protected":false},"author":10,"featured_media":33359,"comment_status":"open","ping_status":"open","sticky":false,"template":"","format":"standard","meta":{"_jetpack_memberships_contains_paid_content":false,"footnotes":"","jetpack_publicize_message":"","jetpack_publicize_feature_enabled":true,"jetpack_social_post_already_shared":false,"jetpack_social_options":{"image_generator_settings":{"template":"highway","default_image_id":0,"enabled":false},"version":2}},"categories":[28,44],"tags":[],"class_list":["post-33358","post","type-post","status-publish","format-standard","has-post-thumbnail","hentry","category-cotidiano","category-noticias"],"yoast_head":"<!-- This site is optimized with the Yoast SEO plugin v25.6 - https:\/\/yoast.com\/wordpress\/plugins\/seo\/ -->\n<title>Sa\u00fade vai credenciar 57 mil equipes para refor\u00e7ar unidades b\u00e1sicas - VerdadeOn<\/title>\n<meta name=\"robots\" content=\"index, follow, max-snippet:-1, max-image-preview:large, max-video-preview:-1\" \/>\n<link rel=\"canonical\" href=\"https:\/\/verdadeon.com.br\/portal\/2023\/04\/12\/saude-vai-credenciar-57-mil-equipes-para-reforcar-unidades-basicas\/\" \/>\n<meta property=\"og:locale\" content=\"pt_BR\" \/>\n<meta property=\"og:type\" content=\"article\" \/>\n<meta property=\"og:title\" content=\"Sa\u00fade vai credenciar 57 mil equipes para refor\u00e7ar unidades b\u00e1sicas - VerdadeOn\" \/>\n<meta property=\"og:description\" content=\"Medida atende pedidos de quase 4 mil munic\u00edpios O Minist\u00e9rio da Sa\u00fade informou que ir\u00e1 credenciar 57 mil equipes para refor\u00e7ar e ampliar o atendimento nas [\u2026]\" \/>\n<meta property=\"og:url\" content=\"https:\/\/verdadeon.com.br\/portal\/2023\/04\/12\/saude-vai-credenciar-57-mil-equipes-para-reforcar-unidades-basicas\/\" \/>\n<meta property=\"og:site_name\" content=\"VerdadeOn\" \/>\n<meta property=\"article:published_time\" content=\"2023-04-12T14:44:18+00:00\" \/>\n<meta property=\"og:image\" content=\"https:\/\/verdadeon.com.br\/portal\/wp-content\/uploads\/2023\/04\/revalida_mcamgo_abr_100720211818.jpg\" \/>\n\t<meta property=\"og:image:width\" content=\"1000\" \/>\n\t<meta property=\"og:image:height\" content=\"670\" \/>\n\t<meta property=\"og:image:type\" content=\"image\/jpeg\" \/>\n<meta name=\"author\" content=\"Redacao VerdadeOn\" \/>\n<meta name=\"twitter:card\" content=\"summary_large_image\" \/>\n<meta name=\"twitter:label1\" content=\"Escrito por\" \/>\n\t<meta name=\"twitter:data1\" content=\"Redacao VerdadeOn\" \/>\n\t<meta name=\"twitter:label2\" content=\"Est. tempo de leitura\" \/>\n\t<meta name=\"twitter:data2\" content=\"2 minutos\" \/>\n<script type=\"application\/ld+json\" class=\"yoast-schema-graph\">{\"@context\":\"https:\/\/schema.org\",\"@graph\":[{\"@type\":\"WebPage\",\"@id\":\"https:\/\/verdadeon.com.br\/portal\/2023\/04\/12\/saude-vai-credenciar-57-mil-equipes-para-reforcar-unidades-basicas\/\",\"url\":\"https:\/\/verdadeon.com.br\/portal\/2023\/04\/12\/saude-vai-credenciar-57-mil-equipes-para-reforcar-unidades-basicas\/\",\"name\":\"Sa\u00fade vai credenciar 57 mil equipes para refor\u00e7ar unidades b\u00e1sicas - VerdadeOn\",\"isPartOf\":{\"@id\":\"https:\/\/verdadeon.com.br\/portal\/#website\"},\"primaryImageOfPage\":{\"@id\":\"https:\/\/verdadeon.com.br\/portal\/2023\/04\/12\/saude-vai-credenciar-57-mil-equipes-para-reforcar-unidades-basicas\/#primaryimage\"},\"image\":{\"@id\":\"https:\/\/verdadeon.com.br\/portal\/2023\/04\/12\/saude-vai-credenciar-57-mil-equipes-para-reforcar-unidades-basicas\/#primaryimage\"},\"thumbnailUrl\":\"https:\/\/i0.wp.com\/verdadeon.com.br\/portal\/wp-content\/uploads\/2023\/04\/revalida_mcamgo_abr_100720211818.jpg?fit=1000%2C670&ssl=1\",\"datePublished\":\"2023-04-12T14:44:18+00:00\",\"author\":{\"@id\":\"https:\/\/verdadeon.com.br\/portal\/#\/schema\/person\/a5060ad1e9ea3df545188fc93ce43d2f\"},\"breadcrumb\":{\"@id\":\"https:\/\/verdadeon.com.br\/portal\/2023\/04\/12\/saude-vai-credenciar-57-mil-equipes-para-reforcar-unidades-basicas\/#breadcrumb\"},\"inLanguage\":\"pt-BR\",\"potentialAction\":[{\"@type\":\"ReadAction\",\"target\":[\"https:\/\/verdadeon.com.br\/portal\/2023\/04\/12\/saude-vai-credenciar-57-mil-equipes-para-reforcar-unidades-basicas\/\"]}]},{\"@type\":\"ImageObject\",\"inLanguage\":\"pt-BR\",\"@id\":\"https:\/\/verdadeon.com.br\/portal\/2023\/04\/12\/saude-vai-credenciar-57-mil-equipes-para-reforcar-unidades-basicas\/#primaryimage\",\"url\":\"https:\/\/i0.wp.com\/verdadeon.com.br\/portal\/wp-content\/uploads\/2023\/04\/revalida_mcamgo_abr_100720211818.jpg?fit=1000%2C670&ssl=1\",\"contentUrl\":\"https:\/\/i0.wp.com\/verdadeon.com.br\/portal\/wp-content\/uploads\/2023\/04\/revalida_mcamgo_abr_100720211818.jpg?fit=1000%2C670&ssl=1\",\"width\":1000,\"height\":670,\"caption\":\"Minist\u00e9rio da Sa\u00fade informou que 57 mil equipes ser\u00e3o credenciadas para ampliar o atendimento nas UBS. (\u00a9Marcelo Camargo\/Ag\u00eancia Brasil)\"},{\"@type\":\"BreadcrumbList\",\"@id\":\"https:\/\/verdadeon.com.br\/portal\/2023\/04\/12\/saude-vai-credenciar-57-mil-equipes-para-reforcar-unidades-basicas\/#breadcrumb\",\"itemListElement\":[{\"@type\":\"ListItem\",\"position\":1,\"name\":\"In\u00edcio\",\"item\":\"https:\/\/verdadeon.com.br\/portal\/\"},{\"@type\":\"ListItem\",\"position\":2,\"name\":\"Sa\u00fade vai credenciar 57 mil equipes para refor\u00e7ar unidades b\u00e1sicas\"}]},{\"@type\":\"WebSite\",\"@id\":\"https:\/\/verdadeon.com.br\/portal\/#website\",\"url\":\"https:\/\/verdadeon.com.br\/portal\/\",\"name\":\"VerdadeOn\",\"description\":\"Not\u00edcias di\u00e1rias sobre Franca, Regi\u00e3o, Esporte, Cultura, Cotidiano, Colunas. Cobertura nos principais eventos da cidade \u00e9 aqui - Verdadeon Franca\",\"potentialAction\":[{\"@type\":\"SearchAction\",\"target\":{\"@type\":\"EntryPoint\",\"urlTemplate\":\"https:\/\/verdadeon.com.br\/portal\/?s={search_term_string}\"},\"query-input\":{\"@type\":\"PropertyValueSpecification\",\"valueRequired\":true,\"valueName\":\"search_term_string\"}}],\"inLanguage\":\"pt-BR\"},{\"@type\":\"Person\",\"@id\":\"https:\/\/verdadeon.com.br\/portal\/#\/schema\/person\/a5060ad1e9ea3df545188fc93ce43d2f\",\"name\":\"Redacao VerdadeOn\",\"image\":{\"@type\":\"ImageObject\",\"inLanguage\":\"pt-BR\",\"@id\":\"https:\/\/verdadeon.com.br\/portal\/#\/schema\/person\/image\/\",\"url\":\"https:\/\/secure.gravatar.com\/avatar\/459a9613caaaf07f582c3d0841eea68bdd66f533e465e6ba8b9cb45619572cf4?s=96&d=mm&r=g\",\"contentUrl\":\"https:\/\/secure.gravatar.com\/avatar\/459a9613caaaf07f582c3d0841eea68bdd66f533e465e6ba8b9cb45619572cf4?s=96&d=mm&r=g\",\"caption\":\"Redacao VerdadeOn\"},\"url\":\"https:\/\/verdadeon.com.br\/portal\/author\/redacao\/\"}]}<\/script>\n<!-- \/ Yoast SEO plugin. -->","yoast_head_json":{"title":"Sa\u00fade vai credenciar 57 mil equipes para refor\u00e7ar unidades b\u00e1sicas - VerdadeOn","robots":{"index":"index","follow":"follow","max-snippet":"max-snippet:-1","max-image-preview":"max-image-preview:large","max-video-preview":"max-video-preview:-1"},"canonical":"https:\/\/verdadeon.com.br\/portal\/2023\/04\/12\/saude-vai-credenciar-57-mil-equipes-para-reforcar-unidades-basicas\/","og_locale":"pt_BR","og_type":"article","og_title":"Sa\u00fade vai credenciar 57 mil equipes para refor\u00e7ar unidades b\u00e1sicas - VerdadeOn","og_description":"Medida atende pedidos de quase 4 mil munic\u00edpios O Minist\u00e9rio da Sa\u00fade informou que ir\u00e1 credenciar 57 mil equipes para refor\u00e7ar e ampliar o atendimento nas [\u2026]","og_url":"https:\/\/verdadeon.com.br\/portal\/2023\/04\/12\/saude-vai-credenciar-57-mil-equipes-para-reforcar-unidades-basicas\/","og_site_name":"VerdadeOn","article_published_time":"2023-04-12T14:44:18+00:00","og_image":[{"width":1000,"height":670,"url":"https:\/\/verdadeon.com.br\/portal\/wp-content\/uploads\/2023\/04\/revalida_mcamgo_abr_100720211818.jpg","type":"image\/jpeg"}],"author":"Redacao VerdadeOn","twitter_card":"summary_large_image","twitter_misc":{"Escrito por":"Redacao VerdadeOn","Est. tempo de leitura":"2 minutos"},"schema":{"@context":"https:\/\/schema.org","@graph":[{"@type":"WebPage","@id":"https:\/\/verdadeon.com.br\/portal\/2023\/04\/12\/saude-vai-credenciar-57-mil-equipes-para-reforcar-unidades-basicas\/","url":"https:\/\/verdadeon.com.br\/portal\/2023\/04\/12\/saude-vai-credenciar-57-mil-equipes-para-reforcar-unidades-basicas\/","name":"Sa\u00fade vai credenciar 57 mil equipes para refor\u00e7ar unidades b\u00e1sicas - VerdadeOn","isPartOf":{"@id":"https:\/\/verdadeon.com.br\/portal\/#website"},"primaryImageOfPage":{"@id":"https:\/\/verdadeon.com.br\/portal\/2023\/04\/12\/saude-vai-credenciar-57-mil-equipes-para-reforcar-unidades-basicas\/#primaryimage"},"image":{"@id":"https:\/\/verdadeon.com.br\/portal\/2023\/04\/12\/saude-vai-credenciar-57-mil-equipes-para-reforcar-unidades-basicas\/#primaryimage"},"thumbnailUrl":"https:\/\/i0.wp.com\/verdadeon.com.br\/portal\/wp-content\/uploads\/2023\/04\/revalida_mcamgo_abr_100720211818.jpg?fit=1000%2C670&ssl=1","datePublished":"2023-04-12T14:44:18+00:00","author":{"@id":"https:\/\/verdadeon.com.br\/portal\/#\/schema\/person\/a5060ad1e9ea3df545188fc93ce43d2f"},"breadcrumb":{"@id":"https:\/\/verdadeon.com.br\/portal\/2023\/04\/12\/saude-vai-credenciar-57-mil-equipes-para-reforcar-unidades-basicas\/#breadcrumb"},"inLanguage":"pt-BR","potentialAction":[{"@type":"ReadAction","target":["https:\/\/verdadeon.com.br\/portal\/2023\/04\/12\/saude-vai-credenciar-57-mil-equipes-para-reforcar-unidades-basicas\/"]}]},{"@type":"ImageObject","inLanguage":"pt-BR","@id":"https:\/\/verdadeon.com.br\/portal\/2023\/04\/12\/saude-vai-credenciar-57-mil-equipes-para-reforcar-unidades-basicas\/#primaryimage","url":"https:\/\/i0.wp.com\/verdadeon.com.br\/portal\/wp-content\/uploads\/2023\/04\/revalida_mcamgo_abr_100720211818.jpg?fit=1000%2C670&ssl=1","contentUrl":"https:\/\/i0.wp.com\/verdadeon.com.br\/portal\/wp-content\/uploads\/2023\/04\/revalida_mcamgo_abr_100720211818.jpg?fit=1000%2C670&ssl=1","width":1000,"height":670,"caption":"Minist\u00e9rio da Sa\u00fade informou que 57 mil equipes ser\u00e3o credenciadas para ampliar o atendimento nas UBS. (\u00a9Marcelo Camargo\/Ag\u00eancia Brasil)"},{"@type":"BreadcrumbList","@id":"https:\/\/verdadeon.com.br\/portal\/2023\/04\/12\/saude-vai-credenciar-57-mil-equipes-para-reforcar-unidades-basicas\/#breadcrumb","itemListElement":[{"@type":"ListItem","position":1,"name":"In\u00edcio","item":"https:\/\/verdadeon.com.br\/portal\/"},{"@type":"ListItem","position":2,"name":"Sa\u00fade vai credenciar 57 mil equipes para refor\u00e7ar unidades b\u00e1sicas"}]},{"@type":"WebSite","@id":"https:\/\/verdadeon.com.br\/portal\/#website","url":"https:\/\/verdadeon.com.br\/portal\/","name":"VerdadeOn","description":"Not\u00edcias di\u00e1rias sobre Franca, Regi\u00e3o, Esporte, Cultura, Cotidiano, Colunas. Cobertura nos principais eventos da cidade \u00e9 aqui - Verdadeon Franca","potentialAction":[{"@type":"SearchAction","target":{"@type":"EntryPoint","urlTemplate":"https:\/\/verdadeon.com.br\/portal\/?s={search_term_string}"},"query-input":{"@type":"PropertyValueSpecification","valueRequired":true,"valueName":"search_term_string"}}],"inLanguage":"pt-BR"},{"@type":"Person","@id":"https:\/\/verdadeon.com.br\/portal\/#\/schema\/person\/a5060ad1e9ea3df545188fc93ce43d2f","name":"Redacao VerdadeOn","image":{"@type":"ImageObject","inLanguage":"pt-BR","@id":"https:\/\/verdadeon.com.br\/portal\/#\/schema\/person\/image\/","url":"https:\/\/secure.gravatar.com\/avatar\/459a9613caaaf07f582c3d0841eea68bdd66f533e465e6ba8b9cb45619572cf4?s=96&d=mm&r=g","contentUrl":"https:\/\/secure.gravatar.com\/avatar\/459a9613caaaf07f582c3d0841eea68bdd66f533e465e6ba8b9cb45619572cf4?s=96&d=mm&r=g","caption":"Redacao VerdadeOn"},"url":"https:\/\/verdadeon.com.br\/portal\/author\/redacao\/"}]}},"jetpack_publicize_connections":[],"jetpack_featured_media_url":"https:\/\/i0.wp.com\/verdadeon.com.br\/portal\/wp-content\/uploads\/2023\/04\/revalida_mcamgo_abr_100720211818.jpg?fit=1000%2C670&ssl=1","jetpack_sharing_enabled":true,"_links":{"self":[{"href":"https:\/\/verdadeon.com.br\/portal\/wp-json\/wp\/v2\/posts\/33358","targetHints":{"allow":["GET"]}}],"collection":[{"href":"https:\/\/verdadeon.com.br\/portal\/wp-json\/wp\/v2\/posts"}],"about":[{"href":"https:\/\/verdadeon.com.br\/portal\/wp-json\/wp\/v2\/types\/post"}],"author":[{"embeddable":true,"href":"https:\/\/verdadeon.com.br\/portal\/wp-json\/wp\/v2\/users\/10"}],"replies":[{"embeddable":true,"href":"https:\/\/verdadeon.com.br\/portal\/wp-json\/wp\/v2\/comments?post=33358"}],"version-history":[{"count":1,"href":"https:\/\/verdadeon.com.br\/portal\/wp-json\/wp\/v2\/posts\/33358\/revisions"}],"predecessor-version":[{"id":33360,"href":"https:\/\/verdadeon.com.br\/portal\/wp-json\/wp\/v2\/posts\/33358\/revisions\/33360"}],"wp:featuredmedia":[{"embeddable":true,"href":"https:\/\/verdadeon.com.br\/portal\/wp-json\/wp\/v2\/media\/33359"}],"wp:attachment":[{"href":"https:\/\/verdadeon.com.br\/portal\/wp-json\/wp\/v2\/media?parent=33358"}],"wp:term":[{"taxonomy":"category","embeddable":true,"href":"https:\/\/verdadeon.com.br\/portal\/wp-json\/wp\/v2\/categories?post=33358"},{"taxonomy":"post_tag","embeddable":true,"href":"https:\/\/verdadeon.com.br\/portal\/wp-json\/wp\/v2\/tags?post=33358"}],"curies":[{"name":"wp","href":"https:\/\/api.w.org\/{rel}","templated":true}]}}