{"id":3335,"date":"2020-02-12T07:00:00","date_gmt":"2020-02-12T10:00:00","guid":{"rendered":"http:\/\/verdadeon.com.br\/portal\/?p=3335"},"modified":"2020-02-12T00:59:20","modified_gmt":"2020-02-12T03:59:20","slug":"camara-de-franca-aprova-bolsa-medicina","status":"publish","type":"post","link":"https:\/\/verdadeon.com.br\/portal\/2020\/02\/12\/camara-de-franca-aprova-bolsa-medicina\/","title":{"rendered":"C\u00e2mara de Franca aprova &#8216;Bolsa Medicina&#8217;"},"content":{"rendered":"\n<h2 class=\"wp-block-heading\">Projeto tinha parecer contr\u00e1rio das comiss\u00f5es permanentes <\/h2>\n\n\n\n<p>Reportagem Fernando de Paula <\/p>\n\n\n\n<p class=\"has-drop-cap\">Por 14 votos e ap\u00f3s muito debate, o projeto de lei que cria a &#8220;Bolsa Medicina&#8221;, foi aprovado pela C\u00e2mara Municipal na tarde de ontem. O parecer contr\u00e1rio das comiss\u00f5es permanentes n\u00e3o foi impedimento para a aprova\u00e7\u00e3o, j\u00e1 que o mesmo foi derrubado tamb\u00e9m por unanimidade pelos parlamentares francanos. <br>\nAp\u00f3s ser aprovado, foi inclu\u00eddo no texto uma emenda de autoria dos vereadores, que foi aprovada de forma un\u00e2nime. A emenda supressiva altera o texto e permite aos que j\u00e1 possuem outra forma\u00e7\u00e3o universit\u00e1ria se candidatem ao programa. <br>\nNo total foram cinco projetos analisados pelo plen\u00e1rio francano, todos de autoria do prefeito Gilson de Souza.  <br>\nPor 9 votos a 5, a C\u00e2mara adiou por quatro sess\u00f5es o projeto que autoriza o Poder Executivo a repassar subs\u00eddio para o custeio do Sistema P\u00fablico de Transporte Coletivo. A sugest\u00e3o de adiar a vota\u00e7\u00e3o do projeto partiu do l\u00edder do prefeito, o vereador Tony Hill (PSDB), a qual foi acatada por outros oito parlamentares, totalizando nove votos. O adiamento foi alvo de protestos de mun\u00edcipes que acompanhavam a sess\u00e3o no plen\u00e1rio. <br>\nVereadores que n\u00e3o fazem parte da base governista tamb\u00e9m criticaram o adiamento da mat\u00e9ria, que deve ser apreciada novamente dentro de um m\u00eas.    <br>\nAs comiss\u00f5es permanentes  emitiram um parecer contr\u00e1rio ao texto tamb\u00e9m de autoria de Gilson, que autoriza a abertura de cr\u00e9dito adicional especial, no Or\u00e7amento Fiscal de 2019, no valor de R$ 86 mil e altera o Plano Plurianual e a Lei de Diretrizes Or\u00e7ament\u00e1rias. <br>\nA pol\u00eamica se deu no artigo 3\u00ba, referente \u00e0 realiza\u00e7\u00e3o de atividades da FEAC (Funda\u00e7\u00e3o Esporte, Arte e Cultura) juntamente com a Secretaria de Esporte, Arte, Cultura e Lazer. De acordo com o plen\u00e1rio, n\u00e3o foi realizada audi\u00eancia p\u00fablica alguma para discutir o que est\u00e1 disposto no referido trecho da mat\u00e9ria. <br>\nTodos os vereadores, ent\u00e3o, decidiram derrubar o parecer, reprovar o artigo 3\u00ba e aprovar o projeto. <br>\nA mat\u00e9ria que autoriza a concess\u00e3o de bonifica\u00e7\u00e3o aos servidores municipais lotados e trabalhando em escolas, projetos, setores e org\u00e3o\/ unidade administrativa da educa\u00e7\u00e3o b\u00e1sica, tamb\u00e9m foi aprovada por unanimidade, logo ap\u00f3s o parecer contr\u00e1rio das comiss\u00f5es ter sido derrubado, por 13 votos a 1. O vereador Ilton S\u00e9rgio votou contra o parecer, mas afirmou que se confundiu. O presidente da C\u00e2mara, pastor Palamoni ent\u00e3o pediu que constasse da ata que o parlamentar votou sim para manter o parecer contr\u00e1rio das comiss\u00f5es. <br>\n Tamb\u00e9m foi aprovado o PL n\u00ba 140\/2019, que prop\u00f5e a abertura de cr\u00e9dito adicional no or\u00e7amento fiscal de 2019, no valor total de at\u00e9 R$ 391.074,00. Essa altera\u00e7\u00e3o no Or\u00e7amento vai permitir \u00e0 Prefeitura Municipal celebrar conv\u00eanio com o Centro de Ressocializa\u00e7\u00e3o de Franca. <\/p>\n","protected":false},"excerpt":{"rendered":"<p>Projeto tinha parecer contr\u00e1rio das comiss\u00f5es permanentes Reportagem Fernando de Paula Por 14 votos e ap\u00f3s muito debate, o projeto de lei que cria a &#8220;Bolsa<span class=\"excerpt-hellip\"> [\u2026]<\/span><\/p>\n","protected":false},"author":10,"featured_media":3336,"comment_status":"open","ping_status":"open","sticky":false,"template":"","format":"standard","meta":{"_jetpack_memberships_contains_paid_content":false,"footnotes":"","jetpack_publicize_message":"","jetpack_publicize_feature_enabled":true,"jetpack_social_post_already_shared":false,"jetpack_social_options":{"image_generator_settings":{"template":"highway","default_image_id":0,"enabled":false},"version":2}},"categories":[28,44,1],"tags":[46],"class_list":["post-3335","post","type-post","status-publish","format-standard","has-post-thumbnail","hentry","category-cotidiano","category-noticias","category-sem-categoria","tag-cotidiano"],"yoast_head":"<!-- This site is optimized with the Yoast SEO plugin v25.6 - https:\/\/yoast.com\/wordpress\/plugins\/seo\/ -->\n<title>C\u00e2mara de Franca aprova &#039;Bolsa Medicina&#039; - VerdadeOn<\/title>\n<meta name=\"robots\" content=\"index, follow, max-snippet:-1, max-image-preview:large, max-video-preview:-1\" \/>\n<link rel=\"canonical\" href=\"https:\/\/verdadeon.com.br\/portal\/2020\/02\/12\/camara-de-franca-aprova-bolsa-medicina\/\" \/>\n<meta property=\"og:locale\" content=\"pt_BR\" \/>\n<meta property=\"og:type\" content=\"article\" \/>\n<meta property=\"og:title\" content=\"C\u00e2mara de Franca aprova &#039;Bolsa Medicina&#039; - VerdadeOn\" \/>\n<meta property=\"og:description\" content=\"Projeto tinha parecer contr\u00e1rio das comiss\u00f5es permanentes Reportagem Fernando de Paula Por 14 votos e ap\u00f3s muito debate, o projeto de lei que cria a &#8220;Bolsa [\u2026]\" \/>\n<meta property=\"og:url\" content=\"https:\/\/verdadeon.com.br\/portal\/2020\/02\/12\/camara-de-franca-aprova-bolsa-medicina\/\" \/>\n<meta property=\"og:site_name\" content=\"VerdadeOn\" \/>\n<meta property=\"article:published_time\" content=\"2020-02-12T10:00:00+00:00\" \/>\n<meta property=\"og:image\" content=\"https:\/\/verdadeon.com.br\/portal\/wp-content\/uploads\/2020\/02\/20200211_141818.jpg\" \/>\n\t<meta property=\"og:image:width\" content=\"893\" \/>\n\t<meta property=\"og:image:height\" content=\"670\" \/>\n\t<meta property=\"og:image:type\" content=\"image\/jpeg\" \/>\n<meta name=\"author\" content=\"Redacao VerdadeOn\" \/>\n<meta name=\"twitter:card\" content=\"summary_large_image\" \/>\n<meta name=\"twitter:label1\" content=\"Escrito por\" \/>\n\t<meta name=\"twitter:data1\" content=\"Redacao VerdadeOn\" \/>\n\t<meta name=\"twitter:label2\" content=\"Est. tempo de leitura\" \/>\n\t<meta name=\"twitter:data2\" content=\"3 minutos\" \/>\n<script type=\"application\/ld+json\" class=\"yoast-schema-graph\">{\"@context\":\"https:\/\/schema.org\",\"@graph\":[{\"@type\":\"WebPage\",\"@id\":\"https:\/\/verdadeon.com.br\/portal\/2020\/02\/12\/camara-de-franca-aprova-bolsa-medicina\/\",\"url\":\"https:\/\/verdadeon.com.br\/portal\/2020\/02\/12\/camara-de-franca-aprova-bolsa-medicina\/\",\"name\":\"C\u00e2mara de Franca aprova 'Bolsa Medicina' - VerdadeOn\",\"isPartOf\":{\"@id\":\"https:\/\/verdadeon.com.br\/portal\/#website\"},\"primaryImageOfPage\":{\"@id\":\"https:\/\/verdadeon.com.br\/portal\/2020\/02\/12\/camara-de-franca-aprova-bolsa-medicina\/#primaryimage\"},\"image\":{\"@id\":\"https:\/\/verdadeon.com.br\/portal\/2020\/02\/12\/camara-de-franca-aprova-bolsa-medicina\/#primaryimage\"},\"thumbnailUrl\":\"https:\/\/i0.wp.com\/verdadeon.com.br\/portal\/wp-content\/uploads\/2020\/02\/20200211_141818.jpg?fit=893%2C670&ssl=1\",\"datePublished\":\"2020-02-12T10:00:00+00:00\",\"author\":{\"@id\":\"https:\/\/verdadeon.com.br\/portal\/#\/schema\/person\/a5060ad1e9ea3df545188fc93ce43d2f\"},\"breadcrumb\":{\"@id\":\"https:\/\/verdadeon.com.br\/portal\/2020\/02\/12\/camara-de-franca-aprova-bolsa-medicina\/#breadcrumb\"},\"inLanguage\":\"pt-BR\",\"potentialAction\":[{\"@type\":\"ReadAction\",\"target\":[\"https:\/\/verdadeon.com.br\/portal\/2020\/02\/12\/camara-de-franca-aprova-bolsa-medicina\/\"]}]},{\"@type\":\"ImageObject\",\"inLanguage\":\"pt-BR\",\"@id\":\"https:\/\/verdadeon.com.br\/portal\/2020\/02\/12\/camara-de-franca-aprova-bolsa-medicina\/#primaryimage\",\"url\":\"https:\/\/i0.wp.com\/verdadeon.com.br\/portal\/wp-content\/uploads\/2020\/02\/20200211_141818.jpg?fit=893%2C670&ssl=1\",\"contentUrl\":\"https:\/\/i0.wp.com\/verdadeon.com.br\/portal\/wp-content\/uploads\/2020\/02\/20200211_141818.jpg?fit=893%2C670&ssl=1\",\"width\":893,\"height\":670,\"caption\":\"APROVADO - Projeto que cria Bolsa Medicina foi aprovado por unanimidade pelos vereadores de Franca, ap\u00f3s muita discuss\u00e3o entre parlamentares e mun\u00edcipes. Uma emenda foi acrescentada no texto | Foto: Lindomar Cailton\"},{\"@type\":\"BreadcrumbList\",\"@id\":\"https:\/\/verdadeon.com.br\/portal\/2020\/02\/12\/camara-de-franca-aprova-bolsa-medicina\/#breadcrumb\",\"itemListElement\":[{\"@type\":\"ListItem\",\"position\":1,\"name\":\"In\u00edcio\",\"item\":\"https:\/\/verdadeon.com.br\/portal\/\"},{\"@type\":\"ListItem\",\"position\":2,\"name\":\"C\u00e2mara de Franca aprova &#8216;Bolsa Medicina&#8217;\"}]},{\"@type\":\"WebSite\",\"@id\":\"https:\/\/verdadeon.com.br\/portal\/#website\",\"url\":\"https:\/\/verdadeon.com.br\/portal\/\",\"name\":\"VerdadeOn\",\"description\":\"Not\u00edcias di\u00e1rias sobre Franca, Regi\u00e3o, Esporte, Cultura, Cotidiano, Colunas. Cobertura nos principais eventos da cidade \u00e9 aqui - Verdadeon Franca\",\"potentialAction\":[{\"@type\":\"SearchAction\",\"target\":{\"@type\":\"EntryPoint\",\"urlTemplate\":\"https:\/\/verdadeon.com.br\/portal\/?s={search_term_string}\"},\"query-input\":{\"@type\":\"PropertyValueSpecification\",\"valueRequired\":true,\"valueName\":\"search_term_string\"}}],\"inLanguage\":\"pt-BR\"},{\"@type\":\"Person\",\"@id\":\"https:\/\/verdadeon.com.br\/portal\/#\/schema\/person\/a5060ad1e9ea3df545188fc93ce43d2f\",\"name\":\"Redacao VerdadeOn\",\"image\":{\"@type\":\"ImageObject\",\"inLanguage\":\"pt-BR\",\"@id\":\"https:\/\/verdadeon.com.br\/portal\/#\/schema\/person\/image\/\",\"url\":\"https:\/\/secure.gravatar.com\/avatar\/459a9613caaaf07f582c3d0841eea68bdd66f533e465e6ba8b9cb45619572cf4?s=96&d=mm&r=g\",\"contentUrl\":\"https:\/\/secure.gravatar.com\/avatar\/459a9613caaaf07f582c3d0841eea68bdd66f533e465e6ba8b9cb45619572cf4?s=96&d=mm&r=g\",\"caption\":\"Redacao VerdadeOn\"},\"url\":\"https:\/\/verdadeon.com.br\/portal\/author\/redacao\/\"}]}<\/script>\n<!-- \/ Yoast SEO plugin. -->","yoast_head_json":{"title":"C\u00e2mara de Franca aprova 'Bolsa Medicina' - VerdadeOn","robots":{"index":"index","follow":"follow","max-snippet":"max-snippet:-1","max-image-preview":"max-image-preview:large","max-video-preview":"max-video-preview:-1"},"canonical":"https:\/\/verdadeon.com.br\/portal\/2020\/02\/12\/camara-de-franca-aprova-bolsa-medicina\/","og_locale":"pt_BR","og_type":"article","og_title":"C\u00e2mara de Franca aprova 'Bolsa Medicina' - VerdadeOn","og_description":"Projeto tinha parecer contr\u00e1rio das comiss\u00f5es permanentes Reportagem Fernando de Paula Por 14 votos e ap\u00f3s muito debate, o projeto de lei que cria a &#8220;Bolsa [\u2026]","og_url":"https:\/\/verdadeon.com.br\/portal\/2020\/02\/12\/camara-de-franca-aprova-bolsa-medicina\/","og_site_name":"VerdadeOn","article_published_time":"2020-02-12T10:00:00+00:00","og_image":[{"width":893,"height":670,"url":"https:\/\/verdadeon.com.br\/portal\/wp-content\/uploads\/2020\/02\/20200211_141818.jpg","type":"image\/jpeg"}],"author":"Redacao VerdadeOn","twitter_card":"summary_large_image","twitter_misc":{"Escrito por":"Redacao VerdadeOn","Est. tempo de leitura":"3 minutos"},"schema":{"@context":"https:\/\/schema.org","@graph":[{"@type":"WebPage","@id":"https:\/\/verdadeon.com.br\/portal\/2020\/02\/12\/camara-de-franca-aprova-bolsa-medicina\/","url":"https:\/\/verdadeon.com.br\/portal\/2020\/02\/12\/camara-de-franca-aprova-bolsa-medicina\/","name":"C\u00e2mara de Franca aprova 'Bolsa Medicina' - VerdadeOn","isPartOf":{"@id":"https:\/\/verdadeon.com.br\/portal\/#website"},"primaryImageOfPage":{"@id":"https:\/\/verdadeon.com.br\/portal\/2020\/02\/12\/camara-de-franca-aprova-bolsa-medicina\/#primaryimage"},"image":{"@id":"https:\/\/verdadeon.com.br\/portal\/2020\/02\/12\/camara-de-franca-aprova-bolsa-medicina\/#primaryimage"},"thumbnailUrl":"https:\/\/i0.wp.com\/verdadeon.com.br\/portal\/wp-content\/uploads\/2020\/02\/20200211_141818.jpg?fit=893%2C670&ssl=1","datePublished":"2020-02-12T10:00:00+00:00","author":{"@id":"https:\/\/verdadeon.com.br\/portal\/#\/schema\/person\/a5060ad1e9ea3df545188fc93ce43d2f"},"breadcrumb":{"@id":"https:\/\/verdadeon.com.br\/portal\/2020\/02\/12\/camara-de-franca-aprova-bolsa-medicina\/#breadcrumb"},"inLanguage":"pt-BR","potentialAction":[{"@type":"ReadAction","target":["https:\/\/verdadeon.com.br\/portal\/2020\/02\/12\/camara-de-franca-aprova-bolsa-medicina\/"]}]},{"@type":"ImageObject","inLanguage":"pt-BR","@id":"https:\/\/verdadeon.com.br\/portal\/2020\/02\/12\/camara-de-franca-aprova-bolsa-medicina\/#primaryimage","url":"https:\/\/i0.wp.com\/verdadeon.com.br\/portal\/wp-content\/uploads\/2020\/02\/20200211_141818.jpg?fit=893%2C670&ssl=1","contentUrl":"https:\/\/i0.wp.com\/verdadeon.com.br\/portal\/wp-content\/uploads\/2020\/02\/20200211_141818.jpg?fit=893%2C670&ssl=1","width":893,"height":670,"caption":"APROVADO - Projeto que cria Bolsa Medicina foi aprovado por unanimidade pelos vereadores de Franca, ap\u00f3s muita discuss\u00e3o entre parlamentares e mun\u00edcipes. Uma emenda foi acrescentada no texto | Foto: Lindomar Cailton"},{"@type":"BreadcrumbList","@id":"https:\/\/verdadeon.com.br\/portal\/2020\/02\/12\/camara-de-franca-aprova-bolsa-medicina\/#breadcrumb","itemListElement":[{"@type":"ListItem","position":1,"name":"In\u00edcio","item":"https:\/\/verdadeon.com.br\/portal\/"},{"@type":"ListItem","position":2,"name":"C\u00e2mara de Franca aprova &#8216;Bolsa Medicina&#8217;"}]},{"@type":"WebSite","@id":"https:\/\/verdadeon.com.br\/portal\/#website","url":"https:\/\/verdadeon.com.br\/portal\/","name":"VerdadeOn","description":"Not\u00edcias di\u00e1rias sobre Franca, Regi\u00e3o, Esporte, Cultura, Cotidiano, Colunas. Cobertura nos principais eventos da cidade \u00e9 aqui - Verdadeon Franca","potentialAction":[{"@type":"SearchAction","target":{"@type":"EntryPoint","urlTemplate":"https:\/\/verdadeon.com.br\/portal\/?s={search_term_string}"},"query-input":{"@type":"PropertyValueSpecification","valueRequired":true,"valueName":"search_term_string"}}],"inLanguage":"pt-BR"},{"@type":"Person","@id":"https:\/\/verdadeon.com.br\/portal\/#\/schema\/person\/a5060ad1e9ea3df545188fc93ce43d2f","name":"Redacao VerdadeOn","image":{"@type":"ImageObject","inLanguage":"pt-BR","@id":"https:\/\/verdadeon.com.br\/portal\/#\/schema\/person\/image\/","url":"https:\/\/secure.gravatar.com\/avatar\/459a9613caaaf07f582c3d0841eea68bdd66f533e465e6ba8b9cb45619572cf4?s=96&d=mm&r=g","contentUrl":"https:\/\/secure.gravatar.com\/avatar\/459a9613caaaf07f582c3d0841eea68bdd66f533e465e6ba8b9cb45619572cf4?s=96&d=mm&r=g","caption":"Redacao VerdadeOn"},"url":"https:\/\/verdadeon.com.br\/portal\/author\/redacao\/"}]}},"jetpack_publicize_connections":[],"jetpack_featured_media_url":"https:\/\/i0.wp.com\/verdadeon.com.br\/portal\/wp-content\/uploads\/2020\/02\/20200211_141818.jpg?fit=893%2C670&ssl=1","jetpack_sharing_enabled":true,"_links":{"self":[{"href":"https:\/\/verdadeon.com.br\/portal\/wp-json\/wp\/v2\/posts\/3335","targetHints":{"allow":["GET"]}}],"collection":[{"href":"https:\/\/verdadeon.com.br\/portal\/wp-json\/wp\/v2\/posts"}],"about":[{"href":"https:\/\/verdadeon.com.br\/portal\/wp-json\/wp\/v2\/types\/post"}],"author":[{"embeddable":true,"href":"https:\/\/verdadeon.com.br\/portal\/wp-json\/wp\/v2\/users\/10"}],"replies":[{"embeddable":true,"href":"https:\/\/verdadeon.com.br\/portal\/wp-json\/wp\/v2\/comments?post=3335"}],"version-history":[{"count":0,"href":"https:\/\/verdadeon.com.br\/portal\/wp-json\/wp\/v2\/posts\/3335\/revisions"}],"wp:featuredmedia":[{"embeddable":true,"href":"https:\/\/verdadeon.com.br\/portal\/wp-json\/wp\/v2\/media\/3336"}],"wp:attachment":[{"href":"https:\/\/verdadeon.com.br\/portal\/wp-json\/wp\/v2\/media?parent=3335"}],"wp:term":[{"taxonomy":"category","embeddable":true,"href":"https:\/\/verdadeon.com.br\/portal\/wp-json\/wp\/v2\/categories?post=3335"},{"taxonomy":"post_tag","embeddable":true,"href":"https:\/\/verdadeon.com.br\/portal\/wp-json\/wp\/v2\/tags?post=3335"}],"curies":[{"name":"wp","href":"https:\/\/api.w.org\/{rel}","templated":true}]}}