{"id":33288,"date":"2023-04-08T18:29:02","date_gmt":"2023-04-08T21:29:02","guid":{"rendered":"https:\/\/verdadeon.com.br\/portal\/?p=33288"},"modified":"2023-04-08T18:29:02","modified_gmt":"2023-04-08T21:29:02","slug":"rodada-de-negocios-internacionais-calcadista-traz-30-importadores-a-franca","status":"publish","type":"post","link":"https:\/\/verdadeon.com.br\/portal\/2023\/04\/08\/rodada-de-negocios-internacionais-calcadista-traz-30-importadores-a-franca\/","title":{"rendered":"Rodada de Neg\u00f3cios Internacionais cal\u00e7adista traz 30 importadores a Franca"},"content":{"rendered":"<h2>Promovido pela ACIF, Prefeitura Municipal, Invest-SP e Sebrae-SP, evento acontecer\u00e1 entre 25 e 27 de abril<\/h2>\n<p>A ACIF (Associa\u00e7\u00e3o do Com\u00e9rcio e Ind\u00fastria de Franca), a Prefeitura Municipal, a Invest-SP e o Sebrae-SP realizar\u00e3o, entre 25 e 27 de abril, a 2\u00aa FBR (Franca Business Round): Rodada de Neg\u00f3cios Internacionais que promover\u00e1 o encontro de 30 f\u00e1bricas de cal\u00e7ado e 30 importadores de oito pa\u00edses das Am\u00e9ricas do Sul e do Norte, para fomentar a exporta\u00e7\u00e3o local.<\/p>\n<p>\u201cO setor cal\u00e7adista \u00e9 um dos principais motores da pauta exportadora de Franca, representando 42% de seu total\u201d, afirma o presidente da ACIF, Tarciso B\u00f4tto. \u201cS\u00f3 em 2022, o setor faturou US$ 92 milh\u00f5es em exporta\u00e7\u00e3o, movimentando a nossa economia. Quando falamos em emprego, o segmento assina 17.105 carteiras de trabalho e a FBR vem para alavancar essa gera\u00e7\u00e3o de emprego e renda em nossa cidade\u201d, completa.<\/p>\n<p>O prefeito de Franca, Alexandre Ferreira, exp\u00f5e como a mec\u00e2nica da iniciativa foi pensada para propiciar gera\u00e7\u00e3o de neg\u00f3cios. \u201cA FBR tem uma import\u00e2ncia muito grande. A ideia \u00e9 que a gente possa trazer pessoas de outros pa\u00edses, que s\u00e3o respons\u00e1veis por importa\u00e7\u00e3o de produtos, inclusive financiando a viagem deles, para que, estando aqui, possam negociar com a ind\u00fastria francana os nossos produtos, que s\u00e3o de \u00f3tima qualidade, que podem ser comercializados em qualquer lugar do mundo\u201d, afirma.<\/p>\n<p>De acordo com o presidente da Invest-SP, Rui Gomes J\u00fanior, a FBR \u00e9 vista pela Ag\u00eancia Paulista de Promo\u00e7\u00e3o de Investimentos e Competitividade como uma iniciativa de sucesso. \u201cLevamos para as empresas de Franca a expertise que a InvestSP tem para promover a exporta\u00e7\u00e3o, pois acreditamos que o processo de expans\u00e3o do mercado consumidor \u00e9 essencial para o crescimento da nossa ind\u00fastria. O sucesso da primeira edi\u00e7\u00e3o mostra a competitividade dos parceiros da regi\u00e3o e a import\u00e2ncia de iniciativas como essa para fortalecer os polos produtores de S\u00e3o Paulo\u201d, disse.<\/p>\n<p>O gerente regional do Sebrae-SP, Vin\u00edcius N\u00f3brega, afirma que a FBR oportuniza o fortalecimento da ind\u00fastria local. \u201cAumentar o faturamento das empresas a partir de a\u00e7\u00f5es como rodadas de neg\u00f3cios \u00e9 um dos principais pilares do Sebrae em rela\u00e7\u00e3o ao aumento \u00e0 competitividade dos neg\u00f3cios. O cal\u00e7ado, em Franca, \u00e9 important\u00edssimo na cria\u00e7\u00e3o de empregos e obten\u00e7\u00e3o de renda e acessar novos mercados internacionais possibilita ao empreendedor equilibrar receitas e custos em moeda internacional. Fortalecer a ind\u00fastria \u00e9 fortalecer, tamb\u00e9m, todos os outros segmentos\u201d, diz.<\/p>\n<p><b>Sobre a rodada de neg\u00f3cios<\/b><\/p>\n<p>A abertura da FBR 2023 acontecer\u00e1 no dia 25 de abril, no audit\u00f3rio do Senai, das 8h \u00e0s 9h, e contar\u00e1 com as presen\u00e7as dos participantes da Rodada e autoridades. Na sequ\u00eancia, importadores e exportadores seguir\u00e3o at\u00e9 o Espa\u00e7o Cedro, local em que os estandes das marcas estar\u00e3o montados com estrutura para exposi\u00e7\u00e3o de produtos e reuni\u00f5es de neg\u00f3cio, que se estender\u00e3o at\u00e9 \u00e0s 19h. No dia seguinte, as negocia\u00e7\u00f5es ser\u00e3o retomadas \u00e0s 8h e seguir\u00e3o at\u00e9 \u00e0s 19h. A entrada ao recinto \u00e9 restrita aos participantes em todos os dias.<\/p>\n<p>J\u00e1 o dia 27 ser\u00e1 reservado para que os importadores conhe\u00e7am parte da infraestrutura de Franca por meio de visitas ao parque industrial e institui\u00e7\u00f5es de fomento econ\u00f4mico. A FBR \u00e9 realizada com o apoio institucional do Sindifranca (Sindicato da Ind\u00fastria de Cal\u00e7ados de Franca), Associa\u00e7\u00e3o Comercial de S\u00e3o Paulo, Senai e Francal, esta \u00faltima respons\u00e1vel por toda estrutura de estandes do evento.<\/p>\n<p>As f\u00e1bricas participantes ter\u00e3o o apoio do DNI-ACIF (Departamento de Neg\u00f3cios Internacionais da ACIF) antes e durante a Rodada, seja na prepara\u00e7\u00e3o das empresas para o evento ou na tradu\u00e7\u00e3o no decorrer das negocia\u00e7\u00f5es. A FBR oferecer\u00e1, ainda, assist\u00eancia \u00e0s opera\u00e7\u00f5es de c\u00e2mbio do Travelex Bank com suporte para opera\u00e7\u00f5es log\u00edsticas da Race Opera\u00e7\u00f5es Log\u00edsticas, assessoria em Despacho e Desembara\u00e7o Aduaneiro pela Intercargo de Franca e Cargo Service e apoio financeiro da ACCredito: fintech financeira da Federa\u00e7\u00e3o das Associa\u00e7\u00f5es Comerciais do Estado de SP.<\/p>\n","protected":false},"excerpt":{"rendered":"<p>Promovido pela ACIF, Prefeitura Municipal, Invest-SP e Sebrae-SP, evento acontecer\u00e1 entre 25 e 27 de abril A ACIF (Associa\u00e7\u00e3o do Com\u00e9rcio e Ind\u00fastria de Franca), a<span class=\"excerpt-hellip\"> [\u2026]<\/span><\/p>\n","protected":false},"author":4,"featured_media":33289,"comment_status":"open","ping_status":"open","sticky":false,"template":"","format":"standard","meta":{"_jetpack_memberships_contains_paid_content":false,"footnotes":"","jetpack_publicize_message":"","jetpack_publicize_feature_enabled":true,"jetpack_social_post_already_shared":false,"jetpack_social_options":{"image_generator_settings":{"template":"highway","default_image_id":0,"enabled":false},"version":2}},"categories":[28,81],"tags":[],"class_list":["post-33288","post","type-post","status-publish","format-standard","has-post-thumbnail","hentry","category-cotidiano","category-manchete"],"yoast_head":"<!-- This site is optimized with the Yoast SEO plugin v25.6 - https:\/\/yoast.com\/wordpress\/plugins\/seo\/ -->\n<title>Rodada de Neg\u00f3cios Internacionais cal\u00e7adista traz 30 importadores a Franca - VerdadeOn<\/title>\n<meta name=\"robots\" content=\"index, follow, max-snippet:-1, max-image-preview:large, max-video-preview:-1\" \/>\n<link rel=\"canonical\" href=\"https:\/\/verdadeon.com.br\/portal\/2023\/04\/08\/rodada-de-negocios-internacionais-calcadista-traz-30-importadores-a-franca\/\" \/>\n<meta property=\"og:locale\" content=\"pt_BR\" \/>\n<meta property=\"og:type\" content=\"article\" \/>\n<meta property=\"og:title\" content=\"Rodada de Neg\u00f3cios Internacionais cal\u00e7adista traz 30 importadores a Franca - VerdadeOn\" \/>\n<meta property=\"og:description\" content=\"Promovido pela ACIF, Prefeitura Municipal, Invest-SP e Sebrae-SP, evento acontecer\u00e1 entre 25 e 27 de abril A ACIF (Associa\u00e7\u00e3o do Com\u00e9rcio e Ind\u00fastria de Franca), a [\u2026]\" \/>\n<meta property=\"og:url\" content=\"https:\/\/verdadeon.com.br\/portal\/2023\/04\/08\/rodada-de-negocios-internacionais-calcadista-traz-30-importadores-a-franca\/\" \/>\n<meta property=\"og:site_name\" content=\"VerdadeOn\" \/>\n<meta property=\"article:published_time\" content=\"2023-04-08T21:29:02+00:00\" \/>\n<meta property=\"og:image\" content=\"https:\/\/verdadeon.com.br\/portal\/wp-content\/uploads\/2023\/04\/Wilker-Maia-ACIF-FBR.jpg\" \/>\n\t<meta property=\"og:image:width\" content=\"1000\" \/>\n\t<meta property=\"og:image:height\" content=\"670\" \/>\n\t<meta property=\"og:image:type\" content=\"image\/jpeg\" \/>\n<meta name=\"author\" content=\"Fernando Calixto\" \/>\n<meta name=\"twitter:card\" content=\"summary_large_image\" \/>\n<meta name=\"twitter:label1\" content=\"Escrito por\" \/>\n\t<meta name=\"twitter:data1\" content=\"Fernando Calixto\" \/>\n\t<meta name=\"twitter:label2\" content=\"Est. tempo de leitura\" \/>\n\t<meta name=\"twitter:data2\" content=\"4 minutos\" \/>\n<script type=\"application\/ld+json\" class=\"yoast-schema-graph\">{\"@context\":\"https:\/\/schema.org\",\"@graph\":[{\"@type\":\"WebPage\",\"@id\":\"https:\/\/verdadeon.com.br\/portal\/2023\/04\/08\/rodada-de-negocios-internacionais-calcadista-traz-30-importadores-a-franca\/\",\"url\":\"https:\/\/verdadeon.com.br\/portal\/2023\/04\/08\/rodada-de-negocios-internacionais-calcadista-traz-30-importadores-a-franca\/\",\"name\":\"Rodada de Neg\u00f3cios Internacionais cal\u00e7adista traz 30 importadores a Franca - VerdadeOn\",\"isPartOf\":{\"@id\":\"https:\/\/verdadeon.com.br\/portal\/#website\"},\"primaryImageOfPage\":{\"@id\":\"https:\/\/verdadeon.com.br\/portal\/2023\/04\/08\/rodada-de-negocios-internacionais-calcadista-traz-30-importadores-a-franca\/#primaryimage\"},\"image\":{\"@id\":\"https:\/\/verdadeon.com.br\/portal\/2023\/04\/08\/rodada-de-negocios-internacionais-calcadista-traz-30-importadores-a-franca\/#primaryimage\"},\"thumbnailUrl\":\"https:\/\/i0.wp.com\/verdadeon.com.br\/portal\/wp-content\/uploads\/2023\/04\/Wilker-Maia-ACIF-FBR.jpg?fit=1000%2C670&ssl=1\",\"datePublished\":\"2023-04-08T21:29:02+00:00\",\"author\":{\"@id\":\"https:\/\/verdadeon.com.br\/portal\/#\/schema\/person\/8994718f49ee62ba5610471e29ca1f62\"},\"breadcrumb\":{\"@id\":\"https:\/\/verdadeon.com.br\/portal\/2023\/04\/08\/rodada-de-negocios-internacionais-calcadista-traz-30-importadores-a-franca\/#breadcrumb\"},\"inLanguage\":\"pt-BR\",\"potentialAction\":[{\"@type\":\"ReadAction\",\"target\":[\"https:\/\/verdadeon.com.br\/portal\/2023\/04\/08\/rodada-de-negocios-internacionais-calcadista-traz-30-importadores-a-franca\/\"]}]},{\"@type\":\"ImageObject\",\"inLanguage\":\"pt-BR\",\"@id\":\"https:\/\/verdadeon.com.br\/portal\/2023\/04\/08\/rodada-de-negocios-internacionais-calcadista-traz-30-importadores-a-franca\/#primaryimage\",\"url\":\"https:\/\/i0.wp.com\/verdadeon.com.br\/portal\/wp-content\/uploads\/2023\/04\/Wilker-Maia-ACIF-FBR.jpg?fit=1000%2C670&ssl=1\",\"contentUrl\":\"https:\/\/i0.wp.com\/verdadeon.com.br\/portal\/wp-content\/uploads\/2023\/04\/Wilker-Maia-ACIF-FBR.jpg?fit=1000%2C670&ssl=1\",\"width\":1000,\"height\":670,\"caption\":\"1\u00aa FBR \u2013 realizada em novembro de 2021. Cr\u00e9dito da imagem: Wilker Maia\/ACIF\"},{\"@type\":\"BreadcrumbList\",\"@id\":\"https:\/\/verdadeon.com.br\/portal\/2023\/04\/08\/rodada-de-negocios-internacionais-calcadista-traz-30-importadores-a-franca\/#breadcrumb\",\"itemListElement\":[{\"@type\":\"ListItem\",\"position\":1,\"name\":\"In\u00edcio\",\"item\":\"https:\/\/verdadeon.com.br\/portal\/\"},{\"@type\":\"ListItem\",\"position\":2,\"name\":\"Rodada de Neg\u00f3cios Internacionais cal\u00e7adista traz 30 importadores a Franca\"}]},{\"@type\":\"WebSite\",\"@id\":\"https:\/\/verdadeon.com.br\/portal\/#website\",\"url\":\"https:\/\/verdadeon.com.br\/portal\/\",\"name\":\"VerdadeOn\",\"description\":\"Not\u00edcias di\u00e1rias sobre Franca, Regi\u00e3o, Esporte, Cultura, Cotidiano, Colunas. Cobertura nos principais eventos da cidade \u00e9 aqui - Verdadeon Franca\",\"potentialAction\":[{\"@type\":\"SearchAction\",\"target\":{\"@type\":\"EntryPoint\",\"urlTemplate\":\"https:\/\/verdadeon.com.br\/portal\/?s={search_term_string}\"},\"query-input\":{\"@type\":\"PropertyValueSpecification\",\"valueRequired\":true,\"valueName\":\"search_term_string\"}}],\"inLanguage\":\"pt-BR\"},{\"@type\":\"Person\",\"@id\":\"https:\/\/verdadeon.com.br\/portal\/#\/schema\/person\/8994718f49ee62ba5610471e29ca1f62\",\"name\":\"Fernando Calixto\",\"image\":{\"@type\":\"ImageObject\",\"inLanguage\":\"pt-BR\",\"@id\":\"https:\/\/verdadeon.com.br\/portal\/#\/schema\/person\/image\/\",\"url\":\"https:\/\/secure.gravatar.com\/avatar\/7578910c24966c0316c340f9dbd601e93ee9f9212e1033968b367af9306bd9fb?s=96&d=mm&r=g\",\"contentUrl\":\"https:\/\/secure.gravatar.com\/avatar\/7578910c24966c0316c340f9dbd601e93ee9f9212e1033968b367af9306bd9fb?s=96&d=mm&r=g\",\"caption\":\"Fernando Calixto\"},\"url\":\"https:\/\/verdadeon.com.br\/portal\/author\/fernando-calixto\/\"}]}<\/script>\n<!-- \/ Yoast SEO plugin. -->","yoast_head_json":{"title":"Rodada de Neg\u00f3cios Internacionais cal\u00e7adista traz 30 importadores a Franca - VerdadeOn","robots":{"index":"index","follow":"follow","max-snippet":"max-snippet:-1","max-image-preview":"max-image-preview:large","max-video-preview":"max-video-preview:-1"},"canonical":"https:\/\/verdadeon.com.br\/portal\/2023\/04\/08\/rodada-de-negocios-internacionais-calcadista-traz-30-importadores-a-franca\/","og_locale":"pt_BR","og_type":"article","og_title":"Rodada de Neg\u00f3cios Internacionais cal\u00e7adista traz 30 importadores a Franca - VerdadeOn","og_description":"Promovido pela ACIF, Prefeitura Municipal, Invest-SP e Sebrae-SP, evento acontecer\u00e1 entre 25 e 27 de abril A ACIF (Associa\u00e7\u00e3o do Com\u00e9rcio e Ind\u00fastria de Franca), a [\u2026]","og_url":"https:\/\/verdadeon.com.br\/portal\/2023\/04\/08\/rodada-de-negocios-internacionais-calcadista-traz-30-importadores-a-franca\/","og_site_name":"VerdadeOn","article_published_time":"2023-04-08T21:29:02+00:00","og_image":[{"width":1000,"height":670,"url":"https:\/\/verdadeon.com.br\/portal\/wp-content\/uploads\/2023\/04\/Wilker-Maia-ACIF-FBR.jpg","type":"image\/jpeg"}],"author":"Fernando Calixto","twitter_card":"summary_large_image","twitter_misc":{"Escrito por":"Fernando Calixto","Est. tempo de leitura":"4 minutos"},"schema":{"@context":"https:\/\/schema.org","@graph":[{"@type":"WebPage","@id":"https:\/\/verdadeon.com.br\/portal\/2023\/04\/08\/rodada-de-negocios-internacionais-calcadista-traz-30-importadores-a-franca\/","url":"https:\/\/verdadeon.com.br\/portal\/2023\/04\/08\/rodada-de-negocios-internacionais-calcadista-traz-30-importadores-a-franca\/","name":"Rodada de Neg\u00f3cios Internacionais cal\u00e7adista traz 30 importadores a Franca - VerdadeOn","isPartOf":{"@id":"https:\/\/verdadeon.com.br\/portal\/#website"},"primaryImageOfPage":{"@id":"https:\/\/verdadeon.com.br\/portal\/2023\/04\/08\/rodada-de-negocios-internacionais-calcadista-traz-30-importadores-a-franca\/#primaryimage"},"image":{"@id":"https:\/\/verdadeon.com.br\/portal\/2023\/04\/08\/rodada-de-negocios-internacionais-calcadista-traz-30-importadores-a-franca\/#primaryimage"},"thumbnailUrl":"https:\/\/i0.wp.com\/verdadeon.com.br\/portal\/wp-content\/uploads\/2023\/04\/Wilker-Maia-ACIF-FBR.jpg?fit=1000%2C670&ssl=1","datePublished":"2023-04-08T21:29:02+00:00","author":{"@id":"https:\/\/verdadeon.com.br\/portal\/#\/schema\/person\/8994718f49ee62ba5610471e29ca1f62"},"breadcrumb":{"@id":"https:\/\/verdadeon.com.br\/portal\/2023\/04\/08\/rodada-de-negocios-internacionais-calcadista-traz-30-importadores-a-franca\/#breadcrumb"},"inLanguage":"pt-BR","potentialAction":[{"@type":"ReadAction","target":["https:\/\/verdadeon.com.br\/portal\/2023\/04\/08\/rodada-de-negocios-internacionais-calcadista-traz-30-importadores-a-franca\/"]}]},{"@type":"ImageObject","inLanguage":"pt-BR","@id":"https:\/\/verdadeon.com.br\/portal\/2023\/04\/08\/rodada-de-negocios-internacionais-calcadista-traz-30-importadores-a-franca\/#primaryimage","url":"https:\/\/i0.wp.com\/verdadeon.com.br\/portal\/wp-content\/uploads\/2023\/04\/Wilker-Maia-ACIF-FBR.jpg?fit=1000%2C670&ssl=1","contentUrl":"https:\/\/i0.wp.com\/verdadeon.com.br\/portal\/wp-content\/uploads\/2023\/04\/Wilker-Maia-ACIF-FBR.jpg?fit=1000%2C670&ssl=1","width":1000,"height":670,"caption":"1\u00aa FBR \u2013 realizada em novembro de 2021. Cr\u00e9dito da imagem: Wilker Maia\/ACIF"},{"@type":"BreadcrumbList","@id":"https:\/\/verdadeon.com.br\/portal\/2023\/04\/08\/rodada-de-negocios-internacionais-calcadista-traz-30-importadores-a-franca\/#breadcrumb","itemListElement":[{"@type":"ListItem","position":1,"name":"In\u00edcio","item":"https:\/\/verdadeon.com.br\/portal\/"},{"@type":"ListItem","position":2,"name":"Rodada de Neg\u00f3cios Internacionais cal\u00e7adista traz 30 importadores a Franca"}]},{"@type":"WebSite","@id":"https:\/\/verdadeon.com.br\/portal\/#website","url":"https:\/\/verdadeon.com.br\/portal\/","name":"VerdadeOn","description":"Not\u00edcias di\u00e1rias sobre Franca, Regi\u00e3o, Esporte, Cultura, Cotidiano, Colunas. Cobertura nos principais eventos da cidade \u00e9 aqui - Verdadeon Franca","potentialAction":[{"@type":"SearchAction","target":{"@type":"EntryPoint","urlTemplate":"https:\/\/verdadeon.com.br\/portal\/?s={search_term_string}"},"query-input":{"@type":"PropertyValueSpecification","valueRequired":true,"valueName":"search_term_string"}}],"inLanguage":"pt-BR"},{"@type":"Person","@id":"https:\/\/verdadeon.com.br\/portal\/#\/schema\/person\/8994718f49ee62ba5610471e29ca1f62","name":"Fernando Calixto","image":{"@type":"ImageObject","inLanguage":"pt-BR","@id":"https:\/\/verdadeon.com.br\/portal\/#\/schema\/person\/image\/","url":"https:\/\/secure.gravatar.com\/avatar\/7578910c24966c0316c340f9dbd601e93ee9f9212e1033968b367af9306bd9fb?s=96&d=mm&r=g","contentUrl":"https:\/\/secure.gravatar.com\/avatar\/7578910c24966c0316c340f9dbd601e93ee9f9212e1033968b367af9306bd9fb?s=96&d=mm&r=g","caption":"Fernando Calixto"},"url":"https:\/\/verdadeon.com.br\/portal\/author\/fernando-calixto\/"}]}},"jetpack_publicize_connections":[],"jetpack_featured_media_url":"https:\/\/i0.wp.com\/verdadeon.com.br\/portal\/wp-content\/uploads\/2023\/04\/Wilker-Maia-ACIF-FBR.jpg?fit=1000%2C670&ssl=1","jetpack_sharing_enabled":true,"_links":{"self":[{"href":"https:\/\/verdadeon.com.br\/portal\/wp-json\/wp\/v2\/posts\/33288","targetHints":{"allow":["GET"]}}],"collection":[{"href":"https:\/\/verdadeon.com.br\/portal\/wp-json\/wp\/v2\/posts"}],"about":[{"href":"https:\/\/verdadeon.com.br\/portal\/wp-json\/wp\/v2\/types\/post"}],"author":[{"embeddable":true,"href":"https:\/\/verdadeon.com.br\/portal\/wp-json\/wp\/v2\/users\/4"}],"replies":[{"embeddable":true,"href":"https:\/\/verdadeon.com.br\/portal\/wp-json\/wp\/v2\/comments?post=33288"}],"version-history":[{"count":1,"href":"https:\/\/verdadeon.com.br\/portal\/wp-json\/wp\/v2\/posts\/33288\/revisions"}],"predecessor-version":[{"id":33290,"href":"https:\/\/verdadeon.com.br\/portal\/wp-json\/wp\/v2\/posts\/33288\/revisions\/33290"}],"wp:featuredmedia":[{"embeddable":true,"href":"https:\/\/verdadeon.com.br\/portal\/wp-json\/wp\/v2\/media\/33289"}],"wp:attachment":[{"href":"https:\/\/verdadeon.com.br\/portal\/wp-json\/wp\/v2\/media?parent=33288"}],"wp:term":[{"taxonomy":"category","embeddable":true,"href":"https:\/\/verdadeon.com.br\/portal\/wp-json\/wp\/v2\/categories?post=33288"},{"taxonomy":"post_tag","embeddable":true,"href":"https:\/\/verdadeon.com.br\/portal\/wp-json\/wp\/v2\/tags?post=33288"}],"curies":[{"name":"wp","href":"https:\/\/api.w.org\/{rel}","templated":true}]}}