{"id":3309,"date":"2020-02-11T11:00:00","date_gmt":"2020-02-11T14:00:00","guid":{"rendered":"http:\/\/verdadeon.com.br\/portal\/?p=3309"},"modified":"2020-02-10T20:12:38","modified_gmt":"2020-02-10T23:12:38","slug":"camara-proibe-sessoes-civicas","status":"publish","type":"post","link":"https:\/\/verdadeon.com.br\/portal\/2020\/02\/11\/camara-proibe-sessoes-civicas\/","title":{"rendered":"C\u00e2mara pro\u00edbe sess\u00f5es c\u00edvicas"},"content":{"rendered":"\n<p class=\"has-drop-cap\">A Mesa Diretora da C\u00e2mara Municipal de Franca, suspendeu a realiza\u00e7\u00e3o de solenidades c\u00edvis e oficiais, durante este ano por conta das elei\u00e7\u00f5es municipais em outubro.<br>\nTamb\u00e9m ficaram vetadas as homenagens que ocorrem durante as sess\u00f5es ordin\u00e1rias de ter\u00e7as-feiras, que chegam a suspender a reuni\u00e3o para serem realizadas. A decis\u00e3o foi anunciada pelo Ato da mesa de n\u00famero 2 de 2020, que foi publicada na semana passada.<br>\nSegundo a Casa de Leis, as regras estipuladas pelo Ato foram embasadas por um conjunto de legisla\u00e7\u00f5es, formado pelo C\u00f3digo Eleitoral; a Lei Federal 9.504, de 30 de setembro de 1997; a Lei Complementar n\u00ba 64, de 18 de maio de 1990 (Lei de Inelegibilidades); a Resolu\u00e7\u00e3o n\u00ba 23.606, de 17 de dezembro de 2019 do Tribunal Superior Eleitoral; e a Lei Federal n\u00ba 4.717, de 29 de junho de 1965 (Lei da A\u00e7\u00e3o Popular).<br>\nDe acordo com a C\u00e2mara, foi com base nessas leis, que o Departamento Jur\u00eddico emitiu parecer no qual aponta que a utiliza\u00e7\u00e3o do Plen\u00e1rio para a realiza\u00e7\u00e3o de solenidades e homenagens pode beneficiar eventuais candidatos nas elei\u00e7\u00f5es municipais deste ano, al\u00e9m de configurar abuso do poder pol\u00edtico.<br>\n\u201c(\u2026) se caracterizado que referido ato [a realiza\u00e7\u00e3o de solenidades] afetou a igualdade de oportunidade entre os candidatos, a pena ser\u00e1 aplica\u00e7\u00e3o de multa e responsabiliza\u00e7\u00e3o por improbidade administrativa\u201d, diz o documento. <br>\nA recomenda\u00e7\u00e3o ent\u00e3o, foi a de suspender as solenidades no per\u00edodo eleitoral, ou seja, de 1\u00ba de janeiro de 2020 at\u00e9 a posse dos eleitos, o que foi acatado por toda a Mesa Diretora. <br>\nTodos os seus componentes \u2013 inclusive o presidente, o vereador Pastor Palamoni, assinaram o Ato n\u00ba 2. <\/p>\n","protected":false},"excerpt":{"rendered":"<p>A Mesa Diretora da C\u00e2mara Municipal de Franca, suspendeu a realiza\u00e7\u00e3o de solenidades c\u00edvis e oficiais, durante este ano por conta das elei\u00e7\u00f5es municipais em outubro.<span class=\"excerpt-hellip\"> [\u2026]<\/span><\/p>\n","protected":false},"author":10,"featured_media":3310,"comment_status":"open","ping_status":"open","sticky":false,"template":"","format":"standard","meta":{"_jetpack_memberships_contains_paid_content":false,"footnotes":"","jetpack_publicize_message":"","jetpack_publicize_feature_enabled":true,"jetpack_social_post_already_shared":false,"jetpack_social_options":{"image_generator_settings":{"template":"highway","default_image_id":0,"enabled":false},"version":2}},"categories":[28,44,1],"tags":[46],"class_list":["post-3309","post","type-post","status-publish","format-standard","has-post-thumbnail","hentry","category-cotidiano","category-noticias","category-sem-categoria","tag-cotidiano"],"yoast_head":"<!-- This site is optimized with the Yoast SEO plugin v25.6 - https:\/\/yoast.com\/wordpress\/plugins\/seo\/ -->\n<title>C\u00e2mara pro\u00edbe sess\u00f5es c\u00edvicas - VerdadeOn<\/title>\n<meta name=\"robots\" content=\"index, follow, max-snippet:-1, max-image-preview:large, max-video-preview:-1\" \/>\n<link rel=\"canonical\" href=\"https:\/\/verdadeon.com.br\/portal\/2020\/02\/11\/camara-proibe-sessoes-civicas\/\" \/>\n<meta property=\"og:locale\" content=\"pt_BR\" \/>\n<meta property=\"og:type\" content=\"article\" \/>\n<meta property=\"og:title\" content=\"C\u00e2mara pro\u00edbe sess\u00f5es c\u00edvicas - VerdadeOn\" \/>\n<meta property=\"og:description\" content=\"A Mesa Diretora da C\u00e2mara Municipal de Franca, suspendeu a realiza\u00e7\u00e3o de solenidades c\u00edvis e oficiais, durante este ano por conta das elei\u00e7\u00f5es municipais em outubro. [\u2026]\" \/>\n<meta property=\"og:url\" content=\"https:\/\/verdadeon.com.br\/portal\/2020\/02\/11\/camara-proibe-sessoes-civicas\/\" \/>\n<meta property=\"og:site_name\" content=\"VerdadeOn\" \/>\n<meta property=\"article:published_time\" content=\"2020-02-11T14:00:00+00:00\" \/>\n<meta property=\"og:image\" content=\"https:\/\/verdadeon.com.br\/portal\/wp-content\/uploads\/2020\/02\/CAmara-28-05-2019-foto-Lindomar-Cailton-14.jpg\" \/>\n\t<meta property=\"og:image:width\" content=\"1000\" \/>\n\t<meta property=\"og:image:height\" content=\"668\" \/>\n\t<meta property=\"og:image:type\" content=\"image\/jpeg\" \/>\n<meta name=\"author\" content=\"Redacao VerdadeOn\" \/>\n<meta name=\"twitter:card\" content=\"summary_large_image\" \/>\n<meta name=\"twitter:label1\" content=\"Escrito por\" \/>\n\t<meta name=\"twitter:data1\" content=\"Redacao VerdadeOn\" \/>\n\t<meta name=\"twitter:label2\" content=\"Est. tempo de leitura\" \/>\n\t<meta name=\"twitter:data2\" content=\"1 minuto\" \/>\n<script type=\"application\/ld+json\" class=\"yoast-schema-graph\">{\"@context\":\"https:\/\/schema.org\",\"@graph\":[{\"@type\":\"WebPage\",\"@id\":\"https:\/\/verdadeon.com.br\/portal\/2020\/02\/11\/camara-proibe-sessoes-civicas\/\",\"url\":\"https:\/\/verdadeon.com.br\/portal\/2020\/02\/11\/camara-proibe-sessoes-civicas\/\",\"name\":\"C\u00e2mara pro\u00edbe sess\u00f5es c\u00edvicas - VerdadeOn\",\"isPartOf\":{\"@id\":\"https:\/\/verdadeon.com.br\/portal\/#website\"},\"primaryImageOfPage\":{\"@id\":\"https:\/\/verdadeon.com.br\/portal\/2020\/02\/11\/camara-proibe-sessoes-civicas\/#primaryimage\"},\"image\":{\"@id\":\"https:\/\/verdadeon.com.br\/portal\/2020\/02\/11\/camara-proibe-sessoes-civicas\/#primaryimage\"},\"thumbnailUrl\":\"https:\/\/i0.wp.com\/verdadeon.com.br\/portal\/wp-content\/uploads\/2020\/02\/CAmara-28-05-2019-foto-Lindomar-Cailton-14.jpg?fit=1000%2C668&ssl=1\",\"datePublished\":\"2020-02-11T14:00:00+00:00\",\"author\":{\"@id\":\"https:\/\/verdadeon.com.br\/portal\/#\/schema\/person\/a5060ad1e9ea3df545188fc93ce43d2f\"},\"breadcrumb\":{\"@id\":\"https:\/\/verdadeon.com.br\/portal\/2020\/02\/11\/camara-proibe-sessoes-civicas\/#breadcrumb\"},\"inLanguage\":\"pt-BR\",\"potentialAction\":[{\"@type\":\"ReadAction\",\"target\":[\"https:\/\/verdadeon.com.br\/portal\/2020\/02\/11\/camara-proibe-sessoes-civicas\/\"]}]},{\"@type\":\"ImageObject\",\"inLanguage\":\"pt-BR\",\"@id\":\"https:\/\/verdadeon.com.br\/portal\/2020\/02\/11\/camara-proibe-sessoes-civicas\/#primaryimage\",\"url\":\"https:\/\/i0.wp.com\/verdadeon.com.br\/portal\/wp-content\/uploads\/2020\/02\/CAmara-28-05-2019-foto-Lindomar-Cailton-14.jpg?fit=1000%2C668&ssl=1\",\"contentUrl\":\"https:\/\/i0.wp.com\/verdadeon.com.br\/portal\/wp-content\/uploads\/2020\/02\/CAmara-28-05-2019-foto-Lindomar-Cailton-14.jpg?fit=1000%2C668&ssl=1\",\"width\":1000,\"height\":668,\"caption\":\"S\u00d3 EM 2021- C\u00e2mara Municipal proibiu sess\u00f5es de homenagens durante ano eleitoral, de acordo com lei a realiza\u00e7\u00e3o das mesmas pode afetar a igualdade de oportunidades entre candidatos a cargos eleitorais | Foto: Arquivo\"},{\"@type\":\"BreadcrumbList\",\"@id\":\"https:\/\/verdadeon.com.br\/portal\/2020\/02\/11\/camara-proibe-sessoes-civicas\/#breadcrumb\",\"itemListElement\":[{\"@type\":\"ListItem\",\"position\":1,\"name\":\"In\u00edcio\",\"item\":\"https:\/\/verdadeon.com.br\/portal\/\"},{\"@type\":\"ListItem\",\"position\":2,\"name\":\"C\u00e2mara pro\u00edbe sess\u00f5es c\u00edvicas\"}]},{\"@type\":\"WebSite\",\"@id\":\"https:\/\/verdadeon.com.br\/portal\/#website\",\"url\":\"https:\/\/verdadeon.com.br\/portal\/\",\"name\":\"VerdadeOn\",\"description\":\"Not\u00edcias di\u00e1rias sobre Franca, Regi\u00e3o, Esporte, Cultura, Cotidiano, Colunas. Cobertura nos principais eventos da cidade \u00e9 aqui - Verdadeon Franca\",\"potentialAction\":[{\"@type\":\"SearchAction\",\"target\":{\"@type\":\"EntryPoint\",\"urlTemplate\":\"https:\/\/verdadeon.com.br\/portal\/?s={search_term_string}\"},\"query-input\":{\"@type\":\"PropertyValueSpecification\",\"valueRequired\":true,\"valueName\":\"search_term_string\"}}],\"inLanguage\":\"pt-BR\"},{\"@type\":\"Person\",\"@id\":\"https:\/\/verdadeon.com.br\/portal\/#\/schema\/person\/a5060ad1e9ea3df545188fc93ce43d2f\",\"name\":\"Redacao VerdadeOn\",\"image\":{\"@type\":\"ImageObject\",\"inLanguage\":\"pt-BR\",\"@id\":\"https:\/\/verdadeon.com.br\/portal\/#\/schema\/person\/image\/\",\"url\":\"https:\/\/secure.gravatar.com\/avatar\/459a9613caaaf07f582c3d0841eea68bdd66f533e465e6ba8b9cb45619572cf4?s=96&d=mm&r=g\",\"contentUrl\":\"https:\/\/secure.gravatar.com\/avatar\/459a9613caaaf07f582c3d0841eea68bdd66f533e465e6ba8b9cb45619572cf4?s=96&d=mm&r=g\",\"caption\":\"Redacao VerdadeOn\"},\"url\":\"https:\/\/verdadeon.com.br\/portal\/author\/redacao\/\"}]}<\/script>\n<!-- \/ Yoast SEO plugin. -->","yoast_head_json":{"title":"C\u00e2mara pro\u00edbe sess\u00f5es c\u00edvicas - VerdadeOn","robots":{"index":"index","follow":"follow","max-snippet":"max-snippet:-1","max-image-preview":"max-image-preview:large","max-video-preview":"max-video-preview:-1"},"canonical":"https:\/\/verdadeon.com.br\/portal\/2020\/02\/11\/camara-proibe-sessoes-civicas\/","og_locale":"pt_BR","og_type":"article","og_title":"C\u00e2mara pro\u00edbe sess\u00f5es c\u00edvicas - VerdadeOn","og_description":"A Mesa Diretora da C\u00e2mara Municipal de Franca, suspendeu a realiza\u00e7\u00e3o de solenidades c\u00edvis e oficiais, durante este ano por conta das elei\u00e7\u00f5es municipais em outubro. [\u2026]","og_url":"https:\/\/verdadeon.com.br\/portal\/2020\/02\/11\/camara-proibe-sessoes-civicas\/","og_site_name":"VerdadeOn","article_published_time":"2020-02-11T14:00:00+00:00","og_image":[{"width":1000,"height":668,"url":"https:\/\/verdadeon.com.br\/portal\/wp-content\/uploads\/2020\/02\/CAmara-28-05-2019-foto-Lindomar-Cailton-14.jpg","type":"image\/jpeg"}],"author":"Redacao VerdadeOn","twitter_card":"summary_large_image","twitter_misc":{"Escrito por":"Redacao VerdadeOn","Est. tempo de leitura":"1 minuto"},"schema":{"@context":"https:\/\/schema.org","@graph":[{"@type":"WebPage","@id":"https:\/\/verdadeon.com.br\/portal\/2020\/02\/11\/camara-proibe-sessoes-civicas\/","url":"https:\/\/verdadeon.com.br\/portal\/2020\/02\/11\/camara-proibe-sessoes-civicas\/","name":"C\u00e2mara pro\u00edbe sess\u00f5es c\u00edvicas - VerdadeOn","isPartOf":{"@id":"https:\/\/verdadeon.com.br\/portal\/#website"},"primaryImageOfPage":{"@id":"https:\/\/verdadeon.com.br\/portal\/2020\/02\/11\/camara-proibe-sessoes-civicas\/#primaryimage"},"image":{"@id":"https:\/\/verdadeon.com.br\/portal\/2020\/02\/11\/camara-proibe-sessoes-civicas\/#primaryimage"},"thumbnailUrl":"https:\/\/i0.wp.com\/verdadeon.com.br\/portal\/wp-content\/uploads\/2020\/02\/CAmara-28-05-2019-foto-Lindomar-Cailton-14.jpg?fit=1000%2C668&ssl=1","datePublished":"2020-02-11T14:00:00+00:00","author":{"@id":"https:\/\/verdadeon.com.br\/portal\/#\/schema\/person\/a5060ad1e9ea3df545188fc93ce43d2f"},"breadcrumb":{"@id":"https:\/\/verdadeon.com.br\/portal\/2020\/02\/11\/camara-proibe-sessoes-civicas\/#breadcrumb"},"inLanguage":"pt-BR","potentialAction":[{"@type":"ReadAction","target":["https:\/\/verdadeon.com.br\/portal\/2020\/02\/11\/camara-proibe-sessoes-civicas\/"]}]},{"@type":"ImageObject","inLanguage":"pt-BR","@id":"https:\/\/verdadeon.com.br\/portal\/2020\/02\/11\/camara-proibe-sessoes-civicas\/#primaryimage","url":"https:\/\/i0.wp.com\/verdadeon.com.br\/portal\/wp-content\/uploads\/2020\/02\/CAmara-28-05-2019-foto-Lindomar-Cailton-14.jpg?fit=1000%2C668&ssl=1","contentUrl":"https:\/\/i0.wp.com\/verdadeon.com.br\/portal\/wp-content\/uploads\/2020\/02\/CAmara-28-05-2019-foto-Lindomar-Cailton-14.jpg?fit=1000%2C668&ssl=1","width":1000,"height":668,"caption":"S\u00d3 EM 2021- C\u00e2mara Municipal proibiu sess\u00f5es de homenagens durante ano eleitoral, de acordo com lei a realiza\u00e7\u00e3o das mesmas pode afetar a igualdade de oportunidades entre candidatos a cargos eleitorais | Foto: Arquivo"},{"@type":"BreadcrumbList","@id":"https:\/\/verdadeon.com.br\/portal\/2020\/02\/11\/camara-proibe-sessoes-civicas\/#breadcrumb","itemListElement":[{"@type":"ListItem","position":1,"name":"In\u00edcio","item":"https:\/\/verdadeon.com.br\/portal\/"},{"@type":"ListItem","position":2,"name":"C\u00e2mara pro\u00edbe sess\u00f5es c\u00edvicas"}]},{"@type":"WebSite","@id":"https:\/\/verdadeon.com.br\/portal\/#website","url":"https:\/\/verdadeon.com.br\/portal\/","name":"VerdadeOn","description":"Not\u00edcias di\u00e1rias sobre Franca, Regi\u00e3o, Esporte, Cultura, Cotidiano, Colunas. Cobertura nos principais eventos da cidade \u00e9 aqui - Verdadeon Franca","potentialAction":[{"@type":"SearchAction","target":{"@type":"EntryPoint","urlTemplate":"https:\/\/verdadeon.com.br\/portal\/?s={search_term_string}"},"query-input":{"@type":"PropertyValueSpecification","valueRequired":true,"valueName":"search_term_string"}}],"inLanguage":"pt-BR"},{"@type":"Person","@id":"https:\/\/verdadeon.com.br\/portal\/#\/schema\/person\/a5060ad1e9ea3df545188fc93ce43d2f","name":"Redacao VerdadeOn","image":{"@type":"ImageObject","inLanguage":"pt-BR","@id":"https:\/\/verdadeon.com.br\/portal\/#\/schema\/person\/image\/","url":"https:\/\/secure.gravatar.com\/avatar\/459a9613caaaf07f582c3d0841eea68bdd66f533e465e6ba8b9cb45619572cf4?s=96&d=mm&r=g","contentUrl":"https:\/\/secure.gravatar.com\/avatar\/459a9613caaaf07f582c3d0841eea68bdd66f533e465e6ba8b9cb45619572cf4?s=96&d=mm&r=g","caption":"Redacao VerdadeOn"},"url":"https:\/\/verdadeon.com.br\/portal\/author\/redacao\/"}]}},"jetpack_publicize_connections":[],"jetpack_featured_media_url":"https:\/\/i0.wp.com\/verdadeon.com.br\/portal\/wp-content\/uploads\/2020\/02\/CAmara-28-05-2019-foto-Lindomar-Cailton-14.jpg?fit=1000%2C668&ssl=1","jetpack_sharing_enabled":true,"_links":{"self":[{"href":"https:\/\/verdadeon.com.br\/portal\/wp-json\/wp\/v2\/posts\/3309","targetHints":{"allow":["GET"]}}],"collection":[{"href":"https:\/\/verdadeon.com.br\/portal\/wp-json\/wp\/v2\/posts"}],"about":[{"href":"https:\/\/verdadeon.com.br\/portal\/wp-json\/wp\/v2\/types\/post"}],"author":[{"embeddable":true,"href":"https:\/\/verdadeon.com.br\/portal\/wp-json\/wp\/v2\/users\/10"}],"replies":[{"embeddable":true,"href":"https:\/\/verdadeon.com.br\/portal\/wp-json\/wp\/v2\/comments?post=3309"}],"version-history":[{"count":0,"href":"https:\/\/verdadeon.com.br\/portal\/wp-json\/wp\/v2\/posts\/3309\/revisions"}],"wp:featuredmedia":[{"embeddable":true,"href":"https:\/\/verdadeon.com.br\/portal\/wp-json\/wp\/v2\/media\/3310"}],"wp:attachment":[{"href":"https:\/\/verdadeon.com.br\/portal\/wp-json\/wp\/v2\/media?parent=3309"}],"wp:term":[{"taxonomy":"category","embeddable":true,"href":"https:\/\/verdadeon.com.br\/portal\/wp-json\/wp\/v2\/categories?post=3309"},{"taxonomy":"post_tag","embeddable":true,"href":"https:\/\/verdadeon.com.br\/portal\/wp-json\/wp\/v2\/tags?post=3309"}],"curies":[{"name":"wp","href":"https:\/\/api.w.org\/{rel}","templated":true}]}}