{"id":3298,"date":"2020-02-11T08:00:00","date_gmt":"2020-02-11T11:00:00","guid":{"rendered":"http:\/\/verdadeon.com.br\/portal\/?p=3298"},"modified":"2020-02-11T08:09:42","modified_gmt":"2020-02-11T11:09:42","slug":"pm-amplia-fiscalizacao-do-transito-no-carnaval","status":"publish","type":"post","link":"https:\/\/verdadeon.com.br\/portal\/2020\/02\/11\/pm-amplia-fiscalizacao-do-transito-no-carnaval\/","title":{"rendered":"PM amplia fiscaliza\u00e7\u00e3o do tr\u00e2nsito no carnaval"},"content":{"rendered":"\n<h2 class=\"wp-block-heading\">Opera\u00e7\u00e3o teve in\u00edcio no \u00faltimo final de semana com fiscaliza\u00e7\u00e3o de 29 carros e <br> 8 motocicletas<\/h2>\n\n\n\n<p>Reportagem Daniel Afonso<\/p>\n\n\n\n<p class=\"has-drop-cap\">Se depender do n\u00famero de infra\u00e7\u00f5es registradas no tr\u00e2nsito durante o \u00faltimo final de semana, a Pol\u00edcia Militar de Franca vai intensificar a opera\u00e7\u00e3o nos cinco dias do Carnaval para resguardar a seguran\u00e7a da cidade. <br><br>O comandante do Pelot\u00e3o de Tr\u00e2nsito, tenente R\u00e9gis Ant\u00f4nio Mendes, destacou os resultados da Opera\u00e7\u00e3o \u201cDire\u00e7\u00e3o Segura\u201d. Segundo o tenente, esse \u00faltimo trabalho foi realizado na al\u00e7a de acesso entre a rodovia Engenheiro Ronan Rocha com a avenida Em\u00edlio Paludetto, no bairro Vila H\u00edpica. A opera\u00e7\u00e3o foi executada por policiais do Pelot\u00e3o de Tr\u00e2nsito e do Policiamento Rodovi\u00e1rio.<br> Trinta e sete ve\u00edculos foram abordados no final de semana, sendo destas oito motocicletas. Deste n\u00famero, nove condutores foram constatados embriagados e quatro recusaram a submeterem ao teste do etil\u00f4metro. Dentre outras infra\u00e7\u00f5es, o n\u00famero foi mais alto, alcan\u00e7ando 86 registros.<br> Com este resultado, a pol\u00edcia decidiu intensificar a fiscaliza\u00e7\u00e3o com motociclistas e condutores de autom\u00f3veis no per\u00edodo do carnaval. \u201cO foco \u00e9 combater a pr\u00e1tica de dirigir sob influ\u00eancia de \u00e1lcool, infra\u00e7\u00e3o que tem rela\u00e7\u00e3o direta com a letalidade no tr\u00e2nsito\u201d, ressaltou.<br><br>Para o tenente, esta medida \u00e9 para reduzir o n\u00famero de v\u00edtimas de acidente no tr\u00e2nsito, j\u00e1 que em janeiro foi considerado um m\u00eas mais violento. \u201cInfelizmente nesta \u00e9poca, \u00e9 muito comum depararmos com condutores embriagados, que v\u00e3o para as festas e acabam assumindo esses riscos. Nossa opera\u00e7\u00e3o come\u00e7a na sexta-feira de carnaval e vai at\u00e9 ter\u00e7a\u201d, explicou.<br><br> Levando em considera\u00e7\u00e3o os primeiros n\u00fameros de acidentes fatais em 2020 &#8211; com cerca de seis v\u00edtimas, o comandante acredita na redu\u00e7\u00e3o e no \u00edndice sazonal. \u201cIsso ocorre de tempo em tempo. Janeiro foi mais agitado. Agora esse m\u00eas j\u00e1 est\u00e1 mais calmo, at\u00e9 porque come\u00e7amos os trabalhos preventivos com palestras que temos agendadas at\u00e9 maio\u201d, disse.<\/p>\n\n\n\n<p><strong>Opera\u00e7\u00e3o em conjunto<\/strong><br><br> A Opera\u00e7\u00e3o \u201cDire\u00e7\u00e3o Segura\u201d foi articulada juntamente com a Pol\u00edcia Rodovi\u00e1ria para assegurar, al\u00e9m da seguran\u00e7a no per\u00edmetro urbano e rodovias vicinais \u2013 responsabilidade do Pelot\u00e3o de Tr\u00e2nsito, os trechos rodovi\u00e1rios que circundam a cidade de Franca.<br><br>Diante desta demanda, o policiamento conta com um etil\u00f4metro passivo, no formato de um bast\u00e3o que quando o condutor assopra \u00e9 dado um sinal se ele ingeriu \u00e1lcool ou n\u00e3o. \u201cEsse instrumento \u00e9 r\u00e1pido, pr\u00e1tico e conseguimos fiscalizar um n\u00famero maior de pessoas. <br>Basta a pessoa assoprar, se a luz ficar verde \u00e9 porque ele n\u00e3o tem \u00e1lcool no organismo e se for vermelha \u00e9 porque tem, da\u00ed ele passa pelo teste definitivo\u201d, detalhou.<\/p>\n\n\n\n<p><br>Faltando ainda tr\u00eas meses para o in\u00edcio da campanha Maio Amarelo &#8211; conscientiza\u00e7\u00e3o sobre seguran\u00e7a no tr\u00e2nsito, mesmo assim ela j\u00e1 est\u00e1 sendo preparada pelo comando da PM. <\/p>\n\n\n\n<p>Em Franca, a campanha dever\u00e1 ser em parceria com a Secretaria de Seguran\u00e7a e Cidadania, grupo Mulheres do Brasil, Rotary Clube,Tiro de Guerra e Detran.<\/p>\n","protected":false},"excerpt":{"rendered":"<p>Opera\u00e7\u00e3o teve in\u00edcio no \u00faltimo final de semana com fiscaliza\u00e7\u00e3o de 29 carros e 8 motocicletas Reportagem Daniel Afonso Se depender do n\u00famero de infra\u00e7\u00f5es registradas<span class=\"excerpt-hellip\"> [\u2026]<\/span><\/p>\n","protected":false},"author":10,"featured_media":3299,"comment_status":"open","ping_status":"open","sticky":false,"template":"","format":"standard","meta":{"_jetpack_memberships_contains_paid_content":false,"footnotes":"","jetpack_publicize_message":"","jetpack_publicize_feature_enabled":true,"jetpack_social_post_already_shared":false,"jetpack_social_options":{"image_generator_settings":{"template":"highway","default_image_id":0,"enabled":false},"version":2}},"categories":[28,44],"tags":[46],"class_list":["post-3298","post","type-post","status-publish","format-standard","has-post-thumbnail","hentry","category-cotidiano","category-noticias","tag-cotidiano"],"yoast_head":"<!-- This site is optimized with the Yoast SEO plugin v25.6 - https:\/\/yoast.com\/wordpress\/plugins\/seo\/ -->\n<title>PM amplia fiscaliza\u00e7\u00e3o do tr\u00e2nsito no carnaval - VerdadeOn<\/title>\n<meta name=\"robots\" content=\"index, follow, max-snippet:-1, max-image-preview:large, max-video-preview:-1\" \/>\n<link rel=\"canonical\" href=\"https:\/\/verdadeon.com.br\/portal\/2020\/02\/11\/pm-amplia-fiscalizacao-do-transito-no-carnaval\/\" \/>\n<meta property=\"og:locale\" content=\"pt_BR\" \/>\n<meta property=\"og:type\" content=\"article\" \/>\n<meta property=\"og:title\" content=\"PM amplia fiscaliza\u00e7\u00e3o do tr\u00e2nsito no carnaval - VerdadeOn\" \/>\n<meta property=\"og:description\" content=\"Opera\u00e7\u00e3o teve in\u00edcio no \u00faltimo final de semana com fiscaliza\u00e7\u00e3o de 29 carros e 8 motocicletas Reportagem Daniel Afonso Se depender do n\u00famero de infra\u00e7\u00f5es registradas [\u2026]\" \/>\n<meta property=\"og:url\" content=\"https:\/\/verdadeon.com.br\/portal\/2020\/02\/11\/pm-amplia-fiscalizacao-do-transito-no-carnaval\/\" \/>\n<meta property=\"og:site_name\" content=\"VerdadeOn\" \/>\n<meta property=\"article:published_time\" content=\"2020-02-11T11:00:00+00:00\" \/>\n<meta property=\"article:modified_time\" content=\"2020-02-11T11:09:42+00:00\" \/>\n<meta property=\"og:image\" content=\"https:\/\/verdadeon.com.br\/portal\/wp-content\/uploads\/2020\/02\/WhatsApp-Image-2020-02-10-at-11.26.22.jpg\" \/>\n\t<meta property=\"og:image:width\" content=\"1000\" \/>\n\t<meta property=\"og:image:height\" content=\"750\" \/>\n\t<meta property=\"og:image:type\" content=\"image\/jpeg\" \/>\n<meta name=\"author\" content=\"Redacao VerdadeOn\" \/>\n<meta name=\"twitter:card\" content=\"summary_large_image\" \/>\n<meta name=\"twitter:label1\" content=\"Escrito por\" \/>\n\t<meta name=\"twitter:data1\" content=\"Redacao VerdadeOn\" \/>\n\t<meta name=\"twitter:label2\" content=\"Est. tempo de leitura\" \/>\n\t<meta name=\"twitter:data2\" content=\"3 minutos\" \/>\n<script type=\"application\/ld+json\" class=\"yoast-schema-graph\">{\"@context\":\"https:\/\/schema.org\",\"@graph\":[{\"@type\":\"WebPage\",\"@id\":\"https:\/\/verdadeon.com.br\/portal\/2020\/02\/11\/pm-amplia-fiscalizacao-do-transito-no-carnaval\/\",\"url\":\"https:\/\/verdadeon.com.br\/portal\/2020\/02\/11\/pm-amplia-fiscalizacao-do-transito-no-carnaval\/\",\"name\":\"PM amplia fiscaliza\u00e7\u00e3o do tr\u00e2nsito no carnaval - VerdadeOn\",\"isPartOf\":{\"@id\":\"https:\/\/verdadeon.com.br\/portal\/#website\"},\"primaryImageOfPage\":{\"@id\":\"https:\/\/verdadeon.com.br\/portal\/2020\/02\/11\/pm-amplia-fiscalizacao-do-transito-no-carnaval\/#primaryimage\"},\"image\":{\"@id\":\"https:\/\/verdadeon.com.br\/portal\/2020\/02\/11\/pm-amplia-fiscalizacao-do-transito-no-carnaval\/#primaryimage\"},\"thumbnailUrl\":\"https:\/\/i0.wp.com\/verdadeon.com.br\/portal\/wp-content\/uploads\/2020\/02\/WhatsApp-Image-2020-02-10-at-11.26.22.jpg?fit=1000%2C750&ssl=1\",\"datePublished\":\"2020-02-11T11:00:00+00:00\",\"dateModified\":\"2020-02-11T11:09:42+00:00\",\"author\":{\"@id\":\"https:\/\/verdadeon.com.br\/portal\/#\/schema\/person\/a5060ad1e9ea3df545188fc93ce43d2f\"},\"breadcrumb\":{\"@id\":\"https:\/\/verdadeon.com.br\/portal\/2020\/02\/11\/pm-amplia-fiscalizacao-do-transito-no-carnaval\/#breadcrumb\"},\"inLanguage\":\"pt-BR\",\"potentialAction\":[{\"@type\":\"ReadAction\",\"target\":[\"https:\/\/verdadeon.com.br\/portal\/2020\/02\/11\/pm-amplia-fiscalizacao-do-transito-no-carnaval\/\"]}]},{\"@type\":\"ImageObject\",\"inLanguage\":\"pt-BR\",\"@id\":\"https:\/\/verdadeon.com.br\/portal\/2020\/02\/11\/pm-amplia-fiscalizacao-do-transito-no-carnaval\/#primaryimage\",\"url\":\"https:\/\/i0.wp.com\/verdadeon.com.br\/portal\/wp-content\/uploads\/2020\/02\/WhatsApp-Image-2020-02-10-at-11.26.22.jpg?fit=1000%2C750&ssl=1\",\"contentUrl\":\"https:\/\/i0.wp.com\/verdadeon.com.br\/portal\/wp-content\/uploads\/2020\/02\/WhatsApp-Image-2020-02-10-at-11.26.22.jpg?fit=1000%2C750&ssl=1\",\"width\":1000,\"height\":750,\"caption\":\"dire\u00e7\u00e3o segura - Policiais do Pelot\u00e3o de Tr\u00e2nsito e do Policiamento Rodovi\u00e1rio realizaram a opera\u00e7\u00e3o em conjunto no \u00faltimo final de semana, entre a rodovia Ronan Rocha com a avenida Em\u00edlio Paludetto | Foto: Divulga\u00e7\u00e3o\"},{\"@type\":\"BreadcrumbList\",\"@id\":\"https:\/\/verdadeon.com.br\/portal\/2020\/02\/11\/pm-amplia-fiscalizacao-do-transito-no-carnaval\/#breadcrumb\",\"itemListElement\":[{\"@type\":\"ListItem\",\"position\":1,\"name\":\"In\u00edcio\",\"item\":\"https:\/\/verdadeon.com.br\/portal\/\"},{\"@type\":\"ListItem\",\"position\":2,\"name\":\"PM amplia fiscaliza\u00e7\u00e3o do tr\u00e2nsito no carnaval\"}]},{\"@type\":\"WebSite\",\"@id\":\"https:\/\/verdadeon.com.br\/portal\/#website\",\"url\":\"https:\/\/verdadeon.com.br\/portal\/\",\"name\":\"VerdadeOn\",\"description\":\"Not\u00edcias di\u00e1rias sobre Franca, Regi\u00e3o, Esporte, Cultura, Cotidiano, Colunas. Cobertura nos principais eventos da cidade \u00e9 aqui - Verdadeon Franca\",\"potentialAction\":[{\"@type\":\"SearchAction\",\"target\":{\"@type\":\"EntryPoint\",\"urlTemplate\":\"https:\/\/verdadeon.com.br\/portal\/?s={search_term_string}\"},\"query-input\":{\"@type\":\"PropertyValueSpecification\",\"valueRequired\":true,\"valueName\":\"search_term_string\"}}],\"inLanguage\":\"pt-BR\"},{\"@type\":\"Person\",\"@id\":\"https:\/\/verdadeon.com.br\/portal\/#\/schema\/person\/a5060ad1e9ea3df545188fc93ce43d2f\",\"name\":\"Redacao VerdadeOn\",\"image\":{\"@type\":\"ImageObject\",\"inLanguage\":\"pt-BR\",\"@id\":\"https:\/\/verdadeon.com.br\/portal\/#\/schema\/person\/image\/\",\"url\":\"https:\/\/secure.gravatar.com\/avatar\/459a9613caaaf07f582c3d0841eea68bdd66f533e465e6ba8b9cb45619572cf4?s=96&d=mm&r=g\",\"contentUrl\":\"https:\/\/secure.gravatar.com\/avatar\/459a9613caaaf07f582c3d0841eea68bdd66f533e465e6ba8b9cb45619572cf4?s=96&d=mm&r=g\",\"caption\":\"Redacao VerdadeOn\"},\"url\":\"https:\/\/verdadeon.com.br\/portal\/author\/redacao\/\"}]}<\/script>\n<!-- \/ Yoast SEO plugin. -->","yoast_head_json":{"title":"PM amplia fiscaliza\u00e7\u00e3o do tr\u00e2nsito no carnaval - VerdadeOn","robots":{"index":"index","follow":"follow","max-snippet":"max-snippet:-1","max-image-preview":"max-image-preview:large","max-video-preview":"max-video-preview:-1"},"canonical":"https:\/\/verdadeon.com.br\/portal\/2020\/02\/11\/pm-amplia-fiscalizacao-do-transito-no-carnaval\/","og_locale":"pt_BR","og_type":"article","og_title":"PM amplia fiscaliza\u00e7\u00e3o do tr\u00e2nsito no carnaval - VerdadeOn","og_description":"Opera\u00e7\u00e3o teve in\u00edcio no \u00faltimo final de semana com fiscaliza\u00e7\u00e3o de 29 carros e 8 motocicletas Reportagem Daniel Afonso Se depender do n\u00famero de infra\u00e7\u00f5es registradas [\u2026]","og_url":"https:\/\/verdadeon.com.br\/portal\/2020\/02\/11\/pm-amplia-fiscalizacao-do-transito-no-carnaval\/","og_site_name":"VerdadeOn","article_published_time":"2020-02-11T11:00:00+00:00","article_modified_time":"2020-02-11T11:09:42+00:00","og_image":[{"width":1000,"height":750,"url":"https:\/\/verdadeon.com.br\/portal\/wp-content\/uploads\/2020\/02\/WhatsApp-Image-2020-02-10-at-11.26.22.jpg","type":"image\/jpeg"}],"author":"Redacao VerdadeOn","twitter_card":"summary_large_image","twitter_misc":{"Escrito por":"Redacao VerdadeOn","Est. tempo de leitura":"3 minutos"},"schema":{"@context":"https:\/\/schema.org","@graph":[{"@type":"WebPage","@id":"https:\/\/verdadeon.com.br\/portal\/2020\/02\/11\/pm-amplia-fiscalizacao-do-transito-no-carnaval\/","url":"https:\/\/verdadeon.com.br\/portal\/2020\/02\/11\/pm-amplia-fiscalizacao-do-transito-no-carnaval\/","name":"PM amplia fiscaliza\u00e7\u00e3o do tr\u00e2nsito no carnaval - VerdadeOn","isPartOf":{"@id":"https:\/\/verdadeon.com.br\/portal\/#website"},"primaryImageOfPage":{"@id":"https:\/\/verdadeon.com.br\/portal\/2020\/02\/11\/pm-amplia-fiscalizacao-do-transito-no-carnaval\/#primaryimage"},"image":{"@id":"https:\/\/verdadeon.com.br\/portal\/2020\/02\/11\/pm-amplia-fiscalizacao-do-transito-no-carnaval\/#primaryimage"},"thumbnailUrl":"https:\/\/i0.wp.com\/verdadeon.com.br\/portal\/wp-content\/uploads\/2020\/02\/WhatsApp-Image-2020-02-10-at-11.26.22.jpg?fit=1000%2C750&ssl=1","datePublished":"2020-02-11T11:00:00+00:00","dateModified":"2020-02-11T11:09:42+00:00","author":{"@id":"https:\/\/verdadeon.com.br\/portal\/#\/schema\/person\/a5060ad1e9ea3df545188fc93ce43d2f"},"breadcrumb":{"@id":"https:\/\/verdadeon.com.br\/portal\/2020\/02\/11\/pm-amplia-fiscalizacao-do-transito-no-carnaval\/#breadcrumb"},"inLanguage":"pt-BR","potentialAction":[{"@type":"ReadAction","target":["https:\/\/verdadeon.com.br\/portal\/2020\/02\/11\/pm-amplia-fiscalizacao-do-transito-no-carnaval\/"]}]},{"@type":"ImageObject","inLanguage":"pt-BR","@id":"https:\/\/verdadeon.com.br\/portal\/2020\/02\/11\/pm-amplia-fiscalizacao-do-transito-no-carnaval\/#primaryimage","url":"https:\/\/i0.wp.com\/verdadeon.com.br\/portal\/wp-content\/uploads\/2020\/02\/WhatsApp-Image-2020-02-10-at-11.26.22.jpg?fit=1000%2C750&ssl=1","contentUrl":"https:\/\/i0.wp.com\/verdadeon.com.br\/portal\/wp-content\/uploads\/2020\/02\/WhatsApp-Image-2020-02-10-at-11.26.22.jpg?fit=1000%2C750&ssl=1","width":1000,"height":750,"caption":"dire\u00e7\u00e3o segura - Policiais do Pelot\u00e3o de Tr\u00e2nsito e do Policiamento Rodovi\u00e1rio realizaram a opera\u00e7\u00e3o em conjunto no \u00faltimo final de semana, entre a rodovia Ronan Rocha com a avenida Em\u00edlio Paludetto | Foto: Divulga\u00e7\u00e3o"},{"@type":"BreadcrumbList","@id":"https:\/\/verdadeon.com.br\/portal\/2020\/02\/11\/pm-amplia-fiscalizacao-do-transito-no-carnaval\/#breadcrumb","itemListElement":[{"@type":"ListItem","position":1,"name":"In\u00edcio","item":"https:\/\/verdadeon.com.br\/portal\/"},{"@type":"ListItem","position":2,"name":"PM amplia fiscaliza\u00e7\u00e3o do tr\u00e2nsito no carnaval"}]},{"@type":"WebSite","@id":"https:\/\/verdadeon.com.br\/portal\/#website","url":"https:\/\/verdadeon.com.br\/portal\/","name":"VerdadeOn","description":"Not\u00edcias di\u00e1rias sobre Franca, Regi\u00e3o, Esporte, Cultura, Cotidiano, Colunas. Cobertura nos principais eventos da cidade \u00e9 aqui - Verdadeon Franca","potentialAction":[{"@type":"SearchAction","target":{"@type":"EntryPoint","urlTemplate":"https:\/\/verdadeon.com.br\/portal\/?s={search_term_string}"},"query-input":{"@type":"PropertyValueSpecification","valueRequired":true,"valueName":"search_term_string"}}],"inLanguage":"pt-BR"},{"@type":"Person","@id":"https:\/\/verdadeon.com.br\/portal\/#\/schema\/person\/a5060ad1e9ea3df545188fc93ce43d2f","name":"Redacao VerdadeOn","image":{"@type":"ImageObject","inLanguage":"pt-BR","@id":"https:\/\/verdadeon.com.br\/portal\/#\/schema\/person\/image\/","url":"https:\/\/secure.gravatar.com\/avatar\/459a9613caaaf07f582c3d0841eea68bdd66f533e465e6ba8b9cb45619572cf4?s=96&d=mm&r=g","contentUrl":"https:\/\/secure.gravatar.com\/avatar\/459a9613caaaf07f582c3d0841eea68bdd66f533e465e6ba8b9cb45619572cf4?s=96&d=mm&r=g","caption":"Redacao VerdadeOn"},"url":"https:\/\/verdadeon.com.br\/portal\/author\/redacao\/"}]}},"jetpack_publicize_connections":[],"jetpack_featured_media_url":"https:\/\/i0.wp.com\/verdadeon.com.br\/portal\/wp-content\/uploads\/2020\/02\/WhatsApp-Image-2020-02-10-at-11.26.22.jpg?fit=1000%2C750&ssl=1","jetpack_sharing_enabled":true,"_links":{"self":[{"href":"https:\/\/verdadeon.com.br\/portal\/wp-json\/wp\/v2\/posts\/3298","targetHints":{"allow":["GET"]}}],"collection":[{"href":"https:\/\/verdadeon.com.br\/portal\/wp-json\/wp\/v2\/posts"}],"about":[{"href":"https:\/\/verdadeon.com.br\/portal\/wp-json\/wp\/v2\/types\/post"}],"author":[{"embeddable":true,"href":"https:\/\/verdadeon.com.br\/portal\/wp-json\/wp\/v2\/users\/10"}],"replies":[{"embeddable":true,"href":"https:\/\/verdadeon.com.br\/portal\/wp-json\/wp\/v2\/comments?post=3298"}],"version-history":[{"count":0,"href":"https:\/\/verdadeon.com.br\/portal\/wp-json\/wp\/v2\/posts\/3298\/revisions"}],"wp:featuredmedia":[{"embeddable":true,"href":"https:\/\/verdadeon.com.br\/portal\/wp-json\/wp\/v2\/media\/3299"}],"wp:attachment":[{"href":"https:\/\/verdadeon.com.br\/portal\/wp-json\/wp\/v2\/media?parent=3298"}],"wp:term":[{"taxonomy":"category","embeddable":true,"href":"https:\/\/verdadeon.com.br\/portal\/wp-json\/wp\/v2\/categories?post=3298"},{"taxonomy":"post_tag","embeddable":true,"href":"https:\/\/verdadeon.com.br\/portal\/wp-json\/wp\/v2\/tags?post=3298"}],"curies":[{"name":"wp","href":"https:\/\/api.w.org\/{rel}","templated":true}]}}