{"id":3295,"date":"2020-02-11T07:00:00","date_gmt":"2020-02-11T10:00:00","guid":{"rendered":"http:\/\/verdadeon.com.br\/portal\/?p=3295"},"modified":"2020-02-10T20:12:38","modified_gmt":"2020-02-10T23:12:38","slug":"gilson-de-souza-deve-ter-dia-dificil-na-camara","status":"publish","type":"post","link":"https:\/\/verdadeon.com.br\/portal\/2020\/02\/11\/gilson-de-souza-deve-ter-dia-dificil-na-camara\/","title":{"rendered":"Gilson de Souza deve ter dia dif\u00edcil na C\u00e2mara"},"content":{"rendered":"\n<p>Dos projetos do Executivo que ser\u00e3o votados, apenas um tem parecer favor\u00e1vel<\/p>\n\n\n\n<p>Reportagem Fernando de Paula <\/p>\n\n\n\n<p class=\"has-drop-cap\">O prefeito Gilson de Souza n\u00e3o deve ter uma vida f\u00e1cil na C\u00e2mara Municipal hoje (11). A Casa de Leis francana vai votar seis projetos de autoria dele, dos quais cinco tiveram o parecer contr\u00e1rio das comiss\u00f5es permantentes, o que significa que primeiro o parecer deve ser derrubado, para que o projeto seja votado, o que geralmente n\u00e3o acontece. <br>\nA \u00fanica propositura com uma an\u00e1lise favor\u00e1vel das comiss\u00f5es \u00e9 o texto que autoriza a abertura de cr\u00e9dito adicional no or\u00e7amento de 2019, no valor de R$ 391 mil. A altera\u00e7\u00e3o \u00e9 para conv\u00eanio com o Centro de Ressocializa\u00e7\u00e3o de Franca.<br>\nAp\u00f3s ser adiado por uma sess\u00e3o, o projeto de lei que autoriza a abertura de cr\u00e9dito adicional especial no or\u00e7amento de 2019, no valor de R$ 86 mil, ser\u00e1 apreciado. A proposta faz altera\u00e7\u00f5es no Or\u00e7amento para realizar obras de adequa\u00e7\u00e3o de banheiros na Secretaria de A\u00e7\u00e3o Social. <br>\nO projeto de lei que disp\u00f5e sobre a cria\u00e7\u00e3o do Programa Bolsa de Medicina Municipal, tamb\u00e9m ser\u00e1 votado e foi outro a receber o parecer contr\u00e1rio. O programa vai destinar um valor mensal para o custeio de bolsas parciais de estudos para estudantes do curso de medicina. O Programa Bolsa de Estudos ser\u00e1 limitado a at\u00e9 seis estudantes no ano. As comiss\u00f5es tamb\u00e9m se posicionaram contr\u00e1rias ao PL que autoriza o Poder Executivo a repassar subs\u00eddio para o custeio do Transporte Coletivo. A propositura autoriza a Prefeitura  a realizar repasses mensais de at\u00e9 R$ 150 mil. O objetivo \u00e9 reduzir ou congelar o pre\u00e7o da passagem de \u00f4nibus.<br>\nNa mesma situa\u00e7\u00e3o est\u00e1 o projeto que pede autoriza\u00e7\u00e3o para a abertura de cr\u00e9ditos adicionais no or\u00e7amento fiscal de 2020, no valor total de at\u00e9 R$ 10,6 milh\u00f5es. A altera\u00e7\u00e3o no Or\u00e7amento vai permitir \u00e0 Prefeitura realizar obras de recapeamento. Ainda ir\u00e1 para vota\u00e7\u00e3o o parecer contr\u00e1rio referente ao projeto que autoriza o Poder Executivo a conceder bonifica\u00e7\u00e3o aos servidores municipais lotados e em efetivo exerc\u00edcio nas escolas, projetos, setores e \u00f3rg\u00e3o\/unidade administrativa da educa\u00e7\u00e3o b\u00e1sica. O texto autoriza a concess\u00e3o de um abono no valor de R$ 1 mil a professores e servidores da Educa\u00e7\u00e3o B\u00e1sica, com recursos do Fundeb (Fundo de Manuten\u00e7\u00e3o e Desenvolvimento da Educa\u00e7\u00e3o B\u00e1sica e de Valoriza\u00e7\u00e3o dos Profissionais da Educa\u00e7\u00e3o) repassados ao munic\u00edpio de Franca.<\/p>\n","protected":false},"excerpt":{"rendered":"<p>Dos projetos do Executivo que ser\u00e3o votados, apenas um tem parecer favor\u00e1vel Reportagem Fernando de Paula O prefeito Gilson de Souza n\u00e3o deve ter uma vida<span class=\"excerpt-hellip\"> [\u2026]<\/span><\/p>\n","protected":false},"author":10,"featured_media":3296,"comment_status":"open","ping_status":"open","sticky":false,"template":"","format":"standard","meta":{"_jetpack_memberships_contains_paid_content":false,"footnotes":"","jetpack_publicize_message":"","jetpack_publicize_feature_enabled":true,"jetpack_social_post_already_shared":false,"jetpack_social_options":{"image_generator_settings":{"template":"highway","default_image_id":0,"enabled":false},"version":2}},"categories":[28,44,1],"tags":[46],"class_list":["post-3295","post","type-post","status-publish","format-standard","has-post-thumbnail","hentry","category-cotidiano","category-noticias","category-sem-categoria","tag-cotidiano"],"yoast_head":"<!-- This site is optimized with the Yoast SEO plugin v25.6 - https:\/\/yoast.com\/wordpress\/plugins\/seo\/ -->\n<title>Gilson de Souza deve ter dia dif\u00edcil na C\u00e2mara - VerdadeOn<\/title>\n<meta name=\"robots\" content=\"index, follow, max-snippet:-1, max-image-preview:large, max-video-preview:-1\" \/>\n<link rel=\"canonical\" href=\"https:\/\/verdadeon.com.br\/portal\/2020\/02\/11\/gilson-de-souza-deve-ter-dia-dificil-na-camara\/\" \/>\n<meta property=\"og:locale\" content=\"pt_BR\" \/>\n<meta property=\"og:type\" content=\"article\" \/>\n<meta property=\"og:title\" content=\"Gilson de Souza deve ter dia dif\u00edcil na C\u00e2mara - VerdadeOn\" \/>\n<meta property=\"og:description\" content=\"Dos projetos do Executivo que ser\u00e3o votados, apenas um tem parecer favor\u00e1vel Reportagem Fernando de Paula O prefeito Gilson de Souza n\u00e3o deve ter uma vida [\u2026]\" \/>\n<meta property=\"og:url\" content=\"https:\/\/verdadeon.com.br\/portal\/2020\/02\/11\/gilson-de-souza-deve-ter-dia-dificil-na-camara\/\" \/>\n<meta property=\"og:site_name\" content=\"VerdadeOn\" \/>\n<meta property=\"article:published_time\" content=\"2020-02-11T10:00:00+00:00\" \/>\n<meta property=\"og:image\" content=\"https:\/\/verdadeon.com.br\/portal\/wp-content\/uploads\/2020\/02\/camara-municipal-de-franca-foto-guto-goncalves-4.jpg\" \/>\n\t<meta property=\"og:image:width\" content=\"1000\" \/>\n\t<meta property=\"og:image:height\" content=\"667\" \/>\n\t<meta property=\"og:image:type\" content=\"image\/jpeg\" \/>\n<meta name=\"author\" content=\"Redacao VerdadeOn\" \/>\n<meta name=\"twitter:card\" content=\"summary_large_image\" \/>\n<meta name=\"twitter:label1\" content=\"Escrito por\" \/>\n\t<meta name=\"twitter:data1\" content=\"Redacao VerdadeOn\" \/>\n\t<meta name=\"twitter:label2\" content=\"Est. tempo de leitura\" \/>\n\t<meta name=\"twitter:data2\" content=\"2 minutos\" \/>\n<script type=\"application\/ld+json\" class=\"yoast-schema-graph\">{\"@context\":\"https:\/\/schema.org\",\"@graph\":[{\"@type\":\"WebPage\",\"@id\":\"https:\/\/verdadeon.com.br\/portal\/2020\/02\/11\/gilson-de-souza-deve-ter-dia-dificil-na-camara\/\",\"url\":\"https:\/\/verdadeon.com.br\/portal\/2020\/02\/11\/gilson-de-souza-deve-ter-dia-dificil-na-camara\/\",\"name\":\"Gilson de Souza deve ter dia dif\u00edcil na C\u00e2mara - VerdadeOn\",\"isPartOf\":{\"@id\":\"https:\/\/verdadeon.com.br\/portal\/#website\"},\"primaryImageOfPage\":{\"@id\":\"https:\/\/verdadeon.com.br\/portal\/2020\/02\/11\/gilson-de-souza-deve-ter-dia-dificil-na-camara\/#primaryimage\"},\"image\":{\"@id\":\"https:\/\/verdadeon.com.br\/portal\/2020\/02\/11\/gilson-de-souza-deve-ter-dia-dificil-na-camara\/#primaryimage\"},\"thumbnailUrl\":\"https:\/\/i0.wp.com\/verdadeon.com.br\/portal\/wp-content\/uploads\/2020\/02\/camara-municipal-de-franca-foto-guto-goncalves-4.jpg?fit=1000%2C667&ssl=1\",\"datePublished\":\"2020-02-11T10:00:00+00:00\",\"author\":{\"@id\":\"https:\/\/verdadeon.com.br\/portal\/#\/schema\/person\/a5060ad1e9ea3df545188fc93ce43d2f\"},\"breadcrumb\":{\"@id\":\"https:\/\/verdadeon.com.br\/portal\/2020\/02\/11\/gilson-de-souza-deve-ter-dia-dificil-na-camara\/#breadcrumb\"},\"inLanguage\":\"pt-BR\",\"potentialAction\":[{\"@type\":\"ReadAction\",\"target\":[\"https:\/\/verdadeon.com.br\/portal\/2020\/02\/11\/gilson-de-souza-deve-ter-dia-dificil-na-camara\/\"]}]},{\"@type\":\"ImageObject\",\"inLanguage\":\"pt-BR\",\"@id\":\"https:\/\/verdadeon.com.br\/portal\/2020\/02\/11\/gilson-de-souza-deve-ter-dia-dificil-na-camara\/#primaryimage\",\"url\":\"https:\/\/i0.wp.com\/verdadeon.com.br\/portal\/wp-content\/uploads\/2020\/02\/camara-municipal-de-franca-foto-guto-goncalves-4.jpg?fit=1000%2C667&ssl=1\",\"contentUrl\":\"https:\/\/i0.wp.com\/verdadeon.com.br\/portal\/wp-content\/uploads\/2020\/02\/camara-municipal-de-franca-foto-guto-goncalves-4.jpg?fit=1000%2C667&ssl=1\",\"width\":1000,\"height\":667,\"caption\":\"sess\u00e3o - A ter\u00e7a-feira ter\u00e1 seis projetos para serem apreciados pelos vereadores de Franca, todos de autoria de Gilson de Souza. Destes, cinco possuem o parecer contr\u00e1rio, o que indica dificuldade para o Executivo | Foto: Arquivo\"},{\"@type\":\"BreadcrumbList\",\"@id\":\"https:\/\/verdadeon.com.br\/portal\/2020\/02\/11\/gilson-de-souza-deve-ter-dia-dificil-na-camara\/#breadcrumb\",\"itemListElement\":[{\"@type\":\"ListItem\",\"position\":1,\"name\":\"In\u00edcio\",\"item\":\"https:\/\/verdadeon.com.br\/portal\/\"},{\"@type\":\"ListItem\",\"position\":2,\"name\":\"Gilson de Souza deve ter dia dif\u00edcil na C\u00e2mara\"}]},{\"@type\":\"WebSite\",\"@id\":\"https:\/\/verdadeon.com.br\/portal\/#website\",\"url\":\"https:\/\/verdadeon.com.br\/portal\/\",\"name\":\"VerdadeOn\",\"description\":\"Not\u00edcias di\u00e1rias sobre Franca, Regi\u00e3o, Esporte, Cultura, Cotidiano, Colunas. Cobertura nos principais eventos da cidade \u00e9 aqui - Verdadeon Franca\",\"potentialAction\":[{\"@type\":\"SearchAction\",\"target\":{\"@type\":\"EntryPoint\",\"urlTemplate\":\"https:\/\/verdadeon.com.br\/portal\/?s={search_term_string}\"},\"query-input\":{\"@type\":\"PropertyValueSpecification\",\"valueRequired\":true,\"valueName\":\"search_term_string\"}}],\"inLanguage\":\"pt-BR\"},{\"@type\":\"Person\",\"@id\":\"https:\/\/verdadeon.com.br\/portal\/#\/schema\/person\/a5060ad1e9ea3df545188fc93ce43d2f\",\"name\":\"Redacao VerdadeOn\",\"image\":{\"@type\":\"ImageObject\",\"inLanguage\":\"pt-BR\",\"@id\":\"https:\/\/verdadeon.com.br\/portal\/#\/schema\/person\/image\/\",\"url\":\"https:\/\/secure.gravatar.com\/avatar\/459a9613caaaf07f582c3d0841eea68bdd66f533e465e6ba8b9cb45619572cf4?s=96&d=mm&r=g\",\"contentUrl\":\"https:\/\/secure.gravatar.com\/avatar\/459a9613caaaf07f582c3d0841eea68bdd66f533e465e6ba8b9cb45619572cf4?s=96&d=mm&r=g\",\"caption\":\"Redacao VerdadeOn\"},\"url\":\"https:\/\/verdadeon.com.br\/portal\/author\/redacao\/\"}]}<\/script>\n<!-- \/ Yoast SEO plugin. -->","yoast_head_json":{"title":"Gilson de Souza deve ter dia dif\u00edcil na C\u00e2mara - VerdadeOn","robots":{"index":"index","follow":"follow","max-snippet":"max-snippet:-1","max-image-preview":"max-image-preview:large","max-video-preview":"max-video-preview:-1"},"canonical":"https:\/\/verdadeon.com.br\/portal\/2020\/02\/11\/gilson-de-souza-deve-ter-dia-dificil-na-camara\/","og_locale":"pt_BR","og_type":"article","og_title":"Gilson de Souza deve ter dia dif\u00edcil na C\u00e2mara - VerdadeOn","og_description":"Dos projetos do Executivo que ser\u00e3o votados, apenas um tem parecer favor\u00e1vel Reportagem Fernando de Paula O prefeito Gilson de Souza n\u00e3o deve ter uma vida [\u2026]","og_url":"https:\/\/verdadeon.com.br\/portal\/2020\/02\/11\/gilson-de-souza-deve-ter-dia-dificil-na-camara\/","og_site_name":"VerdadeOn","article_published_time":"2020-02-11T10:00:00+00:00","og_image":[{"width":1000,"height":667,"url":"https:\/\/verdadeon.com.br\/portal\/wp-content\/uploads\/2020\/02\/camara-municipal-de-franca-foto-guto-goncalves-4.jpg","type":"image\/jpeg"}],"author":"Redacao VerdadeOn","twitter_card":"summary_large_image","twitter_misc":{"Escrito por":"Redacao VerdadeOn","Est. tempo de leitura":"2 minutos"},"schema":{"@context":"https:\/\/schema.org","@graph":[{"@type":"WebPage","@id":"https:\/\/verdadeon.com.br\/portal\/2020\/02\/11\/gilson-de-souza-deve-ter-dia-dificil-na-camara\/","url":"https:\/\/verdadeon.com.br\/portal\/2020\/02\/11\/gilson-de-souza-deve-ter-dia-dificil-na-camara\/","name":"Gilson de Souza deve ter dia dif\u00edcil na C\u00e2mara - VerdadeOn","isPartOf":{"@id":"https:\/\/verdadeon.com.br\/portal\/#website"},"primaryImageOfPage":{"@id":"https:\/\/verdadeon.com.br\/portal\/2020\/02\/11\/gilson-de-souza-deve-ter-dia-dificil-na-camara\/#primaryimage"},"image":{"@id":"https:\/\/verdadeon.com.br\/portal\/2020\/02\/11\/gilson-de-souza-deve-ter-dia-dificil-na-camara\/#primaryimage"},"thumbnailUrl":"https:\/\/i0.wp.com\/verdadeon.com.br\/portal\/wp-content\/uploads\/2020\/02\/camara-municipal-de-franca-foto-guto-goncalves-4.jpg?fit=1000%2C667&ssl=1","datePublished":"2020-02-11T10:00:00+00:00","author":{"@id":"https:\/\/verdadeon.com.br\/portal\/#\/schema\/person\/a5060ad1e9ea3df545188fc93ce43d2f"},"breadcrumb":{"@id":"https:\/\/verdadeon.com.br\/portal\/2020\/02\/11\/gilson-de-souza-deve-ter-dia-dificil-na-camara\/#breadcrumb"},"inLanguage":"pt-BR","potentialAction":[{"@type":"ReadAction","target":["https:\/\/verdadeon.com.br\/portal\/2020\/02\/11\/gilson-de-souza-deve-ter-dia-dificil-na-camara\/"]}]},{"@type":"ImageObject","inLanguage":"pt-BR","@id":"https:\/\/verdadeon.com.br\/portal\/2020\/02\/11\/gilson-de-souza-deve-ter-dia-dificil-na-camara\/#primaryimage","url":"https:\/\/i0.wp.com\/verdadeon.com.br\/portal\/wp-content\/uploads\/2020\/02\/camara-municipal-de-franca-foto-guto-goncalves-4.jpg?fit=1000%2C667&ssl=1","contentUrl":"https:\/\/i0.wp.com\/verdadeon.com.br\/portal\/wp-content\/uploads\/2020\/02\/camara-municipal-de-franca-foto-guto-goncalves-4.jpg?fit=1000%2C667&ssl=1","width":1000,"height":667,"caption":"sess\u00e3o - A ter\u00e7a-feira ter\u00e1 seis projetos para serem apreciados pelos vereadores de Franca, todos de autoria de Gilson de Souza. Destes, cinco possuem o parecer contr\u00e1rio, o que indica dificuldade para o Executivo | Foto: Arquivo"},{"@type":"BreadcrumbList","@id":"https:\/\/verdadeon.com.br\/portal\/2020\/02\/11\/gilson-de-souza-deve-ter-dia-dificil-na-camara\/#breadcrumb","itemListElement":[{"@type":"ListItem","position":1,"name":"In\u00edcio","item":"https:\/\/verdadeon.com.br\/portal\/"},{"@type":"ListItem","position":2,"name":"Gilson de Souza deve ter dia dif\u00edcil na C\u00e2mara"}]},{"@type":"WebSite","@id":"https:\/\/verdadeon.com.br\/portal\/#website","url":"https:\/\/verdadeon.com.br\/portal\/","name":"VerdadeOn","description":"Not\u00edcias di\u00e1rias sobre Franca, Regi\u00e3o, Esporte, Cultura, Cotidiano, Colunas. Cobertura nos principais eventos da cidade \u00e9 aqui - Verdadeon Franca","potentialAction":[{"@type":"SearchAction","target":{"@type":"EntryPoint","urlTemplate":"https:\/\/verdadeon.com.br\/portal\/?s={search_term_string}"},"query-input":{"@type":"PropertyValueSpecification","valueRequired":true,"valueName":"search_term_string"}}],"inLanguage":"pt-BR"},{"@type":"Person","@id":"https:\/\/verdadeon.com.br\/portal\/#\/schema\/person\/a5060ad1e9ea3df545188fc93ce43d2f","name":"Redacao VerdadeOn","image":{"@type":"ImageObject","inLanguage":"pt-BR","@id":"https:\/\/verdadeon.com.br\/portal\/#\/schema\/person\/image\/","url":"https:\/\/secure.gravatar.com\/avatar\/459a9613caaaf07f582c3d0841eea68bdd66f533e465e6ba8b9cb45619572cf4?s=96&d=mm&r=g","contentUrl":"https:\/\/secure.gravatar.com\/avatar\/459a9613caaaf07f582c3d0841eea68bdd66f533e465e6ba8b9cb45619572cf4?s=96&d=mm&r=g","caption":"Redacao VerdadeOn"},"url":"https:\/\/verdadeon.com.br\/portal\/author\/redacao\/"}]}},"jetpack_publicize_connections":[],"jetpack_featured_media_url":"https:\/\/i0.wp.com\/verdadeon.com.br\/portal\/wp-content\/uploads\/2020\/02\/camara-municipal-de-franca-foto-guto-goncalves-4.jpg?fit=1000%2C667&ssl=1","jetpack_sharing_enabled":true,"_links":{"self":[{"href":"https:\/\/verdadeon.com.br\/portal\/wp-json\/wp\/v2\/posts\/3295","targetHints":{"allow":["GET"]}}],"collection":[{"href":"https:\/\/verdadeon.com.br\/portal\/wp-json\/wp\/v2\/posts"}],"about":[{"href":"https:\/\/verdadeon.com.br\/portal\/wp-json\/wp\/v2\/types\/post"}],"author":[{"embeddable":true,"href":"https:\/\/verdadeon.com.br\/portal\/wp-json\/wp\/v2\/users\/10"}],"replies":[{"embeddable":true,"href":"https:\/\/verdadeon.com.br\/portal\/wp-json\/wp\/v2\/comments?post=3295"}],"version-history":[{"count":0,"href":"https:\/\/verdadeon.com.br\/portal\/wp-json\/wp\/v2\/posts\/3295\/revisions"}],"wp:featuredmedia":[{"embeddable":true,"href":"https:\/\/verdadeon.com.br\/portal\/wp-json\/wp\/v2\/media\/3296"}],"wp:attachment":[{"href":"https:\/\/verdadeon.com.br\/portal\/wp-json\/wp\/v2\/media?parent=3295"}],"wp:term":[{"taxonomy":"category","embeddable":true,"href":"https:\/\/verdadeon.com.br\/portal\/wp-json\/wp\/v2\/categories?post=3295"},{"taxonomy":"post_tag","embeddable":true,"href":"https:\/\/verdadeon.com.br\/portal\/wp-json\/wp\/v2\/tags?post=3295"}],"curies":[{"name":"wp","href":"https:\/\/api.w.org\/{rel}","templated":true}]}}