{"id":32941,"date":"2023-03-27T11:00:36","date_gmt":"2023-03-27T14:00:36","guid":{"rendered":"https:\/\/verdadeon.com.br\/portal\/?p=32941"},"modified":"2023-03-27T16:16:39","modified_gmt":"2023-03-27T19:16:39","slug":"estado-diminui-em-33-roubo-de-celular-com-prisoes-de-assaltantes-e-receptadores","status":"publish","type":"post","link":"https:\/\/verdadeon.com.br\/portal\/2023\/03\/27\/estado-diminui-em-33-roubo-de-celular-com-prisoes-de-assaltantes-e-receptadores\/","title":{"rendered":"Estado diminui em 33% roubo de celular com pris\u00f5es de assaltantes e receptadores"},"content":{"rendered":"<h2 class=\"excerpt\">Nos dois primeiros meses do ano, mais de 30 mil pessoas foram presas<\/h2>\n<p>O trabalho policial realizado nos meses de janeiro e fevereiro no Estado possibilitaram uma queda de 33,3% dos roubos de celulares quando comparado ao mesmo per\u00edodo do ano passado. De 27.861 , os n\u00fameros ca\u00edram para 18.577. Os furtos tamb\u00e9m reduziram 22% na compara\u00e7\u00e3o com o mesmo per\u00edodo. De 24.824 casos para 19.344.<\/p>\n<p>O enfrentamento da Secretaria de Seguran\u00e7a P\u00fablica a esse problema encontrado no in\u00edcio do ano traduz-se nos n\u00fameros de pris\u00f5es: um aumento de 12,6%, nos meses de janeiro e fevereiro. Foram mais de 30.538 pessoas presas. No mesmo per\u00edodo do ano passado, foram 27.108.<\/p>\n<p>Esses s\u00e3o os resultados de um trabalho constante realizado pelas pol\u00edcias desde o come\u00e7o do ano. \u00c9 poss\u00edvel destacar o refor\u00e7o de 17 mil policiais nas ruas com a Opera\u00e7\u00e3o Impacto, realizada em todo Estado.<\/p>\n<p>Outro ponto foi o trabalho realizado pela Pol\u00edcia Militar e pela Pol\u00edcia Civil durante os eventos que aconteceram no m\u00eas de fevereiro devido as festividades do carnaval. A Opera\u00e7\u00e3o Adaga, feita por policiais militares, entre os dias 02 e 10 de fevereiro, retirou das ruas 1.089 procurados da Justi\u00e7a.<\/p>\n<p>Em uma das a\u00e7\u00f5es durante o carnaval, policiais civis do DEIC prenderam, no dia 19 de fevereiro, quatro criminosos, dois homens e duas mulheres, ap\u00f3s furtarem celulares em bloco de carnaval na Vila Mariana. Com eles, foram encontrados 22 aparelhos.<\/p>\n<p>No dia 18 de fevereiro, policiais do DOPE prenderam 11 pessoas e apreenderam um adolescente tamb\u00e9m por furtos e roubos na regi\u00e3o do Ibirapuera. Eles tinham 46 celulares.<\/p>\n<p>Fonte: SP Not\u00edcias<\/p>\n","protected":false},"excerpt":{"rendered":"<p>Nos dois primeiros meses do ano, mais de 30 mil pessoas foram presas O trabalho policial realizado nos meses de janeiro e fevereiro no Estado possibilitaram<span class=\"excerpt-hellip\"> [\u2026]<\/span><\/p>\n","protected":false},"author":10,"featured_media":32883,"comment_status":"open","ping_status":"open","sticky":false,"template":"","format":"standard","meta":{"_jetpack_memberships_contains_paid_content":false,"footnotes":"","jetpack_publicize_message":"","jetpack_publicize_feature_enabled":true,"jetpack_social_post_already_shared":false,"jetpack_social_options":{"image_generator_settings":{"template":"highway","default_image_id":0,"enabled":false},"version":2}},"categories":[28,44],"tags":[],"class_list":["post-32941","post","type-post","status-publish","format-standard","has-post-thumbnail","hentry","category-cotidiano","category-noticias"],"yoast_head":"<!-- This site is optimized with the Yoast SEO plugin v25.6 - https:\/\/yoast.com\/wordpress\/plugins\/seo\/ -->\n<title>Estado diminui em 33% roubo de celular com pris\u00f5es de assaltantes e receptadores - VerdadeOn<\/title>\n<meta name=\"robots\" content=\"index, follow, max-snippet:-1, max-image-preview:large, max-video-preview:-1\" \/>\n<link rel=\"canonical\" href=\"https:\/\/verdadeon.com.br\/portal\/2023\/03\/27\/estado-diminui-em-33-roubo-de-celular-com-prisoes-de-assaltantes-e-receptadores\/\" \/>\n<meta property=\"og:locale\" content=\"pt_BR\" \/>\n<meta property=\"og:type\" content=\"article\" \/>\n<meta property=\"og:title\" content=\"Estado diminui em 33% roubo de celular com pris\u00f5es de assaltantes e receptadores - VerdadeOn\" \/>\n<meta property=\"og:description\" content=\"Nos dois primeiros meses do ano, mais de 30 mil pessoas foram presas O trabalho policial realizado nos meses de janeiro e fevereiro no Estado possibilitaram [\u2026]\" \/>\n<meta property=\"og:url\" content=\"https:\/\/verdadeon.com.br\/portal\/2023\/03\/27\/estado-diminui-em-33-roubo-de-celular-com-prisoes-de-assaltantes-e-receptadores\/\" \/>\n<meta property=\"og:site_name\" content=\"VerdadeOn\" \/>\n<meta property=\"article:published_time\" content=\"2023-03-27T14:00:36+00:00\" \/>\n<meta property=\"article:modified_time\" content=\"2023-03-27T19:16:39+00:00\" \/>\n<meta property=\"og:image\" content=\"https:\/\/verdadeon.com.br\/portal\/wp-content\/uploads\/2023\/03\/palacio-da-policia-limpa-1.jpg\" \/>\n\t<meta property=\"og:image:width\" content=\"700\" \/>\n\t<meta property=\"og:image:height\" content=\"439\" \/>\n\t<meta property=\"og:image:type\" content=\"image\/jpeg\" \/>\n<meta name=\"author\" content=\"Redacao VerdadeOn\" \/>\n<meta name=\"twitter:card\" content=\"summary_large_image\" \/>\n<meta name=\"twitter:label1\" content=\"Escrito por\" \/>\n\t<meta name=\"twitter:data1\" content=\"Redacao VerdadeOn\" \/>\n\t<meta name=\"twitter:label2\" content=\"Est. tempo de leitura\" \/>\n\t<meta name=\"twitter:data2\" content=\"2 minutos\" \/>\n<script type=\"application\/ld+json\" class=\"yoast-schema-graph\">{\"@context\":\"https:\/\/schema.org\",\"@graph\":[{\"@type\":\"WebPage\",\"@id\":\"https:\/\/verdadeon.com.br\/portal\/2023\/03\/27\/estado-diminui-em-33-roubo-de-celular-com-prisoes-de-assaltantes-e-receptadores\/\",\"url\":\"https:\/\/verdadeon.com.br\/portal\/2023\/03\/27\/estado-diminui-em-33-roubo-de-celular-com-prisoes-de-assaltantes-e-receptadores\/\",\"name\":\"Estado diminui em 33% roubo de celular com pris\u00f5es de assaltantes e receptadores - VerdadeOn\",\"isPartOf\":{\"@id\":\"https:\/\/verdadeon.com.br\/portal\/#website\"},\"primaryImageOfPage\":{\"@id\":\"https:\/\/verdadeon.com.br\/portal\/2023\/03\/27\/estado-diminui-em-33-roubo-de-celular-com-prisoes-de-assaltantes-e-receptadores\/#primaryimage\"},\"image\":{\"@id\":\"https:\/\/verdadeon.com.br\/portal\/2023\/03\/27\/estado-diminui-em-33-roubo-de-celular-com-prisoes-de-assaltantes-e-receptadores\/#primaryimage\"},\"thumbnailUrl\":\"https:\/\/i0.wp.com\/verdadeon.com.br\/portal\/wp-content\/uploads\/2023\/03\/palacio-da-policia-limpa-1.jpg?fit=700%2C439&ssl=1\",\"datePublished\":\"2023-03-27T14:00:36+00:00\",\"dateModified\":\"2023-03-27T19:16:39+00:00\",\"author\":{\"@id\":\"https:\/\/verdadeon.com.br\/portal\/#\/schema\/person\/a5060ad1e9ea3df545188fc93ce43d2f\"},\"breadcrumb\":{\"@id\":\"https:\/\/verdadeon.com.br\/portal\/2023\/03\/27\/estado-diminui-em-33-roubo-de-celular-com-prisoes-de-assaltantes-e-receptadores\/#breadcrumb\"},\"inLanguage\":\"pt-BR\",\"potentialAction\":[{\"@type\":\"ReadAction\",\"target\":[\"https:\/\/verdadeon.com.br\/portal\/2023\/03\/27\/estado-diminui-em-33-roubo-de-celular-com-prisoes-de-assaltantes-e-receptadores\/\"]}]},{\"@type\":\"ImageObject\",\"inLanguage\":\"pt-BR\",\"@id\":\"https:\/\/verdadeon.com.br\/portal\/2023\/03\/27\/estado-diminui-em-33-roubo-de-celular-com-prisoes-de-assaltantes-e-receptadores\/#primaryimage\",\"url\":\"https:\/\/i0.wp.com\/verdadeon.com.br\/portal\/wp-content\/uploads\/2023\/03\/palacio-da-policia-limpa-1.jpg?fit=700%2C439&ssl=1\",\"contentUrl\":\"https:\/\/i0.wp.com\/verdadeon.com.br\/portal\/wp-content\/uploads\/2023\/03\/palacio-da-policia-limpa-1.jpg?fit=700%2C439&ssl=1\",\"width\":700,\"height\":439,\"caption\":\"Trabalho da pol\u00edcia diminui em 33,3% n\u00famero de roubos a celulares no Estado de S\u00e3o Paulo.\"},{\"@type\":\"BreadcrumbList\",\"@id\":\"https:\/\/verdadeon.com.br\/portal\/2023\/03\/27\/estado-diminui-em-33-roubo-de-celular-com-prisoes-de-assaltantes-e-receptadores\/#breadcrumb\",\"itemListElement\":[{\"@type\":\"ListItem\",\"position\":1,\"name\":\"In\u00edcio\",\"item\":\"https:\/\/verdadeon.com.br\/portal\/\"},{\"@type\":\"ListItem\",\"position\":2,\"name\":\"Estado diminui em 33% roubo de celular com pris\u00f5es de assaltantes e receptadores\"}]},{\"@type\":\"WebSite\",\"@id\":\"https:\/\/verdadeon.com.br\/portal\/#website\",\"url\":\"https:\/\/verdadeon.com.br\/portal\/\",\"name\":\"VerdadeOn\",\"description\":\"Not\u00edcias di\u00e1rias sobre Franca, Regi\u00e3o, Esporte, Cultura, Cotidiano, Colunas. Cobertura nos principais eventos da cidade \u00e9 aqui - Verdadeon Franca\",\"potentialAction\":[{\"@type\":\"SearchAction\",\"target\":{\"@type\":\"EntryPoint\",\"urlTemplate\":\"https:\/\/verdadeon.com.br\/portal\/?s={search_term_string}\"},\"query-input\":{\"@type\":\"PropertyValueSpecification\",\"valueRequired\":true,\"valueName\":\"search_term_string\"}}],\"inLanguage\":\"pt-BR\"},{\"@type\":\"Person\",\"@id\":\"https:\/\/verdadeon.com.br\/portal\/#\/schema\/person\/a5060ad1e9ea3df545188fc93ce43d2f\",\"name\":\"Redacao VerdadeOn\",\"image\":{\"@type\":\"ImageObject\",\"inLanguage\":\"pt-BR\",\"@id\":\"https:\/\/verdadeon.com.br\/portal\/#\/schema\/person\/image\/\",\"url\":\"https:\/\/secure.gravatar.com\/avatar\/459a9613caaaf07f582c3d0841eea68bdd66f533e465e6ba8b9cb45619572cf4?s=96&d=mm&r=g\",\"contentUrl\":\"https:\/\/secure.gravatar.com\/avatar\/459a9613caaaf07f582c3d0841eea68bdd66f533e465e6ba8b9cb45619572cf4?s=96&d=mm&r=g\",\"caption\":\"Redacao VerdadeOn\"},\"url\":\"https:\/\/verdadeon.com.br\/portal\/author\/redacao\/\"}]}<\/script>\n<!-- \/ Yoast SEO plugin. -->","yoast_head_json":{"title":"Estado diminui em 33% roubo de celular com pris\u00f5es de assaltantes e receptadores - VerdadeOn","robots":{"index":"index","follow":"follow","max-snippet":"max-snippet:-1","max-image-preview":"max-image-preview:large","max-video-preview":"max-video-preview:-1"},"canonical":"https:\/\/verdadeon.com.br\/portal\/2023\/03\/27\/estado-diminui-em-33-roubo-de-celular-com-prisoes-de-assaltantes-e-receptadores\/","og_locale":"pt_BR","og_type":"article","og_title":"Estado diminui em 33% roubo de celular com pris\u00f5es de assaltantes e receptadores - VerdadeOn","og_description":"Nos dois primeiros meses do ano, mais de 30 mil pessoas foram presas O trabalho policial realizado nos meses de janeiro e fevereiro no Estado possibilitaram [\u2026]","og_url":"https:\/\/verdadeon.com.br\/portal\/2023\/03\/27\/estado-diminui-em-33-roubo-de-celular-com-prisoes-de-assaltantes-e-receptadores\/","og_site_name":"VerdadeOn","article_published_time":"2023-03-27T14:00:36+00:00","article_modified_time":"2023-03-27T19:16:39+00:00","og_image":[{"width":700,"height":439,"url":"https:\/\/verdadeon.com.br\/portal\/wp-content\/uploads\/2023\/03\/palacio-da-policia-limpa-1.jpg","type":"image\/jpeg"}],"author":"Redacao VerdadeOn","twitter_card":"summary_large_image","twitter_misc":{"Escrito por":"Redacao VerdadeOn","Est. tempo de leitura":"2 minutos"},"schema":{"@context":"https:\/\/schema.org","@graph":[{"@type":"WebPage","@id":"https:\/\/verdadeon.com.br\/portal\/2023\/03\/27\/estado-diminui-em-33-roubo-de-celular-com-prisoes-de-assaltantes-e-receptadores\/","url":"https:\/\/verdadeon.com.br\/portal\/2023\/03\/27\/estado-diminui-em-33-roubo-de-celular-com-prisoes-de-assaltantes-e-receptadores\/","name":"Estado diminui em 33% roubo de celular com pris\u00f5es de assaltantes e receptadores - VerdadeOn","isPartOf":{"@id":"https:\/\/verdadeon.com.br\/portal\/#website"},"primaryImageOfPage":{"@id":"https:\/\/verdadeon.com.br\/portal\/2023\/03\/27\/estado-diminui-em-33-roubo-de-celular-com-prisoes-de-assaltantes-e-receptadores\/#primaryimage"},"image":{"@id":"https:\/\/verdadeon.com.br\/portal\/2023\/03\/27\/estado-diminui-em-33-roubo-de-celular-com-prisoes-de-assaltantes-e-receptadores\/#primaryimage"},"thumbnailUrl":"https:\/\/i0.wp.com\/verdadeon.com.br\/portal\/wp-content\/uploads\/2023\/03\/palacio-da-policia-limpa-1.jpg?fit=700%2C439&ssl=1","datePublished":"2023-03-27T14:00:36+00:00","dateModified":"2023-03-27T19:16:39+00:00","author":{"@id":"https:\/\/verdadeon.com.br\/portal\/#\/schema\/person\/a5060ad1e9ea3df545188fc93ce43d2f"},"breadcrumb":{"@id":"https:\/\/verdadeon.com.br\/portal\/2023\/03\/27\/estado-diminui-em-33-roubo-de-celular-com-prisoes-de-assaltantes-e-receptadores\/#breadcrumb"},"inLanguage":"pt-BR","potentialAction":[{"@type":"ReadAction","target":["https:\/\/verdadeon.com.br\/portal\/2023\/03\/27\/estado-diminui-em-33-roubo-de-celular-com-prisoes-de-assaltantes-e-receptadores\/"]}]},{"@type":"ImageObject","inLanguage":"pt-BR","@id":"https:\/\/verdadeon.com.br\/portal\/2023\/03\/27\/estado-diminui-em-33-roubo-de-celular-com-prisoes-de-assaltantes-e-receptadores\/#primaryimage","url":"https:\/\/i0.wp.com\/verdadeon.com.br\/portal\/wp-content\/uploads\/2023\/03\/palacio-da-policia-limpa-1.jpg?fit=700%2C439&ssl=1","contentUrl":"https:\/\/i0.wp.com\/verdadeon.com.br\/portal\/wp-content\/uploads\/2023\/03\/palacio-da-policia-limpa-1.jpg?fit=700%2C439&ssl=1","width":700,"height":439,"caption":"Trabalho da pol\u00edcia diminui em 33,3% n\u00famero de roubos a celulares no Estado de S\u00e3o Paulo."},{"@type":"BreadcrumbList","@id":"https:\/\/verdadeon.com.br\/portal\/2023\/03\/27\/estado-diminui-em-33-roubo-de-celular-com-prisoes-de-assaltantes-e-receptadores\/#breadcrumb","itemListElement":[{"@type":"ListItem","position":1,"name":"In\u00edcio","item":"https:\/\/verdadeon.com.br\/portal\/"},{"@type":"ListItem","position":2,"name":"Estado diminui em 33% roubo de celular com pris\u00f5es de assaltantes e receptadores"}]},{"@type":"WebSite","@id":"https:\/\/verdadeon.com.br\/portal\/#website","url":"https:\/\/verdadeon.com.br\/portal\/","name":"VerdadeOn","description":"Not\u00edcias di\u00e1rias sobre Franca, Regi\u00e3o, Esporte, Cultura, Cotidiano, Colunas. Cobertura nos principais eventos da cidade \u00e9 aqui - Verdadeon Franca","potentialAction":[{"@type":"SearchAction","target":{"@type":"EntryPoint","urlTemplate":"https:\/\/verdadeon.com.br\/portal\/?s={search_term_string}"},"query-input":{"@type":"PropertyValueSpecification","valueRequired":true,"valueName":"search_term_string"}}],"inLanguage":"pt-BR"},{"@type":"Person","@id":"https:\/\/verdadeon.com.br\/portal\/#\/schema\/person\/a5060ad1e9ea3df545188fc93ce43d2f","name":"Redacao VerdadeOn","image":{"@type":"ImageObject","inLanguage":"pt-BR","@id":"https:\/\/verdadeon.com.br\/portal\/#\/schema\/person\/image\/","url":"https:\/\/secure.gravatar.com\/avatar\/459a9613caaaf07f582c3d0841eea68bdd66f533e465e6ba8b9cb45619572cf4?s=96&d=mm&r=g","contentUrl":"https:\/\/secure.gravatar.com\/avatar\/459a9613caaaf07f582c3d0841eea68bdd66f533e465e6ba8b9cb45619572cf4?s=96&d=mm&r=g","caption":"Redacao VerdadeOn"},"url":"https:\/\/verdadeon.com.br\/portal\/author\/redacao\/"}]}},"jetpack_publicize_connections":[],"jetpack_featured_media_url":"https:\/\/i0.wp.com\/verdadeon.com.br\/portal\/wp-content\/uploads\/2023\/03\/palacio-da-policia-limpa-1.jpg?fit=700%2C439&ssl=1","jetpack_sharing_enabled":true,"_links":{"self":[{"href":"https:\/\/verdadeon.com.br\/portal\/wp-json\/wp\/v2\/posts\/32941","targetHints":{"allow":["GET"]}}],"collection":[{"href":"https:\/\/verdadeon.com.br\/portal\/wp-json\/wp\/v2\/posts"}],"about":[{"href":"https:\/\/verdadeon.com.br\/portal\/wp-json\/wp\/v2\/types\/post"}],"author":[{"embeddable":true,"href":"https:\/\/verdadeon.com.br\/portal\/wp-json\/wp\/v2\/users\/10"}],"replies":[{"embeddable":true,"href":"https:\/\/verdadeon.com.br\/portal\/wp-json\/wp\/v2\/comments?post=32941"}],"version-history":[{"count":1,"href":"https:\/\/verdadeon.com.br\/portal\/wp-json\/wp\/v2\/posts\/32941\/revisions"}],"predecessor-version":[{"id":32943,"href":"https:\/\/verdadeon.com.br\/portal\/wp-json\/wp\/v2\/posts\/32941\/revisions\/32943"}],"wp:featuredmedia":[{"embeddable":true,"href":"https:\/\/verdadeon.com.br\/portal\/wp-json\/wp\/v2\/media\/32883"}],"wp:attachment":[{"href":"https:\/\/verdadeon.com.br\/portal\/wp-json\/wp\/v2\/media?parent=32941"}],"wp:term":[{"taxonomy":"category","embeddable":true,"href":"https:\/\/verdadeon.com.br\/portal\/wp-json\/wp\/v2\/categories?post=32941"},{"taxonomy":"post_tag","embeddable":true,"href":"https:\/\/verdadeon.com.br\/portal\/wp-json\/wp\/v2\/tags?post=32941"}],"curies":[{"name":"wp","href":"https:\/\/api.w.org\/{rel}","templated":true}]}}