{"id":32936,"date":"2023-03-27T10:00:28","date_gmt":"2023-03-27T13:00:28","guid":{"rendered":"https:\/\/verdadeon.com.br\/portal\/?p=32936"},"modified":"2023-03-27T14:42:12","modified_gmt":"2023-03-27T17:42:12","slug":"jovem-de-24-anos-vai-a-santa-casa-sozinho-apos-ser-baleado-no-abdomen","status":"publish","type":"post","link":"https:\/\/verdadeon.com.br\/portal\/2023\/03\/27\/jovem-de-24-anos-vai-a-santa-casa-sozinho-apos-ser-baleado-no-abdomen\/","title":{"rendered":"Jovem de 24 anos vai \u00e0 Santa Casa sozinho ap\u00f3s ser baleado no abd\u00f4men"},"content":{"rendered":"<h2>Equipe do hospital acionou a Pol\u00edcia Civil; existe a suspeita de tentativa de homic\u00eddio<\/h2>\n<p>Na manh\u00e3 deste domingo, 26, Douglas Luiz de Faria, 24, procurou atendimento na Santa Casa de Franca, sozinho, ap\u00f3s ter sido baleado na regi\u00e3o do abd\u00f4men.<\/p>\n<p>Segundo consta no boletim de ocorr\u00eancia, o homem havia chegado \u00e0 Santa Casa por volta das 6 horas, bastante desorientado. Ele foi ent\u00e3o levado para o atendimento e precisou fazer uma cirurgia de emerg\u00eancia, em raz\u00e3o dos ferimentos.<\/p>\n<p>Enquanto a pol\u00edcia registrava a ocorr\u00eancia, n\u00e3o foi poss\u00edvel recolher o seu depoimento, pois ele estava sendo operado. De acordo com a Pol\u00edcia Militar, que foi contatada pelos investigadores da Pol\u00edcia Civil, n\u00e3o havia nenhum registro de disparo por arma de fogo at\u00e9 aquele momento.<\/p>\n<p>Todos os fatores indicam uma suspeita de tentativa de homic\u00eddio. Douglas se recupera na unidade de sa\u00fade onde, ap\u00f3s ser liberado, dever\u00e1 dar sua vers\u00e3o do ocorrido \u00e0 pol\u00edcia. Os agentes seguem investigando o caso.<\/p>\n","protected":false},"excerpt":{"rendered":"<p>Equipe do hospital acionou a Pol\u00edcia Civil; existe a suspeita de tentativa de homic\u00eddio Na manh\u00e3 deste domingo, 26, Douglas Luiz de Faria, 24, procurou atendimento<span class=\"excerpt-hellip\"> [\u2026]<\/span><\/p>\n","protected":false},"author":10,"featured_media":8538,"comment_status":"open","ping_status":"open","sticky":false,"template":"","format":"standard","meta":{"_jetpack_memberships_contains_paid_content":false,"footnotes":"","jetpack_publicize_message":"","jetpack_publicize_feature_enabled":true,"jetpack_social_post_already_shared":false,"jetpack_social_options":{"image_generator_settings":{"template":"highway","default_image_id":0,"enabled":false},"version":2}},"categories":[28,44],"tags":[],"class_list":["post-32936","post","type-post","status-publish","format-standard","has-post-thumbnail","hentry","category-cotidiano","category-noticias"],"yoast_head":"<!-- This site is optimized with the Yoast SEO plugin v25.6 - https:\/\/yoast.com\/wordpress\/plugins\/seo\/ -->\n<title>Jovem de 24 anos vai \u00e0 Santa Casa sozinho ap\u00f3s ser baleado no abd\u00f4men - VerdadeOn<\/title>\n<meta name=\"robots\" content=\"index, follow, max-snippet:-1, max-image-preview:large, max-video-preview:-1\" \/>\n<link rel=\"canonical\" href=\"https:\/\/verdadeon.com.br\/portal\/2023\/03\/27\/jovem-de-24-anos-vai-a-santa-casa-sozinho-apos-ser-baleado-no-abdomen\/\" \/>\n<meta property=\"og:locale\" content=\"pt_BR\" \/>\n<meta property=\"og:type\" content=\"article\" \/>\n<meta property=\"og:title\" content=\"Jovem de 24 anos vai \u00e0 Santa Casa sozinho ap\u00f3s ser baleado no abd\u00f4men - VerdadeOn\" \/>\n<meta property=\"og:description\" content=\"Equipe do hospital acionou a Pol\u00edcia Civil; existe a suspeita de tentativa de homic\u00eddio Na manh\u00e3 deste domingo, 26, Douglas Luiz de Faria, 24, procurou atendimento [\u2026]\" \/>\n<meta property=\"og:url\" content=\"https:\/\/verdadeon.com.br\/portal\/2023\/03\/27\/jovem-de-24-anos-vai-a-santa-casa-sozinho-apos-ser-baleado-no-abdomen\/\" \/>\n<meta property=\"og:site_name\" content=\"VerdadeOn\" \/>\n<meta property=\"article:published_time\" content=\"2023-03-27T13:00:28+00:00\" \/>\n<meta property=\"article:modified_time\" content=\"2023-03-27T17:42:12+00:00\" \/>\n<meta property=\"og:image\" content=\"https:\/\/verdadeon.com.br\/portal\/wp-content\/uploads\/2020\/07\/WhatsApp-Image-2020-07-04-at-17.47.55.jpeg\" \/>\n\t<meta property=\"og:image:width\" content=\"1000\" \/>\n\t<meta property=\"og:image:height\" content=\"670\" \/>\n\t<meta property=\"og:image:type\" content=\"image\/jpeg\" \/>\n<meta name=\"author\" content=\"Redacao VerdadeOn\" \/>\n<meta name=\"twitter:card\" content=\"summary_large_image\" \/>\n<meta name=\"twitter:label1\" content=\"Escrito por\" \/>\n\t<meta name=\"twitter:data1\" content=\"Redacao VerdadeOn\" \/>\n\t<meta name=\"twitter:label2\" content=\"Est. tempo de leitura\" \/>\n\t<meta name=\"twitter:data2\" content=\"1 minuto\" \/>\n<script type=\"application\/ld+json\" class=\"yoast-schema-graph\">{\"@context\":\"https:\/\/schema.org\",\"@graph\":[{\"@type\":\"WebPage\",\"@id\":\"https:\/\/verdadeon.com.br\/portal\/2023\/03\/27\/jovem-de-24-anos-vai-a-santa-casa-sozinho-apos-ser-baleado-no-abdomen\/\",\"url\":\"https:\/\/verdadeon.com.br\/portal\/2023\/03\/27\/jovem-de-24-anos-vai-a-santa-casa-sozinho-apos-ser-baleado-no-abdomen\/\",\"name\":\"Jovem de 24 anos vai \u00e0 Santa Casa sozinho ap\u00f3s ser baleado no abd\u00f4men - VerdadeOn\",\"isPartOf\":{\"@id\":\"https:\/\/verdadeon.com.br\/portal\/#website\"},\"primaryImageOfPage\":{\"@id\":\"https:\/\/verdadeon.com.br\/portal\/2023\/03\/27\/jovem-de-24-anos-vai-a-santa-casa-sozinho-apos-ser-baleado-no-abdomen\/#primaryimage\"},\"image\":{\"@id\":\"https:\/\/verdadeon.com.br\/portal\/2023\/03\/27\/jovem-de-24-anos-vai-a-santa-casa-sozinho-apos-ser-baleado-no-abdomen\/#primaryimage\"},\"thumbnailUrl\":\"https:\/\/i0.wp.com\/verdadeon.com.br\/portal\/wp-content\/uploads\/2020\/07\/WhatsApp-Image-2020-07-04-at-17.47.55.jpeg?fit=1000%2C670&ssl=1\",\"datePublished\":\"2023-03-27T13:00:28+00:00\",\"dateModified\":\"2023-03-27T17:42:12+00:00\",\"author\":{\"@id\":\"https:\/\/verdadeon.com.br\/portal\/#\/schema\/person\/a5060ad1e9ea3df545188fc93ce43d2f\"},\"breadcrumb\":{\"@id\":\"https:\/\/verdadeon.com.br\/portal\/2023\/03\/27\/jovem-de-24-anos-vai-a-santa-casa-sozinho-apos-ser-baleado-no-abdomen\/#breadcrumb\"},\"inLanguage\":\"pt-BR\",\"potentialAction\":[{\"@type\":\"ReadAction\",\"target\":[\"https:\/\/verdadeon.com.br\/portal\/2023\/03\/27\/jovem-de-24-anos-vai-a-santa-casa-sozinho-apos-ser-baleado-no-abdomen\/\"]}]},{\"@type\":\"ImageObject\",\"inLanguage\":\"pt-BR\",\"@id\":\"https:\/\/verdadeon.com.br\/portal\/2023\/03\/27\/jovem-de-24-anos-vai-a-santa-casa-sozinho-apos-ser-baleado-no-abdomen\/#primaryimage\",\"url\":\"https:\/\/i0.wp.com\/verdadeon.com.br\/portal\/wp-content\/uploads\/2020\/07\/WhatsApp-Image-2020-07-04-at-17.47.55.jpeg?fit=1000%2C670&ssl=1\",\"contentUrl\":\"https:\/\/i0.wp.com\/verdadeon.com.br\/portal\/wp-content\/uploads\/2020\/07\/WhatsApp-Image-2020-07-04-at-17.47.55.jpeg?fit=1000%2C670&ssl=1\",\"width\":1000,\"height\":670,\"caption\":\"Rapaz de 24 anos busca socorro \u00e0 Santa Casa de Franca logo ap\u00f3s ter sido baleado | Foto: Jornal Verdade\"},{\"@type\":\"BreadcrumbList\",\"@id\":\"https:\/\/verdadeon.com.br\/portal\/2023\/03\/27\/jovem-de-24-anos-vai-a-santa-casa-sozinho-apos-ser-baleado-no-abdomen\/#breadcrumb\",\"itemListElement\":[{\"@type\":\"ListItem\",\"position\":1,\"name\":\"In\u00edcio\",\"item\":\"https:\/\/verdadeon.com.br\/portal\/\"},{\"@type\":\"ListItem\",\"position\":2,\"name\":\"Jovem de 24 anos vai \u00e0 Santa Casa sozinho ap\u00f3s ser baleado no abd\u00f4men\"}]},{\"@type\":\"WebSite\",\"@id\":\"https:\/\/verdadeon.com.br\/portal\/#website\",\"url\":\"https:\/\/verdadeon.com.br\/portal\/\",\"name\":\"VerdadeOn\",\"description\":\"Not\u00edcias di\u00e1rias sobre Franca, Regi\u00e3o, Esporte, Cultura, Cotidiano, Colunas. Cobertura nos principais eventos da cidade \u00e9 aqui - Verdadeon Franca\",\"potentialAction\":[{\"@type\":\"SearchAction\",\"target\":{\"@type\":\"EntryPoint\",\"urlTemplate\":\"https:\/\/verdadeon.com.br\/portal\/?s={search_term_string}\"},\"query-input\":{\"@type\":\"PropertyValueSpecification\",\"valueRequired\":true,\"valueName\":\"search_term_string\"}}],\"inLanguage\":\"pt-BR\"},{\"@type\":\"Person\",\"@id\":\"https:\/\/verdadeon.com.br\/portal\/#\/schema\/person\/a5060ad1e9ea3df545188fc93ce43d2f\",\"name\":\"Redacao VerdadeOn\",\"image\":{\"@type\":\"ImageObject\",\"inLanguage\":\"pt-BR\",\"@id\":\"https:\/\/verdadeon.com.br\/portal\/#\/schema\/person\/image\/\",\"url\":\"https:\/\/secure.gravatar.com\/avatar\/459a9613caaaf07f582c3d0841eea68bdd66f533e465e6ba8b9cb45619572cf4?s=96&d=mm&r=g\",\"contentUrl\":\"https:\/\/secure.gravatar.com\/avatar\/459a9613caaaf07f582c3d0841eea68bdd66f533e465e6ba8b9cb45619572cf4?s=96&d=mm&r=g\",\"caption\":\"Redacao VerdadeOn\"},\"url\":\"https:\/\/verdadeon.com.br\/portal\/author\/redacao\/\"}]}<\/script>\n<!-- \/ Yoast SEO plugin. -->","yoast_head_json":{"title":"Jovem de 24 anos vai \u00e0 Santa Casa sozinho ap\u00f3s ser baleado no abd\u00f4men - VerdadeOn","robots":{"index":"index","follow":"follow","max-snippet":"max-snippet:-1","max-image-preview":"max-image-preview:large","max-video-preview":"max-video-preview:-1"},"canonical":"https:\/\/verdadeon.com.br\/portal\/2023\/03\/27\/jovem-de-24-anos-vai-a-santa-casa-sozinho-apos-ser-baleado-no-abdomen\/","og_locale":"pt_BR","og_type":"article","og_title":"Jovem de 24 anos vai \u00e0 Santa Casa sozinho ap\u00f3s ser baleado no abd\u00f4men - VerdadeOn","og_description":"Equipe do hospital acionou a Pol\u00edcia Civil; existe a suspeita de tentativa de homic\u00eddio Na manh\u00e3 deste domingo, 26, Douglas Luiz de Faria, 24, procurou atendimento [\u2026]","og_url":"https:\/\/verdadeon.com.br\/portal\/2023\/03\/27\/jovem-de-24-anos-vai-a-santa-casa-sozinho-apos-ser-baleado-no-abdomen\/","og_site_name":"VerdadeOn","article_published_time":"2023-03-27T13:00:28+00:00","article_modified_time":"2023-03-27T17:42:12+00:00","og_image":[{"width":1000,"height":670,"url":"https:\/\/verdadeon.com.br\/portal\/wp-content\/uploads\/2020\/07\/WhatsApp-Image-2020-07-04-at-17.47.55.jpeg","type":"image\/jpeg"}],"author":"Redacao VerdadeOn","twitter_card":"summary_large_image","twitter_misc":{"Escrito por":"Redacao VerdadeOn","Est. tempo de leitura":"1 minuto"},"schema":{"@context":"https:\/\/schema.org","@graph":[{"@type":"WebPage","@id":"https:\/\/verdadeon.com.br\/portal\/2023\/03\/27\/jovem-de-24-anos-vai-a-santa-casa-sozinho-apos-ser-baleado-no-abdomen\/","url":"https:\/\/verdadeon.com.br\/portal\/2023\/03\/27\/jovem-de-24-anos-vai-a-santa-casa-sozinho-apos-ser-baleado-no-abdomen\/","name":"Jovem de 24 anos vai \u00e0 Santa Casa sozinho ap\u00f3s ser baleado no abd\u00f4men - VerdadeOn","isPartOf":{"@id":"https:\/\/verdadeon.com.br\/portal\/#website"},"primaryImageOfPage":{"@id":"https:\/\/verdadeon.com.br\/portal\/2023\/03\/27\/jovem-de-24-anos-vai-a-santa-casa-sozinho-apos-ser-baleado-no-abdomen\/#primaryimage"},"image":{"@id":"https:\/\/verdadeon.com.br\/portal\/2023\/03\/27\/jovem-de-24-anos-vai-a-santa-casa-sozinho-apos-ser-baleado-no-abdomen\/#primaryimage"},"thumbnailUrl":"https:\/\/i0.wp.com\/verdadeon.com.br\/portal\/wp-content\/uploads\/2020\/07\/WhatsApp-Image-2020-07-04-at-17.47.55.jpeg?fit=1000%2C670&ssl=1","datePublished":"2023-03-27T13:00:28+00:00","dateModified":"2023-03-27T17:42:12+00:00","author":{"@id":"https:\/\/verdadeon.com.br\/portal\/#\/schema\/person\/a5060ad1e9ea3df545188fc93ce43d2f"},"breadcrumb":{"@id":"https:\/\/verdadeon.com.br\/portal\/2023\/03\/27\/jovem-de-24-anos-vai-a-santa-casa-sozinho-apos-ser-baleado-no-abdomen\/#breadcrumb"},"inLanguage":"pt-BR","potentialAction":[{"@type":"ReadAction","target":["https:\/\/verdadeon.com.br\/portal\/2023\/03\/27\/jovem-de-24-anos-vai-a-santa-casa-sozinho-apos-ser-baleado-no-abdomen\/"]}]},{"@type":"ImageObject","inLanguage":"pt-BR","@id":"https:\/\/verdadeon.com.br\/portal\/2023\/03\/27\/jovem-de-24-anos-vai-a-santa-casa-sozinho-apos-ser-baleado-no-abdomen\/#primaryimage","url":"https:\/\/i0.wp.com\/verdadeon.com.br\/portal\/wp-content\/uploads\/2020\/07\/WhatsApp-Image-2020-07-04-at-17.47.55.jpeg?fit=1000%2C670&ssl=1","contentUrl":"https:\/\/i0.wp.com\/verdadeon.com.br\/portal\/wp-content\/uploads\/2020\/07\/WhatsApp-Image-2020-07-04-at-17.47.55.jpeg?fit=1000%2C670&ssl=1","width":1000,"height":670,"caption":"Rapaz de 24 anos busca socorro \u00e0 Santa Casa de Franca logo ap\u00f3s ter sido baleado | Foto: Jornal Verdade"},{"@type":"BreadcrumbList","@id":"https:\/\/verdadeon.com.br\/portal\/2023\/03\/27\/jovem-de-24-anos-vai-a-santa-casa-sozinho-apos-ser-baleado-no-abdomen\/#breadcrumb","itemListElement":[{"@type":"ListItem","position":1,"name":"In\u00edcio","item":"https:\/\/verdadeon.com.br\/portal\/"},{"@type":"ListItem","position":2,"name":"Jovem de 24 anos vai \u00e0 Santa Casa sozinho ap\u00f3s ser baleado no abd\u00f4men"}]},{"@type":"WebSite","@id":"https:\/\/verdadeon.com.br\/portal\/#website","url":"https:\/\/verdadeon.com.br\/portal\/","name":"VerdadeOn","description":"Not\u00edcias di\u00e1rias sobre Franca, Regi\u00e3o, Esporte, Cultura, Cotidiano, Colunas. Cobertura nos principais eventos da cidade \u00e9 aqui - Verdadeon Franca","potentialAction":[{"@type":"SearchAction","target":{"@type":"EntryPoint","urlTemplate":"https:\/\/verdadeon.com.br\/portal\/?s={search_term_string}"},"query-input":{"@type":"PropertyValueSpecification","valueRequired":true,"valueName":"search_term_string"}}],"inLanguage":"pt-BR"},{"@type":"Person","@id":"https:\/\/verdadeon.com.br\/portal\/#\/schema\/person\/a5060ad1e9ea3df545188fc93ce43d2f","name":"Redacao VerdadeOn","image":{"@type":"ImageObject","inLanguage":"pt-BR","@id":"https:\/\/verdadeon.com.br\/portal\/#\/schema\/person\/image\/","url":"https:\/\/secure.gravatar.com\/avatar\/459a9613caaaf07f582c3d0841eea68bdd66f533e465e6ba8b9cb45619572cf4?s=96&d=mm&r=g","contentUrl":"https:\/\/secure.gravatar.com\/avatar\/459a9613caaaf07f582c3d0841eea68bdd66f533e465e6ba8b9cb45619572cf4?s=96&d=mm&r=g","caption":"Redacao VerdadeOn"},"url":"https:\/\/verdadeon.com.br\/portal\/author\/redacao\/"}]}},"jetpack_publicize_connections":[],"jetpack_featured_media_url":"https:\/\/i0.wp.com\/verdadeon.com.br\/portal\/wp-content\/uploads\/2020\/07\/WhatsApp-Image-2020-07-04-at-17.47.55.jpeg?fit=1000%2C670&ssl=1","jetpack_sharing_enabled":true,"_links":{"self":[{"href":"https:\/\/verdadeon.com.br\/portal\/wp-json\/wp\/v2\/posts\/32936","targetHints":{"allow":["GET"]}}],"collection":[{"href":"https:\/\/verdadeon.com.br\/portal\/wp-json\/wp\/v2\/posts"}],"about":[{"href":"https:\/\/verdadeon.com.br\/portal\/wp-json\/wp\/v2\/types\/post"}],"author":[{"embeddable":true,"href":"https:\/\/verdadeon.com.br\/portal\/wp-json\/wp\/v2\/users\/10"}],"replies":[{"embeddable":true,"href":"https:\/\/verdadeon.com.br\/portal\/wp-json\/wp\/v2\/comments?post=32936"}],"version-history":[{"count":1,"href":"https:\/\/verdadeon.com.br\/portal\/wp-json\/wp\/v2\/posts\/32936\/revisions"}],"predecessor-version":[{"id":32937,"href":"https:\/\/verdadeon.com.br\/portal\/wp-json\/wp\/v2\/posts\/32936\/revisions\/32937"}],"wp:featuredmedia":[{"embeddable":true,"href":"https:\/\/verdadeon.com.br\/portal\/wp-json\/wp\/v2\/media\/8538"}],"wp:attachment":[{"href":"https:\/\/verdadeon.com.br\/portal\/wp-json\/wp\/v2\/media?parent=32936"}],"wp:term":[{"taxonomy":"category","embeddable":true,"href":"https:\/\/verdadeon.com.br\/portal\/wp-json\/wp\/v2\/categories?post=32936"},{"taxonomy":"post_tag","embeddable":true,"href":"https:\/\/verdadeon.com.br\/portal\/wp-json\/wp\/v2\/tags?post=32936"}],"curies":[{"name":"wp","href":"https:\/\/api.w.org\/{rel}","templated":true}]}}