{"id":32922,"date":"2023-03-27T13:31:13","date_gmt":"2023-03-27T16:31:13","guid":{"rendered":"https:\/\/verdadeon.com.br\/portal\/?p=32922"},"modified":"2023-03-27T13:33:03","modified_gmt":"2023-03-27T16:33:03","slug":"amsc-organiza-8o-forum-de-qualidade-do-cafe","status":"publish","type":"post","link":"https:\/\/verdadeon.com.br\/portal\/2023\/03\/27\/amsc-organiza-8o-forum-de-qualidade-do-cafe\/","title":{"rendered":"AMSC organiza 8\u00ba F\u00f3rum de Qualidade do Caf\u00e9"},"content":{"rendered":"<h2>Diretoria da Associa\u00e7\u00e3o dos Produtores de Caf\u00e9s Especiais da Alta Mogiana (AMSC) organiza mais uma edi\u00e7\u00e3o do tradicional F\u00f3rum de Qualidade, que acontecer\u00e1, em Franca, no dia 4 de abril<\/h2>\n<p>No dia 4 de abril, \u00e0s 9 horas, ter\u00e1 in\u00edcio o 8\u00ba F\u00f3rum de Qualidade do Caf\u00e9 da Regi\u00e3o da Alta Mogiana, no Hotel Dann Inn. O evento \u00e9 gratuito e as inscri\u00e7\u00f5es podem ser feitas no site da associa\u00e7\u00e3o \u2013 <a href=\"http:\/\/www.amsc.com.br\">www.amsc.com.br<\/a><\/p>\n<p>Edgard Bressani, presidente da AMSC e CEO da Latitudes Brazilian Coffees, declarou: \u201cNo ano passado, durante o primeiro ano de nossa gest\u00e3o 22\/23, o f\u00f3rum teve grande destaque e reuniu mais de 300 participantes. A sele\u00e7\u00e3o dos temas e palestrantes foi fundamental para o sucesso do evento. Ao longo deste ano, teremos ainda in\u00fameras outras a\u00e7\u00f5es planejadas, como Dias de Campo em Franca, Ibiraci e em S\u00e3o Sebasti\u00e3o do Para\u00edso, culminando com 21\u00ba Concurso de Qualidade de Caf\u00e9 da Alta Mogiana, cuja edi\u00e7\u00e3o de 2022 foi um grande sucesso no leil\u00e3o dos lotes.\u201d<\/p>\n<p>O f\u00f3rum contar\u00e1 com a presen\u00e7a de grandes nomes da cafeicultura nacional em palestra e pain\u00e9is, trazendo temas bastante atuais e endere\u00e7ados principalmente a produtores, agr\u00f4nomos, t\u00e9cnicos agr\u00edcolas, torrefa\u00e7\u00f5es, cafeterias, mestres de torra, baristas, classificadores de caf\u00e9, profissionais do setor, estudantes, apaixonados por caf\u00e9 e outros.<\/p>\n<p>Temas:<\/p>\n<p><strong>Manh\u00e3<\/strong><\/p>\n<p><strong>8h \u2013 Abertura<\/strong><\/p>\n<p><strong>9h &#8211; Palestra:<\/strong> \u201cNa busca dos melhores caf\u00e9s &#8211; p\u00f3s-colheita\u201d<\/p>\n<p>Bruno \u00a0Ribeiro &#8211; Origina<\/p>\n<p>Apoiador: FMC<\/p>\n<p><strong>10h &#8211; Painel 1 &#8211; Qualidade<\/strong><\/p>\n<p>Tema: \u201cNovos processos e agrega\u00e7\u00e3o de valor na comercializa\u00e7\u00e3o\u201d<\/p>\n<p>Lu\u00eds Felipe Silva dos Santos &#8211; Lallemand<\/p>\n<p>Apoiador: Lallemand<\/p>\n<p><strong>11h &#8211; Painel 2 &#8211; Mercado de Especiais<\/strong><\/p>\n<p>Tema: \u201cBranding &#8211; transformando uma fazenda em uma marca que agrega valor\u201d<\/p>\n<p>Christiano Borges &#8211; Ipanema Coffees<\/p>\n<p>Jos\u00e9 Francisco Pereira &#8211; Monte Alegre Coffees<\/p>\n<p><strong>12h \u2013 Break almo\u00e7o<\/strong><\/p>\n<p><strong>Tarde<\/strong><\/p>\n<p><strong>13h30 &#8211; Painel 3 &#8211; Biocultivo<\/strong><\/p>\n<p>Tema: \u201cBiocultivo e demandas internacionais\u201d<\/p>\n<p>Alessandro Guieiro \u2013 AG Consultoria<\/p>\n<p>Flavio Boren<\/p>\n<p>Apoiador: Vittia<\/p>\n<p><strong>14h30 &#8211; Painel 4 &#8211; IG e Selo<\/strong><\/p>\n<p>Tema: \u201cA import\u00e2ncia da IG da Alta Mogiana para a regi\u00e3o: desafios e oportunidades\u201d<\/p>\n<p>Hulda Oliveira Giesbrecht &#8211; Sebrae<\/p>\n<p>Lorena Caldeira &#8211; Cafebr\u00e1s<\/p>\n<p><strong>15h30 &#8211; Painel 5 &#8211; Consumo Cafeterias<\/strong><\/p>\n<p>Tema: Promovendo as fazendas da IG Alta Mogiana no ambiente cafeteria<\/p>\n<p>Gelma Franco \u2013 il Barista \u2013 S\u00e3o Paulo<\/p>\n<p>Marcio Palma \u2013 Mar\u00ea Caf\u00e9 \u2013 Ribeir\u00e3o Preto (Associado AMSC)<\/p>\n<p>Paula Dulgheroff \u2013 Mundo Caf\u00e9 \u2013 Uberl\u00e2ndia<\/p>\n<p>Raphael Souza \u2013 Grassy Spazio Caff\u00e9 &#8211; Ribeir\u00e3o Preto (Associado AMSC)<\/p>\n<p>Silvia Magalh\u00e3es \u2013 SMC Caf\u00e9<\/p>\n<p>O crescimento do consumo dos caf\u00e9s especiais no mercado nacional e internacional, ao longo das duas \u00faltimas d\u00e9cadas, tem criado um olhar mais atento do produtor para a qualidade. Hoje as propriedades est\u00e3o mais antenadas e receptivas para as demandas que v\u00eam surgindo. Os preparos com fermenta\u00e7\u00e3o controlada tamb\u00e9m v\u00eam ganhando destaque e levando para a x\u00edcara sabores distintos. O importante \u00e9 agregar valor para enfrentar a alta do custo de produ\u00e7\u00e3o, com pre\u00e7os mais altos de insumos, como fertilizantes, combust\u00edvel, e tamb\u00e9m pela volatilidade da bolsa\u201d, lembra o cafe\u00f3logo.<\/p>\n<p>\u201cO 8\u00ba F\u00f3rum de Qualidade do Caf\u00e9 da Regi\u00e3o da Alta Mogiana contar\u00e1 com a presen\u00e7a de nossas parceiras \u2013 as Cerejas do Caf\u00e9 e trar\u00e1 bancada de empresas apoiadoras do evento\u201d, conclui Bressani.<\/p>\n","protected":false},"excerpt":{"rendered":"<p>Diretoria da Associa\u00e7\u00e3o dos Produtores de Caf\u00e9s Especiais da Alta Mogiana (AMSC) organiza mais uma edi\u00e7\u00e3o do tradicional F\u00f3rum de Qualidade, que acontecer\u00e1, em Franca, no<span class=\"excerpt-hellip\"> [\u2026]<\/span><\/p>\n","protected":false},"author":10,"featured_media":32923,"comment_status":"open","ping_status":"open","sticky":false,"template":"","format":"standard","meta":{"_jetpack_memberships_contains_paid_content":false,"footnotes":"","jetpack_publicize_message":"","jetpack_publicize_feature_enabled":true,"jetpack_social_post_already_shared":false,"jetpack_social_options":{"image_generator_settings":{"template":"highway","default_image_id":0,"enabled":false},"version":2}},"categories":[28,81],"tags":[],"class_list":["post-32922","post","type-post","status-publish","format-standard","has-post-thumbnail","hentry","category-cotidiano","category-manchete"],"yoast_head":"<!-- This site is optimized with the Yoast SEO plugin v25.6 - https:\/\/yoast.com\/wordpress\/plugins\/seo\/ -->\n<title>AMSC organiza 8\u00ba F\u00f3rum de Qualidade do Caf\u00e9 - VerdadeOn<\/title>\n<meta name=\"robots\" content=\"index, follow, max-snippet:-1, max-image-preview:large, max-video-preview:-1\" \/>\n<link rel=\"canonical\" href=\"https:\/\/verdadeon.com.br\/portal\/2023\/03\/27\/amsc-organiza-8o-forum-de-qualidade-do-cafe\/\" \/>\n<meta property=\"og:locale\" content=\"pt_BR\" \/>\n<meta property=\"og:type\" content=\"article\" \/>\n<meta property=\"og:title\" content=\"AMSC organiza 8\u00ba F\u00f3rum de Qualidade do Caf\u00e9 - VerdadeOn\" \/>\n<meta property=\"og:description\" content=\"Diretoria da Associa\u00e7\u00e3o dos Produtores de Caf\u00e9s Especiais da Alta Mogiana (AMSC) organiza mais uma edi\u00e7\u00e3o do tradicional F\u00f3rum de Qualidade, que acontecer\u00e1, em Franca, no [\u2026]\" \/>\n<meta property=\"og:url\" content=\"https:\/\/verdadeon.com.br\/portal\/2023\/03\/27\/amsc-organiza-8o-forum-de-qualidade-do-cafe\/\" \/>\n<meta property=\"og:site_name\" content=\"VerdadeOn\" \/>\n<meta property=\"article:published_time\" content=\"2023-03-27T16:31:13+00:00\" \/>\n<meta property=\"article:modified_time\" content=\"2023-03-27T16:33:03+00:00\" \/>\n<meta property=\"og:image\" content=\"https:\/\/verdadeon.com.br\/portal\/wp-content\/uploads\/2023\/03\/Edgard-divulgacao-scaled.jpg\" \/>\n\t<meta property=\"og:image:width\" content=\"2560\" \/>\n\t<meta property=\"og:image:height\" content=\"1703\" \/>\n\t<meta property=\"og:image:type\" content=\"image\/jpeg\" \/>\n<meta name=\"author\" content=\"Redacao VerdadeOn\" \/>\n<meta name=\"twitter:card\" content=\"summary_large_image\" \/>\n<meta name=\"twitter:label1\" content=\"Escrito por\" \/>\n\t<meta name=\"twitter:data1\" content=\"Redacao VerdadeOn\" \/>\n\t<meta name=\"twitter:label2\" content=\"Est. tempo de leitura\" \/>\n\t<meta name=\"twitter:data2\" content=\"3 minutos\" \/>\n<script type=\"application\/ld+json\" class=\"yoast-schema-graph\">{\"@context\":\"https:\/\/schema.org\",\"@graph\":[{\"@type\":\"WebPage\",\"@id\":\"https:\/\/verdadeon.com.br\/portal\/2023\/03\/27\/amsc-organiza-8o-forum-de-qualidade-do-cafe\/\",\"url\":\"https:\/\/verdadeon.com.br\/portal\/2023\/03\/27\/amsc-organiza-8o-forum-de-qualidade-do-cafe\/\",\"name\":\"AMSC organiza 8\u00ba F\u00f3rum de Qualidade do Caf\u00e9 - VerdadeOn\",\"isPartOf\":{\"@id\":\"https:\/\/verdadeon.com.br\/portal\/#website\"},\"primaryImageOfPage\":{\"@id\":\"https:\/\/verdadeon.com.br\/portal\/2023\/03\/27\/amsc-organiza-8o-forum-de-qualidade-do-cafe\/#primaryimage\"},\"image\":{\"@id\":\"https:\/\/verdadeon.com.br\/portal\/2023\/03\/27\/amsc-organiza-8o-forum-de-qualidade-do-cafe\/#primaryimage\"},\"thumbnailUrl\":\"https:\/\/i0.wp.com\/verdadeon.com.br\/portal\/wp-content\/uploads\/2023\/03\/Edgard-divulgacao-scaled.jpg?fit=2560%2C1703&ssl=1\",\"datePublished\":\"2023-03-27T16:31:13+00:00\",\"dateModified\":\"2023-03-27T16:33:03+00:00\",\"author\":{\"@id\":\"https:\/\/verdadeon.com.br\/portal\/#\/schema\/person\/a5060ad1e9ea3df545188fc93ce43d2f\"},\"breadcrumb\":{\"@id\":\"https:\/\/verdadeon.com.br\/portal\/2023\/03\/27\/amsc-organiza-8o-forum-de-qualidade-do-cafe\/#breadcrumb\"},\"inLanguage\":\"pt-BR\",\"potentialAction\":[{\"@type\":\"ReadAction\",\"target\":[\"https:\/\/verdadeon.com.br\/portal\/2023\/03\/27\/amsc-organiza-8o-forum-de-qualidade-do-cafe\/\"]}]},{\"@type\":\"ImageObject\",\"inLanguage\":\"pt-BR\",\"@id\":\"https:\/\/verdadeon.com.br\/portal\/2023\/03\/27\/amsc-organiza-8o-forum-de-qualidade-do-cafe\/#primaryimage\",\"url\":\"https:\/\/i0.wp.com\/verdadeon.com.br\/portal\/wp-content\/uploads\/2023\/03\/Edgard-divulgacao-scaled.jpg?fit=2560%2C1703&ssl=1\",\"contentUrl\":\"https:\/\/i0.wp.com\/verdadeon.com.br\/portal\/wp-content\/uploads\/2023\/03\/Edgard-divulgacao-scaled.jpg?fit=2560%2C1703&ssl=1\",\"width\":2560,\"height\":1703,\"caption\":\"Edgard Bressani, presidente da AMSC e CEO da Latitudes Brazilian Coffees.\"},{\"@type\":\"BreadcrumbList\",\"@id\":\"https:\/\/verdadeon.com.br\/portal\/2023\/03\/27\/amsc-organiza-8o-forum-de-qualidade-do-cafe\/#breadcrumb\",\"itemListElement\":[{\"@type\":\"ListItem\",\"position\":1,\"name\":\"In\u00edcio\",\"item\":\"https:\/\/verdadeon.com.br\/portal\/\"},{\"@type\":\"ListItem\",\"position\":2,\"name\":\"AMSC organiza 8\u00ba F\u00f3rum de Qualidade do Caf\u00e9\"}]},{\"@type\":\"WebSite\",\"@id\":\"https:\/\/verdadeon.com.br\/portal\/#website\",\"url\":\"https:\/\/verdadeon.com.br\/portal\/\",\"name\":\"VerdadeOn\",\"description\":\"Not\u00edcias di\u00e1rias sobre Franca, Regi\u00e3o, Esporte, Cultura, Cotidiano, Colunas. Cobertura nos principais eventos da cidade \u00e9 aqui - Verdadeon Franca\",\"potentialAction\":[{\"@type\":\"SearchAction\",\"target\":{\"@type\":\"EntryPoint\",\"urlTemplate\":\"https:\/\/verdadeon.com.br\/portal\/?s={search_term_string}\"},\"query-input\":{\"@type\":\"PropertyValueSpecification\",\"valueRequired\":true,\"valueName\":\"search_term_string\"}}],\"inLanguage\":\"pt-BR\"},{\"@type\":\"Person\",\"@id\":\"https:\/\/verdadeon.com.br\/portal\/#\/schema\/person\/a5060ad1e9ea3df545188fc93ce43d2f\",\"name\":\"Redacao VerdadeOn\",\"image\":{\"@type\":\"ImageObject\",\"inLanguage\":\"pt-BR\",\"@id\":\"https:\/\/verdadeon.com.br\/portal\/#\/schema\/person\/image\/\",\"url\":\"https:\/\/secure.gravatar.com\/avatar\/459a9613caaaf07f582c3d0841eea68bdd66f533e465e6ba8b9cb45619572cf4?s=96&d=mm&r=g\",\"contentUrl\":\"https:\/\/secure.gravatar.com\/avatar\/459a9613caaaf07f582c3d0841eea68bdd66f533e465e6ba8b9cb45619572cf4?s=96&d=mm&r=g\",\"caption\":\"Redacao VerdadeOn\"},\"url\":\"https:\/\/verdadeon.com.br\/portal\/author\/redacao\/\"}]}<\/script>\n<!-- \/ Yoast SEO plugin. -->","yoast_head_json":{"title":"AMSC organiza 8\u00ba F\u00f3rum de Qualidade do Caf\u00e9 - VerdadeOn","robots":{"index":"index","follow":"follow","max-snippet":"max-snippet:-1","max-image-preview":"max-image-preview:large","max-video-preview":"max-video-preview:-1"},"canonical":"https:\/\/verdadeon.com.br\/portal\/2023\/03\/27\/amsc-organiza-8o-forum-de-qualidade-do-cafe\/","og_locale":"pt_BR","og_type":"article","og_title":"AMSC organiza 8\u00ba F\u00f3rum de Qualidade do Caf\u00e9 - VerdadeOn","og_description":"Diretoria da Associa\u00e7\u00e3o dos Produtores de Caf\u00e9s Especiais da Alta Mogiana (AMSC) organiza mais uma edi\u00e7\u00e3o do tradicional F\u00f3rum de Qualidade, que acontecer\u00e1, em Franca, no [\u2026]","og_url":"https:\/\/verdadeon.com.br\/portal\/2023\/03\/27\/amsc-organiza-8o-forum-de-qualidade-do-cafe\/","og_site_name":"VerdadeOn","article_published_time":"2023-03-27T16:31:13+00:00","article_modified_time":"2023-03-27T16:33:03+00:00","og_image":[{"width":2560,"height":1703,"url":"https:\/\/verdadeon.com.br\/portal\/wp-content\/uploads\/2023\/03\/Edgard-divulgacao-scaled.jpg","type":"image\/jpeg"}],"author":"Redacao VerdadeOn","twitter_card":"summary_large_image","twitter_misc":{"Escrito por":"Redacao VerdadeOn","Est. tempo de leitura":"3 minutos"},"schema":{"@context":"https:\/\/schema.org","@graph":[{"@type":"WebPage","@id":"https:\/\/verdadeon.com.br\/portal\/2023\/03\/27\/amsc-organiza-8o-forum-de-qualidade-do-cafe\/","url":"https:\/\/verdadeon.com.br\/portal\/2023\/03\/27\/amsc-organiza-8o-forum-de-qualidade-do-cafe\/","name":"AMSC organiza 8\u00ba F\u00f3rum de Qualidade do Caf\u00e9 - VerdadeOn","isPartOf":{"@id":"https:\/\/verdadeon.com.br\/portal\/#website"},"primaryImageOfPage":{"@id":"https:\/\/verdadeon.com.br\/portal\/2023\/03\/27\/amsc-organiza-8o-forum-de-qualidade-do-cafe\/#primaryimage"},"image":{"@id":"https:\/\/verdadeon.com.br\/portal\/2023\/03\/27\/amsc-organiza-8o-forum-de-qualidade-do-cafe\/#primaryimage"},"thumbnailUrl":"https:\/\/i0.wp.com\/verdadeon.com.br\/portal\/wp-content\/uploads\/2023\/03\/Edgard-divulgacao-scaled.jpg?fit=2560%2C1703&ssl=1","datePublished":"2023-03-27T16:31:13+00:00","dateModified":"2023-03-27T16:33:03+00:00","author":{"@id":"https:\/\/verdadeon.com.br\/portal\/#\/schema\/person\/a5060ad1e9ea3df545188fc93ce43d2f"},"breadcrumb":{"@id":"https:\/\/verdadeon.com.br\/portal\/2023\/03\/27\/amsc-organiza-8o-forum-de-qualidade-do-cafe\/#breadcrumb"},"inLanguage":"pt-BR","potentialAction":[{"@type":"ReadAction","target":["https:\/\/verdadeon.com.br\/portal\/2023\/03\/27\/amsc-organiza-8o-forum-de-qualidade-do-cafe\/"]}]},{"@type":"ImageObject","inLanguage":"pt-BR","@id":"https:\/\/verdadeon.com.br\/portal\/2023\/03\/27\/amsc-organiza-8o-forum-de-qualidade-do-cafe\/#primaryimage","url":"https:\/\/i0.wp.com\/verdadeon.com.br\/portal\/wp-content\/uploads\/2023\/03\/Edgard-divulgacao-scaled.jpg?fit=2560%2C1703&ssl=1","contentUrl":"https:\/\/i0.wp.com\/verdadeon.com.br\/portal\/wp-content\/uploads\/2023\/03\/Edgard-divulgacao-scaled.jpg?fit=2560%2C1703&ssl=1","width":2560,"height":1703,"caption":"Edgard Bressani, presidente da AMSC e CEO da Latitudes Brazilian Coffees."},{"@type":"BreadcrumbList","@id":"https:\/\/verdadeon.com.br\/portal\/2023\/03\/27\/amsc-organiza-8o-forum-de-qualidade-do-cafe\/#breadcrumb","itemListElement":[{"@type":"ListItem","position":1,"name":"In\u00edcio","item":"https:\/\/verdadeon.com.br\/portal\/"},{"@type":"ListItem","position":2,"name":"AMSC organiza 8\u00ba F\u00f3rum de Qualidade do Caf\u00e9"}]},{"@type":"WebSite","@id":"https:\/\/verdadeon.com.br\/portal\/#website","url":"https:\/\/verdadeon.com.br\/portal\/","name":"VerdadeOn","description":"Not\u00edcias di\u00e1rias sobre Franca, Regi\u00e3o, Esporte, Cultura, Cotidiano, Colunas. Cobertura nos principais eventos da cidade \u00e9 aqui - Verdadeon Franca","potentialAction":[{"@type":"SearchAction","target":{"@type":"EntryPoint","urlTemplate":"https:\/\/verdadeon.com.br\/portal\/?s={search_term_string}"},"query-input":{"@type":"PropertyValueSpecification","valueRequired":true,"valueName":"search_term_string"}}],"inLanguage":"pt-BR"},{"@type":"Person","@id":"https:\/\/verdadeon.com.br\/portal\/#\/schema\/person\/a5060ad1e9ea3df545188fc93ce43d2f","name":"Redacao VerdadeOn","image":{"@type":"ImageObject","inLanguage":"pt-BR","@id":"https:\/\/verdadeon.com.br\/portal\/#\/schema\/person\/image\/","url":"https:\/\/secure.gravatar.com\/avatar\/459a9613caaaf07f582c3d0841eea68bdd66f533e465e6ba8b9cb45619572cf4?s=96&d=mm&r=g","contentUrl":"https:\/\/secure.gravatar.com\/avatar\/459a9613caaaf07f582c3d0841eea68bdd66f533e465e6ba8b9cb45619572cf4?s=96&d=mm&r=g","caption":"Redacao VerdadeOn"},"url":"https:\/\/verdadeon.com.br\/portal\/author\/redacao\/"}]}},"jetpack_publicize_connections":[],"jetpack_featured_media_url":"https:\/\/i0.wp.com\/verdadeon.com.br\/portal\/wp-content\/uploads\/2023\/03\/Edgard-divulgacao-scaled.jpg?fit=2560%2C1703&ssl=1","jetpack_sharing_enabled":true,"_links":{"self":[{"href":"https:\/\/verdadeon.com.br\/portal\/wp-json\/wp\/v2\/posts\/32922","targetHints":{"allow":["GET"]}}],"collection":[{"href":"https:\/\/verdadeon.com.br\/portal\/wp-json\/wp\/v2\/posts"}],"about":[{"href":"https:\/\/verdadeon.com.br\/portal\/wp-json\/wp\/v2\/types\/post"}],"author":[{"embeddable":true,"href":"https:\/\/verdadeon.com.br\/portal\/wp-json\/wp\/v2\/users\/10"}],"replies":[{"embeddable":true,"href":"https:\/\/verdadeon.com.br\/portal\/wp-json\/wp\/v2\/comments?post=32922"}],"version-history":[{"count":2,"href":"https:\/\/verdadeon.com.br\/portal\/wp-json\/wp\/v2\/posts\/32922\/revisions"}],"predecessor-version":[{"id":32925,"href":"https:\/\/verdadeon.com.br\/portal\/wp-json\/wp\/v2\/posts\/32922\/revisions\/32925"}],"wp:featuredmedia":[{"embeddable":true,"href":"https:\/\/verdadeon.com.br\/portal\/wp-json\/wp\/v2\/media\/32923"}],"wp:attachment":[{"href":"https:\/\/verdadeon.com.br\/portal\/wp-json\/wp\/v2\/media?parent=32922"}],"wp:term":[{"taxonomy":"category","embeddable":true,"href":"https:\/\/verdadeon.com.br\/portal\/wp-json\/wp\/v2\/categories?post=32922"},{"taxonomy":"post_tag","embeddable":true,"href":"https:\/\/verdadeon.com.br\/portal\/wp-json\/wp\/v2\/tags?post=32922"}],"curies":[{"name":"wp","href":"https:\/\/api.w.org\/{rel}","templated":true}]}}