{"id":32917,"date":"2023-03-25T12:16:05","date_gmt":"2023-03-25T15:16:05","guid":{"rendered":"https:\/\/verdadeon.com.br\/portal\/?p=32917"},"modified":"2023-03-25T12:16:05","modified_gmt":"2023-03-25T15:16:05","slug":"hospitais-da-regiao-devem-comecar-a-receber-pacientes-de-franca","status":"publish","type":"post","link":"https:\/\/verdadeon.com.br\/portal\/2023\/03\/25\/hospitais-da-regiao-devem-comecar-a-receber-pacientes-de-franca\/","title":{"rendered":"Hospitais da regi\u00e3o devem come\u00e7ar a receber pacientes de Franca"},"content":{"rendered":"<h2 dir=\"auto\">Santa Casa elabora projeto para poder abrir 50 novas vagas de interna\u00e7\u00e3o<\/h2>\n<p dir=\"auto\">Pelo menos dez hospitais da regi\u00e3o devem come\u00e7ar a receber, nos pr\u00f3ximos dias, pacientes que, hoje, est\u00e3o nas unidades de sa\u00fade de Franca aguardando vagas de interna\u00e7\u00e3o. Em uma segunda etapa, a Santa Casa abrir\u00e1 50 novas vagas.<\/p>\n<p dir=\"auto\">A informa\u00e7\u00e3o foi anunciada pela deputada estadual Delegada Graciela (PL) ap\u00f3s audi\u00eancia com o diretor da DRS 8 (Departamento Regional de Sa\u00fade) de Franca, Ricardo Bessa, nesta sexta-feira. \u201cFiquei feliz ao ouvir do doutor Ricardo que o Estado est\u00e1 tomando provid\u00eancias e que teremos boas not\u00edcias nos pr\u00f3ximos dias\u201d, disse a deputada.<\/p>\n<p dir=\"auto\">Na manh\u00e3 desta sexta-feira, t\u00e9cnicos da DRS 8 se reuniram com diretores de hospitais da regi\u00e3o de Franca. Eles foram sens\u00edveis e se colocaram \u00e0 disposi\u00e7\u00e3o para receberem dois ou tr\u00eas pacientes cada. Altera\u00e7\u00f5es ser\u00e3o feitas no sistema de regula\u00e7\u00e3o de vagas da Cross. \u201cDe acordo com o diretor, essas vagas j\u00e1 devem ficar dispon\u00edveis nos pr\u00f3ximos dias, o que ajudar\u00e1 a aliviar a fila de espera nas unidades de sa\u00fade de Franca\u201d, disse a deputada.<\/p>\n<p dir=\"auto\">O diretor da DRS tamb\u00e9m anunciou que, na pr\u00f3xima segunda-feira, acontecer\u00e1 uma reuni\u00e3o entre o secret\u00e1rio de Sa\u00fade, Eleuses Paiva, diretores da Santa Casa e o prefeito Alexandre Ferreira.<\/p>\n<p dir=\"auto\">A Santa Casa vai apresentar um plano de trabalho para poder disponibilizar 50 leitos de interna\u00e7\u00e3o, sendo 10 de UTI e 40 de enfermaria. Ser\u00e1 necess\u00e1rio um investimento de cerca de R$ 7,5 milh\u00f5es por parte do Estado. \u201cCom estas medidas, vamos aliviar o sofrimento dos pacientes. \u00c9 um absurdo que idosos, crian\u00e7as e pacientes com doen\u00e7as cr\u00f4nicas tenham que esperar dias por atendimento m\u00e9dico adequado. Continuarei lutando para ajudar a buscar solu\u00e7\u00f5es\u201d, finalizou a deputada Delegada Graciela.<\/p>\n","protected":false},"excerpt":{"rendered":"<p>Santa Casa elabora projeto para poder abrir 50 novas vagas de interna\u00e7\u00e3o Pelo menos dez hospitais da regi\u00e3o devem come\u00e7ar a receber, nos pr\u00f3ximos dias, pacientes<span class=\"excerpt-hellip\"> [\u2026]<\/span><\/p>\n","protected":false},"author":10,"featured_media":32918,"comment_status":"open","ping_status":"open","sticky":false,"template":"","format":"standard","meta":{"_jetpack_memberships_contains_paid_content":false,"footnotes":"","jetpack_publicize_message":"","jetpack_publicize_feature_enabled":true,"jetpack_social_post_already_shared":false,"jetpack_social_options":{"image_generator_settings":{"template":"highway","default_image_id":0,"enabled":false},"version":2}},"categories":[28,81],"tags":[],"class_list":["post-32917","post","type-post","status-publish","format-standard","has-post-thumbnail","hentry","category-cotidiano","category-manchete"],"yoast_head":"<!-- This site is optimized with the Yoast SEO plugin v25.6 - https:\/\/yoast.com\/wordpress\/plugins\/seo\/ -->\n<title>Hospitais da regi\u00e3o devem come\u00e7ar a receber pacientes de Franca - VerdadeOn<\/title>\n<meta name=\"robots\" content=\"index, follow, max-snippet:-1, max-image-preview:large, max-video-preview:-1\" \/>\n<link rel=\"canonical\" href=\"https:\/\/verdadeon.com.br\/portal\/2023\/03\/25\/hospitais-da-regiao-devem-comecar-a-receber-pacientes-de-franca\/\" \/>\n<meta property=\"og:locale\" content=\"pt_BR\" \/>\n<meta property=\"og:type\" content=\"article\" \/>\n<meta property=\"og:title\" content=\"Hospitais da regi\u00e3o devem come\u00e7ar a receber pacientes de Franca - VerdadeOn\" \/>\n<meta property=\"og:description\" content=\"Santa Casa elabora projeto para poder abrir 50 novas vagas de interna\u00e7\u00e3o Pelo menos dez hospitais da regi\u00e3o devem come\u00e7ar a receber, nos pr\u00f3ximos dias, pacientes [\u2026]\" \/>\n<meta property=\"og:url\" content=\"https:\/\/verdadeon.com.br\/portal\/2023\/03\/25\/hospitais-da-regiao-devem-comecar-a-receber-pacientes-de-franca\/\" \/>\n<meta property=\"og:site_name\" content=\"VerdadeOn\" \/>\n<meta property=\"article:published_time\" content=\"2023-03-25T15:16:05+00:00\" \/>\n<meta property=\"og:image\" content=\"https:\/\/verdadeon.com.br\/portal\/wp-content\/uploads\/2023\/03\/IMG-20230325-WA0018.jpg\" \/>\n\t<meta property=\"og:image:width\" content=\"1600\" \/>\n\t<meta property=\"og:image:height\" content=\"1142\" \/>\n\t<meta property=\"og:image:type\" content=\"image\/jpeg\" \/>\n<meta name=\"author\" content=\"Redacao VerdadeOn\" \/>\n<meta name=\"twitter:card\" content=\"summary_large_image\" \/>\n<meta name=\"twitter:label1\" content=\"Escrito por\" \/>\n\t<meta name=\"twitter:data1\" content=\"Redacao VerdadeOn\" \/>\n\t<meta name=\"twitter:label2\" content=\"Est. tempo de leitura\" \/>\n\t<meta name=\"twitter:data2\" content=\"2 minutos\" \/>\n<script type=\"application\/ld+json\" class=\"yoast-schema-graph\">{\"@context\":\"https:\/\/schema.org\",\"@graph\":[{\"@type\":\"WebPage\",\"@id\":\"https:\/\/verdadeon.com.br\/portal\/2023\/03\/25\/hospitais-da-regiao-devem-comecar-a-receber-pacientes-de-franca\/\",\"url\":\"https:\/\/verdadeon.com.br\/portal\/2023\/03\/25\/hospitais-da-regiao-devem-comecar-a-receber-pacientes-de-franca\/\",\"name\":\"Hospitais da regi\u00e3o devem come\u00e7ar a receber pacientes de Franca - VerdadeOn\",\"isPartOf\":{\"@id\":\"https:\/\/verdadeon.com.br\/portal\/#website\"},\"primaryImageOfPage\":{\"@id\":\"https:\/\/verdadeon.com.br\/portal\/2023\/03\/25\/hospitais-da-regiao-devem-comecar-a-receber-pacientes-de-franca\/#primaryimage\"},\"image\":{\"@id\":\"https:\/\/verdadeon.com.br\/portal\/2023\/03\/25\/hospitais-da-regiao-devem-comecar-a-receber-pacientes-de-franca\/#primaryimage\"},\"thumbnailUrl\":\"https:\/\/i0.wp.com\/verdadeon.com.br\/portal\/wp-content\/uploads\/2023\/03\/IMG-20230325-WA0018.jpg?fit=1600%2C1142&ssl=1\",\"datePublished\":\"2023-03-25T15:16:05+00:00\",\"author\":{\"@id\":\"https:\/\/verdadeon.com.br\/portal\/#\/schema\/person\/a5060ad1e9ea3df545188fc93ce43d2f\"},\"breadcrumb\":{\"@id\":\"https:\/\/verdadeon.com.br\/portal\/2023\/03\/25\/hospitais-da-regiao-devem-comecar-a-receber-pacientes-de-franca\/#breadcrumb\"},\"inLanguage\":\"pt-BR\",\"potentialAction\":[{\"@type\":\"ReadAction\",\"target\":[\"https:\/\/verdadeon.com.br\/portal\/2023\/03\/25\/hospitais-da-regiao-devem-comecar-a-receber-pacientes-de-franca\/\"]}]},{\"@type\":\"ImageObject\",\"inLanguage\":\"pt-BR\",\"@id\":\"https:\/\/verdadeon.com.br\/portal\/2023\/03\/25\/hospitais-da-regiao-devem-comecar-a-receber-pacientes-de-franca\/#primaryimage\",\"url\":\"https:\/\/i0.wp.com\/verdadeon.com.br\/portal\/wp-content\/uploads\/2023\/03\/IMG-20230325-WA0018.jpg?fit=1600%2C1142&ssl=1\",\"contentUrl\":\"https:\/\/i0.wp.com\/verdadeon.com.br\/portal\/wp-content\/uploads\/2023\/03\/IMG-20230325-WA0018.jpg?fit=1600%2C1142&ssl=1\",\"width\":1600,\"height\":1142,\"caption\":\"Deputada Delegada Graciela e o m\u00e9dico Ricardo Bessa, diretor da DRS8.\"},{\"@type\":\"BreadcrumbList\",\"@id\":\"https:\/\/verdadeon.com.br\/portal\/2023\/03\/25\/hospitais-da-regiao-devem-comecar-a-receber-pacientes-de-franca\/#breadcrumb\",\"itemListElement\":[{\"@type\":\"ListItem\",\"position\":1,\"name\":\"In\u00edcio\",\"item\":\"https:\/\/verdadeon.com.br\/portal\/\"},{\"@type\":\"ListItem\",\"position\":2,\"name\":\"Hospitais da regi\u00e3o devem come\u00e7ar a receber pacientes de Franca\"}]},{\"@type\":\"WebSite\",\"@id\":\"https:\/\/verdadeon.com.br\/portal\/#website\",\"url\":\"https:\/\/verdadeon.com.br\/portal\/\",\"name\":\"VerdadeOn\",\"description\":\"Not\u00edcias di\u00e1rias sobre Franca, Regi\u00e3o, Esporte, Cultura, Cotidiano, Colunas. Cobertura nos principais eventos da cidade \u00e9 aqui - Verdadeon Franca\",\"potentialAction\":[{\"@type\":\"SearchAction\",\"target\":{\"@type\":\"EntryPoint\",\"urlTemplate\":\"https:\/\/verdadeon.com.br\/portal\/?s={search_term_string}\"},\"query-input\":{\"@type\":\"PropertyValueSpecification\",\"valueRequired\":true,\"valueName\":\"search_term_string\"}}],\"inLanguage\":\"pt-BR\"},{\"@type\":\"Person\",\"@id\":\"https:\/\/verdadeon.com.br\/portal\/#\/schema\/person\/a5060ad1e9ea3df545188fc93ce43d2f\",\"name\":\"Redacao VerdadeOn\",\"image\":{\"@type\":\"ImageObject\",\"inLanguage\":\"pt-BR\",\"@id\":\"https:\/\/verdadeon.com.br\/portal\/#\/schema\/person\/image\/\",\"url\":\"https:\/\/secure.gravatar.com\/avatar\/459a9613caaaf07f582c3d0841eea68bdd66f533e465e6ba8b9cb45619572cf4?s=96&d=mm&r=g\",\"contentUrl\":\"https:\/\/secure.gravatar.com\/avatar\/459a9613caaaf07f582c3d0841eea68bdd66f533e465e6ba8b9cb45619572cf4?s=96&d=mm&r=g\",\"caption\":\"Redacao VerdadeOn\"},\"url\":\"https:\/\/verdadeon.com.br\/portal\/author\/redacao\/\"}]}<\/script>\n<!-- \/ Yoast SEO plugin. -->","yoast_head_json":{"title":"Hospitais da regi\u00e3o devem come\u00e7ar a receber pacientes de Franca - VerdadeOn","robots":{"index":"index","follow":"follow","max-snippet":"max-snippet:-1","max-image-preview":"max-image-preview:large","max-video-preview":"max-video-preview:-1"},"canonical":"https:\/\/verdadeon.com.br\/portal\/2023\/03\/25\/hospitais-da-regiao-devem-comecar-a-receber-pacientes-de-franca\/","og_locale":"pt_BR","og_type":"article","og_title":"Hospitais da regi\u00e3o devem come\u00e7ar a receber pacientes de Franca - VerdadeOn","og_description":"Santa Casa elabora projeto para poder abrir 50 novas vagas de interna\u00e7\u00e3o Pelo menos dez hospitais da regi\u00e3o devem come\u00e7ar a receber, nos pr\u00f3ximos dias, pacientes [\u2026]","og_url":"https:\/\/verdadeon.com.br\/portal\/2023\/03\/25\/hospitais-da-regiao-devem-comecar-a-receber-pacientes-de-franca\/","og_site_name":"VerdadeOn","article_published_time":"2023-03-25T15:16:05+00:00","og_image":[{"width":1600,"height":1142,"url":"https:\/\/verdadeon.com.br\/portal\/wp-content\/uploads\/2023\/03\/IMG-20230325-WA0018.jpg","type":"image\/jpeg"}],"author":"Redacao VerdadeOn","twitter_card":"summary_large_image","twitter_misc":{"Escrito por":"Redacao VerdadeOn","Est. tempo de leitura":"2 minutos"},"schema":{"@context":"https:\/\/schema.org","@graph":[{"@type":"WebPage","@id":"https:\/\/verdadeon.com.br\/portal\/2023\/03\/25\/hospitais-da-regiao-devem-comecar-a-receber-pacientes-de-franca\/","url":"https:\/\/verdadeon.com.br\/portal\/2023\/03\/25\/hospitais-da-regiao-devem-comecar-a-receber-pacientes-de-franca\/","name":"Hospitais da regi\u00e3o devem come\u00e7ar a receber pacientes de Franca - VerdadeOn","isPartOf":{"@id":"https:\/\/verdadeon.com.br\/portal\/#website"},"primaryImageOfPage":{"@id":"https:\/\/verdadeon.com.br\/portal\/2023\/03\/25\/hospitais-da-regiao-devem-comecar-a-receber-pacientes-de-franca\/#primaryimage"},"image":{"@id":"https:\/\/verdadeon.com.br\/portal\/2023\/03\/25\/hospitais-da-regiao-devem-comecar-a-receber-pacientes-de-franca\/#primaryimage"},"thumbnailUrl":"https:\/\/i0.wp.com\/verdadeon.com.br\/portal\/wp-content\/uploads\/2023\/03\/IMG-20230325-WA0018.jpg?fit=1600%2C1142&ssl=1","datePublished":"2023-03-25T15:16:05+00:00","author":{"@id":"https:\/\/verdadeon.com.br\/portal\/#\/schema\/person\/a5060ad1e9ea3df545188fc93ce43d2f"},"breadcrumb":{"@id":"https:\/\/verdadeon.com.br\/portal\/2023\/03\/25\/hospitais-da-regiao-devem-comecar-a-receber-pacientes-de-franca\/#breadcrumb"},"inLanguage":"pt-BR","potentialAction":[{"@type":"ReadAction","target":["https:\/\/verdadeon.com.br\/portal\/2023\/03\/25\/hospitais-da-regiao-devem-comecar-a-receber-pacientes-de-franca\/"]}]},{"@type":"ImageObject","inLanguage":"pt-BR","@id":"https:\/\/verdadeon.com.br\/portal\/2023\/03\/25\/hospitais-da-regiao-devem-comecar-a-receber-pacientes-de-franca\/#primaryimage","url":"https:\/\/i0.wp.com\/verdadeon.com.br\/portal\/wp-content\/uploads\/2023\/03\/IMG-20230325-WA0018.jpg?fit=1600%2C1142&ssl=1","contentUrl":"https:\/\/i0.wp.com\/verdadeon.com.br\/portal\/wp-content\/uploads\/2023\/03\/IMG-20230325-WA0018.jpg?fit=1600%2C1142&ssl=1","width":1600,"height":1142,"caption":"Deputada Delegada Graciela e o m\u00e9dico Ricardo Bessa, diretor da DRS8."},{"@type":"BreadcrumbList","@id":"https:\/\/verdadeon.com.br\/portal\/2023\/03\/25\/hospitais-da-regiao-devem-comecar-a-receber-pacientes-de-franca\/#breadcrumb","itemListElement":[{"@type":"ListItem","position":1,"name":"In\u00edcio","item":"https:\/\/verdadeon.com.br\/portal\/"},{"@type":"ListItem","position":2,"name":"Hospitais da regi\u00e3o devem come\u00e7ar a receber pacientes de Franca"}]},{"@type":"WebSite","@id":"https:\/\/verdadeon.com.br\/portal\/#website","url":"https:\/\/verdadeon.com.br\/portal\/","name":"VerdadeOn","description":"Not\u00edcias di\u00e1rias sobre Franca, Regi\u00e3o, Esporte, Cultura, Cotidiano, Colunas. Cobertura nos principais eventos da cidade \u00e9 aqui - Verdadeon Franca","potentialAction":[{"@type":"SearchAction","target":{"@type":"EntryPoint","urlTemplate":"https:\/\/verdadeon.com.br\/portal\/?s={search_term_string}"},"query-input":{"@type":"PropertyValueSpecification","valueRequired":true,"valueName":"search_term_string"}}],"inLanguage":"pt-BR"},{"@type":"Person","@id":"https:\/\/verdadeon.com.br\/portal\/#\/schema\/person\/a5060ad1e9ea3df545188fc93ce43d2f","name":"Redacao VerdadeOn","image":{"@type":"ImageObject","inLanguage":"pt-BR","@id":"https:\/\/verdadeon.com.br\/portal\/#\/schema\/person\/image\/","url":"https:\/\/secure.gravatar.com\/avatar\/459a9613caaaf07f582c3d0841eea68bdd66f533e465e6ba8b9cb45619572cf4?s=96&d=mm&r=g","contentUrl":"https:\/\/secure.gravatar.com\/avatar\/459a9613caaaf07f582c3d0841eea68bdd66f533e465e6ba8b9cb45619572cf4?s=96&d=mm&r=g","caption":"Redacao VerdadeOn"},"url":"https:\/\/verdadeon.com.br\/portal\/author\/redacao\/"}]}},"jetpack_publicize_connections":[],"jetpack_featured_media_url":"https:\/\/i0.wp.com\/verdadeon.com.br\/portal\/wp-content\/uploads\/2023\/03\/IMG-20230325-WA0018.jpg?fit=1600%2C1142&ssl=1","jetpack_sharing_enabled":true,"_links":{"self":[{"href":"https:\/\/verdadeon.com.br\/portal\/wp-json\/wp\/v2\/posts\/32917","targetHints":{"allow":["GET"]}}],"collection":[{"href":"https:\/\/verdadeon.com.br\/portal\/wp-json\/wp\/v2\/posts"}],"about":[{"href":"https:\/\/verdadeon.com.br\/portal\/wp-json\/wp\/v2\/types\/post"}],"author":[{"embeddable":true,"href":"https:\/\/verdadeon.com.br\/portal\/wp-json\/wp\/v2\/users\/10"}],"replies":[{"embeddable":true,"href":"https:\/\/verdadeon.com.br\/portal\/wp-json\/wp\/v2\/comments?post=32917"}],"version-history":[{"count":1,"href":"https:\/\/verdadeon.com.br\/portal\/wp-json\/wp\/v2\/posts\/32917\/revisions"}],"predecessor-version":[{"id":32919,"href":"https:\/\/verdadeon.com.br\/portal\/wp-json\/wp\/v2\/posts\/32917\/revisions\/32919"}],"wp:featuredmedia":[{"embeddable":true,"href":"https:\/\/verdadeon.com.br\/portal\/wp-json\/wp\/v2\/media\/32918"}],"wp:attachment":[{"href":"https:\/\/verdadeon.com.br\/portal\/wp-json\/wp\/v2\/media?parent=32917"}],"wp:term":[{"taxonomy":"category","embeddable":true,"href":"https:\/\/verdadeon.com.br\/portal\/wp-json\/wp\/v2\/categories?post=32917"},{"taxonomy":"post_tag","embeddable":true,"href":"https:\/\/verdadeon.com.br\/portal\/wp-json\/wp\/v2\/tags?post=32917"}],"curies":[{"name":"wp","href":"https:\/\/api.w.org\/{rel}","templated":true}]}}