{"id":32912,"date":"2023-03-25T10:41:45","date_gmt":"2023-03-25T13:41:45","guid":{"rendered":"https:\/\/verdadeon.com.br\/portal\/?p=32912"},"modified":"2023-03-25T10:41:45","modified_gmt":"2023-03-25T13:41:45","slug":"camara-vota-pl-que-destina-mais-de-r-148-mil-ao-cci-do-servidor","status":"publish","type":"post","link":"https:\/\/verdadeon.com.br\/portal\/2023\/03\/25\/camara-vota-pl-que-destina-mais-de-r-148-mil-ao-cci-do-servidor\/","title":{"rendered":"C\u00e2mara vota PL que destina mais de R$ 148 mil ao CCI do Servidor"},"content":{"rendered":"<h2>Os vereadores se re\u00fanem nesta ter\u00e7a-feira, 28 de mar\u00e7o, para discuss\u00e3o e vota\u00e7\u00f5es de projetos na 8\u00aa Sess\u00e3o Ordin\u00e1ria.<\/h2>\n<p>Nesta ter\u00e7a-feira, 28 de mar\u00e7o, vereadores da C\u00e2mara Municipal de Franca se reunir\u00e3o para discutir e votar projetos na 8\u00aa Sess\u00e3o Ordin\u00e1ria. No per\u00edodo da manh\u00e3 acontece o Expediente com as leituras dos documentos e of\u00edcios, al\u00e9m de uso da Tribuna tanto pelos mun\u00edcipes inscritos previamente e os pr\u00f3prios parlamentares, a partir das 9h. J\u00e1 no per\u00edodo da tarde, a partir das 14h, ser\u00e3o debatidos e votados os temas que passaram por an\u00e1lise das comiss\u00f5es da Casa de Leis e ou propostas que sejam inclu\u00eddas em regime de urg\u00eancia.<\/p>\n<p>Seis itens constam em pauta, entre eles, o Projeto de Lei Ordin\u00e1ria n\u00ba 29\/2023 de autoria do prefeito Alexandre Ferreira (MDB) que altera a Lei n\u00ba 9.281, de 1\u00ba de dezembro de 2022, que autorizou o Poder Executivo a conceder subven\u00e7\u00e3o, em 2023, ao Centro de Conviv\u00eancia Infantil do Servidor P\u00fablico Municipal Franca.<\/p>\n<p>O prefeito justifica: &#8220;trata-se de amplia\u00e7\u00e3o necess\u00e1ria (R$ 148.258,00), do valor da subven\u00e7\u00e3o ao CCI do Servidor, para o atendimento da educa\u00e7\u00e3o especial, considerando a matr\u00edcula de novas crian\u00e7as com direito ao profissional de apoio. O valor corresponde \u00e0 contrata\u00e7\u00e3o de quatro profissionais exclusivos para o atendimento da educa\u00e7\u00e3o especial durante o per\u00edodo de mar\u00e7o a dezembro&#8221;.<\/p>\n<p><strong>Orgulho Autista<\/strong><\/p>\n<p>Ainda ser\u00e1 votado o Projeto de Lei Ordin\u00e1ria 154\/2022 que institui e inclui no calend\u00e1rio oficial de eventos do munic\u00edpio de Franca a \u201cSemana Municipal de Conscientiza\u00e7\u00e3o do Autismo\u201d e o \u201cDia Municipal do Orgulho Autista\u201d, revoga a Lei n\u00ba 7.899\/2013.<\/p>\n<p>Os autores Donizete da Farm\u00e1cia (MDB), Carlinho Petr\u00f3polis Farm\u00e1cia (PL), Daniel Bassi (PSDB), Gilson Pelizaro (PT), Ilton Ferreira (PL), Marcelo Tidy (Uni\u00e3o) e Zezinho Cabeleireiro (PP) justificam: &#8220;trazendo para a realidade francana, \u00e9 preciso, mais do que nunca, avan\u00e7ar na luta contra os preconceitos que ainda marcam a forma como grande parte da sociedade lida com as pessoas com autismo&#8221;.<\/p>\n<p>Eles ainda defendem: &#8220;o Dia do Orgulho Autista tamb\u00e9m oferece uma \u00f3tima oportunidade para a valoriza\u00e7\u00e3o dos cuidadores. As pessoas que atendem crian\u00e7as com autismo podem sentir-se drenadas f\u00edsica e emocionalmente, uma vez que a tarefa pode exigir muita energia, aten\u00e7\u00e3o e cuidados especiais&#8221;.<\/p>\n","protected":false},"excerpt":{"rendered":"<p>Os vereadores se re\u00fanem nesta ter\u00e7a-feira, 28 de mar\u00e7o, para discuss\u00e3o e vota\u00e7\u00f5es de projetos na 8\u00aa Sess\u00e3o Ordin\u00e1ria. Nesta ter\u00e7a-feira, 28 de mar\u00e7o, vereadores da<span class=\"excerpt-hellip\"> [\u2026]<\/span><\/p>\n","protected":false},"author":10,"featured_media":32913,"comment_status":"open","ping_status":"open","sticky":false,"template":"","format":"standard","meta":{"_jetpack_memberships_contains_paid_content":false,"footnotes":"","jetpack_publicize_message":"","jetpack_publicize_feature_enabled":true,"jetpack_social_post_already_shared":false,"jetpack_social_options":{"image_generator_settings":{"template":"highway","default_image_id":0,"enabled":false},"version":2}},"categories":[28,44],"tags":[],"class_list":["post-32912","post","type-post","status-publish","format-standard","has-post-thumbnail","hentry","category-cotidiano","category-noticias"],"yoast_head":"<!-- This site is optimized with the Yoast SEO plugin v25.6 - https:\/\/yoast.com\/wordpress\/plugins\/seo\/ -->\n<title>C\u00e2mara vota PL que destina mais de R$ 148 mil ao CCI do Servidor - VerdadeOn<\/title>\n<meta name=\"robots\" content=\"index, follow, max-snippet:-1, max-image-preview:large, max-video-preview:-1\" \/>\n<link rel=\"canonical\" href=\"https:\/\/verdadeon.com.br\/portal\/2023\/03\/25\/camara-vota-pl-que-destina-mais-de-r-148-mil-ao-cci-do-servidor\/\" \/>\n<meta property=\"og:locale\" content=\"pt_BR\" \/>\n<meta property=\"og:type\" content=\"article\" \/>\n<meta property=\"og:title\" content=\"C\u00e2mara vota PL que destina mais de R$ 148 mil ao CCI do Servidor - VerdadeOn\" \/>\n<meta property=\"og:description\" content=\"Os vereadores se re\u00fanem nesta ter\u00e7a-feira, 28 de mar\u00e7o, para discuss\u00e3o e vota\u00e7\u00f5es de projetos na 8\u00aa Sess\u00e3o Ordin\u00e1ria. Nesta ter\u00e7a-feira, 28 de mar\u00e7o, vereadores da [\u2026]\" \/>\n<meta property=\"og:url\" content=\"https:\/\/verdadeon.com.br\/portal\/2023\/03\/25\/camara-vota-pl-que-destina-mais-de-r-148-mil-ao-cci-do-servidor\/\" \/>\n<meta property=\"og:site_name\" content=\"VerdadeOn\" \/>\n<meta property=\"article:published_time\" content=\"2023-03-25T13:41:45+00:00\" \/>\n<meta property=\"og:image\" content=\"https:\/\/verdadeon.com.br\/portal\/wp-content\/uploads\/2023\/03\/WhatsApp-Image-2023-03-24-at-15.57.04.jpeg\" \/>\n\t<meta property=\"og:image:width\" content=\"930\" \/>\n\t<meta property=\"og:image:height\" content=\"558\" \/>\n\t<meta property=\"og:image:type\" content=\"image\/jpeg\" \/>\n<meta name=\"author\" content=\"Redacao VerdadeOn\" \/>\n<meta name=\"twitter:card\" content=\"summary_large_image\" \/>\n<meta name=\"twitter:label1\" content=\"Escrito por\" \/>\n\t<meta name=\"twitter:data1\" content=\"Redacao VerdadeOn\" \/>\n\t<meta name=\"twitter:label2\" content=\"Est. tempo de leitura\" \/>\n\t<meta name=\"twitter:data2\" content=\"3 minutos\" \/>\n<script type=\"application\/ld+json\" class=\"yoast-schema-graph\">{\"@context\":\"https:\/\/schema.org\",\"@graph\":[{\"@type\":\"WebPage\",\"@id\":\"https:\/\/verdadeon.com.br\/portal\/2023\/03\/25\/camara-vota-pl-que-destina-mais-de-r-148-mil-ao-cci-do-servidor\/\",\"url\":\"https:\/\/verdadeon.com.br\/portal\/2023\/03\/25\/camara-vota-pl-que-destina-mais-de-r-148-mil-ao-cci-do-servidor\/\",\"name\":\"C\u00e2mara vota PL que destina mais de R$ 148 mil ao CCI do Servidor - VerdadeOn\",\"isPartOf\":{\"@id\":\"https:\/\/verdadeon.com.br\/portal\/#website\"},\"primaryImageOfPage\":{\"@id\":\"https:\/\/verdadeon.com.br\/portal\/2023\/03\/25\/camara-vota-pl-que-destina-mais-de-r-148-mil-ao-cci-do-servidor\/#primaryimage\"},\"image\":{\"@id\":\"https:\/\/verdadeon.com.br\/portal\/2023\/03\/25\/camara-vota-pl-que-destina-mais-de-r-148-mil-ao-cci-do-servidor\/#primaryimage\"},\"thumbnailUrl\":\"https:\/\/i0.wp.com\/verdadeon.com.br\/portal\/wp-content\/uploads\/2023\/03\/WhatsApp-Image-2023-03-24-at-15.57.04.jpeg?fit=930%2C558&ssl=1\",\"datePublished\":\"2023-03-25T13:41:45+00:00\",\"author\":{\"@id\":\"https:\/\/verdadeon.com.br\/portal\/#\/schema\/person\/a5060ad1e9ea3df545188fc93ce43d2f\"},\"breadcrumb\":{\"@id\":\"https:\/\/verdadeon.com.br\/portal\/2023\/03\/25\/camara-vota-pl-que-destina-mais-de-r-148-mil-ao-cci-do-servidor\/#breadcrumb\"},\"inLanguage\":\"pt-BR\",\"potentialAction\":[{\"@type\":\"ReadAction\",\"target\":[\"https:\/\/verdadeon.com.br\/portal\/2023\/03\/25\/camara-vota-pl-que-destina-mais-de-r-148-mil-ao-cci-do-servidor\/\"]}]},{\"@type\":\"ImageObject\",\"inLanguage\":\"pt-BR\",\"@id\":\"https:\/\/verdadeon.com.br\/portal\/2023\/03\/25\/camara-vota-pl-que-destina-mais-de-r-148-mil-ao-cci-do-servidor\/#primaryimage\",\"url\":\"https:\/\/i0.wp.com\/verdadeon.com.br\/portal\/wp-content\/uploads\/2023\/03\/WhatsApp-Image-2023-03-24-at-15.57.04.jpeg?fit=930%2C558&ssl=1\",\"contentUrl\":\"https:\/\/i0.wp.com\/verdadeon.com.br\/portal\/wp-content\/uploads\/2023\/03\/WhatsApp-Image-2023-03-24-at-15.57.04.jpeg?fit=930%2C558&ssl=1\",\"width\":930,\"height\":558,\"caption\":\"Fachada da C\u00e2mara Municipal de Franca (\u00a9Divulga\u00e7\u00e3o)\"},{\"@type\":\"BreadcrumbList\",\"@id\":\"https:\/\/verdadeon.com.br\/portal\/2023\/03\/25\/camara-vota-pl-que-destina-mais-de-r-148-mil-ao-cci-do-servidor\/#breadcrumb\",\"itemListElement\":[{\"@type\":\"ListItem\",\"position\":1,\"name\":\"In\u00edcio\",\"item\":\"https:\/\/verdadeon.com.br\/portal\/\"},{\"@type\":\"ListItem\",\"position\":2,\"name\":\"C\u00e2mara vota PL que destina mais de R$ 148 mil ao CCI do Servidor\"}]},{\"@type\":\"WebSite\",\"@id\":\"https:\/\/verdadeon.com.br\/portal\/#website\",\"url\":\"https:\/\/verdadeon.com.br\/portal\/\",\"name\":\"VerdadeOn\",\"description\":\"Not\u00edcias di\u00e1rias sobre Franca, Regi\u00e3o, Esporte, Cultura, Cotidiano, Colunas. Cobertura nos principais eventos da cidade \u00e9 aqui - Verdadeon Franca\",\"potentialAction\":[{\"@type\":\"SearchAction\",\"target\":{\"@type\":\"EntryPoint\",\"urlTemplate\":\"https:\/\/verdadeon.com.br\/portal\/?s={search_term_string}\"},\"query-input\":{\"@type\":\"PropertyValueSpecification\",\"valueRequired\":true,\"valueName\":\"search_term_string\"}}],\"inLanguage\":\"pt-BR\"},{\"@type\":\"Person\",\"@id\":\"https:\/\/verdadeon.com.br\/portal\/#\/schema\/person\/a5060ad1e9ea3df545188fc93ce43d2f\",\"name\":\"Redacao VerdadeOn\",\"image\":{\"@type\":\"ImageObject\",\"inLanguage\":\"pt-BR\",\"@id\":\"https:\/\/verdadeon.com.br\/portal\/#\/schema\/person\/image\/\",\"url\":\"https:\/\/secure.gravatar.com\/avatar\/459a9613caaaf07f582c3d0841eea68bdd66f533e465e6ba8b9cb45619572cf4?s=96&d=mm&r=g\",\"contentUrl\":\"https:\/\/secure.gravatar.com\/avatar\/459a9613caaaf07f582c3d0841eea68bdd66f533e465e6ba8b9cb45619572cf4?s=96&d=mm&r=g\",\"caption\":\"Redacao VerdadeOn\"},\"url\":\"https:\/\/verdadeon.com.br\/portal\/author\/redacao\/\"}]}<\/script>\n<!-- \/ Yoast SEO plugin. -->","yoast_head_json":{"title":"C\u00e2mara vota PL que destina mais de R$ 148 mil ao CCI do Servidor - VerdadeOn","robots":{"index":"index","follow":"follow","max-snippet":"max-snippet:-1","max-image-preview":"max-image-preview:large","max-video-preview":"max-video-preview:-1"},"canonical":"https:\/\/verdadeon.com.br\/portal\/2023\/03\/25\/camara-vota-pl-que-destina-mais-de-r-148-mil-ao-cci-do-servidor\/","og_locale":"pt_BR","og_type":"article","og_title":"C\u00e2mara vota PL que destina mais de R$ 148 mil ao CCI do Servidor - VerdadeOn","og_description":"Os vereadores se re\u00fanem nesta ter\u00e7a-feira, 28 de mar\u00e7o, para discuss\u00e3o e vota\u00e7\u00f5es de projetos na 8\u00aa Sess\u00e3o Ordin\u00e1ria. Nesta ter\u00e7a-feira, 28 de mar\u00e7o, vereadores da [\u2026]","og_url":"https:\/\/verdadeon.com.br\/portal\/2023\/03\/25\/camara-vota-pl-que-destina-mais-de-r-148-mil-ao-cci-do-servidor\/","og_site_name":"VerdadeOn","article_published_time":"2023-03-25T13:41:45+00:00","og_image":[{"width":930,"height":558,"url":"https:\/\/verdadeon.com.br\/portal\/wp-content\/uploads\/2023\/03\/WhatsApp-Image-2023-03-24-at-15.57.04.jpeg","type":"image\/jpeg"}],"author":"Redacao VerdadeOn","twitter_card":"summary_large_image","twitter_misc":{"Escrito por":"Redacao VerdadeOn","Est. tempo de leitura":"3 minutos"},"schema":{"@context":"https:\/\/schema.org","@graph":[{"@type":"WebPage","@id":"https:\/\/verdadeon.com.br\/portal\/2023\/03\/25\/camara-vota-pl-que-destina-mais-de-r-148-mil-ao-cci-do-servidor\/","url":"https:\/\/verdadeon.com.br\/portal\/2023\/03\/25\/camara-vota-pl-que-destina-mais-de-r-148-mil-ao-cci-do-servidor\/","name":"C\u00e2mara vota PL que destina mais de R$ 148 mil ao CCI do Servidor - VerdadeOn","isPartOf":{"@id":"https:\/\/verdadeon.com.br\/portal\/#website"},"primaryImageOfPage":{"@id":"https:\/\/verdadeon.com.br\/portal\/2023\/03\/25\/camara-vota-pl-que-destina-mais-de-r-148-mil-ao-cci-do-servidor\/#primaryimage"},"image":{"@id":"https:\/\/verdadeon.com.br\/portal\/2023\/03\/25\/camara-vota-pl-que-destina-mais-de-r-148-mil-ao-cci-do-servidor\/#primaryimage"},"thumbnailUrl":"https:\/\/i0.wp.com\/verdadeon.com.br\/portal\/wp-content\/uploads\/2023\/03\/WhatsApp-Image-2023-03-24-at-15.57.04.jpeg?fit=930%2C558&ssl=1","datePublished":"2023-03-25T13:41:45+00:00","author":{"@id":"https:\/\/verdadeon.com.br\/portal\/#\/schema\/person\/a5060ad1e9ea3df545188fc93ce43d2f"},"breadcrumb":{"@id":"https:\/\/verdadeon.com.br\/portal\/2023\/03\/25\/camara-vota-pl-que-destina-mais-de-r-148-mil-ao-cci-do-servidor\/#breadcrumb"},"inLanguage":"pt-BR","potentialAction":[{"@type":"ReadAction","target":["https:\/\/verdadeon.com.br\/portal\/2023\/03\/25\/camara-vota-pl-que-destina-mais-de-r-148-mil-ao-cci-do-servidor\/"]}]},{"@type":"ImageObject","inLanguage":"pt-BR","@id":"https:\/\/verdadeon.com.br\/portal\/2023\/03\/25\/camara-vota-pl-que-destina-mais-de-r-148-mil-ao-cci-do-servidor\/#primaryimage","url":"https:\/\/i0.wp.com\/verdadeon.com.br\/portal\/wp-content\/uploads\/2023\/03\/WhatsApp-Image-2023-03-24-at-15.57.04.jpeg?fit=930%2C558&ssl=1","contentUrl":"https:\/\/i0.wp.com\/verdadeon.com.br\/portal\/wp-content\/uploads\/2023\/03\/WhatsApp-Image-2023-03-24-at-15.57.04.jpeg?fit=930%2C558&ssl=1","width":930,"height":558,"caption":"Fachada da C\u00e2mara Municipal de Franca (\u00a9Divulga\u00e7\u00e3o)"},{"@type":"BreadcrumbList","@id":"https:\/\/verdadeon.com.br\/portal\/2023\/03\/25\/camara-vota-pl-que-destina-mais-de-r-148-mil-ao-cci-do-servidor\/#breadcrumb","itemListElement":[{"@type":"ListItem","position":1,"name":"In\u00edcio","item":"https:\/\/verdadeon.com.br\/portal\/"},{"@type":"ListItem","position":2,"name":"C\u00e2mara vota PL que destina mais de R$ 148 mil ao CCI do Servidor"}]},{"@type":"WebSite","@id":"https:\/\/verdadeon.com.br\/portal\/#website","url":"https:\/\/verdadeon.com.br\/portal\/","name":"VerdadeOn","description":"Not\u00edcias di\u00e1rias sobre Franca, Regi\u00e3o, Esporte, Cultura, Cotidiano, Colunas. Cobertura nos principais eventos da cidade \u00e9 aqui - Verdadeon Franca","potentialAction":[{"@type":"SearchAction","target":{"@type":"EntryPoint","urlTemplate":"https:\/\/verdadeon.com.br\/portal\/?s={search_term_string}"},"query-input":{"@type":"PropertyValueSpecification","valueRequired":true,"valueName":"search_term_string"}}],"inLanguage":"pt-BR"},{"@type":"Person","@id":"https:\/\/verdadeon.com.br\/portal\/#\/schema\/person\/a5060ad1e9ea3df545188fc93ce43d2f","name":"Redacao VerdadeOn","image":{"@type":"ImageObject","inLanguage":"pt-BR","@id":"https:\/\/verdadeon.com.br\/portal\/#\/schema\/person\/image\/","url":"https:\/\/secure.gravatar.com\/avatar\/459a9613caaaf07f582c3d0841eea68bdd66f533e465e6ba8b9cb45619572cf4?s=96&d=mm&r=g","contentUrl":"https:\/\/secure.gravatar.com\/avatar\/459a9613caaaf07f582c3d0841eea68bdd66f533e465e6ba8b9cb45619572cf4?s=96&d=mm&r=g","caption":"Redacao VerdadeOn"},"url":"https:\/\/verdadeon.com.br\/portal\/author\/redacao\/"}]}},"jetpack_publicize_connections":[],"jetpack_featured_media_url":"https:\/\/i0.wp.com\/verdadeon.com.br\/portal\/wp-content\/uploads\/2023\/03\/WhatsApp-Image-2023-03-24-at-15.57.04.jpeg?fit=930%2C558&ssl=1","jetpack_sharing_enabled":true,"_links":{"self":[{"href":"https:\/\/verdadeon.com.br\/portal\/wp-json\/wp\/v2\/posts\/32912","targetHints":{"allow":["GET"]}}],"collection":[{"href":"https:\/\/verdadeon.com.br\/portal\/wp-json\/wp\/v2\/posts"}],"about":[{"href":"https:\/\/verdadeon.com.br\/portal\/wp-json\/wp\/v2\/types\/post"}],"author":[{"embeddable":true,"href":"https:\/\/verdadeon.com.br\/portal\/wp-json\/wp\/v2\/users\/10"}],"replies":[{"embeddable":true,"href":"https:\/\/verdadeon.com.br\/portal\/wp-json\/wp\/v2\/comments?post=32912"}],"version-history":[{"count":1,"href":"https:\/\/verdadeon.com.br\/portal\/wp-json\/wp\/v2\/posts\/32912\/revisions"}],"predecessor-version":[{"id":32914,"href":"https:\/\/verdadeon.com.br\/portal\/wp-json\/wp\/v2\/posts\/32912\/revisions\/32914"}],"wp:featuredmedia":[{"embeddable":true,"href":"https:\/\/verdadeon.com.br\/portal\/wp-json\/wp\/v2\/media\/32913"}],"wp:attachment":[{"href":"https:\/\/verdadeon.com.br\/portal\/wp-json\/wp\/v2\/media?parent=32912"}],"wp:term":[{"taxonomy":"category","embeddable":true,"href":"https:\/\/verdadeon.com.br\/portal\/wp-json\/wp\/v2\/categories?post=32912"},{"taxonomy":"post_tag","embeddable":true,"href":"https:\/\/verdadeon.com.br\/portal\/wp-json\/wp\/v2\/tags?post=32912"}],"curies":[{"name":"wp","href":"https:\/\/api.w.org\/{rel}","templated":true}]}}