{"id":32849,"date":"2023-03-24T10:00:53","date_gmt":"2023-03-24T13:00:53","guid":{"rendered":"https:\/\/verdadeon.com.br\/portal\/?p=32849"},"modified":"2023-03-23T14:15:26","modified_gmt":"2023-03-23T17:15:26","slug":"arrecadacao-federal-atinge-r-15899-bilhoes-em-fevereiro","status":"publish","type":"post","link":"https:\/\/verdadeon.com.br\/portal\/2023\/03\/24\/arrecadacao-federal-atinge-r-15899-bilhoes-em-fevereiro\/","title":{"rendered":"Arrecada\u00e7\u00e3o federal atinge R$ 158,99 bilh\u00f5es em fevereiro"},"content":{"rendered":"<div class=\"row\">\n<h2 class=\"col-10 offset-1 animated fadeInDown dealy-900 display-8 display-md-8 alt-font font-italic my-1 text-center\">Valor \u00e9 o maior para o m\u00eas desde 2000<\/h2>\n<p>A Uni\u00e3o arrecadou R$ 158,99 bilh\u00f5es em impostos em fevereiro, de acordo com dados divulgados nesta\u00a0quinta-feira (23) pela Receita Federal. \u00c9 maior valor j\u00e1 registrado para meses\u00a0de fevereiro\u00a0desde 2000. Na compara\u00e7\u00e3o com o mesmo m\u00eas do ano passado, houve crescimento real de 1,28%, ou seja, acima da infla\u00e7\u00e3o, em valores corrigidos pelo \u00cdndice Nacional de Pre\u00e7os ao Consumidor Amplo (IPCA).<img data-recalc-dims=\"1\" decoding=\"async\" src=\"https:\/\/i0.wp.com\/agenciabrasil.ebc.com.br\/ebc.png?w=1220&#038;ssl=1\" \/><img data-recalc-dims=\"1\" decoding=\"async\" src=\"https:\/\/i0.wp.com\/agenciabrasil.ebc.com.br\/ebc.gif?w=1220&#038;ssl=1\" \/><\/p>\n<p>No acumulado do ano, a arrecada\u00e7\u00e3o alcan\u00e7ou R$ 410,73 bilh\u00f5es, representando acr\u00e9scimo acima da infla\u00e7\u00e3o de 1,19%. O valor \u00e9 o maior desde 2000, tamb\u00e9m para o per\u00edodo acumulado. Os dados sobre a arrecada\u00e7\u00e3o\u00a0de fevereiro\u00a0est\u00e3o dispon\u00edveis no\u00a0<a href=\"https:\/\/www.gov.br\/receitafederal\/pt-br\/centrais-de-conteudo\/publicacoes\/relatorios\/arrecadacao\" target=\"_blank\" rel=\"noopener\">site da Receita Federal<\/a><\/p>\n<p>.A avalia\u00e7\u00e3o do chefe do Centro de Estudos Tribut\u00e1rios e Aduaneiros, Claudemir Malaquias, \u00e9 positiva e, para ele, os n\u00fameros indicam uma retomada da gera\u00e7\u00e3o de empregos. \u201cPercebemos que o desempenho da atividade econ\u00f4mica continua sendo determinante para o resultado da arrecada\u00e7\u00e3o. Neste m\u00eas\u00a0de fevereiro, temos a surpresa positiva do desempenho da massa salarial, que significa que a atividade econ\u00f4mica tamb\u00e9m vem acompanhada de uma retomada do n\u00edvel de emprego\u201d, disse, durante entrevista coletiva.<\/p>\n<p>Quanto \u00e0s receitas administradas pela Receita Federal, o valor arrecadado em fevereiro ficou em R$ 153,03 bilh\u00f5es, representando acr\u00e9scimo real de 1,14%, enquanto no per\u00edodo acumulado\u00a0de janeiro\u00a0e fevereiro, a arrecada\u00e7\u00e3o alcan\u00e7ou R$ 387,96 bilh\u00f5es, alta real de 1,76%.<\/p>\n<p>O aumento pode ser explicado, principalmente, pelo crescimento de recolhimentos do Imposto de Renda Pessoa Jur\u00eddica (IRPJ) e da Contribui\u00e7\u00e3o Social Sobre o Lucro L\u00edquido (CSLL), que incide sobre o lucro das empresas. Segundo a Receita, eles s\u00e3o importantes indicadores da atividade econ\u00f4mica, sobretudo, do setor produtivo.<\/p>\n<p>As desonera\u00e7\u00f5es concedidas no Imposto sobre Produtos Industrializados (IPI) e Programa de Integra\u00e7\u00e3o Social\/Contribui\u00e7\u00e3o para Financiamento da Seguridade Social (PIS\/Cofins) tamb\u00e9m influenciaram no resultado.<\/p>\n<h2>Lucro das empresas<\/h2>\n<p>A arrecada\u00e7\u00e3o do IRPJ e da CSLL somou R$ 30,83 bilh\u00f5es, com crescimento real de 12,12% sobre o mesmo m\u00eas de 2022. O resultado \u00e9 explicado pelo acr\u00e9scimo real de 12,88% na arrecada\u00e7\u00e3o da estimativa mensal de empresas. Na apura\u00e7\u00e3o por estimativa mensal, o lucro real \u00e9 apurado anualmente, sendo que a empresa est\u00e1 obrigada a recolher mensalmente o imposto, calculado sobre uma base estimada.<\/p>\n<p>A Receita\u00a0observa ainda que houve pagamentos at\u00edpicos de IRPJ e CSLL de, aproximadamente, R$ 2 bilh\u00f5es, por empresas ligadas ao setor de\u00a0<em>commodities<\/em>\u00a0(produtos b\u00e1sicos negociados em mercados internacionais), associadas \u00e0 minera\u00e7\u00e3o e extra\u00e7\u00e3o e refino de combust\u00edveis.<\/p>\n<p>No acumulado do ano, o IRPJ e a CSLL somaram R$ 118,21 bilh\u00f5es, com crescimento real de apenas 0,79%. Esse desempenho \u00e9 explicado pelo\u00a0crescimento real de 19,66% da estimativa mensal, de 13,88% do balan\u00e7o trimestral e de 6,74% do lucro presumido, conjugado com o decr\u00e9scimo real de 50,99% na declara\u00e7\u00e3o de ajuste do IRPJ e da CSLL, relativa a fatos geradores ocorridos em 2022.<\/p>\n<p>\u201cAl\u00e9m disso, houve recolhimentos at\u00edpicos da ordem de R$ 5 bilh\u00f5es, especialmente por empresas ligadas \u00e0 explora\u00e7\u00e3o de\u00a0<em>commodities<\/em>, no primeiro bimestre deste ano, e de 12 bilh\u00f5es, no primeiro bimestre de 2022\u201d, informou a Receita Federal.<\/p>\n<p>J\u00e1 as receitas extraordin\u00e1rias foram compensadas pelas desonera\u00e7\u00f5es tribut\u00e1rias. Apenas em fevereiro, a redu\u00e7\u00e3o de al\u00edquotas do PIS\/Confins sobre combust\u00edveis resultou em uma desonera\u00e7\u00e3o de R$ 3,75 bilh\u00f5es. No ano, chega a R$ 7,50 bilh\u00f5es. J\u00e1 a redu\u00e7\u00e3o de al\u00edquotas de Imposto sobre Produtos Industrializados (IPI) custou R$ 1,9 bilh\u00e3o \u00e0 Receita no m\u00eas passado e R$ 3,80 bilh\u00f5es no acumulado\u00a0de janeiro\u00a0e fevereiro.<\/p>\n<p>\u201cSem considerar os pagamentos at\u00edpicos, haveria um crescimento real de 6,74% na arrecada\u00e7\u00e3o do per\u00edodo e de 3,56% na arrecada\u00e7\u00e3o do m\u00eas\u00a0de fevereiro\u201d, informou o \u00f3rg\u00e3o.<\/p>\n<h2>Outros destaques<\/h2>\n<p>Outro destaque da arrecada\u00e7\u00e3o\u00a0de fevereiro\u00a0foi a receita previdenci\u00e1ria, que alcan\u00e7ou R$ 46,04 bilh\u00f5es, com acr\u00e9scimo real de 6,28%, em raz\u00e3o do aumento real de 8,52% da massa salarial. No acumulado do ano, o resultado chega a R$ 94,39 bilh\u00f5es, alta real de 7,47%. Esse \u00faltimo item pode ser explicado pelo aumento real de 12,28% da massa salarial e pelo aumento real de 10,14% na arrecada\u00e7\u00e3o da contribui\u00e7\u00e3o previdenci\u00e1ria do Simples Nacional\u00a0de janeiro\u00a0e fevereiro deste ano, em rela\u00e7\u00e3o ao mesmo per\u00edodo de 2022.<\/p>\n<p>Al\u00e9m disso, houve crescimento das compensa\u00e7\u00f5es tribut\u00e1rias com d\u00e9bitos de receita previdenci\u00e1ria em raz\u00e3o da Lei 13.670\/18, que vedou a utiliza\u00e7\u00e3o de cr\u00e9ditos tribut\u00e1rios para a compensa\u00e7\u00e3o de d\u00e9bitos de estimativas mensais do IRPJ e da CSLL.<\/p>\n<p>O Imposto de Renda Retido na Fonte (IRRF) &#8211; Rendimentos do Trabalho registrou arrecada\u00e7\u00e3o de R$ 14,08 bilh\u00f5es em fevereiro, representando crescimento real de 12,11%. O resultado deve-se aos acr\u00e9scimos reais na arrecada\u00e7\u00e3o dos itens Rendimentos do Trabalho Assalariado (10,66%) e Aposentadoria do Regime Geral ou do Servidor P\u00fablico (33,07%) e decr\u00e9scimo em Participa\u00e7\u00e3o nos Lucros ou Resultados (queda de 1,03%). No acumulado\u00a0de janeiro\u00a0e fevereiro, o valor chega e R$ 35,31 bilh\u00f5es, alta real de 12,83%<\/p>\n<p>O IRRF &#8211; Rendimentos de Capital teve arrecada\u00e7\u00e3o de R$ 6,72 bilh\u00f5es no m\u00eas passado, com acr\u00e9scimo real de 27,03%. Somados janeiro e fevereiro, o valor chega a R$ 17,66 bilh\u00f5es, alta real de 44,65%. Os resultados podem ser explicados em raz\u00e3o da alta da taxa Selic (juros b\u00e1sicos da economia), que influenciou o recolhimento dos rendimentos dos fundos e t\u00edtulos de renda fixa.<\/p>\n<h2>Indicadores macroecon\u00f4micos<\/h2>\n<p>\u00c9 costume da Receita Federal apresentar, tamb\u00e9m, os principais indicadores macroecon\u00f4micos que ajudam a explicar o desempenho da arrecada\u00e7\u00e3o, tanto no m\u00eas quanto no acumulado do ano. Entretanto, alguns dados n\u00e3o est\u00e3o dispon\u00edveis devido \u00e0 mudan\u00e7a de metodologia do Instituto Brasileiro de Geografia e Estat\u00edstica (IBGE) na apura\u00e7\u00e3o e divulga\u00e7\u00e3o dos resultados da venda de bens e servi\u00e7os e da produ\u00e7\u00e3o industrial.<\/p>\n<p>A informa\u00e7\u00e3o j\u00e1 dispon\u00edvel \u00e9 da massa salarial, que mant\u00e9m crescimento significativo de 14,78% no m\u00eas (18,76% no ano) de janeiro (fator gerador da arrecada\u00e7\u00e3o\u00a0de fevereiro), em rela\u00e7\u00e3o ao mesmo m\u00eas de 2022. J\u00e1 o valor em d\u00f3lar das importa\u00e7\u00f5es teve queda de 6,05% em rela\u00e7\u00e3o a janeiro do ano passado e queda de 1,98% em 12 meses.<\/p>\n<p>Fonte: Ag\u00eancia Brasil<\/p>\n<\/div>\n","protected":false},"excerpt":{"rendered":"<p>Valor \u00e9 o maior para o m\u00eas desde 2000 A Uni\u00e3o arrecadou R$ 158,99 bilh\u00f5es em impostos em fevereiro, de acordo com dados divulgados nesta\u00a0quinta-feira (23)<span class=\"excerpt-hellip\"> [\u2026]<\/span><\/p>\n","protected":false},"author":10,"featured_media":32850,"comment_status":"open","ping_status":"open","sticky":false,"template":"","format":"standard","meta":{"_jetpack_memberships_contains_paid_content":false,"footnotes":"","jetpack_publicize_message":"","jetpack_publicize_feature_enabled":true,"jetpack_social_post_already_shared":false,"jetpack_social_options":{"image_generator_settings":{"template":"highway","default_image_id":0,"enabled":false},"version":2}},"categories":[28,44],"tags":[],"class_list":["post-32849","post","type-post","status-publish","format-standard","has-post-thumbnail","hentry","category-cotidiano","category-noticias"],"yoast_head":"<!-- This site is optimized with the Yoast SEO plugin v25.6 - https:\/\/yoast.com\/wordpress\/plugins\/seo\/ -->\n<title>Arrecada\u00e7\u00e3o federal atinge R$ 158,99 bilh\u00f5es em fevereiro - VerdadeOn<\/title>\n<meta name=\"robots\" content=\"index, follow, max-snippet:-1, max-image-preview:large, max-video-preview:-1\" \/>\n<link rel=\"canonical\" href=\"https:\/\/verdadeon.com.br\/portal\/2023\/03\/24\/arrecadacao-federal-atinge-r-15899-bilhoes-em-fevereiro\/\" \/>\n<meta property=\"og:locale\" content=\"pt_BR\" \/>\n<meta property=\"og:type\" content=\"article\" \/>\n<meta property=\"og:title\" content=\"Arrecada\u00e7\u00e3o federal atinge R$ 158,99 bilh\u00f5es em fevereiro - VerdadeOn\" \/>\n<meta property=\"og:description\" content=\"Valor \u00e9 o maior para o m\u00eas desde 2000 A Uni\u00e3o arrecadou R$ 158,99 bilh\u00f5es em impostos em fevereiro, de acordo com dados divulgados nesta\u00a0quinta-feira (23) [\u2026]\" \/>\n<meta property=\"og:url\" content=\"https:\/\/verdadeon.com.br\/portal\/2023\/03\/24\/arrecadacao-federal-atinge-r-15899-bilhoes-em-fevereiro\/\" \/>\n<meta property=\"og:site_name\" content=\"VerdadeOn\" \/>\n<meta property=\"article:published_time\" content=\"2023-03-24T13:00:53+00:00\" \/>\n<meta property=\"og:image\" content=\"https:\/\/verdadeon.com.br\/portal\/wp-content\/uploads\/2023\/03\/mcam20022020-4.jpg\" \/>\n\t<meta property=\"og:image:width\" content=\"1170\" \/>\n\t<meta property=\"og:image:height\" content=\"700\" \/>\n\t<meta property=\"og:image:type\" content=\"image\/jpeg\" \/>\n<meta name=\"author\" content=\"Redacao VerdadeOn\" \/>\n<meta name=\"twitter:card\" content=\"summary_large_image\" \/>\n<meta name=\"twitter:label1\" content=\"Escrito por\" \/>\n\t<meta name=\"twitter:data1\" content=\"Redacao VerdadeOn\" \/>\n\t<meta name=\"twitter:label2\" content=\"Est. tempo de leitura\" \/>\n\t<meta name=\"twitter:data2\" content=\"6 minutos\" \/>\n<script type=\"application\/ld+json\" class=\"yoast-schema-graph\">{\"@context\":\"https:\/\/schema.org\",\"@graph\":[{\"@type\":\"WebPage\",\"@id\":\"https:\/\/verdadeon.com.br\/portal\/2023\/03\/24\/arrecadacao-federal-atinge-r-15899-bilhoes-em-fevereiro\/\",\"url\":\"https:\/\/verdadeon.com.br\/portal\/2023\/03\/24\/arrecadacao-federal-atinge-r-15899-bilhoes-em-fevereiro\/\",\"name\":\"Arrecada\u00e7\u00e3o federal atinge R$ 158,99 bilh\u00f5es em fevereiro - VerdadeOn\",\"isPartOf\":{\"@id\":\"https:\/\/verdadeon.com.br\/portal\/#website\"},\"primaryImageOfPage\":{\"@id\":\"https:\/\/verdadeon.com.br\/portal\/2023\/03\/24\/arrecadacao-federal-atinge-r-15899-bilhoes-em-fevereiro\/#primaryimage\"},\"image\":{\"@id\":\"https:\/\/verdadeon.com.br\/portal\/2023\/03\/24\/arrecadacao-federal-atinge-r-15899-bilhoes-em-fevereiro\/#primaryimage\"},\"thumbnailUrl\":\"https:\/\/i0.wp.com\/verdadeon.com.br\/portal\/wp-content\/uploads\/2023\/03\/mcam20022020-4.jpg?fit=1170%2C700&ssl=1\",\"datePublished\":\"2023-03-24T13:00:53+00:00\",\"author\":{\"@id\":\"https:\/\/verdadeon.com.br\/portal\/#\/schema\/person\/a5060ad1e9ea3df545188fc93ce43d2f\"},\"breadcrumb\":{\"@id\":\"https:\/\/verdadeon.com.br\/portal\/2023\/03\/24\/arrecadacao-federal-atinge-r-15899-bilhoes-em-fevereiro\/#breadcrumb\"},\"inLanguage\":\"pt-BR\",\"potentialAction\":[{\"@type\":\"ReadAction\",\"target\":[\"https:\/\/verdadeon.com.br\/portal\/2023\/03\/24\/arrecadacao-federal-atinge-r-15899-bilhoes-em-fevereiro\/\"]}]},{\"@type\":\"ImageObject\",\"inLanguage\":\"pt-BR\",\"@id\":\"https:\/\/verdadeon.com.br\/portal\/2023\/03\/24\/arrecadacao-federal-atinge-r-15899-bilhoes-em-fevereiro\/#primaryimage\",\"url\":\"https:\/\/i0.wp.com\/verdadeon.com.br\/portal\/wp-content\/uploads\/2023\/03\/mcam20022020-4.jpg?fit=1170%2C700&ssl=1\",\"contentUrl\":\"https:\/\/i0.wp.com\/verdadeon.com.br\/portal\/wp-content\/uploads\/2023\/03\/mcam20022020-4.jpg?fit=1170%2C700&ssl=1\",\"width\":1170,\"height\":700,\"caption\":\"Receita Federal arrecadou pouco mais de R$171 bi em mar\u00e7o deste ano. (\u00a9Marcelo Camargo\/Ag\u00eancia Brasil)\"},{\"@type\":\"BreadcrumbList\",\"@id\":\"https:\/\/verdadeon.com.br\/portal\/2023\/03\/24\/arrecadacao-federal-atinge-r-15899-bilhoes-em-fevereiro\/#breadcrumb\",\"itemListElement\":[{\"@type\":\"ListItem\",\"position\":1,\"name\":\"In\u00edcio\",\"item\":\"https:\/\/verdadeon.com.br\/portal\/\"},{\"@type\":\"ListItem\",\"position\":2,\"name\":\"Arrecada\u00e7\u00e3o federal atinge R$ 158,99 bilh\u00f5es em fevereiro\"}]},{\"@type\":\"WebSite\",\"@id\":\"https:\/\/verdadeon.com.br\/portal\/#website\",\"url\":\"https:\/\/verdadeon.com.br\/portal\/\",\"name\":\"VerdadeOn\",\"description\":\"Not\u00edcias di\u00e1rias sobre Franca, Regi\u00e3o, Esporte, Cultura, Cotidiano, Colunas. Cobertura nos principais eventos da cidade \u00e9 aqui - Verdadeon Franca\",\"potentialAction\":[{\"@type\":\"SearchAction\",\"target\":{\"@type\":\"EntryPoint\",\"urlTemplate\":\"https:\/\/verdadeon.com.br\/portal\/?s={search_term_string}\"},\"query-input\":{\"@type\":\"PropertyValueSpecification\",\"valueRequired\":true,\"valueName\":\"search_term_string\"}}],\"inLanguage\":\"pt-BR\"},{\"@type\":\"Person\",\"@id\":\"https:\/\/verdadeon.com.br\/portal\/#\/schema\/person\/a5060ad1e9ea3df545188fc93ce43d2f\",\"name\":\"Redacao VerdadeOn\",\"image\":{\"@type\":\"ImageObject\",\"inLanguage\":\"pt-BR\",\"@id\":\"https:\/\/verdadeon.com.br\/portal\/#\/schema\/person\/image\/\",\"url\":\"https:\/\/secure.gravatar.com\/avatar\/459a9613caaaf07f582c3d0841eea68bdd66f533e465e6ba8b9cb45619572cf4?s=96&d=mm&r=g\",\"contentUrl\":\"https:\/\/secure.gravatar.com\/avatar\/459a9613caaaf07f582c3d0841eea68bdd66f533e465e6ba8b9cb45619572cf4?s=96&d=mm&r=g\",\"caption\":\"Redacao VerdadeOn\"},\"url\":\"https:\/\/verdadeon.com.br\/portal\/author\/redacao\/\"}]}<\/script>\n<!-- \/ Yoast SEO plugin. -->","yoast_head_json":{"title":"Arrecada\u00e7\u00e3o federal atinge R$ 158,99 bilh\u00f5es em fevereiro - VerdadeOn","robots":{"index":"index","follow":"follow","max-snippet":"max-snippet:-1","max-image-preview":"max-image-preview:large","max-video-preview":"max-video-preview:-1"},"canonical":"https:\/\/verdadeon.com.br\/portal\/2023\/03\/24\/arrecadacao-federal-atinge-r-15899-bilhoes-em-fevereiro\/","og_locale":"pt_BR","og_type":"article","og_title":"Arrecada\u00e7\u00e3o federal atinge R$ 158,99 bilh\u00f5es em fevereiro - VerdadeOn","og_description":"Valor \u00e9 o maior para o m\u00eas desde 2000 A Uni\u00e3o arrecadou R$ 158,99 bilh\u00f5es em impostos em fevereiro, de acordo com dados divulgados nesta\u00a0quinta-feira (23) [\u2026]","og_url":"https:\/\/verdadeon.com.br\/portal\/2023\/03\/24\/arrecadacao-federal-atinge-r-15899-bilhoes-em-fevereiro\/","og_site_name":"VerdadeOn","article_published_time":"2023-03-24T13:00:53+00:00","og_image":[{"width":1170,"height":700,"url":"https:\/\/verdadeon.com.br\/portal\/wp-content\/uploads\/2023\/03\/mcam20022020-4.jpg","type":"image\/jpeg"}],"author":"Redacao VerdadeOn","twitter_card":"summary_large_image","twitter_misc":{"Escrito por":"Redacao VerdadeOn","Est. tempo de leitura":"6 minutos"},"schema":{"@context":"https:\/\/schema.org","@graph":[{"@type":"WebPage","@id":"https:\/\/verdadeon.com.br\/portal\/2023\/03\/24\/arrecadacao-federal-atinge-r-15899-bilhoes-em-fevereiro\/","url":"https:\/\/verdadeon.com.br\/portal\/2023\/03\/24\/arrecadacao-federal-atinge-r-15899-bilhoes-em-fevereiro\/","name":"Arrecada\u00e7\u00e3o federal atinge R$ 158,99 bilh\u00f5es em fevereiro - VerdadeOn","isPartOf":{"@id":"https:\/\/verdadeon.com.br\/portal\/#website"},"primaryImageOfPage":{"@id":"https:\/\/verdadeon.com.br\/portal\/2023\/03\/24\/arrecadacao-federal-atinge-r-15899-bilhoes-em-fevereiro\/#primaryimage"},"image":{"@id":"https:\/\/verdadeon.com.br\/portal\/2023\/03\/24\/arrecadacao-federal-atinge-r-15899-bilhoes-em-fevereiro\/#primaryimage"},"thumbnailUrl":"https:\/\/i0.wp.com\/verdadeon.com.br\/portal\/wp-content\/uploads\/2023\/03\/mcam20022020-4.jpg?fit=1170%2C700&ssl=1","datePublished":"2023-03-24T13:00:53+00:00","author":{"@id":"https:\/\/verdadeon.com.br\/portal\/#\/schema\/person\/a5060ad1e9ea3df545188fc93ce43d2f"},"breadcrumb":{"@id":"https:\/\/verdadeon.com.br\/portal\/2023\/03\/24\/arrecadacao-federal-atinge-r-15899-bilhoes-em-fevereiro\/#breadcrumb"},"inLanguage":"pt-BR","potentialAction":[{"@type":"ReadAction","target":["https:\/\/verdadeon.com.br\/portal\/2023\/03\/24\/arrecadacao-federal-atinge-r-15899-bilhoes-em-fevereiro\/"]}]},{"@type":"ImageObject","inLanguage":"pt-BR","@id":"https:\/\/verdadeon.com.br\/portal\/2023\/03\/24\/arrecadacao-federal-atinge-r-15899-bilhoes-em-fevereiro\/#primaryimage","url":"https:\/\/i0.wp.com\/verdadeon.com.br\/portal\/wp-content\/uploads\/2023\/03\/mcam20022020-4.jpg?fit=1170%2C700&ssl=1","contentUrl":"https:\/\/i0.wp.com\/verdadeon.com.br\/portal\/wp-content\/uploads\/2023\/03\/mcam20022020-4.jpg?fit=1170%2C700&ssl=1","width":1170,"height":700,"caption":"Receita Federal arrecadou pouco mais de R$171 bi em mar\u00e7o deste ano. (\u00a9Marcelo Camargo\/Ag\u00eancia Brasil)"},{"@type":"BreadcrumbList","@id":"https:\/\/verdadeon.com.br\/portal\/2023\/03\/24\/arrecadacao-federal-atinge-r-15899-bilhoes-em-fevereiro\/#breadcrumb","itemListElement":[{"@type":"ListItem","position":1,"name":"In\u00edcio","item":"https:\/\/verdadeon.com.br\/portal\/"},{"@type":"ListItem","position":2,"name":"Arrecada\u00e7\u00e3o federal atinge R$ 158,99 bilh\u00f5es em fevereiro"}]},{"@type":"WebSite","@id":"https:\/\/verdadeon.com.br\/portal\/#website","url":"https:\/\/verdadeon.com.br\/portal\/","name":"VerdadeOn","description":"Not\u00edcias di\u00e1rias sobre Franca, Regi\u00e3o, Esporte, Cultura, Cotidiano, Colunas. Cobertura nos principais eventos da cidade \u00e9 aqui - Verdadeon Franca","potentialAction":[{"@type":"SearchAction","target":{"@type":"EntryPoint","urlTemplate":"https:\/\/verdadeon.com.br\/portal\/?s={search_term_string}"},"query-input":{"@type":"PropertyValueSpecification","valueRequired":true,"valueName":"search_term_string"}}],"inLanguage":"pt-BR"},{"@type":"Person","@id":"https:\/\/verdadeon.com.br\/portal\/#\/schema\/person\/a5060ad1e9ea3df545188fc93ce43d2f","name":"Redacao VerdadeOn","image":{"@type":"ImageObject","inLanguage":"pt-BR","@id":"https:\/\/verdadeon.com.br\/portal\/#\/schema\/person\/image\/","url":"https:\/\/secure.gravatar.com\/avatar\/459a9613caaaf07f582c3d0841eea68bdd66f533e465e6ba8b9cb45619572cf4?s=96&d=mm&r=g","contentUrl":"https:\/\/secure.gravatar.com\/avatar\/459a9613caaaf07f582c3d0841eea68bdd66f533e465e6ba8b9cb45619572cf4?s=96&d=mm&r=g","caption":"Redacao VerdadeOn"},"url":"https:\/\/verdadeon.com.br\/portal\/author\/redacao\/"}]}},"jetpack_publicize_connections":[],"jetpack_featured_media_url":"https:\/\/i0.wp.com\/verdadeon.com.br\/portal\/wp-content\/uploads\/2023\/03\/mcam20022020-4.jpg?fit=1170%2C700&ssl=1","jetpack_sharing_enabled":true,"_links":{"self":[{"href":"https:\/\/verdadeon.com.br\/portal\/wp-json\/wp\/v2\/posts\/32849","targetHints":{"allow":["GET"]}}],"collection":[{"href":"https:\/\/verdadeon.com.br\/portal\/wp-json\/wp\/v2\/posts"}],"about":[{"href":"https:\/\/verdadeon.com.br\/portal\/wp-json\/wp\/v2\/types\/post"}],"author":[{"embeddable":true,"href":"https:\/\/verdadeon.com.br\/portal\/wp-json\/wp\/v2\/users\/10"}],"replies":[{"embeddable":true,"href":"https:\/\/verdadeon.com.br\/portal\/wp-json\/wp\/v2\/comments?post=32849"}],"version-history":[{"count":1,"href":"https:\/\/verdadeon.com.br\/portal\/wp-json\/wp\/v2\/posts\/32849\/revisions"}],"predecessor-version":[{"id":32851,"href":"https:\/\/verdadeon.com.br\/portal\/wp-json\/wp\/v2\/posts\/32849\/revisions\/32851"}],"wp:featuredmedia":[{"embeddable":true,"href":"https:\/\/verdadeon.com.br\/portal\/wp-json\/wp\/v2\/media\/32850"}],"wp:attachment":[{"href":"https:\/\/verdadeon.com.br\/portal\/wp-json\/wp\/v2\/media?parent=32849"}],"wp:term":[{"taxonomy":"category","embeddable":true,"href":"https:\/\/verdadeon.com.br\/portal\/wp-json\/wp\/v2\/categories?post=32849"},{"taxonomy":"post_tag","embeddable":true,"href":"https:\/\/verdadeon.com.br\/portal\/wp-json\/wp\/v2\/tags?post=32849"}],"curies":[{"name":"wp","href":"https:\/\/api.w.org\/{rel}","templated":true}]}}