{"id":32838,"date":"2023-03-23T11:51:24","date_gmt":"2023-03-23T14:51:24","guid":{"rendered":"https:\/\/verdadeon.com.br\/portal\/?p=32838"},"modified":"2023-03-23T11:56:31","modified_gmt":"2023-03-23T14:56:31","slug":"policia-civil-prende-2-individuos-por-trafico-de-drogas-na-vila-sao-sebastiao","status":"publish","type":"post","link":"https:\/\/verdadeon.com.br\/portal\/2023\/03\/23\/policia-civil-prende-2-individuos-por-trafico-de-drogas-na-vila-sao-sebastiao\/","title":{"rendered":"Pol\u00edcia Civil prende 2 indiv\u00edduos por tr\u00e1fico de drogas na vila S\u00e3o Sebasti\u00e3o"},"content":{"rendered":"<h2>Nas resid\u00eancias, a Pol\u00edcia localizou drogas escondidas, que seriam comercializadas posteriormente<\/h2>\n<p>Nesta quinta-feira, 23, a Pol\u00edcia Civil do Estado de S\u00e3o Paulo, por meio da Delegacia Seccional de Franca, realizou uma importante a\u00e7\u00e3o policial junto ao Munic\u00edpio, atrav\u00e9s da DISE (Delegacia de investiga\u00e7\u00f5es sobre Entorpecentes) de Franca, comandada pelo delegado Dr. Alan Bazalha. Foram recebidas den\u00fancias de que dois homens de 18 e 20 anos estariam ocultando e vendendo drogas em suas resid\u00eancias localizadas no bairro Vila S\u00e3o Sebasti\u00e3o, em Franca, casas que ficam lado a lado.<\/p>\n<p>Em campana, foi verificada uma grande movimenta\u00e7\u00e3o de pessoas com caracter\u00edsticas de usu\u00e1rios entrando e saindo nos dois im\u00f3veis e procurando pelos averiguados. Diante das informa\u00e7\u00f5es coletadas, foram solicitados Mandados de Busca Domiciliares para os dois im\u00f3veis.<\/p>\n<p>Nesta data, j\u00e1 com as autoriza\u00e7\u00f5es judiciais em m\u00e3os, a equipe de Policiais Civis desta Delegacia Especializada, contando com o importante apoio de investigadores da DIG (Delegacia de Investiga\u00e7\u00f5es Gerais) e da DDM (Delegacia de Defesa da Mulher), foram<br \/>\naos im\u00f3veis para darem cumprimento aos referidos mandados de busca, sendo que dividiram em duas equipes para serem dadas as buscas ao mesmo tempo nos dois im\u00f3veis. Em uma das resid\u00eancias, foram apreendidos 2 tabletes de maconha, 1 celulares e v\u00e1rios materiais para embalar. Na outra resid\u00eancia, apreenderam 1 tablete de maconha, 1 por\u00e7\u00e3o de coca\u00edna e material para embalar, al\u00e9m de R$190 (cento e noventa reais) em dinheiro.<\/p>\n<p>Diante dos fatos, foi dada voz de pris\u00e3o em flagrante delito aos autuados pelo crime de Tr\u00e1fico de Drogas, tendo a Autoridade Policial Titular da DISE, Alan Bazalha Lopes ratificado a pris\u00e3o emanada pelos Policiais, deliberando pela elabora\u00e7\u00e3o do Auto de Pris\u00e3o em Flagrante Delito em desfavor dos autuados, ensejando recolhimento dos 2 indiv\u00edduos \u00e0 Unidade Prisional, onde permanecer\u00e3o \u00e0 disposi\u00e7\u00e3o da justi\u00e7a.<\/p>\n<p>Cabe ressaltar que os averiguados, apesar da pouca idade, j\u00e1 possuem passagens criminais por tr\u00e1fico de drogas e posse de arma de fogo.<\/p>\n<p>DEN\u00daNCIAS: 181 ou no Whatsapp &#8211; (16) 99112-6162. As den\u00fancias permanecem em sigilo absoluto.<\/p>\n","protected":false},"excerpt":{"rendered":"<p>Nas resid\u00eancias, a Pol\u00edcia localizou drogas escondidas, que seriam comercializadas posteriormente Nesta quinta-feira, 23, a Pol\u00edcia Civil do Estado de S\u00e3o Paulo, por meio da Delegacia<span class=\"excerpt-hellip\"> [\u2026]<\/span><\/p>\n","protected":false},"author":10,"featured_media":32843,"comment_status":"open","ping_status":"open","sticky":false,"template":"","format":"standard","meta":{"_jetpack_memberships_contains_paid_content":false,"footnotes":"","jetpack_publicize_message":"","jetpack_publicize_feature_enabled":true,"jetpack_social_post_already_shared":false,"jetpack_social_options":{"image_generator_settings":{"template":"highway","default_image_id":0,"enabled":false},"version":2}},"categories":[28,81],"tags":[],"class_list":["post-32838","post","type-post","status-publish","format-standard","has-post-thumbnail","hentry","category-cotidiano","category-manchete"],"yoast_head":"<!-- This site is optimized with the Yoast SEO plugin v25.6 - https:\/\/yoast.com\/wordpress\/plugins\/seo\/ -->\n<title>Pol\u00edcia Civil prende 2 indiv\u00edduos por tr\u00e1fico de drogas na vila S\u00e3o Sebasti\u00e3o - VerdadeOn<\/title>\n<meta name=\"robots\" content=\"index, follow, max-snippet:-1, max-image-preview:large, max-video-preview:-1\" \/>\n<link rel=\"canonical\" href=\"https:\/\/verdadeon.com.br\/portal\/2023\/03\/23\/policia-civil-prende-2-individuos-por-trafico-de-drogas-na-vila-sao-sebastiao\/\" \/>\n<meta property=\"og:locale\" content=\"pt_BR\" \/>\n<meta property=\"og:type\" content=\"article\" \/>\n<meta property=\"og:title\" content=\"Pol\u00edcia Civil prende 2 indiv\u00edduos por tr\u00e1fico de drogas na vila S\u00e3o Sebasti\u00e3o - VerdadeOn\" \/>\n<meta property=\"og:description\" content=\"Nas resid\u00eancias, a Pol\u00edcia localizou drogas escondidas, que seriam comercializadas posteriormente Nesta quinta-feira, 23, a Pol\u00edcia Civil do Estado de S\u00e3o Paulo, por meio da Delegacia [\u2026]\" \/>\n<meta property=\"og:url\" content=\"https:\/\/verdadeon.com.br\/portal\/2023\/03\/23\/policia-civil-prende-2-individuos-por-trafico-de-drogas-na-vila-sao-sebastiao\/\" \/>\n<meta property=\"og:site_name\" content=\"VerdadeOn\" \/>\n<meta property=\"article:published_time\" content=\"2023-03-23T14:51:24+00:00\" \/>\n<meta property=\"article:modified_time\" content=\"2023-03-23T14:56:31+00:00\" \/>\n<meta property=\"og:image\" content=\"https:\/\/verdadeon.com.br\/portal\/wp-content\/uploads\/2023\/03\/Blank-2-Grids-Collage-1.jpg\" \/>\n\t<meta property=\"og:image:width\" content=\"2000\" \/>\n\t<meta property=\"og:image:height\" content=\"2000\" \/>\n\t<meta property=\"og:image:type\" content=\"image\/jpeg\" \/>\n<meta name=\"author\" content=\"Redacao VerdadeOn\" \/>\n<meta name=\"twitter:card\" content=\"summary_large_image\" \/>\n<meta name=\"twitter:label1\" content=\"Escrito por\" \/>\n\t<meta name=\"twitter:data1\" content=\"Redacao VerdadeOn\" \/>\n\t<meta name=\"twitter:label2\" content=\"Est. tempo de leitura\" \/>\n\t<meta name=\"twitter:data2\" content=\"2 minutos\" \/>\n<script type=\"application\/ld+json\" class=\"yoast-schema-graph\">{\"@context\":\"https:\/\/schema.org\",\"@graph\":[{\"@type\":\"WebPage\",\"@id\":\"https:\/\/verdadeon.com.br\/portal\/2023\/03\/23\/policia-civil-prende-2-individuos-por-trafico-de-drogas-na-vila-sao-sebastiao\/\",\"url\":\"https:\/\/verdadeon.com.br\/portal\/2023\/03\/23\/policia-civil-prende-2-individuos-por-trafico-de-drogas-na-vila-sao-sebastiao\/\",\"name\":\"Pol\u00edcia Civil prende 2 indiv\u00edduos por tr\u00e1fico de drogas na vila S\u00e3o Sebasti\u00e3o - VerdadeOn\",\"isPartOf\":{\"@id\":\"https:\/\/verdadeon.com.br\/portal\/#website\"},\"primaryImageOfPage\":{\"@id\":\"https:\/\/verdadeon.com.br\/portal\/2023\/03\/23\/policia-civil-prende-2-individuos-por-trafico-de-drogas-na-vila-sao-sebastiao\/#primaryimage\"},\"image\":{\"@id\":\"https:\/\/verdadeon.com.br\/portal\/2023\/03\/23\/policia-civil-prende-2-individuos-por-trafico-de-drogas-na-vila-sao-sebastiao\/#primaryimage\"},\"thumbnailUrl\":\"https:\/\/i0.wp.com\/verdadeon.com.br\/portal\/wp-content\/uploads\/2023\/03\/Blank-2-Grids-Collage-1.jpg?fit=2000%2C2000&ssl=1\",\"datePublished\":\"2023-03-23T14:51:24+00:00\",\"dateModified\":\"2023-03-23T14:56:31+00:00\",\"author\":{\"@id\":\"https:\/\/verdadeon.com.br\/portal\/#\/schema\/person\/a5060ad1e9ea3df545188fc93ce43d2f\"},\"breadcrumb\":{\"@id\":\"https:\/\/verdadeon.com.br\/portal\/2023\/03\/23\/policia-civil-prende-2-individuos-por-trafico-de-drogas-na-vila-sao-sebastiao\/#breadcrumb\"},\"inLanguage\":\"pt-BR\",\"potentialAction\":[{\"@type\":\"ReadAction\",\"target\":[\"https:\/\/verdadeon.com.br\/portal\/2023\/03\/23\/policia-civil-prende-2-individuos-por-trafico-de-drogas-na-vila-sao-sebastiao\/\"]}]},{\"@type\":\"ImageObject\",\"inLanguage\":\"pt-BR\",\"@id\":\"https:\/\/verdadeon.com.br\/portal\/2023\/03\/23\/policia-civil-prende-2-individuos-por-trafico-de-drogas-na-vila-sao-sebastiao\/#primaryimage\",\"url\":\"https:\/\/i0.wp.com\/verdadeon.com.br\/portal\/wp-content\/uploads\/2023\/03\/Blank-2-Grids-Collage-1.jpg?fit=2000%2C2000&ssl=1\",\"contentUrl\":\"https:\/\/i0.wp.com\/verdadeon.com.br\/portal\/wp-content\/uploads\/2023\/03\/Blank-2-Grids-Collage-1.jpg?fit=2000%2C2000&ssl=1\",\"width\":2000,\"height\":2000,\"caption\":\"Delegacia Seccional de Pol\u00edcia e DISE prendem duas pessoas por tr\u00e1fico de drogas na Vila S\u00e3o Sebasti\u00e3o.\"},{\"@type\":\"BreadcrumbList\",\"@id\":\"https:\/\/verdadeon.com.br\/portal\/2023\/03\/23\/policia-civil-prende-2-individuos-por-trafico-de-drogas-na-vila-sao-sebastiao\/#breadcrumb\",\"itemListElement\":[{\"@type\":\"ListItem\",\"position\":1,\"name\":\"In\u00edcio\",\"item\":\"https:\/\/verdadeon.com.br\/portal\/\"},{\"@type\":\"ListItem\",\"position\":2,\"name\":\"Pol\u00edcia Civil prende 2 indiv\u00edduos por tr\u00e1fico de drogas na vila S\u00e3o Sebasti\u00e3o\"}]},{\"@type\":\"WebSite\",\"@id\":\"https:\/\/verdadeon.com.br\/portal\/#website\",\"url\":\"https:\/\/verdadeon.com.br\/portal\/\",\"name\":\"VerdadeOn\",\"description\":\"Not\u00edcias di\u00e1rias sobre Franca, Regi\u00e3o, Esporte, Cultura, Cotidiano, Colunas. Cobertura nos principais eventos da cidade \u00e9 aqui - Verdadeon Franca\",\"potentialAction\":[{\"@type\":\"SearchAction\",\"target\":{\"@type\":\"EntryPoint\",\"urlTemplate\":\"https:\/\/verdadeon.com.br\/portal\/?s={search_term_string}\"},\"query-input\":{\"@type\":\"PropertyValueSpecification\",\"valueRequired\":true,\"valueName\":\"search_term_string\"}}],\"inLanguage\":\"pt-BR\"},{\"@type\":\"Person\",\"@id\":\"https:\/\/verdadeon.com.br\/portal\/#\/schema\/person\/a5060ad1e9ea3df545188fc93ce43d2f\",\"name\":\"Redacao VerdadeOn\",\"image\":{\"@type\":\"ImageObject\",\"inLanguage\":\"pt-BR\",\"@id\":\"https:\/\/verdadeon.com.br\/portal\/#\/schema\/person\/image\/\",\"url\":\"https:\/\/secure.gravatar.com\/avatar\/459a9613caaaf07f582c3d0841eea68bdd66f533e465e6ba8b9cb45619572cf4?s=96&d=mm&r=g\",\"contentUrl\":\"https:\/\/secure.gravatar.com\/avatar\/459a9613caaaf07f582c3d0841eea68bdd66f533e465e6ba8b9cb45619572cf4?s=96&d=mm&r=g\",\"caption\":\"Redacao VerdadeOn\"},\"url\":\"https:\/\/verdadeon.com.br\/portal\/author\/redacao\/\"}]}<\/script>\n<!-- \/ Yoast SEO plugin. -->","yoast_head_json":{"title":"Pol\u00edcia Civil prende 2 indiv\u00edduos por tr\u00e1fico de drogas na vila S\u00e3o Sebasti\u00e3o - VerdadeOn","robots":{"index":"index","follow":"follow","max-snippet":"max-snippet:-1","max-image-preview":"max-image-preview:large","max-video-preview":"max-video-preview:-1"},"canonical":"https:\/\/verdadeon.com.br\/portal\/2023\/03\/23\/policia-civil-prende-2-individuos-por-trafico-de-drogas-na-vila-sao-sebastiao\/","og_locale":"pt_BR","og_type":"article","og_title":"Pol\u00edcia Civil prende 2 indiv\u00edduos por tr\u00e1fico de drogas na vila S\u00e3o Sebasti\u00e3o - VerdadeOn","og_description":"Nas resid\u00eancias, a Pol\u00edcia localizou drogas escondidas, que seriam comercializadas posteriormente Nesta quinta-feira, 23, a Pol\u00edcia Civil do Estado de S\u00e3o Paulo, por meio da Delegacia [\u2026]","og_url":"https:\/\/verdadeon.com.br\/portal\/2023\/03\/23\/policia-civil-prende-2-individuos-por-trafico-de-drogas-na-vila-sao-sebastiao\/","og_site_name":"VerdadeOn","article_published_time":"2023-03-23T14:51:24+00:00","article_modified_time":"2023-03-23T14:56:31+00:00","og_image":[{"width":2000,"height":2000,"url":"https:\/\/verdadeon.com.br\/portal\/wp-content\/uploads\/2023\/03\/Blank-2-Grids-Collage-1.jpg","type":"image\/jpeg"}],"author":"Redacao VerdadeOn","twitter_card":"summary_large_image","twitter_misc":{"Escrito por":"Redacao VerdadeOn","Est. tempo de leitura":"2 minutos"},"schema":{"@context":"https:\/\/schema.org","@graph":[{"@type":"WebPage","@id":"https:\/\/verdadeon.com.br\/portal\/2023\/03\/23\/policia-civil-prende-2-individuos-por-trafico-de-drogas-na-vila-sao-sebastiao\/","url":"https:\/\/verdadeon.com.br\/portal\/2023\/03\/23\/policia-civil-prende-2-individuos-por-trafico-de-drogas-na-vila-sao-sebastiao\/","name":"Pol\u00edcia Civil prende 2 indiv\u00edduos por tr\u00e1fico de drogas na vila S\u00e3o Sebasti\u00e3o - VerdadeOn","isPartOf":{"@id":"https:\/\/verdadeon.com.br\/portal\/#website"},"primaryImageOfPage":{"@id":"https:\/\/verdadeon.com.br\/portal\/2023\/03\/23\/policia-civil-prende-2-individuos-por-trafico-de-drogas-na-vila-sao-sebastiao\/#primaryimage"},"image":{"@id":"https:\/\/verdadeon.com.br\/portal\/2023\/03\/23\/policia-civil-prende-2-individuos-por-trafico-de-drogas-na-vila-sao-sebastiao\/#primaryimage"},"thumbnailUrl":"https:\/\/i0.wp.com\/verdadeon.com.br\/portal\/wp-content\/uploads\/2023\/03\/Blank-2-Grids-Collage-1.jpg?fit=2000%2C2000&ssl=1","datePublished":"2023-03-23T14:51:24+00:00","dateModified":"2023-03-23T14:56:31+00:00","author":{"@id":"https:\/\/verdadeon.com.br\/portal\/#\/schema\/person\/a5060ad1e9ea3df545188fc93ce43d2f"},"breadcrumb":{"@id":"https:\/\/verdadeon.com.br\/portal\/2023\/03\/23\/policia-civil-prende-2-individuos-por-trafico-de-drogas-na-vila-sao-sebastiao\/#breadcrumb"},"inLanguage":"pt-BR","potentialAction":[{"@type":"ReadAction","target":["https:\/\/verdadeon.com.br\/portal\/2023\/03\/23\/policia-civil-prende-2-individuos-por-trafico-de-drogas-na-vila-sao-sebastiao\/"]}]},{"@type":"ImageObject","inLanguage":"pt-BR","@id":"https:\/\/verdadeon.com.br\/portal\/2023\/03\/23\/policia-civil-prende-2-individuos-por-trafico-de-drogas-na-vila-sao-sebastiao\/#primaryimage","url":"https:\/\/i0.wp.com\/verdadeon.com.br\/portal\/wp-content\/uploads\/2023\/03\/Blank-2-Grids-Collage-1.jpg?fit=2000%2C2000&ssl=1","contentUrl":"https:\/\/i0.wp.com\/verdadeon.com.br\/portal\/wp-content\/uploads\/2023\/03\/Blank-2-Grids-Collage-1.jpg?fit=2000%2C2000&ssl=1","width":2000,"height":2000,"caption":"Delegacia Seccional de Pol\u00edcia e DISE prendem duas pessoas por tr\u00e1fico de drogas na Vila S\u00e3o Sebasti\u00e3o."},{"@type":"BreadcrumbList","@id":"https:\/\/verdadeon.com.br\/portal\/2023\/03\/23\/policia-civil-prende-2-individuos-por-trafico-de-drogas-na-vila-sao-sebastiao\/#breadcrumb","itemListElement":[{"@type":"ListItem","position":1,"name":"In\u00edcio","item":"https:\/\/verdadeon.com.br\/portal\/"},{"@type":"ListItem","position":2,"name":"Pol\u00edcia Civil prende 2 indiv\u00edduos por tr\u00e1fico de drogas na vila S\u00e3o Sebasti\u00e3o"}]},{"@type":"WebSite","@id":"https:\/\/verdadeon.com.br\/portal\/#website","url":"https:\/\/verdadeon.com.br\/portal\/","name":"VerdadeOn","description":"Not\u00edcias di\u00e1rias sobre Franca, Regi\u00e3o, Esporte, Cultura, Cotidiano, Colunas. Cobertura nos principais eventos da cidade \u00e9 aqui - Verdadeon Franca","potentialAction":[{"@type":"SearchAction","target":{"@type":"EntryPoint","urlTemplate":"https:\/\/verdadeon.com.br\/portal\/?s={search_term_string}"},"query-input":{"@type":"PropertyValueSpecification","valueRequired":true,"valueName":"search_term_string"}}],"inLanguage":"pt-BR"},{"@type":"Person","@id":"https:\/\/verdadeon.com.br\/portal\/#\/schema\/person\/a5060ad1e9ea3df545188fc93ce43d2f","name":"Redacao VerdadeOn","image":{"@type":"ImageObject","inLanguage":"pt-BR","@id":"https:\/\/verdadeon.com.br\/portal\/#\/schema\/person\/image\/","url":"https:\/\/secure.gravatar.com\/avatar\/459a9613caaaf07f582c3d0841eea68bdd66f533e465e6ba8b9cb45619572cf4?s=96&d=mm&r=g","contentUrl":"https:\/\/secure.gravatar.com\/avatar\/459a9613caaaf07f582c3d0841eea68bdd66f533e465e6ba8b9cb45619572cf4?s=96&d=mm&r=g","caption":"Redacao VerdadeOn"},"url":"https:\/\/verdadeon.com.br\/portal\/author\/redacao\/"}]}},"jetpack_publicize_connections":[],"jetpack_featured_media_url":"https:\/\/i0.wp.com\/verdadeon.com.br\/portal\/wp-content\/uploads\/2023\/03\/Blank-2-Grids-Collage-1.jpg?fit=2000%2C2000&ssl=1","jetpack_sharing_enabled":true,"_links":{"self":[{"href":"https:\/\/verdadeon.com.br\/portal\/wp-json\/wp\/v2\/posts\/32838","targetHints":{"allow":["GET"]}}],"collection":[{"href":"https:\/\/verdadeon.com.br\/portal\/wp-json\/wp\/v2\/posts"}],"about":[{"href":"https:\/\/verdadeon.com.br\/portal\/wp-json\/wp\/v2\/types\/post"}],"author":[{"embeddable":true,"href":"https:\/\/verdadeon.com.br\/portal\/wp-json\/wp\/v2\/users\/10"}],"replies":[{"embeddable":true,"href":"https:\/\/verdadeon.com.br\/portal\/wp-json\/wp\/v2\/comments?post=32838"}],"version-history":[{"count":1,"href":"https:\/\/verdadeon.com.br\/portal\/wp-json\/wp\/v2\/posts\/32838\/revisions"}],"predecessor-version":[{"id":32841,"href":"https:\/\/verdadeon.com.br\/portal\/wp-json\/wp\/v2\/posts\/32838\/revisions\/32841"}],"wp:featuredmedia":[{"embeddable":true,"href":"https:\/\/verdadeon.com.br\/portal\/wp-json\/wp\/v2\/media\/32843"}],"wp:attachment":[{"href":"https:\/\/verdadeon.com.br\/portal\/wp-json\/wp\/v2\/media?parent=32838"}],"wp:term":[{"taxonomy":"category","embeddable":true,"href":"https:\/\/verdadeon.com.br\/portal\/wp-json\/wp\/v2\/categories?post=32838"},{"taxonomy":"post_tag","embeddable":true,"href":"https:\/\/verdadeon.com.br\/portal\/wp-json\/wp\/v2\/tags?post=32838"}],"curies":[{"name":"wp","href":"https:\/\/api.w.org\/{rel}","templated":true}]}}