{"id":32827,"date":"2023-03-23T10:41:06","date_gmt":"2023-03-23T13:41:06","guid":{"rendered":"https:\/\/verdadeon.com.br\/portal\/?p=32827"},"modified":"2023-03-23T10:41:06","modified_gmt":"2023-03-23T13:41:06","slug":"fussol-e-caminho-para-o-emprego-tem-114-vagas-abertas-para-cursos","status":"publish","type":"post","link":"https:\/\/verdadeon.com.br\/portal\/2023\/03\/23\/fussol-e-caminho-para-o-emprego-tem-114-vagas-abertas-para-cursos\/","title":{"rendered":"FUSSOL e Caminho para o Emprego t\u00eam 114 vagas abertas para cursos"},"content":{"rendered":"<h2>As vagas foram abertas na quarta-feira, 22; o 1\u00ba curso come\u00e7a em 3 de abril<\/h2>\n<p>Visando a capacita\u00e7\u00e3o e profissionaliza\u00e7\u00e3o, o FUSSOL (Fundo Social de Solidariedade) e o Programa Caminho para o Emprego, da Secretaria de Desenvolvimento, est\u00e3o com 114 vagas abertas para cursos em diversas \u00e1reas. Todos s\u00e3o gratuitos e as inscri\u00e7\u00f5es foram abertas nesta quarta-feira, 22.<\/p>\n<p>O curso \u2018Como abrir seu brech\u00f3\u2019, do FUSSOL, ter\u00e1 duas turmas, com 20 vagas cada. A carga hor\u00e1ria \u00e9 de 15 horas, de 3 a 17 de abril (segundas e quartas-feiras), no CCI Citi Lions Sobral, no Jardim Redentor ou no per\u00edodo de 4 a 18 de abril (ter\u00e7as e quintas-feiras), das 13h30 \u00e0s 16h30, na Associa\u00e7\u00e3o Vem pra Casa, no Jardim Paulista.<\/p>\n<p>H\u00e1 25 vagas para pessoas interessadas em aprender sobre &#8220;Temperos e Condimentos&#8221;. O curso come\u00e7ar\u00e1 no dia 11 de abril e vai at\u00e9 1\u00ba de agosto, sempre \u00e0s ter\u00e7as-feiras, das 8 \u00e0s 11 horas, no Jardim Zoobot\u00e2nico. O FUSSOL tamb\u00e9m est\u00e1 com inscri\u00e7\u00f5es abertas para o curso de &#8216;Plantas Medicinais&#8217;, que ser\u00e1 \u00e0s quintas-feiras, de 13 de abril a 10 de agosto, tamb\u00e9m no Zoobot\u00e2nico. As inscri\u00e7\u00f5es para os cursos podem ser feitas pelo site <a href=\"https:\/\/www.franca.sp.gov.br\/caminho-emprego-portal\/cursos.xhtml\" target=\"_blank\" rel=\"noopener\" data-saferedirecturl=\"https:\/\/www.google.com\/url?q=https:\/\/www.franca.sp.gov.br\/caminho-emprego-portal\/cursos.xhtml&amp;source=gmail&amp;ust=1679664401818000&amp;usg=AOvVaw1Gmdr-JdDMxCOo5zRFixnk\">https:\/\/www.franca.sp.gov.br\/<wbr \/>caminho-emprego-portal\/cursos.<wbr \/>xhtml<\/a>.<\/p>\n<p>O Caminho para o Emprego tem oportunidades para Cuidador de Idosos, em parceria com o Senac, que ser\u00e1 ministrado de 24 de abril a 27 de julho, das 18h30 \u00e0s 22h30, \u00e0s segundas, quartas e quintas-feiras, com 24 vagas dispon\u00edveis. As aulas ser\u00e3o realizadas no Senac e a carga hor\u00e1ria \u00e9 de 160 horas. Para se inscrever, acesse <a href=\"https:\/\/www.franca.sp.gov.br\/caminho-emprego-portal\/cursos.xhtml\" target=\"_blank\" rel=\"noopener\" data-saferedirecturl=\"https:\/\/www.google.com\/url?q=https:\/\/www.franca.sp.gov.br\/caminho-emprego-portal\/cursos.xhtml&amp;source=gmail&amp;ust=1679664401818000&amp;usg=AOvVaw1Gmdr-JdDMxCOo5zRFixnk\">https:\/\/www.franca.sp.gov.br\/<wbr \/>caminho-emprego-portal\/cursos.<wbr \/>xhtml<\/a>. Confira os detalhes:<\/p>\n<p><strong>Cuidador de Idosos \u2013 160 horas<\/strong><br \/>\n24 vagas<br \/>\n24 de abril a 27 de julho<br \/>\nSegundas, quartas e quintas-feiras<br \/>\n18h30 \u00e0s 22h30<br \/>\nLocal: Senac<br \/>\nRua Alfredo Lopes Pinto, 1345<\/p>\n<p><strong>Como Montar Seu Brech\u00f3 \u2013 Turma 1<\/strong><br \/>\n20 vagas<br \/>\n03 a 17 de abril<br \/>\nSegundas e quartas-feiras<br \/>\n13h30 \u00e0s 16h30<br \/>\nLocal: CCI Citi Lions Sobral<br \/>\nAvenida Moacir Vieira Coelho, 3320, Jardim Redentor<\/p>\n<p><strong>Como Montar Seu Brech\u00f3 \u2013 Turma 2<\/strong><br \/>\n20 vagas<br \/>\n04 a 18 de abril<br \/>\nTer\u00e7as e quintas-feiras<br \/>\n13h30 \u00e0s 16h30<br \/>\nLocal: Associa\u00e7\u00e3o Vem Pra Casa \u2013 Sal\u00e3o Paz<br \/>\nRua Amazonas, 1166, Jardim Paulista<\/p>\n<p><strong>Plantas Medicinais<\/strong><br \/>\n25 vagas<br \/>\n13 de abril a 10 de agosto<br \/>\nQuintas-feiras<br \/>\n8 \u00e0s 11 horas<br \/>\nLocal: Jardim Zoobot\u00e2nico<\/p>\n<p><strong>Tempero e Condimentos<\/strong><br \/>\n25 vagas<br \/>\n11 de abril a 01 de agosto<br \/>\nTer\u00e7as-feiras<br \/>\n8 \u00e0s 11 horas<br \/>\nLocal: Jardim Zoobot\u00e2nico<\/p>\n","protected":false},"excerpt":{"rendered":"<p>As vagas foram abertas na quarta-feira, 22; o 1\u00ba curso come\u00e7a em 3 de abril Visando a capacita\u00e7\u00e3o e profissionaliza\u00e7\u00e3o, o FUSSOL (Fundo Social de Solidariedade)<span class=\"excerpt-hellip\"> [\u2026]<\/span><\/p>\n","protected":false},"author":10,"featured_media":32531,"comment_status":"open","ping_status":"open","sticky":false,"template":"","format":"standard","meta":{"_jetpack_memberships_contains_paid_content":false,"footnotes":"","jetpack_publicize_message":"","jetpack_publicize_feature_enabled":true,"jetpack_social_post_already_shared":false,"jetpack_social_options":{"image_generator_settings":{"template":"highway","default_image_id":0,"enabled":false},"version":2}},"categories":[28,44],"tags":[],"class_list":["post-32827","post","type-post","status-publish","format-standard","has-post-thumbnail","hentry","category-cotidiano","category-noticias"],"yoast_head":"<!-- This site is optimized with the Yoast SEO plugin v25.6 - https:\/\/yoast.com\/wordpress\/plugins\/seo\/ -->\n<title>FUSSOL e Caminho para o Emprego t\u00eam 114 vagas abertas para cursos - VerdadeOn<\/title>\n<meta name=\"robots\" content=\"index, follow, max-snippet:-1, max-image-preview:large, max-video-preview:-1\" \/>\n<link rel=\"canonical\" href=\"https:\/\/verdadeon.com.br\/portal\/2023\/03\/23\/fussol-e-caminho-para-o-emprego-tem-114-vagas-abertas-para-cursos\/\" \/>\n<meta property=\"og:locale\" content=\"pt_BR\" \/>\n<meta property=\"og:type\" content=\"article\" \/>\n<meta property=\"og:title\" content=\"FUSSOL e Caminho para o Emprego t\u00eam 114 vagas abertas para cursos - VerdadeOn\" \/>\n<meta property=\"og:description\" content=\"As vagas foram abertas na quarta-feira, 22; o 1\u00ba curso come\u00e7a em 3 de abril Visando a capacita\u00e7\u00e3o e profissionaliza\u00e7\u00e3o, o FUSSOL (Fundo Social de Solidariedade) [\u2026]\" \/>\n<meta property=\"og:url\" content=\"https:\/\/verdadeon.com.br\/portal\/2023\/03\/23\/fussol-e-caminho-para-o-emprego-tem-114-vagas-abertas-para-cursos\/\" \/>\n<meta property=\"og:site_name\" content=\"VerdadeOn\" \/>\n<meta property=\"article:published_time\" content=\"2023-03-23T13:41:06+00:00\" \/>\n<meta property=\"og:image\" content=\"https:\/\/verdadeon.com.br\/portal\/wp-content\/uploads\/2023\/03\/todos-estao-sorrindo-e-ouvindo-grupo-de-pessoas-em-conferencia-de-negocios-em-sala-de-aula-moderna-durante-o-dia-scaled.jpg\" \/>\n\t<meta property=\"og:image:width\" content=\"2560\" \/>\n\t<meta property=\"og:image:height\" content=\"1721\" \/>\n\t<meta property=\"og:image:type\" content=\"image\/jpeg\" \/>\n<meta name=\"author\" content=\"Redacao VerdadeOn\" \/>\n<meta name=\"twitter:card\" content=\"summary_large_image\" \/>\n<meta name=\"twitter:label1\" content=\"Escrito por\" \/>\n\t<meta name=\"twitter:data1\" content=\"Redacao VerdadeOn\" \/>\n\t<meta name=\"twitter:label2\" content=\"Est. tempo de leitura\" \/>\n\t<meta name=\"twitter:data2\" content=\"3 minutos\" \/>\n<script type=\"application\/ld+json\" class=\"yoast-schema-graph\">{\"@context\":\"https:\/\/schema.org\",\"@graph\":[{\"@type\":\"WebPage\",\"@id\":\"https:\/\/verdadeon.com.br\/portal\/2023\/03\/23\/fussol-e-caminho-para-o-emprego-tem-114-vagas-abertas-para-cursos\/\",\"url\":\"https:\/\/verdadeon.com.br\/portal\/2023\/03\/23\/fussol-e-caminho-para-o-emprego-tem-114-vagas-abertas-para-cursos\/\",\"name\":\"FUSSOL e Caminho para o Emprego t\u00eam 114 vagas abertas para cursos - VerdadeOn\",\"isPartOf\":{\"@id\":\"https:\/\/verdadeon.com.br\/portal\/#website\"},\"primaryImageOfPage\":{\"@id\":\"https:\/\/verdadeon.com.br\/portal\/2023\/03\/23\/fussol-e-caminho-para-o-emprego-tem-114-vagas-abertas-para-cursos\/#primaryimage\"},\"image\":{\"@id\":\"https:\/\/verdadeon.com.br\/portal\/2023\/03\/23\/fussol-e-caminho-para-o-emprego-tem-114-vagas-abertas-para-cursos\/#primaryimage\"},\"thumbnailUrl\":\"https:\/\/i0.wp.com\/verdadeon.com.br\/portal\/wp-content\/uploads\/2023\/03\/todos-estao-sorrindo-e-ouvindo-grupo-de-pessoas-em-conferencia-de-negocios-em-sala-de-aula-moderna-durante-o-dia-scaled.jpg?fit=2560%2C1721&ssl=1\",\"datePublished\":\"2023-03-23T13:41:06+00:00\",\"author\":{\"@id\":\"https:\/\/verdadeon.com.br\/portal\/#\/schema\/person\/a5060ad1e9ea3df545188fc93ce43d2f\"},\"breadcrumb\":{\"@id\":\"https:\/\/verdadeon.com.br\/portal\/2023\/03\/23\/fussol-e-caminho-para-o-emprego-tem-114-vagas-abertas-para-cursos\/#breadcrumb\"},\"inLanguage\":\"pt-BR\",\"potentialAction\":[{\"@type\":\"ReadAction\",\"target\":[\"https:\/\/verdadeon.com.br\/portal\/2023\/03\/23\/fussol-e-caminho-para-o-emprego-tem-114-vagas-abertas-para-cursos\/\"]}]},{\"@type\":\"ImageObject\",\"inLanguage\":\"pt-BR\",\"@id\":\"https:\/\/verdadeon.com.br\/portal\/2023\/03\/23\/fussol-e-caminho-para-o-emprego-tem-114-vagas-abertas-para-cursos\/#primaryimage\",\"url\":\"https:\/\/i0.wp.com\/verdadeon.com.br\/portal\/wp-content\/uploads\/2023\/03\/todos-estao-sorrindo-e-ouvindo-grupo-de-pessoas-em-conferencia-de-negocios-em-sala-de-aula-moderna-durante-o-dia-scaled.jpg?fit=2560%2C1721&ssl=1\",\"contentUrl\":\"https:\/\/i0.wp.com\/verdadeon.com.br\/portal\/wp-content\/uploads\/2023\/03\/todos-estao-sorrindo-e-ouvindo-grupo-de-pessoas-em-conferencia-de-negocios-em-sala-de-aula-moderna-durante-o-dia-scaled.jpg?fit=2560%2C1721&ssl=1\",\"width\":2560,\"height\":1721,\"caption\":\"Programa Caminho Para o Emprego e Fussol abrem 130 vagas para cursos (\u00a9Freepik)\"},{\"@type\":\"BreadcrumbList\",\"@id\":\"https:\/\/verdadeon.com.br\/portal\/2023\/03\/23\/fussol-e-caminho-para-o-emprego-tem-114-vagas-abertas-para-cursos\/#breadcrumb\",\"itemListElement\":[{\"@type\":\"ListItem\",\"position\":1,\"name\":\"In\u00edcio\",\"item\":\"https:\/\/verdadeon.com.br\/portal\/\"},{\"@type\":\"ListItem\",\"position\":2,\"name\":\"FUSSOL e Caminho para o Emprego t\u00eam 114 vagas abertas para cursos\"}]},{\"@type\":\"WebSite\",\"@id\":\"https:\/\/verdadeon.com.br\/portal\/#website\",\"url\":\"https:\/\/verdadeon.com.br\/portal\/\",\"name\":\"VerdadeOn\",\"description\":\"Not\u00edcias di\u00e1rias sobre Franca, Regi\u00e3o, Esporte, Cultura, Cotidiano, Colunas. Cobertura nos principais eventos da cidade \u00e9 aqui - Verdadeon Franca\",\"potentialAction\":[{\"@type\":\"SearchAction\",\"target\":{\"@type\":\"EntryPoint\",\"urlTemplate\":\"https:\/\/verdadeon.com.br\/portal\/?s={search_term_string}\"},\"query-input\":{\"@type\":\"PropertyValueSpecification\",\"valueRequired\":true,\"valueName\":\"search_term_string\"}}],\"inLanguage\":\"pt-BR\"},{\"@type\":\"Person\",\"@id\":\"https:\/\/verdadeon.com.br\/portal\/#\/schema\/person\/a5060ad1e9ea3df545188fc93ce43d2f\",\"name\":\"Redacao VerdadeOn\",\"image\":{\"@type\":\"ImageObject\",\"inLanguage\":\"pt-BR\",\"@id\":\"https:\/\/verdadeon.com.br\/portal\/#\/schema\/person\/image\/\",\"url\":\"https:\/\/secure.gravatar.com\/avatar\/459a9613caaaf07f582c3d0841eea68bdd66f533e465e6ba8b9cb45619572cf4?s=96&d=mm&r=g\",\"contentUrl\":\"https:\/\/secure.gravatar.com\/avatar\/459a9613caaaf07f582c3d0841eea68bdd66f533e465e6ba8b9cb45619572cf4?s=96&d=mm&r=g\",\"caption\":\"Redacao VerdadeOn\"},\"url\":\"https:\/\/verdadeon.com.br\/portal\/author\/redacao\/\"}]}<\/script>\n<!-- \/ Yoast SEO plugin. -->","yoast_head_json":{"title":"FUSSOL e Caminho para o Emprego t\u00eam 114 vagas abertas para cursos - VerdadeOn","robots":{"index":"index","follow":"follow","max-snippet":"max-snippet:-1","max-image-preview":"max-image-preview:large","max-video-preview":"max-video-preview:-1"},"canonical":"https:\/\/verdadeon.com.br\/portal\/2023\/03\/23\/fussol-e-caminho-para-o-emprego-tem-114-vagas-abertas-para-cursos\/","og_locale":"pt_BR","og_type":"article","og_title":"FUSSOL e Caminho para o Emprego t\u00eam 114 vagas abertas para cursos - VerdadeOn","og_description":"As vagas foram abertas na quarta-feira, 22; o 1\u00ba curso come\u00e7a em 3 de abril Visando a capacita\u00e7\u00e3o e profissionaliza\u00e7\u00e3o, o FUSSOL (Fundo Social de Solidariedade) [\u2026]","og_url":"https:\/\/verdadeon.com.br\/portal\/2023\/03\/23\/fussol-e-caminho-para-o-emprego-tem-114-vagas-abertas-para-cursos\/","og_site_name":"VerdadeOn","article_published_time":"2023-03-23T13:41:06+00:00","og_image":[{"width":2560,"height":1721,"url":"https:\/\/verdadeon.com.br\/portal\/wp-content\/uploads\/2023\/03\/todos-estao-sorrindo-e-ouvindo-grupo-de-pessoas-em-conferencia-de-negocios-em-sala-de-aula-moderna-durante-o-dia-scaled.jpg","type":"image\/jpeg"}],"author":"Redacao VerdadeOn","twitter_card":"summary_large_image","twitter_misc":{"Escrito por":"Redacao VerdadeOn","Est. tempo de leitura":"3 minutos"},"schema":{"@context":"https:\/\/schema.org","@graph":[{"@type":"WebPage","@id":"https:\/\/verdadeon.com.br\/portal\/2023\/03\/23\/fussol-e-caminho-para-o-emprego-tem-114-vagas-abertas-para-cursos\/","url":"https:\/\/verdadeon.com.br\/portal\/2023\/03\/23\/fussol-e-caminho-para-o-emprego-tem-114-vagas-abertas-para-cursos\/","name":"FUSSOL e Caminho para o Emprego t\u00eam 114 vagas abertas para cursos - VerdadeOn","isPartOf":{"@id":"https:\/\/verdadeon.com.br\/portal\/#website"},"primaryImageOfPage":{"@id":"https:\/\/verdadeon.com.br\/portal\/2023\/03\/23\/fussol-e-caminho-para-o-emprego-tem-114-vagas-abertas-para-cursos\/#primaryimage"},"image":{"@id":"https:\/\/verdadeon.com.br\/portal\/2023\/03\/23\/fussol-e-caminho-para-o-emprego-tem-114-vagas-abertas-para-cursos\/#primaryimage"},"thumbnailUrl":"https:\/\/i0.wp.com\/verdadeon.com.br\/portal\/wp-content\/uploads\/2023\/03\/todos-estao-sorrindo-e-ouvindo-grupo-de-pessoas-em-conferencia-de-negocios-em-sala-de-aula-moderna-durante-o-dia-scaled.jpg?fit=2560%2C1721&ssl=1","datePublished":"2023-03-23T13:41:06+00:00","author":{"@id":"https:\/\/verdadeon.com.br\/portal\/#\/schema\/person\/a5060ad1e9ea3df545188fc93ce43d2f"},"breadcrumb":{"@id":"https:\/\/verdadeon.com.br\/portal\/2023\/03\/23\/fussol-e-caminho-para-o-emprego-tem-114-vagas-abertas-para-cursos\/#breadcrumb"},"inLanguage":"pt-BR","potentialAction":[{"@type":"ReadAction","target":["https:\/\/verdadeon.com.br\/portal\/2023\/03\/23\/fussol-e-caminho-para-o-emprego-tem-114-vagas-abertas-para-cursos\/"]}]},{"@type":"ImageObject","inLanguage":"pt-BR","@id":"https:\/\/verdadeon.com.br\/portal\/2023\/03\/23\/fussol-e-caminho-para-o-emprego-tem-114-vagas-abertas-para-cursos\/#primaryimage","url":"https:\/\/i0.wp.com\/verdadeon.com.br\/portal\/wp-content\/uploads\/2023\/03\/todos-estao-sorrindo-e-ouvindo-grupo-de-pessoas-em-conferencia-de-negocios-em-sala-de-aula-moderna-durante-o-dia-scaled.jpg?fit=2560%2C1721&ssl=1","contentUrl":"https:\/\/i0.wp.com\/verdadeon.com.br\/portal\/wp-content\/uploads\/2023\/03\/todos-estao-sorrindo-e-ouvindo-grupo-de-pessoas-em-conferencia-de-negocios-em-sala-de-aula-moderna-durante-o-dia-scaled.jpg?fit=2560%2C1721&ssl=1","width":2560,"height":1721,"caption":"Programa Caminho Para o Emprego e Fussol abrem 130 vagas para cursos (\u00a9Freepik)"},{"@type":"BreadcrumbList","@id":"https:\/\/verdadeon.com.br\/portal\/2023\/03\/23\/fussol-e-caminho-para-o-emprego-tem-114-vagas-abertas-para-cursos\/#breadcrumb","itemListElement":[{"@type":"ListItem","position":1,"name":"In\u00edcio","item":"https:\/\/verdadeon.com.br\/portal\/"},{"@type":"ListItem","position":2,"name":"FUSSOL e Caminho para o Emprego t\u00eam 114 vagas abertas para cursos"}]},{"@type":"WebSite","@id":"https:\/\/verdadeon.com.br\/portal\/#website","url":"https:\/\/verdadeon.com.br\/portal\/","name":"VerdadeOn","description":"Not\u00edcias di\u00e1rias sobre Franca, Regi\u00e3o, Esporte, Cultura, Cotidiano, Colunas. Cobertura nos principais eventos da cidade \u00e9 aqui - Verdadeon Franca","potentialAction":[{"@type":"SearchAction","target":{"@type":"EntryPoint","urlTemplate":"https:\/\/verdadeon.com.br\/portal\/?s={search_term_string}"},"query-input":{"@type":"PropertyValueSpecification","valueRequired":true,"valueName":"search_term_string"}}],"inLanguage":"pt-BR"},{"@type":"Person","@id":"https:\/\/verdadeon.com.br\/portal\/#\/schema\/person\/a5060ad1e9ea3df545188fc93ce43d2f","name":"Redacao VerdadeOn","image":{"@type":"ImageObject","inLanguage":"pt-BR","@id":"https:\/\/verdadeon.com.br\/portal\/#\/schema\/person\/image\/","url":"https:\/\/secure.gravatar.com\/avatar\/459a9613caaaf07f582c3d0841eea68bdd66f533e465e6ba8b9cb45619572cf4?s=96&d=mm&r=g","contentUrl":"https:\/\/secure.gravatar.com\/avatar\/459a9613caaaf07f582c3d0841eea68bdd66f533e465e6ba8b9cb45619572cf4?s=96&d=mm&r=g","caption":"Redacao VerdadeOn"},"url":"https:\/\/verdadeon.com.br\/portal\/author\/redacao\/"}]}},"jetpack_publicize_connections":[],"jetpack_featured_media_url":"https:\/\/i0.wp.com\/verdadeon.com.br\/portal\/wp-content\/uploads\/2023\/03\/todos-estao-sorrindo-e-ouvindo-grupo-de-pessoas-em-conferencia-de-negocios-em-sala-de-aula-moderna-durante-o-dia-scaled.jpg?fit=2560%2C1721&ssl=1","jetpack_sharing_enabled":true,"_links":{"self":[{"href":"https:\/\/verdadeon.com.br\/portal\/wp-json\/wp\/v2\/posts\/32827","targetHints":{"allow":["GET"]}}],"collection":[{"href":"https:\/\/verdadeon.com.br\/portal\/wp-json\/wp\/v2\/posts"}],"about":[{"href":"https:\/\/verdadeon.com.br\/portal\/wp-json\/wp\/v2\/types\/post"}],"author":[{"embeddable":true,"href":"https:\/\/verdadeon.com.br\/portal\/wp-json\/wp\/v2\/users\/10"}],"replies":[{"embeddable":true,"href":"https:\/\/verdadeon.com.br\/portal\/wp-json\/wp\/v2\/comments?post=32827"}],"version-history":[{"count":1,"href":"https:\/\/verdadeon.com.br\/portal\/wp-json\/wp\/v2\/posts\/32827\/revisions"}],"predecessor-version":[{"id":32829,"href":"https:\/\/verdadeon.com.br\/portal\/wp-json\/wp\/v2\/posts\/32827\/revisions\/32829"}],"wp:featuredmedia":[{"embeddable":true,"href":"https:\/\/verdadeon.com.br\/portal\/wp-json\/wp\/v2\/media\/32531"}],"wp:attachment":[{"href":"https:\/\/verdadeon.com.br\/portal\/wp-json\/wp\/v2\/media?parent=32827"}],"wp:term":[{"taxonomy":"category","embeddable":true,"href":"https:\/\/verdadeon.com.br\/portal\/wp-json\/wp\/v2\/categories?post=32827"},{"taxonomy":"post_tag","embeddable":true,"href":"https:\/\/verdadeon.com.br\/portal\/wp-json\/wp\/v2\/tags?post=32827"}],"curies":[{"name":"wp","href":"https:\/\/api.w.org\/{rel}","templated":true}]}}