{"id":32682,"date":"2023-03-17T17:41:43","date_gmt":"2023-03-17T20:41:43","guid":{"rendered":"https:\/\/verdadeon.com.br\/portal\/?p=32682"},"modified":"2023-03-17T17:41:43","modified_gmt":"2023-03-17T20:41:43","slug":"prefeitura-publica-licitacao-para-a-central-de-monitoramento","status":"publish","type":"post","link":"https:\/\/verdadeon.com.br\/portal\/2023\/03\/17\/prefeitura-publica-licitacao-para-a-central-de-monitoramento\/","title":{"rendered":"Prefeitura publica licita\u00e7\u00e3o para a Central de Monitoramento"},"content":{"rendered":"<h2 style=\"font-weight: 400;\">\u00a0O servi\u00e7o de monitoramento estava desativado desde o in\u00edcio de 2.017 e ser\u00e1 retomado a partir da conclus\u00e3o desse processo<\/h2>\n<p style=\"font-weight: 400;\">Ap\u00f3s autoriza\u00e7\u00e3o do prefeito Alexandre Ferreira, foi publicado no Di\u00e1rio Oficial do Munic\u00edpio desta sexta-feira, 17, o edital de abertura de licita\u00e7\u00e3o para a reativa\u00e7\u00e3o da Central de Monitoramento, que funcionava no Terminal de \u00d4nibus \u201cAyrton Senna\u201d, no Centro de Franca.\u00a0\u00a0As empresas interessadas em participar do processo ter\u00e3o prazo at\u00e9 \u00e0s 15h, do dia 30, deste m\u00eas, para a apresenta\u00e7\u00e3o das propostas, que ser\u00e3o abertas para disputas, meia hora depois.<\/p>\n<p style=\"font-weight: 400;\">\u00a0O servi\u00e7o de monitoramento estava desativado desde o in\u00edcio de 2.017 e ser\u00e1 retomado a partir da conclus\u00e3o desse processo, com a coloca\u00e7\u00e3o de mais equipamentos em pontos estrat\u00e9gicos. Ressalte-se que antes eram 40 c\u00e2meras e o novo projeto prev\u00ea, al\u00e9m da recupera\u00e7\u00e3o dos equipamentos poss\u00edveis, a instala\u00e7\u00e3o de 56 dispositivos de seguran\u00e7a em vias e locais p\u00fablicos, funcionando 24 horas.<\/p>\n<p style=\"font-weight: 400;\">O monitoramento vai funcionar integrado com o sistema da Pol\u00edcia Militar, respons\u00e1vel pelo patrulhamento na cidade. Segundo o prefeito, esse do monitoramento eletr\u00f4nico das ruas \u00e9 mais uma medida, que est\u00e1 sendo tomada precedida de muito di\u00e1logo e ajuda das for\u00e7as de seguran\u00e7a da cidade e dos vereadores.<\/p>\n<p style=\"font-weight: 400;\">\u00a0O secret\u00e1rio de Seguran\u00e7a, Marcus Ara\u00fajo, tamb\u00e9m destacou que o v\u00eddeo monitoramento \u00e9 uma ferramenta tecnol\u00f3gica com m\u00faltiplas fun\u00e7\u00f5es, que chega para ajudar na preven\u00e7\u00e3o de crimes.<\/p>\n<p style=\"font-weight: 400;\">\n<p style=\"font-weight: 400;\"><strong>Locais de instala\u00e7\u00e3o<\/strong><\/p>\n<p style=\"font-weight: 400;\">O servi\u00e7o de monitoramento dever\u00e1 ser prestado em regime de comodato, de solu\u00e7\u00e3o de videomonitoramento urbano e monitoramento de alarme 24h, com comunica\u00e7\u00e3o atrav\u00e9s de r\u00e1dio frequ\u00eancia, compreendendo a instala\u00e7\u00e3o, manuten\u00e7\u00e3o corretiva, preventiva e suporte t\u00e9cnico, de monitoramento em caso acionamento, com disponibiliza\u00e7\u00e3o de todos os materiais para execu\u00e7\u00e3o do servi\u00e7o, para atender as necessidades de seguran\u00e7a.<\/p>\n<p style=\"font-weight: 400;\">\u00a0Os novos equipamentos ser\u00e3o instalados em cruzamentos de vias p\u00fablicas como avenidas Brasil, Major Nic\u00e1cio, Presidente Vargas, H\u00e9lio Palermo, Dr Ismael Alonso y Alonso, Dom Pedro, Orlando Dompieri, Chico J\u00falio, Moacir Vieira Coelho, Abrah\u00e3o Brickmann, Jos\u00e9 da Silva, Integra\u00e7\u00e3o, Adhemar Pereira de Barros, Wilson S\u00e1bio de Mello, Ant\u00f4nio Barbosa Filho; e as ruas Libero Badar\u00f3, Francisco Marques, Simpliciano Pombo, Campos Salles, General Os\u00f3rio, Campos Salles, Major Claudiano, Monsenhor Rosa, Saldanha Marinho, General Telles. O Viaduto Dona Quita, o Gin\u00e1sio Poliesportivo &#8216;Pedro Morilla Fuentes (Pedroc\u00e3o) e o Terminal de \u00d4nibus da Esta\u00e7\u00e3o entre outros ser\u00e3o monitorados.<\/p>\n","protected":false},"excerpt":{"rendered":"<p>\u00a0O servi\u00e7o de monitoramento estava desativado desde o in\u00edcio de 2.017 e ser\u00e1 retomado a partir da conclus\u00e3o desse processo Ap\u00f3s autoriza\u00e7\u00e3o do prefeito Alexandre Ferreira,<span class=\"excerpt-hellip\"> [\u2026]<\/span><\/p>\n","protected":false},"author":4,"featured_media":32683,"comment_status":"open","ping_status":"open","sticky":false,"template":"","format":"standard","meta":{"_jetpack_memberships_contains_paid_content":false,"footnotes":"","jetpack_publicize_message":"","jetpack_publicize_feature_enabled":true,"jetpack_social_post_already_shared":false,"jetpack_social_options":{"image_generator_settings":{"template":"highway","default_image_id":0,"enabled":false},"version":2}},"categories":[28,81],"tags":[],"class_list":["post-32682","post","type-post","status-publish","format-standard","has-post-thumbnail","hentry","category-cotidiano","category-manchete"],"yoast_head":"<!-- This site is optimized with the Yoast SEO plugin v25.6 - https:\/\/yoast.com\/wordpress\/plugins\/seo\/ -->\n<title>Prefeitura publica licita\u00e7\u00e3o para a Central de Monitoramento - VerdadeOn<\/title>\n<meta name=\"robots\" content=\"index, follow, max-snippet:-1, max-image-preview:large, max-video-preview:-1\" \/>\n<link rel=\"canonical\" href=\"https:\/\/verdadeon.com.br\/portal\/2023\/03\/17\/prefeitura-publica-licitacao-para-a-central-de-monitoramento\/\" \/>\n<meta property=\"og:locale\" content=\"pt_BR\" \/>\n<meta property=\"og:type\" content=\"article\" \/>\n<meta property=\"og:title\" content=\"Prefeitura publica licita\u00e7\u00e3o para a Central de Monitoramento - VerdadeOn\" \/>\n<meta property=\"og:description\" content=\"\u00a0O servi\u00e7o de monitoramento estava desativado desde o in\u00edcio de 2.017 e ser\u00e1 retomado a partir da conclus\u00e3o desse processo Ap\u00f3s autoriza\u00e7\u00e3o do prefeito Alexandre Ferreira, [\u2026]\" \/>\n<meta property=\"og:url\" content=\"https:\/\/verdadeon.com.br\/portal\/2023\/03\/17\/prefeitura-publica-licitacao-para-a-central-de-monitoramento\/\" \/>\n<meta property=\"og:site_name\" content=\"VerdadeOn\" \/>\n<meta property=\"article:published_time\" content=\"2023-03-17T20:41:43+00:00\" \/>\n<meta property=\"og:image\" content=\"https:\/\/verdadeon.com.br\/portal\/wp-content\/uploads\/2023\/03\/CAMERAS-CANDANGA-1.jpg\" \/>\n\t<meta property=\"og:image:width\" content=\"1000\" \/>\n\t<meta property=\"og:image:height\" content=\"670\" \/>\n\t<meta property=\"og:image:type\" content=\"image\/jpeg\" \/>\n<meta name=\"author\" content=\"Fernando Calixto\" \/>\n<meta name=\"twitter:card\" content=\"summary_large_image\" \/>\n<meta name=\"twitter:label1\" content=\"Escrito por\" \/>\n\t<meta name=\"twitter:data1\" content=\"Fernando Calixto\" \/>\n\t<meta name=\"twitter:label2\" content=\"Est. tempo de leitura\" \/>\n\t<meta name=\"twitter:data2\" content=\"3 minutos\" \/>\n<script type=\"application\/ld+json\" class=\"yoast-schema-graph\">{\"@context\":\"https:\/\/schema.org\",\"@graph\":[{\"@type\":\"WebPage\",\"@id\":\"https:\/\/verdadeon.com.br\/portal\/2023\/03\/17\/prefeitura-publica-licitacao-para-a-central-de-monitoramento\/\",\"url\":\"https:\/\/verdadeon.com.br\/portal\/2023\/03\/17\/prefeitura-publica-licitacao-para-a-central-de-monitoramento\/\",\"name\":\"Prefeitura publica licita\u00e7\u00e3o para a Central de Monitoramento - VerdadeOn\",\"isPartOf\":{\"@id\":\"https:\/\/verdadeon.com.br\/portal\/#website\"},\"primaryImageOfPage\":{\"@id\":\"https:\/\/verdadeon.com.br\/portal\/2023\/03\/17\/prefeitura-publica-licitacao-para-a-central-de-monitoramento\/#primaryimage\"},\"image\":{\"@id\":\"https:\/\/verdadeon.com.br\/portal\/2023\/03\/17\/prefeitura-publica-licitacao-para-a-central-de-monitoramento\/#primaryimage\"},\"thumbnailUrl\":\"https:\/\/i0.wp.com\/verdadeon.com.br\/portal\/wp-content\/uploads\/2023\/03\/CAMERAS-CANDANGA-1.jpg?fit=1000%2C670&ssl=1\",\"datePublished\":\"2023-03-17T20:41:43+00:00\",\"author\":{\"@id\":\"https:\/\/verdadeon.com.br\/portal\/#\/schema\/person\/8994718f49ee62ba5610471e29ca1f62\"},\"breadcrumb\":{\"@id\":\"https:\/\/verdadeon.com.br\/portal\/2023\/03\/17\/prefeitura-publica-licitacao-para-a-central-de-monitoramento\/#breadcrumb\"},\"inLanguage\":\"pt-BR\",\"potentialAction\":[{\"@type\":\"ReadAction\",\"target\":[\"https:\/\/verdadeon.com.br\/portal\/2023\/03\/17\/prefeitura-publica-licitacao-para-a-central-de-monitoramento\/\"]}]},{\"@type\":\"ImageObject\",\"inLanguage\":\"pt-BR\",\"@id\":\"https:\/\/verdadeon.com.br\/portal\/2023\/03\/17\/prefeitura-publica-licitacao-para-a-central-de-monitoramento\/#primaryimage\",\"url\":\"https:\/\/i0.wp.com\/verdadeon.com.br\/portal\/wp-content\/uploads\/2023\/03\/CAMERAS-CANDANGA-1.jpg?fit=1000%2C670&ssl=1\",\"contentUrl\":\"https:\/\/i0.wp.com\/verdadeon.com.br\/portal\/wp-content\/uploads\/2023\/03\/CAMERAS-CANDANGA-1.jpg?fit=1000%2C670&ssl=1\",\"width\":1000,\"height\":670,\"caption\":\"Servi\u00e7o de monitoramento por c\u00e2meras na cidade de Franca deve ser reativado em breve\"},{\"@type\":\"BreadcrumbList\",\"@id\":\"https:\/\/verdadeon.com.br\/portal\/2023\/03\/17\/prefeitura-publica-licitacao-para-a-central-de-monitoramento\/#breadcrumb\",\"itemListElement\":[{\"@type\":\"ListItem\",\"position\":1,\"name\":\"In\u00edcio\",\"item\":\"https:\/\/verdadeon.com.br\/portal\/\"},{\"@type\":\"ListItem\",\"position\":2,\"name\":\"Prefeitura publica licita\u00e7\u00e3o para a Central de Monitoramento\"}]},{\"@type\":\"WebSite\",\"@id\":\"https:\/\/verdadeon.com.br\/portal\/#website\",\"url\":\"https:\/\/verdadeon.com.br\/portal\/\",\"name\":\"VerdadeOn\",\"description\":\"Not\u00edcias di\u00e1rias sobre Franca, Regi\u00e3o, Esporte, Cultura, Cotidiano, Colunas. Cobertura nos principais eventos da cidade \u00e9 aqui - Verdadeon Franca\",\"potentialAction\":[{\"@type\":\"SearchAction\",\"target\":{\"@type\":\"EntryPoint\",\"urlTemplate\":\"https:\/\/verdadeon.com.br\/portal\/?s={search_term_string}\"},\"query-input\":{\"@type\":\"PropertyValueSpecification\",\"valueRequired\":true,\"valueName\":\"search_term_string\"}}],\"inLanguage\":\"pt-BR\"},{\"@type\":\"Person\",\"@id\":\"https:\/\/verdadeon.com.br\/portal\/#\/schema\/person\/8994718f49ee62ba5610471e29ca1f62\",\"name\":\"Fernando Calixto\",\"image\":{\"@type\":\"ImageObject\",\"inLanguage\":\"pt-BR\",\"@id\":\"https:\/\/verdadeon.com.br\/portal\/#\/schema\/person\/image\/\",\"url\":\"https:\/\/secure.gravatar.com\/avatar\/7578910c24966c0316c340f9dbd601e93ee9f9212e1033968b367af9306bd9fb?s=96&d=mm&r=g\",\"contentUrl\":\"https:\/\/secure.gravatar.com\/avatar\/7578910c24966c0316c340f9dbd601e93ee9f9212e1033968b367af9306bd9fb?s=96&d=mm&r=g\",\"caption\":\"Fernando Calixto\"},\"url\":\"https:\/\/verdadeon.com.br\/portal\/author\/fernando-calixto\/\"}]}<\/script>\n<!-- \/ Yoast SEO plugin. -->","yoast_head_json":{"title":"Prefeitura publica licita\u00e7\u00e3o para a Central de Monitoramento - VerdadeOn","robots":{"index":"index","follow":"follow","max-snippet":"max-snippet:-1","max-image-preview":"max-image-preview:large","max-video-preview":"max-video-preview:-1"},"canonical":"https:\/\/verdadeon.com.br\/portal\/2023\/03\/17\/prefeitura-publica-licitacao-para-a-central-de-monitoramento\/","og_locale":"pt_BR","og_type":"article","og_title":"Prefeitura publica licita\u00e7\u00e3o para a Central de Monitoramento - VerdadeOn","og_description":"\u00a0O servi\u00e7o de monitoramento estava desativado desde o in\u00edcio de 2.017 e ser\u00e1 retomado a partir da conclus\u00e3o desse processo Ap\u00f3s autoriza\u00e7\u00e3o do prefeito Alexandre Ferreira, [\u2026]","og_url":"https:\/\/verdadeon.com.br\/portal\/2023\/03\/17\/prefeitura-publica-licitacao-para-a-central-de-monitoramento\/","og_site_name":"VerdadeOn","article_published_time":"2023-03-17T20:41:43+00:00","og_image":[{"width":1000,"height":670,"url":"https:\/\/verdadeon.com.br\/portal\/wp-content\/uploads\/2023\/03\/CAMERAS-CANDANGA-1.jpg","type":"image\/jpeg"}],"author":"Fernando Calixto","twitter_card":"summary_large_image","twitter_misc":{"Escrito por":"Fernando Calixto","Est. tempo de leitura":"3 minutos"},"schema":{"@context":"https:\/\/schema.org","@graph":[{"@type":"WebPage","@id":"https:\/\/verdadeon.com.br\/portal\/2023\/03\/17\/prefeitura-publica-licitacao-para-a-central-de-monitoramento\/","url":"https:\/\/verdadeon.com.br\/portal\/2023\/03\/17\/prefeitura-publica-licitacao-para-a-central-de-monitoramento\/","name":"Prefeitura publica licita\u00e7\u00e3o para a Central de Monitoramento - VerdadeOn","isPartOf":{"@id":"https:\/\/verdadeon.com.br\/portal\/#website"},"primaryImageOfPage":{"@id":"https:\/\/verdadeon.com.br\/portal\/2023\/03\/17\/prefeitura-publica-licitacao-para-a-central-de-monitoramento\/#primaryimage"},"image":{"@id":"https:\/\/verdadeon.com.br\/portal\/2023\/03\/17\/prefeitura-publica-licitacao-para-a-central-de-monitoramento\/#primaryimage"},"thumbnailUrl":"https:\/\/i0.wp.com\/verdadeon.com.br\/portal\/wp-content\/uploads\/2023\/03\/CAMERAS-CANDANGA-1.jpg?fit=1000%2C670&ssl=1","datePublished":"2023-03-17T20:41:43+00:00","author":{"@id":"https:\/\/verdadeon.com.br\/portal\/#\/schema\/person\/8994718f49ee62ba5610471e29ca1f62"},"breadcrumb":{"@id":"https:\/\/verdadeon.com.br\/portal\/2023\/03\/17\/prefeitura-publica-licitacao-para-a-central-de-monitoramento\/#breadcrumb"},"inLanguage":"pt-BR","potentialAction":[{"@type":"ReadAction","target":["https:\/\/verdadeon.com.br\/portal\/2023\/03\/17\/prefeitura-publica-licitacao-para-a-central-de-monitoramento\/"]}]},{"@type":"ImageObject","inLanguage":"pt-BR","@id":"https:\/\/verdadeon.com.br\/portal\/2023\/03\/17\/prefeitura-publica-licitacao-para-a-central-de-monitoramento\/#primaryimage","url":"https:\/\/i0.wp.com\/verdadeon.com.br\/portal\/wp-content\/uploads\/2023\/03\/CAMERAS-CANDANGA-1.jpg?fit=1000%2C670&ssl=1","contentUrl":"https:\/\/i0.wp.com\/verdadeon.com.br\/portal\/wp-content\/uploads\/2023\/03\/CAMERAS-CANDANGA-1.jpg?fit=1000%2C670&ssl=1","width":1000,"height":670,"caption":"Servi\u00e7o de monitoramento por c\u00e2meras na cidade de Franca deve ser reativado em breve"},{"@type":"BreadcrumbList","@id":"https:\/\/verdadeon.com.br\/portal\/2023\/03\/17\/prefeitura-publica-licitacao-para-a-central-de-monitoramento\/#breadcrumb","itemListElement":[{"@type":"ListItem","position":1,"name":"In\u00edcio","item":"https:\/\/verdadeon.com.br\/portal\/"},{"@type":"ListItem","position":2,"name":"Prefeitura publica licita\u00e7\u00e3o para a Central de Monitoramento"}]},{"@type":"WebSite","@id":"https:\/\/verdadeon.com.br\/portal\/#website","url":"https:\/\/verdadeon.com.br\/portal\/","name":"VerdadeOn","description":"Not\u00edcias di\u00e1rias sobre Franca, Regi\u00e3o, Esporte, Cultura, Cotidiano, Colunas. Cobertura nos principais eventos da cidade \u00e9 aqui - Verdadeon Franca","potentialAction":[{"@type":"SearchAction","target":{"@type":"EntryPoint","urlTemplate":"https:\/\/verdadeon.com.br\/portal\/?s={search_term_string}"},"query-input":{"@type":"PropertyValueSpecification","valueRequired":true,"valueName":"search_term_string"}}],"inLanguage":"pt-BR"},{"@type":"Person","@id":"https:\/\/verdadeon.com.br\/portal\/#\/schema\/person\/8994718f49ee62ba5610471e29ca1f62","name":"Fernando Calixto","image":{"@type":"ImageObject","inLanguage":"pt-BR","@id":"https:\/\/verdadeon.com.br\/portal\/#\/schema\/person\/image\/","url":"https:\/\/secure.gravatar.com\/avatar\/7578910c24966c0316c340f9dbd601e93ee9f9212e1033968b367af9306bd9fb?s=96&d=mm&r=g","contentUrl":"https:\/\/secure.gravatar.com\/avatar\/7578910c24966c0316c340f9dbd601e93ee9f9212e1033968b367af9306bd9fb?s=96&d=mm&r=g","caption":"Fernando Calixto"},"url":"https:\/\/verdadeon.com.br\/portal\/author\/fernando-calixto\/"}]}},"jetpack_publicize_connections":[],"jetpack_featured_media_url":"https:\/\/i0.wp.com\/verdadeon.com.br\/portal\/wp-content\/uploads\/2023\/03\/CAMERAS-CANDANGA-1.jpg?fit=1000%2C670&ssl=1","jetpack_sharing_enabled":true,"_links":{"self":[{"href":"https:\/\/verdadeon.com.br\/portal\/wp-json\/wp\/v2\/posts\/32682","targetHints":{"allow":["GET"]}}],"collection":[{"href":"https:\/\/verdadeon.com.br\/portal\/wp-json\/wp\/v2\/posts"}],"about":[{"href":"https:\/\/verdadeon.com.br\/portal\/wp-json\/wp\/v2\/types\/post"}],"author":[{"embeddable":true,"href":"https:\/\/verdadeon.com.br\/portal\/wp-json\/wp\/v2\/users\/4"}],"replies":[{"embeddable":true,"href":"https:\/\/verdadeon.com.br\/portal\/wp-json\/wp\/v2\/comments?post=32682"}],"version-history":[{"count":1,"href":"https:\/\/verdadeon.com.br\/portal\/wp-json\/wp\/v2\/posts\/32682\/revisions"}],"predecessor-version":[{"id":32684,"href":"https:\/\/verdadeon.com.br\/portal\/wp-json\/wp\/v2\/posts\/32682\/revisions\/32684"}],"wp:featuredmedia":[{"embeddable":true,"href":"https:\/\/verdadeon.com.br\/portal\/wp-json\/wp\/v2\/media\/32683"}],"wp:attachment":[{"href":"https:\/\/verdadeon.com.br\/portal\/wp-json\/wp\/v2\/media?parent=32682"}],"wp:term":[{"taxonomy":"category","embeddable":true,"href":"https:\/\/verdadeon.com.br\/portal\/wp-json\/wp\/v2\/categories?post=32682"},{"taxonomy":"post_tag","embeddable":true,"href":"https:\/\/verdadeon.com.br\/portal\/wp-json\/wp\/v2\/tags?post=32682"}],"curies":[{"name":"wp","href":"https:\/\/api.w.org\/{rel}","templated":true}]}}