{"id":3264,"date":"2020-02-09T11:00:00","date_gmt":"2020-02-09T14:00:00","guid":{"rendered":"http:\/\/verdadeon.com.br\/portal\/?p=3264"},"modified":"2020-02-08T19:37:49","modified_gmt":"2020-02-08T22:37:49","slug":"eliane-aparecida-bonine-o-cancer-nao-veio-por-um-acaso-na-minha-vida","status":"publish","type":"post","link":"https:\/\/verdadeon.com.br\/portal\/2020\/02\/09\/eliane-aparecida-bonine-o-cancer-nao-veio-por-um-acaso-na-minha-vida\/","title":{"rendered":"Eliane Aparecida Bonine: O c\u00e2ncer n\u00e3o veio por  um acaso na minha vida"},"content":{"rendered":"\n<p>Reportagem Fernando de Paula <\/p>\n\n\n\n<p class=\"has-drop-cap\">A Assistente Social Eliane Aparecida Bonine, de 51 anos bate um papo com o &#8220;Jornal Verdade&#8221; hoje. Ela \u00e9 conhecida na cidade pelo belo trabalho que desenvolve a frente do I.A.N.S.A. Casada com Daniel Barbosa de Melo e m\u00e3e da Ana Livia de 23 anos, e Ana J\u00falia de 19, Eliane conta como come\u00e7ou o trabalho do I.A.N.S.A., al\u00e9m dos projetos para o futuro.  <\/p>\n\n\n\n<p>J.V.- Como e quando surgiu o IANSA?<br>\nE.A.- Fui diagnosticada com c\u00e2ncer de mama em setembro de  2010. Quando recebi a not\u00edcia o primeiro sentimento que me sobreveio foi o medo da morte, muitas d\u00favidas de como seria o tratamento, entre outros tantos sentimentos acumulados. O apoio de minha fam\u00edlia foi essencial para o meu tratamento, que consistiu em cirurgia, quimioterapia e radioterapia. Percebi que o c\u00e2ncer n\u00e3o veio por acaso na minha vida e que Deus tinha um prop\u00f3sito. Sentia nascer em meu cora\u00e7\u00e3o o desejo de fazer algo  para o meu pr\u00f3ximo e foi quando veio a inspira\u00e7\u00e3o de montar um casa de apoio . A partir da\u00ed nasceu em 02\/02\/2011 esse projeto de amor que \u00e9 a I.A.N.S.A. (INSTITUI\u00c7\u00c3O DE APOIO NOSSA SENHORA APARECIDA). Hoje tenho certeza que \u00e9 a  minha miss\u00e3o . A institui\u00e7\u00e3o  acolhe com muito carinho e dignidade os pacientes em tratamento e tamb\u00e9m seus familiares, prestando-lhes solidariedade em um momento t\u00e3o delicado de suas vidas, fazendo o  poss\u00edvel para que l\u00e1 possam se sentir abra\u00e7ados e acolhidos com todos os cuidados que merecem. A maior parte das pessoas que s\u00e3o  atendidas pela Institui\u00e7\u00e3o vem de outras cidades da regi\u00e3o para tratamentos no Hospital do C\u00e2ncer ou em outros hospitais, e na grande maioria dos casos, n\u00e3o possuem recursos suficientes para passar horas, dias ou at\u00e9 semanas na cidade. <\/p>\n\n\n\n<p>J.V.- Como \u00e9 o trabalho no dia-a-dia da institui\u00e7\u00e3o? E.A.- Contamos com uma equipe multidisciplinar de 11 funcion\u00e1rios registrados, al\u00e9m de contarmos tamb\u00e9m com mais 30 volunt\u00e1rios na Casa de apoio unidade 1 e mais de 100 volunt\u00e1rios na unidade 2. Oferecemos refei\u00e7\u00e3o gratuita, de segunda \u00e0 sexta-feira, para aproximadamente 80 pessoas por dia; acolhimento \u00e0s pessoas em tr\u00e2nsito, oferecendo hospedagem gratuita todos os dias da semana com capacidade para 20 vagas, empr\u00e9stimo de equipamentos hospitalares (camas hospitalares, cadeiras de rodas, muletas, etc). Oferecemos transporte gratuito para o traslado de pessoas entre o hospital do c\u00e2ncer e o I.A.N.S.A., atendimento multidisciplinar, servi\u00e7o social, psicologia, nutricionista. Oferecemos cesta b\u00e1sica e suplementos alimentares para os atendidos que necessitam desse apoio, clube da beleza para a capta\u00e7\u00e3o de cabelos, oferecendo corte e tratamento de cabelo aos doadores; oficina para confec\u00e7\u00e3o de perucas (cabelo natural) para doa\u00e7\u00e3o \u00e0 pacientes em tratamento oncol\u00f3gico para todo Brasil; doa\u00e7\u00e3o de len\u00e7os para pacientes em tratamento; oferecemos uma biblioteca com diversos livros para leitura; oferecemos a oficina de Arte Terapia para os pacientes e fam\u00edlia dos atendidos; grupo de apoio em sala de espera; visitas domiciliares, campanhas educativas de preven\u00e7\u00e3o; f\u00f3runs; servi\u00e7os de voluntariado; aplica\u00e7\u00e3o de Reiki. <\/p>\n\n\n\n<p>J.V.- Quais os maiores desafios em continuar o trabalho? <br>\n E.A.- Conseguir recursos financeiros, pois nosso foco \u00e9 a manuten\u00e7\u00e3o das atividades de atendimento di\u00e1rio. Por isso realizamos um evento por m\u00eas para conseguir sanar despesas di\u00e1rias. Almejamos ser um centro de refer\u00eancia  no tratamento humanizado \u00e0s pessoas em situa\u00e7\u00e3o de adoecimento, oferecendo apoio nas \u00e1reas de assist\u00eancia social da sa\u00fade e educa\u00e7\u00e3o.<\/p>\n\n\n\n<p>J.V.- Quais os projetos futuros para o IANSA?<br>\n E.A.- Hoje  temos um grande desafio que \u00e9 a constru\u00e7\u00e3o da sede  pr\u00f3pria. Com ela teremos condi\u00e7\u00f5es de ampliar ainda mais nossos atendimentos. Em 2016 recebemos uma grande surpresa, um casal da cidade que prefere permanecer no anonimato,  nos presenteia  com um terreno de 1.790 metros quadrados, para construirmos nossa sede pr\u00f3pria para melhorar ainda mais os servi\u00e7os e atendimentos prestados \u00e0s pessoas necessitadas. Estamos com uma grande expectativa  para come\u00e7armos ainda este ano. A planta (oferecida voluntariamente por uma arquiteta) j\u00e1 se encontra na Prefeitura para libera\u00e7\u00e3o do Alvar\u00e1 de constru\u00e7\u00e3o.<\/p>\n\n\n\n<p>J.V.- Quantas pessoas estima que j\u00e1 tenham passado por a\u00ed? <br>\nE.A.-Mensalmente s\u00e3o atendidas 1.500 pessoas. Anualmente s\u00e3o mais de 18 mil. <\/p>\n\n\n\n<p>J.V.- Alguma hist\u00f3ria te marcou? <br>\nE.A.- Cada dia na Casa de apoio tem uma hist\u00f3ria de vida  que nos surpreende; seja de supera\u00e7\u00e3o, de f\u00e9  e de amor. Uma das primeiras pessoas que atendemos foi do Nordeste. Uma jovem senhora estava passando por Franca e tinha um tumor que estourou no meio da rua. Foi encaminhada para a Santa Casa. Nesta \u00e9poca a Casa n\u00e3o era conhecida e a fam\u00edlia ficou uma semana no hospital at\u00e9 que um anjo a informou da Casa de Apoio e come\u00e7amos a atender a fam\u00edlia. O marido e a irm\u00e3 vieram pra ficar com ela. A paciente ficou 4 meses internada em coma. Depois que teve alta, ela tamb\u00e9m ficou na Institui\u00e7\u00e3o. Criamos um v\u00ednculo muito grande com a fam\u00edlia. No dia da despedida todos choraram e at\u00e9 hoje mantemos contato pela internet.<\/p>\n\n\n\n<p>J.V.- Como o IANSA sobrevive?<br>\nE.A.-O nosso or\u00e7amento mensal  gira em torno de  35 mil reais e por isso temos que realizar um evento por m\u00eas para conseguirmos manter com qualidade nosso trabalho. S\u00e3o promo\u00e7\u00f5es de pizza, lazanha\/ jantares\/ festas t\u00edpicas\/bazares entre outros. Por isso contamos muito com o apoio de toda a comunidade. A I.A.N.S.A.vive exclusivamente do apoio de toda popula\u00e7\u00e3o, aceitamos todas as formas de ajuda como alimentos, roupas, cal\u00e7ados, material de higiene e limpeza, descart\u00e1veis, contribui\u00e7\u00f5es em dinheiro, seja por dep\u00f3sito em nossa conta, carn\u00eas ou por boleto banc\u00e1rio e ainda a participa\u00e7\u00e3o como volunt\u00e1rio em nossos eventos promocionais.Para mais informa\u00e7\u00f5es \u00e9 s\u00f3 entrar em contato pelo fone 16 3409 2461.<\/p>\n","protected":false},"excerpt":{"rendered":"<p>Reportagem Fernando de Paula A Assistente Social Eliane Aparecida Bonine, de 51 anos bate um papo com o &#8220;Jornal Verdade&#8221; hoje. Ela \u00e9 conhecida na cidade<span class=\"excerpt-hellip\"> [\u2026]<\/span><\/p>\n","protected":false},"author":10,"featured_media":3265,"comment_status":"open","ping_status":"open","sticky":false,"template":"","format":"standard","meta":{"_jetpack_memberships_contains_paid_content":false,"footnotes":"","jetpack_publicize_message":"","jetpack_publicize_feature_enabled":true,"jetpack_social_post_already_shared":false,"jetpack_social_options":{"image_generator_settings":{"template":"highway","default_image_id":0,"enabled":false},"version":2}},"categories":[28,44,1],"tags":[46],"class_list":["post-3264","post","type-post","status-publish","format-standard","has-post-thumbnail","hentry","category-cotidiano","category-noticias","category-sem-categoria","tag-cotidiano"],"yoast_head":"<!-- This site is optimized with the Yoast SEO plugin v25.6 - https:\/\/yoast.com\/wordpress\/plugins\/seo\/ -->\n<title>Eliane Aparecida Bonine: O c\u00e2ncer n\u00e3o veio por um acaso na minha vida - VerdadeOn<\/title>\n<meta name=\"robots\" content=\"index, follow, max-snippet:-1, max-image-preview:large, max-video-preview:-1\" \/>\n<link rel=\"canonical\" href=\"https:\/\/verdadeon.com.br\/portal\/2020\/02\/09\/eliane-aparecida-bonine-o-cancer-nao-veio-por-um-acaso-na-minha-vida\/\" \/>\n<meta property=\"og:locale\" content=\"pt_BR\" \/>\n<meta property=\"og:type\" content=\"article\" \/>\n<meta property=\"og:title\" content=\"Eliane Aparecida Bonine: O c\u00e2ncer n\u00e3o veio por um acaso na minha vida - VerdadeOn\" \/>\n<meta property=\"og:description\" content=\"Reportagem Fernando de Paula A Assistente Social Eliane Aparecida Bonine, de 51 anos bate um papo com o &#8220;Jornal Verdade&#8221; hoje. Ela \u00e9 conhecida na cidade [\u2026]\" \/>\n<meta property=\"og:url\" content=\"https:\/\/verdadeon.com.br\/portal\/2020\/02\/09\/eliane-aparecida-bonine-o-cancer-nao-veio-por-um-acaso-na-minha-vida\/\" \/>\n<meta property=\"og:site_name\" content=\"VerdadeOn\" \/>\n<meta property=\"article:published_time\" content=\"2020-02-09T14:00:00+00:00\" \/>\n<meta property=\"og:image\" content=\"https:\/\/verdadeon.com.br\/portal\/wp-content\/uploads\/2020\/02\/Eliane-Bonini-Iansa-bate-papo-de-domingo-Foto-Lindomar-Cailton-8.jpg\" \/>\n\t<meta property=\"og:image:width\" content=\"1000\" \/>\n\t<meta property=\"og:image:height\" content=\"668\" \/>\n\t<meta property=\"og:image:type\" content=\"image\/jpeg\" \/>\n<meta name=\"author\" content=\"Redacao VerdadeOn\" \/>\n<meta name=\"twitter:card\" content=\"summary_large_image\" \/>\n<meta name=\"twitter:label1\" content=\"Escrito por\" \/>\n\t<meta name=\"twitter:data1\" content=\"Redacao VerdadeOn\" \/>\n\t<meta name=\"twitter:label2\" content=\"Est. tempo de leitura\" \/>\n\t<meta name=\"twitter:data2\" content=\"5 minutos\" \/>\n<script type=\"application\/ld+json\" class=\"yoast-schema-graph\">{\"@context\":\"https:\/\/schema.org\",\"@graph\":[{\"@type\":\"WebPage\",\"@id\":\"https:\/\/verdadeon.com.br\/portal\/2020\/02\/09\/eliane-aparecida-bonine-o-cancer-nao-veio-por-um-acaso-na-minha-vida\/\",\"url\":\"https:\/\/verdadeon.com.br\/portal\/2020\/02\/09\/eliane-aparecida-bonine-o-cancer-nao-veio-por-um-acaso-na-minha-vida\/\",\"name\":\"Eliane Aparecida Bonine: O c\u00e2ncer n\u00e3o veio por um acaso na minha vida - VerdadeOn\",\"isPartOf\":{\"@id\":\"https:\/\/verdadeon.com.br\/portal\/#website\"},\"primaryImageOfPage\":{\"@id\":\"https:\/\/verdadeon.com.br\/portal\/2020\/02\/09\/eliane-aparecida-bonine-o-cancer-nao-veio-por-um-acaso-na-minha-vida\/#primaryimage\"},\"image\":{\"@id\":\"https:\/\/verdadeon.com.br\/portal\/2020\/02\/09\/eliane-aparecida-bonine-o-cancer-nao-veio-por-um-acaso-na-minha-vida\/#primaryimage\"},\"thumbnailUrl\":\"https:\/\/i0.wp.com\/verdadeon.com.br\/portal\/wp-content\/uploads\/2020\/02\/Eliane-Bonini-Iansa-bate-papo-de-domingo-Foto-Lindomar-Cailton-8.jpg?fit=1000%2C668&ssl=1\",\"datePublished\":\"2020-02-09T14:00:00+00:00\",\"author\":{\"@id\":\"https:\/\/verdadeon.com.br\/portal\/#\/schema\/person\/a5060ad1e9ea3df545188fc93ce43d2f\"},\"breadcrumb\":{\"@id\":\"https:\/\/verdadeon.com.br\/portal\/2020\/02\/09\/eliane-aparecida-bonine-o-cancer-nao-veio-por-um-acaso-na-minha-vida\/#breadcrumb\"},\"inLanguage\":\"pt-BR\",\"potentialAction\":[{\"@type\":\"ReadAction\",\"target\":[\"https:\/\/verdadeon.com.br\/portal\/2020\/02\/09\/eliane-aparecida-bonine-o-cancer-nao-veio-por-um-acaso-na-minha-vida\/\"]}]},{\"@type\":\"ImageObject\",\"inLanguage\":\"pt-BR\",\"@id\":\"https:\/\/verdadeon.com.br\/portal\/2020\/02\/09\/eliane-aparecida-bonine-o-cancer-nao-veio-por-um-acaso-na-minha-vida\/#primaryimage\",\"url\":\"https:\/\/i0.wp.com\/verdadeon.com.br\/portal\/wp-content\/uploads\/2020\/02\/Eliane-Bonini-Iansa-bate-papo-de-domingo-Foto-Lindomar-Cailton-8.jpg?fit=1000%2C668&ssl=1\",\"contentUrl\":\"https:\/\/i0.wp.com\/verdadeon.com.br\/portal\/wp-content\/uploads\/2020\/02\/Eliane-Bonini-Iansa-bate-papo-de-domingo-Foto-Lindomar-Cailton-8.jpg?fit=1000%2C668&ssl=1\",\"width\":1000,\"height\":668,\"caption\":\"Eliane Bonine, fundadora da casa de apoio Iansa, convida a popula\u00e7\u00e3o para prestigiar a Festa das Na\u00e7\u00f5es | Foto: Jornal Verdade\"},{\"@type\":\"BreadcrumbList\",\"@id\":\"https:\/\/verdadeon.com.br\/portal\/2020\/02\/09\/eliane-aparecida-bonine-o-cancer-nao-veio-por-um-acaso-na-minha-vida\/#breadcrumb\",\"itemListElement\":[{\"@type\":\"ListItem\",\"position\":1,\"name\":\"In\u00edcio\",\"item\":\"https:\/\/verdadeon.com.br\/portal\/\"},{\"@type\":\"ListItem\",\"position\":2,\"name\":\"Eliane Aparecida Bonine: O c\u00e2ncer n\u00e3o veio por um acaso na minha vida\"}]},{\"@type\":\"WebSite\",\"@id\":\"https:\/\/verdadeon.com.br\/portal\/#website\",\"url\":\"https:\/\/verdadeon.com.br\/portal\/\",\"name\":\"VerdadeOn\",\"description\":\"Not\u00edcias di\u00e1rias sobre Franca, Regi\u00e3o, Esporte, Cultura, Cotidiano, Colunas. Cobertura nos principais eventos da cidade \u00e9 aqui - Verdadeon Franca\",\"potentialAction\":[{\"@type\":\"SearchAction\",\"target\":{\"@type\":\"EntryPoint\",\"urlTemplate\":\"https:\/\/verdadeon.com.br\/portal\/?s={search_term_string}\"},\"query-input\":{\"@type\":\"PropertyValueSpecification\",\"valueRequired\":true,\"valueName\":\"search_term_string\"}}],\"inLanguage\":\"pt-BR\"},{\"@type\":\"Person\",\"@id\":\"https:\/\/verdadeon.com.br\/portal\/#\/schema\/person\/a5060ad1e9ea3df545188fc93ce43d2f\",\"name\":\"Redacao VerdadeOn\",\"image\":{\"@type\":\"ImageObject\",\"inLanguage\":\"pt-BR\",\"@id\":\"https:\/\/verdadeon.com.br\/portal\/#\/schema\/person\/image\/\",\"url\":\"https:\/\/secure.gravatar.com\/avatar\/459a9613caaaf07f582c3d0841eea68bdd66f533e465e6ba8b9cb45619572cf4?s=96&d=mm&r=g\",\"contentUrl\":\"https:\/\/secure.gravatar.com\/avatar\/459a9613caaaf07f582c3d0841eea68bdd66f533e465e6ba8b9cb45619572cf4?s=96&d=mm&r=g\",\"caption\":\"Redacao VerdadeOn\"},\"url\":\"https:\/\/verdadeon.com.br\/portal\/author\/redacao\/\"}]}<\/script>\n<!-- \/ Yoast SEO plugin. -->","yoast_head_json":{"title":"Eliane Aparecida Bonine: O c\u00e2ncer n\u00e3o veio por um acaso na minha vida - VerdadeOn","robots":{"index":"index","follow":"follow","max-snippet":"max-snippet:-1","max-image-preview":"max-image-preview:large","max-video-preview":"max-video-preview:-1"},"canonical":"https:\/\/verdadeon.com.br\/portal\/2020\/02\/09\/eliane-aparecida-bonine-o-cancer-nao-veio-por-um-acaso-na-minha-vida\/","og_locale":"pt_BR","og_type":"article","og_title":"Eliane Aparecida Bonine: O c\u00e2ncer n\u00e3o veio por um acaso na minha vida - VerdadeOn","og_description":"Reportagem Fernando de Paula A Assistente Social Eliane Aparecida Bonine, de 51 anos bate um papo com o &#8220;Jornal Verdade&#8221; hoje. Ela \u00e9 conhecida na cidade [\u2026]","og_url":"https:\/\/verdadeon.com.br\/portal\/2020\/02\/09\/eliane-aparecida-bonine-o-cancer-nao-veio-por-um-acaso-na-minha-vida\/","og_site_name":"VerdadeOn","article_published_time":"2020-02-09T14:00:00+00:00","og_image":[{"width":1000,"height":668,"url":"https:\/\/verdadeon.com.br\/portal\/wp-content\/uploads\/2020\/02\/Eliane-Bonini-Iansa-bate-papo-de-domingo-Foto-Lindomar-Cailton-8.jpg","type":"image\/jpeg"}],"author":"Redacao VerdadeOn","twitter_card":"summary_large_image","twitter_misc":{"Escrito por":"Redacao VerdadeOn","Est. tempo de leitura":"5 minutos"},"schema":{"@context":"https:\/\/schema.org","@graph":[{"@type":"WebPage","@id":"https:\/\/verdadeon.com.br\/portal\/2020\/02\/09\/eliane-aparecida-bonine-o-cancer-nao-veio-por-um-acaso-na-minha-vida\/","url":"https:\/\/verdadeon.com.br\/portal\/2020\/02\/09\/eliane-aparecida-bonine-o-cancer-nao-veio-por-um-acaso-na-minha-vida\/","name":"Eliane Aparecida Bonine: O c\u00e2ncer n\u00e3o veio por um acaso na minha vida - VerdadeOn","isPartOf":{"@id":"https:\/\/verdadeon.com.br\/portal\/#website"},"primaryImageOfPage":{"@id":"https:\/\/verdadeon.com.br\/portal\/2020\/02\/09\/eliane-aparecida-bonine-o-cancer-nao-veio-por-um-acaso-na-minha-vida\/#primaryimage"},"image":{"@id":"https:\/\/verdadeon.com.br\/portal\/2020\/02\/09\/eliane-aparecida-bonine-o-cancer-nao-veio-por-um-acaso-na-minha-vida\/#primaryimage"},"thumbnailUrl":"https:\/\/i0.wp.com\/verdadeon.com.br\/portal\/wp-content\/uploads\/2020\/02\/Eliane-Bonini-Iansa-bate-papo-de-domingo-Foto-Lindomar-Cailton-8.jpg?fit=1000%2C668&ssl=1","datePublished":"2020-02-09T14:00:00+00:00","author":{"@id":"https:\/\/verdadeon.com.br\/portal\/#\/schema\/person\/a5060ad1e9ea3df545188fc93ce43d2f"},"breadcrumb":{"@id":"https:\/\/verdadeon.com.br\/portal\/2020\/02\/09\/eliane-aparecida-bonine-o-cancer-nao-veio-por-um-acaso-na-minha-vida\/#breadcrumb"},"inLanguage":"pt-BR","potentialAction":[{"@type":"ReadAction","target":["https:\/\/verdadeon.com.br\/portal\/2020\/02\/09\/eliane-aparecida-bonine-o-cancer-nao-veio-por-um-acaso-na-minha-vida\/"]}]},{"@type":"ImageObject","inLanguage":"pt-BR","@id":"https:\/\/verdadeon.com.br\/portal\/2020\/02\/09\/eliane-aparecida-bonine-o-cancer-nao-veio-por-um-acaso-na-minha-vida\/#primaryimage","url":"https:\/\/i0.wp.com\/verdadeon.com.br\/portal\/wp-content\/uploads\/2020\/02\/Eliane-Bonini-Iansa-bate-papo-de-domingo-Foto-Lindomar-Cailton-8.jpg?fit=1000%2C668&ssl=1","contentUrl":"https:\/\/i0.wp.com\/verdadeon.com.br\/portal\/wp-content\/uploads\/2020\/02\/Eliane-Bonini-Iansa-bate-papo-de-domingo-Foto-Lindomar-Cailton-8.jpg?fit=1000%2C668&ssl=1","width":1000,"height":668,"caption":"Eliane Bonine, fundadora da casa de apoio Iansa, convida a popula\u00e7\u00e3o para prestigiar a Festa das Na\u00e7\u00f5es | Foto: Jornal Verdade"},{"@type":"BreadcrumbList","@id":"https:\/\/verdadeon.com.br\/portal\/2020\/02\/09\/eliane-aparecida-bonine-o-cancer-nao-veio-por-um-acaso-na-minha-vida\/#breadcrumb","itemListElement":[{"@type":"ListItem","position":1,"name":"In\u00edcio","item":"https:\/\/verdadeon.com.br\/portal\/"},{"@type":"ListItem","position":2,"name":"Eliane Aparecida Bonine: O c\u00e2ncer n\u00e3o veio por um acaso na minha vida"}]},{"@type":"WebSite","@id":"https:\/\/verdadeon.com.br\/portal\/#website","url":"https:\/\/verdadeon.com.br\/portal\/","name":"VerdadeOn","description":"Not\u00edcias di\u00e1rias sobre Franca, Regi\u00e3o, Esporte, Cultura, Cotidiano, Colunas. Cobertura nos principais eventos da cidade \u00e9 aqui - Verdadeon Franca","potentialAction":[{"@type":"SearchAction","target":{"@type":"EntryPoint","urlTemplate":"https:\/\/verdadeon.com.br\/portal\/?s={search_term_string}"},"query-input":{"@type":"PropertyValueSpecification","valueRequired":true,"valueName":"search_term_string"}}],"inLanguage":"pt-BR"},{"@type":"Person","@id":"https:\/\/verdadeon.com.br\/portal\/#\/schema\/person\/a5060ad1e9ea3df545188fc93ce43d2f","name":"Redacao VerdadeOn","image":{"@type":"ImageObject","inLanguage":"pt-BR","@id":"https:\/\/verdadeon.com.br\/portal\/#\/schema\/person\/image\/","url":"https:\/\/secure.gravatar.com\/avatar\/459a9613caaaf07f582c3d0841eea68bdd66f533e465e6ba8b9cb45619572cf4?s=96&d=mm&r=g","contentUrl":"https:\/\/secure.gravatar.com\/avatar\/459a9613caaaf07f582c3d0841eea68bdd66f533e465e6ba8b9cb45619572cf4?s=96&d=mm&r=g","caption":"Redacao VerdadeOn"},"url":"https:\/\/verdadeon.com.br\/portal\/author\/redacao\/"}]}},"jetpack_publicize_connections":[],"jetpack_featured_media_url":"https:\/\/i0.wp.com\/verdadeon.com.br\/portal\/wp-content\/uploads\/2020\/02\/Eliane-Bonini-Iansa-bate-papo-de-domingo-Foto-Lindomar-Cailton-8.jpg?fit=1000%2C668&ssl=1","jetpack_sharing_enabled":true,"_links":{"self":[{"href":"https:\/\/verdadeon.com.br\/portal\/wp-json\/wp\/v2\/posts\/3264","targetHints":{"allow":["GET"]}}],"collection":[{"href":"https:\/\/verdadeon.com.br\/portal\/wp-json\/wp\/v2\/posts"}],"about":[{"href":"https:\/\/verdadeon.com.br\/portal\/wp-json\/wp\/v2\/types\/post"}],"author":[{"embeddable":true,"href":"https:\/\/verdadeon.com.br\/portal\/wp-json\/wp\/v2\/users\/10"}],"replies":[{"embeddable":true,"href":"https:\/\/verdadeon.com.br\/portal\/wp-json\/wp\/v2\/comments?post=3264"}],"version-history":[{"count":0,"href":"https:\/\/verdadeon.com.br\/portal\/wp-json\/wp\/v2\/posts\/3264\/revisions"}],"wp:featuredmedia":[{"embeddable":true,"href":"https:\/\/verdadeon.com.br\/portal\/wp-json\/wp\/v2\/media\/3265"}],"wp:attachment":[{"href":"https:\/\/verdadeon.com.br\/portal\/wp-json\/wp\/v2\/media?parent=3264"}],"wp:term":[{"taxonomy":"category","embeddable":true,"href":"https:\/\/verdadeon.com.br\/portal\/wp-json\/wp\/v2\/categories?post=3264"},{"taxonomy":"post_tag","embeddable":true,"href":"https:\/\/verdadeon.com.br\/portal\/wp-json\/wp\/v2\/tags?post=3264"}],"curies":[{"name":"wp","href":"https:\/\/api.w.org\/{rel}","templated":true}]}}