{"id":3258,"date":"2020-02-09T09:00:00","date_gmt":"2020-02-09T12:00:00","guid":{"rendered":"http:\/\/verdadeon.com.br\/portal\/?p=3258"},"modified":"2020-02-08T19:37:49","modified_gmt":"2020-02-08T22:37:49","slug":"alunos-da-apae-voltam-as-aulas-na-segunda","status":"publish","type":"post","link":"https:\/\/verdadeon.com.br\/portal\/2020\/02\/09\/alunos-da-apae-voltam-as-aulas-na-segunda\/","title":{"rendered":"Alunos da APAE voltam \u00e0s aulas na segunda"},"content":{"rendered":"\n<h2 class=\"wp-block-heading\">Entidade comemora seus 50 anos, programando v\u00e1rios eventos<\/h2>\n\n\n\n<p>Reportagem Daniel Afonso<\/p>\n\n\n\n<p class=\"has-drop-cap\">No ano dos 50 anos de funda\u00e7\u00e3o da APAE (Associa\u00e7\u00e3o dos Pais e Amigos dos Excepcionais) de Franca, os alunos retornam ao ano letivo a partir desta segunda-feira (10). Por\u00e9m, em 2020 a entidade j\u00e1 est\u00e1 em plena atividade desde os primeiros dias do ano. <br>\nEm janeiro, a retomada dos atendimentos teve in\u00edcio desde o dia 16. Neste in\u00edcio, realizaram o projeto \u201cVolta ao Mundo\u201d, atrav\u00e9s dos servi\u00e7os socioassistenciais e o acolhimento dos profissionais da \u00e1rea da Sa\u00fade.<br>\nDepois disso, no dia 24 aconteceu a comemora\u00e7\u00e3o do cinquenten\u00e1rio da entidade. Para comemorar a data hist\u00f3rica foi apresentada com entusiasmo \u00e0 sociedade e autoridades francanas, a nova diretoria que estar\u00e1 \u00e0 frente durante o tri\u00eanio 2020-2023, tendo como presidente, o empres\u00e1rio reeleito, Agenor Gado.<br>\nNa mesma oportunidade, a APAE lan\u00e7ou um novo selo comemorativo do anivers\u00e1rio.<\/p>\n\n\n\n<p>Volta \u00e0s aulas<br>\nO momento mais esperado pelos assistidos com certeza \u00e9 o retorno das aulas. A APAE oferece ensino a 510 alunos com defici\u00eancia intelectual e m\u00faltipla, com idade entre 2 anos e 60 anos, nos est\u00e1gios de Educa\u00e7\u00e3o Infantil (com 3 salas), Educa\u00e7\u00e3o Fundamental (23 salas), N\u00facleos dos Autistas (13 salas) e Socioeducacional (16 salas), durante o per\u00edodo da manh\u00e3 e tarde.<br>\nDe acordo com a entidade, o sistema de ensino \u00e9 aplicado por uma professora e uma auxiliar, com no m\u00e1ximo 15 alunos por sala. A equipe t\u00e9cnica \u00e9 formada por um psic\u00f3logo, um assistente social e um fonoaudi\u00f3logo. Os alunos contam ainda com todos atendimentos ambulatoriais, na \u00e1rea da sa\u00fade, em contraturno ao per\u00edodo escolar.<\/p>\n\n\n\n<p>Melhorias<br>\nO motivo do entusiasmo deste ano se d\u00e1 ainda pela amplia\u00e7\u00e3o dos atendimentos que est\u00e3o sendo realizados na organiza\u00e7\u00e3o. Ela est\u00e1 ocorrendo nas tr\u00eas \u00e1reas: sa\u00fade, assist\u00eancia social e educa\u00e7\u00e3o. Neste ano letivo, a APAE teve a abertura de tr\u00eas salas de aulas, duas na Educa\u00e7\u00e3o Fundamental e uma no N\u00facleo dos Autistas.<br>\nNesta segunda, os alunos e suas fam\u00edlias ser\u00e3o acolhidos na quadra da entidade; no per\u00edodo da manh\u00e3, das 7h30 \u00e0s 11h30; e a tarde, das 13 \u00e0s 17 horas.<br>\nPara celebrar os 50 anos, a APAE vai realizar v\u00e1rios eventos durante o ano. A nova diretoria est\u00e1 engajada em mostrar um pouco mais do atendimento e acolhimento que \u00e9 oferecido. <\/p>\n","protected":false},"excerpt":{"rendered":"<p>Entidade comemora seus 50 anos, programando v\u00e1rios eventos Reportagem Daniel Afonso No ano dos 50 anos de funda\u00e7\u00e3o da APAE (Associa\u00e7\u00e3o dos Pais e Amigos dos<span class=\"excerpt-hellip\"> [\u2026]<\/span><\/p>\n","protected":false},"author":10,"featured_media":3259,"comment_status":"open","ping_status":"open","sticky":false,"template":"","format":"standard","meta":{"_jetpack_memberships_contains_paid_content":false,"footnotes":"","jetpack_publicize_message":"","jetpack_publicize_feature_enabled":true,"jetpack_social_post_already_shared":false,"jetpack_social_options":{"image_generator_settings":{"template":"highway","default_image_id":0,"enabled":false},"version":2}},"categories":[28,44,1],"tags":[46],"class_list":["post-3258","post","type-post","status-publish","format-standard","has-post-thumbnail","hentry","category-cotidiano","category-noticias","category-sem-categoria","tag-cotidiano"],"yoast_head":"<!-- This site is optimized with the Yoast SEO plugin v25.6 - https:\/\/yoast.com\/wordpress\/plugins\/seo\/ -->\n<title>Alunos da APAE voltam \u00e0s aulas na segunda - VerdadeOn<\/title>\n<meta name=\"robots\" content=\"index, follow, max-snippet:-1, max-image-preview:large, max-video-preview:-1\" \/>\n<link rel=\"canonical\" href=\"https:\/\/verdadeon.com.br\/portal\/2020\/02\/09\/alunos-da-apae-voltam-as-aulas-na-segunda\/\" \/>\n<meta property=\"og:locale\" content=\"pt_BR\" \/>\n<meta property=\"og:type\" content=\"article\" \/>\n<meta property=\"og:title\" content=\"Alunos da APAE voltam \u00e0s aulas na segunda - VerdadeOn\" \/>\n<meta property=\"og:description\" content=\"Entidade comemora seus 50 anos, programando v\u00e1rios eventos Reportagem Daniel Afonso No ano dos 50 anos de funda\u00e7\u00e3o da APAE (Associa\u00e7\u00e3o dos Pais e Amigos dos [\u2026]\" \/>\n<meta property=\"og:url\" content=\"https:\/\/verdadeon.com.br\/portal\/2020\/02\/09\/alunos-da-apae-voltam-as-aulas-na-segunda\/\" \/>\n<meta property=\"og:site_name\" content=\"VerdadeOn\" \/>\n<meta property=\"article:published_time\" content=\"2020-02-09T12:00:00+00:00\" \/>\n<meta property=\"og:image\" content=\"https:\/\/verdadeon.com.br\/portal\/wp-content\/uploads\/2020\/02\/ART3333.jpg\" \/>\n\t<meta property=\"og:image:width\" content=\"1000\" \/>\n\t<meta property=\"og:image:height\" content=\"667\" \/>\n\t<meta property=\"og:image:type\" content=\"image\/jpeg\" \/>\n<meta name=\"author\" content=\"Redacao VerdadeOn\" \/>\n<meta name=\"twitter:card\" content=\"summary_large_image\" \/>\n<meta name=\"twitter:label1\" content=\"Escrito por\" \/>\n\t<meta name=\"twitter:data1\" content=\"Redacao VerdadeOn\" \/>\n\t<meta name=\"twitter:label2\" content=\"Est. tempo de leitura\" \/>\n\t<meta name=\"twitter:data2\" content=\"2 minutos\" \/>\n<script type=\"application\/ld+json\" class=\"yoast-schema-graph\">{\"@context\":\"https:\/\/schema.org\",\"@graph\":[{\"@type\":\"WebPage\",\"@id\":\"https:\/\/verdadeon.com.br\/portal\/2020\/02\/09\/alunos-da-apae-voltam-as-aulas-na-segunda\/\",\"url\":\"https:\/\/verdadeon.com.br\/portal\/2020\/02\/09\/alunos-da-apae-voltam-as-aulas-na-segunda\/\",\"name\":\"Alunos da APAE voltam \u00e0s aulas na segunda - VerdadeOn\",\"isPartOf\":{\"@id\":\"https:\/\/verdadeon.com.br\/portal\/#website\"},\"primaryImageOfPage\":{\"@id\":\"https:\/\/verdadeon.com.br\/portal\/2020\/02\/09\/alunos-da-apae-voltam-as-aulas-na-segunda\/#primaryimage\"},\"image\":{\"@id\":\"https:\/\/verdadeon.com.br\/portal\/2020\/02\/09\/alunos-da-apae-voltam-as-aulas-na-segunda\/#primaryimage\"},\"thumbnailUrl\":\"https:\/\/i0.wp.com\/verdadeon.com.br\/portal\/wp-content\/uploads\/2020\/02\/ART3333.jpg?fit=1000%2C667&ssl=1\",\"datePublished\":\"2020-02-09T12:00:00+00:00\",\"author\":{\"@id\":\"https:\/\/verdadeon.com.br\/portal\/#\/schema\/person\/a5060ad1e9ea3df545188fc93ce43d2f\"},\"breadcrumb\":{\"@id\":\"https:\/\/verdadeon.com.br\/portal\/2020\/02\/09\/alunos-da-apae-voltam-as-aulas-na-segunda\/#breadcrumb\"},\"inLanguage\":\"pt-BR\",\"potentialAction\":[{\"@type\":\"ReadAction\",\"target\":[\"https:\/\/verdadeon.com.br\/portal\/2020\/02\/09\/alunos-da-apae-voltam-as-aulas-na-segunda\/\"]}]},{\"@type\":\"ImageObject\",\"inLanguage\":\"pt-BR\",\"@id\":\"https:\/\/verdadeon.com.br\/portal\/2020\/02\/09\/alunos-da-apae-voltam-as-aulas-na-segunda\/#primaryimage\",\"url\":\"https:\/\/i0.wp.com\/verdadeon.com.br\/portal\/wp-content\/uploads\/2020\/02\/ART3333.jpg?fit=1000%2C667&ssl=1\",\"contentUrl\":\"https:\/\/i0.wp.com\/verdadeon.com.br\/portal\/wp-content\/uploads\/2020\/02\/ART3333.jpg?fit=1000%2C667&ssl=1\",\"width\":1000,\"height\":667,\"caption\":\"diretoria - O empres\u00e1rio Agenor Gado \u00e9 reeleito \u00e0 presid\u00eancia da APAE em mais uma gest\u00e3o | Foto: Divulga\u00e7\u00e3o\"},{\"@type\":\"BreadcrumbList\",\"@id\":\"https:\/\/verdadeon.com.br\/portal\/2020\/02\/09\/alunos-da-apae-voltam-as-aulas-na-segunda\/#breadcrumb\",\"itemListElement\":[{\"@type\":\"ListItem\",\"position\":1,\"name\":\"In\u00edcio\",\"item\":\"https:\/\/verdadeon.com.br\/portal\/\"},{\"@type\":\"ListItem\",\"position\":2,\"name\":\"Alunos da APAE voltam \u00e0s aulas na segunda\"}]},{\"@type\":\"WebSite\",\"@id\":\"https:\/\/verdadeon.com.br\/portal\/#website\",\"url\":\"https:\/\/verdadeon.com.br\/portal\/\",\"name\":\"VerdadeOn\",\"description\":\"Not\u00edcias di\u00e1rias sobre Franca, Regi\u00e3o, Esporte, Cultura, Cotidiano, Colunas. Cobertura nos principais eventos da cidade \u00e9 aqui - Verdadeon Franca\",\"potentialAction\":[{\"@type\":\"SearchAction\",\"target\":{\"@type\":\"EntryPoint\",\"urlTemplate\":\"https:\/\/verdadeon.com.br\/portal\/?s={search_term_string}\"},\"query-input\":{\"@type\":\"PropertyValueSpecification\",\"valueRequired\":true,\"valueName\":\"search_term_string\"}}],\"inLanguage\":\"pt-BR\"},{\"@type\":\"Person\",\"@id\":\"https:\/\/verdadeon.com.br\/portal\/#\/schema\/person\/a5060ad1e9ea3df545188fc93ce43d2f\",\"name\":\"Redacao VerdadeOn\",\"image\":{\"@type\":\"ImageObject\",\"inLanguage\":\"pt-BR\",\"@id\":\"https:\/\/verdadeon.com.br\/portal\/#\/schema\/person\/image\/\",\"url\":\"https:\/\/secure.gravatar.com\/avatar\/459a9613caaaf07f582c3d0841eea68bdd66f533e465e6ba8b9cb45619572cf4?s=96&d=mm&r=g\",\"contentUrl\":\"https:\/\/secure.gravatar.com\/avatar\/459a9613caaaf07f582c3d0841eea68bdd66f533e465e6ba8b9cb45619572cf4?s=96&d=mm&r=g\",\"caption\":\"Redacao VerdadeOn\"},\"url\":\"https:\/\/verdadeon.com.br\/portal\/author\/redacao\/\"}]}<\/script>\n<!-- \/ Yoast SEO plugin. -->","yoast_head_json":{"title":"Alunos da APAE voltam \u00e0s aulas na segunda - VerdadeOn","robots":{"index":"index","follow":"follow","max-snippet":"max-snippet:-1","max-image-preview":"max-image-preview:large","max-video-preview":"max-video-preview:-1"},"canonical":"https:\/\/verdadeon.com.br\/portal\/2020\/02\/09\/alunos-da-apae-voltam-as-aulas-na-segunda\/","og_locale":"pt_BR","og_type":"article","og_title":"Alunos da APAE voltam \u00e0s aulas na segunda - VerdadeOn","og_description":"Entidade comemora seus 50 anos, programando v\u00e1rios eventos Reportagem Daniel Afonso No ano dos 50 anos de funda\u00e7\u00e3o da APAE (Associa\u00e7\u00e3o dos Pais e Amigos dos [\u2026]","og_url":"https:\/\/verdadeon.com.br\/portal\/2020\/02\/09\/alunos-da-apae-voltam-as-aulas-na-segunda\/","og_site_name":"VerdadeOn","article_published_time":"2020-02-09T12:00:00+00:00","og_image":[{"width":1000,"height":667,"url":"https:\/\/verdadeon.com.br\/portal\/wp-content\/uploads\/2020\/02\/ART3333.jpg","type":"image\/jpeg"}],"author":"Redacao VerdadeOn","twitter_card":"summary_large_image","twitter_misc":{"Escrito por":"Redacao VerdadeOn","Est. tempo de leitura":"2 minutos"},"schema":{"@context":"https:\/\/schema.org","@graph":[{"@type":"WebPage","@id":"https:\/\/verdadeon.com.br\/portal\/2020\/02\/09\/alunos-da-apae-voltam-as-aulas-na-segunda\/","url":"https:\/\/verdadeon.com.br\/portal\/2020\/02\/09\/alunos-da-apae-voltam-as-aulas-na-segunda\/","name":"Alunos da APAE voltam \u00e0s aulas na segunda - VerdadeOn","isPartOf":{"@id":"https:\/\/verdadeon.com.br\/portal\/#website"},"primaryImageOfPage":{"@id":"https:\/\/verdadeon.com.br\/portal\/2020\/02\/09\/alunos-da-apae-voltam-as-aulas-na-segunda\/#primaryimage"},"image":{"@id":"https:\/\/verdadeon.com.br\/portal\/2020\/02\/09\/alunos-da-apae-voltam-as-aulas-na-segunda\/#primaryimage"},"thumbnailUrl":"https:\/\/i0.wp.com\/verdadeon.com.br\/portal\/wp-content\/uploads\/2020\/02\/ART3333.jpg?fit=1000%2C667&ssl=1","datePublished":"2020-02-09T12:00:00+00:00","author":{"@id":"https:\/\/verdadeon.com.br\/portal\/#\/schema\/person\/a5060ad1e9ea3df545188fc93ce43d2f"},"breadcrumb":{"@id":"https:\/\/verdadeon.com.br\/portal\/2020\/02\/09\/alunos-da-apae-voltam-as-aulas-na-segunda\/#breadcrumb"},"inLanguage":"pt-BR","potentialAction":[{"@type":"ReadAction","target":["https:\/\/verdadeon.com.br\/portal\/2020\/02\/09\/alunos-da-apae-voltam-as-aulas-na-segunda\/"]}]},{"@type":"ImageObject","inLanguage":"pt-BR","@id":"https:\/\/verdadeon.com.br\/portal\/2020\/02\/09\/alunos-da-apae-voltam-as-aulas-na-segunda\/#primaryimage","url":"https:\/\/i0.wp.com\/verdadeon.com.br\/portal\/wp-content\/uploads\/2020\/02\/ART3333.jpg?fit=1000%2C667&ssl=1","contentUrl":"https:\/\/i0.wp.com\/verdadeon.com.br\/portal\/wp-content\/uploads\/2020\/02\/ART3333.jpg?fit=1000%2C667&ssl=1","width":1000,"height":667,"caption":"diretoria - O empres\u00e1rio Agenor Gado \u00e9 reeleito \u00e0 presid\u00eancia da APAE em mais uma gest\u00e3o | Foto: Divulga\u00e7\u00e3o"},{"@type":"BreadcrumbList","@id":"https:\/\/verdadeon.com.br\/portal\/2020\/02\/09\/alunos-da-apae-voltam-as-aulas-na-segunda\/#breadcrumb","itemListElement":[{"@type":"ListItem","position":1,"name":"In\u00edcio","item":"https:\/\/verdadeon.com.br\/portal\/"},{"@type":"ListItem","position":2,"name":"Alunos da APAE voltam \u00e0s aulas na segunda"}]},{"@type":"WebSite","@id":"https:\/\/verdadeon.com.br\/portal\/#website","url":"https:\/\/verdadeon.com.br\/portal\/","name":"VerdadeOn","description":"Not\u00edcias di\u00e1rias sobre Franca, Regi\u00e3o, Esporte, Cultura, Cotidiano, Colunas. Cobertura nos principais eventos da cidade \u00e9 aqui - Verdadeon Franca","potentialAction":[{"@type":"SearchAction","target":{"@type":"EntryPoint","urlTemplate":"https:\/\/verdadeon.com.br\/portal\/?s={search_term_string}"},"query-input":{"@type":"PropertyValueSpecification","valueRequired":true,"valueName":"search_term_string"}}],"inLanguage":"pt-BR"},{"@type":"Person","@id":"https:\/\/verdadeon.com.br\/portal\/#\/schema\/person\/a5060ad1e9ea3df545188fc93ce43d2f","name":"Redacao VerdadeOn","image":{"@type":"ImageObject","inLanguage":"pt-BR","@id":"https:\/\/verdadeon.com.br\/portal\/#\/schema\/person\/image\/","url":"https:\/\/secure.gravatar.com\/avatar\/459a9613caaaf07f582c3d0841eea68bdd66f533e465e6ba8b9cb45619572cf4?s=96&d=mm&r=g","contentUrl":"https:\/\/secure.gravatar.com\/avatar\/459a9613caaaf07f582c3d0841eea68bdd66f533e465e6ba8b9cb45619572cf4?s=96&d=mm&r=g","caption":"Redacao VerdadeOn"},"url":"https:\/\/verdadeon.com.br\/portal\/author\/redacao\/"}]}},"jetpack_publicize_connections":[],"jetpack_featured_media_url":"https:\/\/i0.wp.com\/verdadeon.com.br\/portal\/wp-content\/uploads\/2020\/02\/ART3333.jpg?fit=1000%2C667&ssl=1","jetpack_sharing_enabled":true,"_links":{"self":[{"href":"https:\/\/verdadeon.com.br\/portal\/wp-json\/wp\/v2\/posts\/3258","targetHints":{"allow":["GET"]}}],"collection":[{"href":"https:\/\/verdadeon.com.br\/portal\/wp-json\/wp\/v2\/posts"}],"about":[{"href":"https:\/\/verdadeon.com.br\/portal\/wp-json\/wp\/v2\/types\/post"}],"author":[{"embeddable":true,"href":"https:\/\/verdadeon.com.br\/portal\/wp-json\/wp\/v2\/users\/10"}],"replies":[{"embeddable":true,"href":"https:\/\/verdadeon.com.br\/portal\/wp-json\/wp\/v2\/comments?post=3258"}],"version-history":[{"count":0,"href":"https:\/\/verdadeon.com.br\/portal\/wp-json\/wp\/v2\/posts\/3258\/revisions"}],"wp:featuredmedia":[{"embeddable":true,"href":"https:\/\/verdadeon.com.br\/portal\/wp-json\/wp\/v2\/media\/3259"}],"wp:attachment":[{"href":"https:\/\/verdadeon.com.br\/portal\/wp-json\/wp\/v2\/media?parent=3258"}],"wp:term":[{"taxonomy":"category","embeddable":true,"href":"https:\/\/verdadeon.com.br\/portal\/wp-json\/wp\/v2\/categories?post=3258"},{"taxonomy":"post_tag","embeddable":true,"href":"https:\/\/verdadeon.com.br\/portal\/wp-json\/wp\/v2\/tags?post=3258"}],"curies":[{"name":"wp","href":"https:\/\/api.w.org\/{rel}","templated":true}]}}