{"id":3255,"date":"2020-02-09T08:00:00","date_gmt":"2020-02-09T11:00:00","guid":{"rendered":"http:\/\/verdadeon.com.br\/portal\/?p=3255"},"modified":"2020-02-08T19:37:49","modified_gmt":"2020-02-08T22:37:49","slug":"sindicato-realiza-ultima-assembleia-com-servidores","status":"publish","type":"post","link":"https:\/\/verdadeon.com.br\/portal\/2020\/02\/09\/sindicato-realiza-ultima-assembleia-com-servidores\/","title":{"rendered":"Sindicato realiza \u00faltima assembleia com servidores"},"content":{"rendered":"\n<h2 class=\"wp-block-heading\">Pauta chegar\u00e1 ao prefeito na pr\u00f3xima semana. Principal pedido \u00e9 o aumento <br> real em 5,52%<\/h2>\n\n\n\n<p>Reportagem Daniel Afonso<\/p>\n\n\n\n<p class=\"has-drop-cap\">Em plena manh\u00e3 de s\u00e1bado (8), na sede do SindServ (Sindicato dos Servidores de Franca), um p\u00fablico de aproximadamente 100 pessoas compareceu na \u00faltima assembleia, antes da entrega da pauta de reivindica\u00e7\u00f5es pelo presidente Luiz Fernando Nascimento ao prefeito Gilson de Souza.<br>\nNo documento, que ser\u00e1 apresentado nos pr\u00f3ximos dias para o prefeito, consta uma s\u00e9rie de demandas por parte dos servidores que cobram v\u00e1rias melhorias para a classe. <br>\nUma das principais prioridades do presidente do sindicato \u00e9 solicitar que o prefeito cumpra o pagamento do aumento real em 5,52% no sal\u00e1rio do servidor. Nos \u00faltimos anos, a Prefeitura de Franca vem cumprindo apenas a corre\u00e7\u00e3o salarial com base no INPC (\u00cdndice Nacional de Pre\u00e7os ao Consumidor), que \u00e9 o percentual da infla\u00e7\u00e3o atual.<br>\nDiante desta situa\u00e7\u00e3o, o servidor demonstrou na reuni\u00e3o, a esperan\u00e7a de que o chefe do Executivo possa cumprir ao menos essa quest\u00e3o. Para o servidor Jos\u00e9 H\u00e9lio, da pasta de Servi\u00e7os e Meio Ambiente, Gilson precisa atender pelo menos a quest\u00e3o do aumento real. \u201cQuando ele assumiu a Prefeitura, logo na primeira assembleia, ele prometeu que ia nos ajudar com esse aumento, mas ficou s\u00f3 na conversa. A cada ano, ele sempre falava que era para ter paci\u00eancia e que no ano seguinte iria nos ajudar, e at\u00e9 hoje nada. Apesar de ter sido verbal, esperamos que ele cumpra agora\u201d, desabafou.<br>\nO servidor Marcos Francisco Tosatti, do setor de manuten\u00e7\u00e3o na Educa\u00e7\u00e3o, tamb\u00e9m lamentou a falta de apoio durante os \u00faltimos 9 anos em que est\u00e1 efetivado na prefeitura. \u201cEst\u00e1 dif\u00edcil para todo mundo. Estamos com dificuldades financeiras, as coisas s\u00f3 aumentando de pre\u00e7o. Precisamos de valoriza\u00e7\u00e3o\u201d, ressaltou. <br>\nEliana Garcia \u00e9 outra servidora que tamb\u00e9m acredita que possa ser diferente este ano e que o sindicato interceda no pagamento deste aumento. \u201cEspero que chegue num consenso e que consiga apresentar uma proposta boa para gente. Ele \u00e9 nossa porta-voz, confiamos em uma valoriza\u00e7\u00e3o efetiva, porque muitos anos isso n\u00e3o tem acontecido. O prefeito est\u00e1 cumprindo apenas em rela\u00e7\u00e3o ao vale-alimenta\u00e7\u00e3o, o aumento real est\u00e1 defasado h\u00e1 muitos anos\u201d, declarou a servidora que est\u00e1 h\u00e1 24 anos no servi\u00e7o p\u00fablico.<br>\nO presidente Luiz Fernando afirma que a inten\u00e7\u00e3o \u00e9 que a prefeitura traga o reajuste salarial na data-base em 1\u00ba de mar\u00e7o. Dentre outros pedidos, o SindServ vai continuar lutando para garantir o abono escolar para R$ 350, instituir o Plano de Cargos e Carreiras, o Vale-Alimenta\u00e7\u00e3o em R$ 750, a renova\u00e7\u00e3o do PDV (Demiss\u00e3o Volunt\u00e1ria e a implanta\u00e7\u00e3o da jornada de 30 horas para os servidores da Sa\u00fade &#8211; em resumo do que ser\u00e1 levado ao prefeito.<\/p>\n","protected":false},"excerpt":{"rendered":"<p>Pauta chegar\u00e1 ao prefeito na pr\u00f3xima semana. Principal pedido \u00e9 o aumento real em 5,52% Reportagem Daniel Afonso Em plena manh\u00e3 de s\u00e1bado (8), na sede<span class=\"excerpt-hellip\"> [\u2026]<\/span><\/p>\n","protected":false},"author":10,"featured_media":3256,"comment_status":"open","ping_status":"open","sticky":false,"template":"","format":"standard","meta":{"_jetpack_memberships_contains_paid_content":false,"footnotes":"","jetpack_publicize_message":"","jetpack_publicize_feature_enabled":true,"jetpack_social_post_already_shared":false,"jetpack_social_options":{"image_generator_settings":{"template":"highway","default_image_id":0,"enabled":false},"version":2}},"categories":[28,44,1],"tags":[46],"class_list":["post-3255","post","type-post","status-publish","format-standard","has-post-thumbnail","hentry","category-cotidiano","category-noticias","category-sem-categoria","tag-cotidiano"],"yoast_head":"<!-- This site is optimized with the Yoast SEO plugin v25.6 - https:\/\/yoast.com\/wordpress\/plugins\/seo\/ -->\n<title>Sindicato realiza \u00faltima assembleia com servidores - VerdadeOn<\/title>\n<meta name=\"robots\" content=\"index, follow, max-snippet:-1, max-image-preview:large, max-video-preview:-1\" \/>\n<link rel=\"canonical\" href=\"https:\/\/verdadeon.com.br\/portal\/2020\/02\/09\/sindicato-realiza-ultima-assembleia-com-servidores\/\" \/>\n<meta property=\"og:locale\" content=\"pt_BR\" \/>\n<meta property=\"og:type\" content=\"article\" \/>\n<meta property=\"og:title\" content=\"Sindicato realiza \u00faltima assembleia com servidores - VerdadeOn\" \/>\n<meta property=\"og:description\" content=\"Pauta chegar\u00e1 ao prefeito na pr\u00f3xima semana. Principal pedido \u00e9 o aumento real em 5,52% Reportagem Daniel Afonso Em plena manh\u00e3 de s\u00e1bado (8), na sede [\u2026]\" \/>\n<meta property=\"og:url\" content=\"https:\/\/verdadeon.com.br\/portal\/2020\/02\/09\/sindicato-realiza-ultima-assembleia-com-servidores\/\" \/>\n<meta property=\"og:site_name\" content=\"VerdadeOn\" \/>\n<meta property=\"article:published_time\" content=\"2020-02-09T11:00:00+00:00\" \/>\n<meta name=\"author\" content=\"Redacao VerdadeOn\" \/>\n<meta name=\"twitter:card\" content=\"summary_large_image\" \/>\n<meta name=\"twitter:label1\" content=\"Escrito por\" \/>\n\t<meta name=\"twitter:data1\" content=\"Redacao VerdadeOn\" \/>\n\t<meta name=\"twitter:label2\" content=\"Est. tempo de leitura\" \/>\n\t<meta name=\"twitter:data2\" content=\"2 minutos\" \/>\n<script type=\"application\/ld+json\" class=\"yoast-schema-graph\">{\"@context\":\"https:\/\/schema.org\",\"@graph\":[{\"@type\":\"WebPage\",\"@id\":\"https:\/\/verdadeon.com.br\/portal\/2020\/02\/09\/sindicato-realiza-ultima-assembleia-com-servidores\/\",\"url\":\"https:\/\/verdadeon.com.br\/portal\/2020\/02\/09\/sindicato-realiza-ultima-assembleia-com-servidores\/\",\"name\":\"Sindicato realiza \u00faltima assembleia com servidores - VerdadeOn\",\"isPartOf\":{\"@id\":\"https:\/\/verdadeon.com.br\/portal\/#website\"},\"primaryImageOfPage\":{\"@id\":\"https:\/\/verdadeon.com.br\/portal\/2020\/02\/09\/sindicato-realiza-ultima-assembleia-com-servidores\/#primaryimage\"},\"image\":{\"@id\":\"https:\/\/verdadeon.com.br\/portal\/2020\/02\/09\/sindicato-realiza-ultima-assembleia-com-servidores\/#primaryimage\"},\"thumbnailUrl\":\"https:\/\/i0.wp.com\/verdadeon.com.br\/portal\/wp-content\/uploads\/2020\/02\/Assembl%C3%A9ia-servidores-2020-fto-lindomar-Cailton-27.jpg?fit=1000%2C668&ssl=1\",\"datePublished\":\"2020-02-09T11:00:00+00:00\",\"author\":{\"@id\":\"https:\/\/verdadeon.com.br\/portal\/#\/schema\/person\/a5060ad1e9ea3df545188fc93ce43d2f\"},\"breadcrumb\":{\"@id\":\"https:\/\/verdadeon.com.br\/portal\/2020\/02\/09\/sindicato-realiza-ultima-assembleia-com-servidores\/#breadcrumb\"},\"inLanguage\":\"pt-BR\",\"potentialAction\":[{\"@type\":\"ReadAction\",\"target\":[\"https:\/\/verdadeon.com.br\/portal\/2020\/02\/09\/sindicato-realiza-ultima-assembleia-com-servidores\/\"]}]},{\"@type\":\"ImageObject\",\"inLanguage\":\"pt-BR\",\"@id\":\"https:\/\/verdadeon.com.br\/portal\/2020\/02\/09\/sindicato-realiza-ultima-assembleia-com-servidores\/#primaryimage\",\"url\":\"https:\/\/i0.wp.com\/verdadeon.com.br\/portal\/wp-content\/uploads\/2020\/02\/Assembl%C3%A9ia-servidores-2020-fto-lindomar-Cailton-27.jpg?fit=1000%2C668&ssl=1\",\"contentUrl\":\"https:\/\/i0.wp.com\/verdadeon.com.br\/portal\/wp-content\/uploads\/2020\/02\/Assembl%C3%A9ia-servidores-2020-fto-lindomar-Cailton-27.jpg?fit=1000%2C668&ssl=1\",\"width\":1000,\"height\":668,\"caption\":\"Reivindica\u00e7\u00f5es - Aproximadamente 100 pessoas estiveram na manh\u00e3 de s\u00e1bado (8) participando da \u00faltima assembleia em discuss\u00e3o das pautas que ser\u00e3o levadas ao prefeito Gilson de Souza | Foto: Lindomar Cailton\"},{\"@type\":\"BreadcrumbList\",\"@id\":\"https:\/\/verdadeon.com.br\/portal\/2020\/02\/09\/sindicato-realiza-ultima-assembleia-com-servidores\/#breadcrumb\",\"itemListElement\":[{\"@type\":\"ListItem\",\"position\":1,\"name\":\"In\u00edcio\",\"item\":\"https:\/\/verdadeon.com.br\/portal\/\"},{\"@type\":\"ListItem\",\"position\":2,\"name\":\"Sindicato realiza \u00faltima assembleia com servidores\"}]},{\"@type\":\"WebSite\",\"@id\":\"https:\/\/verdadeon.com.br\/portal\/#website\",\"url\":\"https:\/\/verdadeon.com.br\/portal\/\",\"name\":\"VerdadeOn\",\"description\":\"Not\u00edcias di\u00e1rias sobre Franca, Regi\u00e3o, Esporte, Cultura, Cotidiano, Colunas. Cobertura nos principais eventos da cidade \u00e9 aqui - Verdadeon Franca\",\"potentialAction\":[{\"@type\":\"SearchAction\",\"target\":{\"@type\":\"EntryPoint\",\"urlTemplate\":\"https:\/\/verdadeon.com.br\/portal\/?s={search_term_string}\"},\"query-input\":{\"@type\":\"PropertyValueSpecification\",\"valueRequired\":true,\"valueName\":\"search_term_string\"}}],\"inLanguage\":\"pt-BR\"},{\"@type\":\"Person\",\"@id\":\"https:\/\/verdadeon.com.br\/portal\/#\/schema\/person\/a5060ad1e9ea3df545188fc93ce43d2f\",\"name\":\"Redacao VerdadeOn\",\"image\":{\"@type\":\"ImageObject\",\"inLanguage\":\"pt-BR\",\"@id\":\"https:\/\/verdadeon.com.br\/portal\/#\/schema\/person\/image\/\",\"url\":\"https:\/\/secure.gravatar.com\/avatar\/459a9613caaaf07f582c3d0841eea68bdd66f533e465e6ba8b9cb45619572cf4?s=96&d=mm&r=g\",\"contentUrl\":\"https:\/\/secure.gravatar.com\/avatar\/459a9613caaaf07f582c3d0841eea68bdd66f533e465e6ba8b9cb45619572cf4?s=96&d=mm&r=g\",\"caption\":\"Redacao VerdadeOn\"},\"url\":\"https:\/\/verdadeon.com.br\/portal\/author\/redacao\/\"}]}<\/script>\n<!-- \/ Yoast SEO plugin. -->","yoast_head_json":{"title":"Sindicato realiza \u00faltima assembleia com servidores - VerdadeOn","robots":{"index":"index","follow":"follow","max-snippet":"max-snippet:-1","max-image-preview":"max-image-preview:large","max-video-preview":"max-video-preview:-1"},"canonical":"https:\/\/verdadeon.com.br\/portal\/2020\/02\/09\/sindicato-realiza-ultima-assembleia-com-servidores\/","og_locale":"pt_BR","og_type":"article","og_title":"Sindicato realiza \u00faltima assembleia com servidores - VerdadeOn","og_description":"Pauta chegar\u00e1 ao prefeito na pr\u00f3xima semana. Principal pedido \u00e9 o aumento real em 5,52% Reportagem Daniel Afonso Em plena manh\u00e3 de s\u00e1bado (8), na sede [\u2026]","og_url":"https:\/\/verdadeon.com.br\/portal\/2020\/02\/09\/sindicato-realiza-ultima-assembleia-com-servidores\/","og_site_name":"VerdadeOn","article_published_time":"2020-02-09T11:00:00+00:00","author":"Redacao VerdadeOn","twitter_card":"summary_large_image","twitter_misc":{"Escrito por":"Redacao VerdadeOn","Est. tempo de leitura":"2 minutos"},"schema":{"@context":"https:\/\/schema.org","@graph":[{"@type":"WebPage","@id":"https:\/\/verdadeon.com.br\/portal\/2020\/02\/09\/sindicato-realiza-ultima-assembleia-com-servidores\/","url":"https:\/\/verdadeon.com.br\/portal\/2020\/02\/09\/sindicato-realiza-ultima-assembleia-com-servidores\/","name":"Sindicato realiza \u00faltima assembleia com servidores - VerdadeOn","isPartOf":{"@id":"https:\/\/verdadeon.com.br\/portal\/#website"},"primaryImageOfPage":{"@id":"https:\/\/verdadeon.com.br\/portal\/2020\/02\/09\/sindicato-realiza-ultima-assembleia-com-servidores\/#primaryimage"},"image":{"@id":"https:\/\/verdadeon.com.br\/portal\/2020\/02\/09\/sindicato-realiza-ultima-assembleia-com-servidores\/#primaryimage"},"thumbnailUrl":"https:\/\/i0.wp.com\/verdadeon.com.br\/portal\/wp-content\/uploads\/2020\/02\/Assembl%C3%A9ia-servidores-2020-fto-lindomar-Cailton-27.jpg?fit=1000%2C668&ssl=1","datePublished":"2020-02-09T11:00:00+00:00","author":{"@id":"https:\/\/verdadeon.com.br\/portal\/#\/schema\/person\/a5060ad1e9ea3df545188fc93ce43d2f"},"breadcrumb":{"@id":"https:\/\/verdadeon.com.br\/portal\/2020\/02\/09\/sindicato-realiza-ultima-assembleia-com-servidores\/#breadcrumb"},"inLanguage":"pt-BR","potentialAction":[{"@type":"ReadAction","target":["https:\/\/verdadeon.com.br\/portal\/2020\/02\/09\/sindicato-realiza-ultima-assembleia-com-servidores\/"]}]},{"@type":"ImageObject","inLanguage":"pt-BR","@id":"https:\/\/verdadeon.com.br\/portal\/2020\/02\/09\/sindicato-realiza-ultima-assembleia-com-servidores\/#primaryimage","url":"https:\/\/i0.wp.com\/verdadeon.com.br\/portal\/wp-content\/uploads\/2020\/02\/Assembl%C3%A9ia-servidores-2020-fto-lindomar-Cailton-27.jpg?fit=1000%2C668&ssl=1","contentUrl":"https:\/\/i0.wp.com\/verdadeon.com.br\/portal\/wp-content\/uploads\/2020\/02\/Assembl%C3%A9ia-servidores-2020-fto-lindomar-Cailton-27.jpg?fit=1000%2C668&ssl=1","width":1000,"height":668,"caption":"Reivindica\u00e7\u00f5es - Aproximadamente 100 pessoas estiveram na manh\u00e3 de s\u00e1bado (8) participando da \u00faltima assembleia em discuss\u00e3o das pautas que ser\u00e3o levadas ao prefeito Gilson de Souza | Foto: Lindomar Cailton"},{"@type":"BreadcrumbList","@id":"https:\/\/verdadeon.com.br\/portal\/2020\/02\/09\/sindicato-realiza-ultima-assembleia-com-servidores\/#breadcrumb","itemListElement":[{"@type":"ListItem","position":1,"name":"In\u00edcio","item":"https:\/\/verdadeon.com.br\/portal\/"},{"@type":"ListItem","position":2,"name":"Sindicato realiza \u00faltima assembleia com servidores"}]},{"@type":"WebSite","@id":"https:\/\/verdadeon.com.br\/portal\/#website","url":"https:\/\/verdadeon.com.br\/portal\/","name":"VerdadeOn","description":"Not\u00edcias di\u00e1rias sobre Franca, Regi\u00e3o, Esporte, Cultura, Cotidiano, Colunas. Cobertura nos principais eventos da cidade \u00e9 aqui - Verdadeon Franca","potentialAction":[{"@type":"SearchAction","target":{"@type":"EntryPoint","urlTemplate":"https:\/\/verdadeon.com.br\/portal\/?s={search_term_string}"},"query-input":{"@type":"PropertyValueSpecification","valueRequired":true,"valueName":"search_term_string"}}],"inLanguage":"pt-BR"},{"@type":"Person","@id":"https:\/\/verdadeon.com.br\/portal\/#\/schema\/person\/a5060ad1e9ea3df545188fc93ce43d2f","name":"Redacao VerdadeOn","image":{"@type":"ImageObject","inLanguage":"pt-BR","@id":"https:\/\/verdadeon.com.br\/portal\/#\/schema\/person\/image\/","url":"https:\/\/secure.gravatar.com\/avatar\/459a9613caaaf07f582c3d0841eea68bdd66f533e465e6ba8b9cb45619572cf4?s=96&d=mm&r=g","contentUrl":"https:\/\/secure.gravatar.com\/avatar\/459a9613caaaf07f582c3d0841eea68bdd66f533e465e6ba8b9cb45619572cf4?s=96&d=mm&r=g","caption":"Redacao VerdadeOn"},"url":"https:\/\/verdadeon.com.br\/portal\/author\/redacao\/"}]}},"jetpack_publicize_connections":[],"jetpack_featured_media_url":"https:\/\/i0.wp.com\/verdadeon.com.br\/portal\/wp-content\/uploads\/2020\/02\/Assembl%C3%A9ia-servidores-2020-fto-lindomar-Cailton-27.jpg?fit=1000%2C668&ssl=1","jetpack_sharing_enabled":true,"_links":{"self":[{"href":"https:\/\/verdadeon.com.br\/portal\/wp-json\/wp\/v2\/posts\/3255","targetHints":{"allow":["GET"]}}],"collection":[{"href":"https:\/\/verdadeon.com.br\/portal\/wp-json\/wp\/v2\/posts"}],"about":[{"href":"https:\/\/verdadeon.com.br\/portal\/wp-json\/wp\/v2\/types\/post"}],"author":[{"embeddable":true,"href":"https:\/\/verdadeon.com.br\/portal\/wp-json\/wp\/v2\/users\/10"}],"replies":[{"embeddable":true,"href":"https:\/\/verdadeon.com.br\/portal\/wp-json\/wp\/v2\/comments?post=3255"}],"version-history":[{"count":0,"href":"https:\/\/verdadeon.com.br\/portal\/wp-json\/wp\/v2\/posts\/3255\/revisions"}],"wp:featuredmedia":[{"embeddable":true,"href":"https:\/\/verdadeon.com.br\/portal\/wp-json\/wp\/v2\/media\/3256"}],"wp:attachment":[{"href":"https:\/\/verdadeon.com.br\/portal\/wp-json\/wp\/v2\/media?parent=3255"}],"wp:term":[{"taxonomy":"category","embeddable":true,"href":"https:\/\/verdadeon.com.br\/portal\/wp-json\/wp\/v2\/categories?post=3255"},{"taxonomy":"post_tag","embeddable":true,"href":"https:\/\/verdadeon.com.br\/portal\/wp-json\/wp\/v2\/tags?post=3255"}],"curies":[{"name":"wp","href":"https:\/\/api.w.org\/{rel}","templated":true}]}}