{"id":3248,"date":"2020-02-08T15:00:00","date_gmt":"2020-02-08T18:00:00","guid":{"rendered":"http:\/\/verdadeon.com.br\/portal\/?p=3248"},"modified":"2020-02-08T00:28:39","modified_gmt":"2020-02-08T03:28:39","slug":"app-da-carteira-de-trabalho-e-atualizado","status":"publish","type":"post","link":"https:\/\/verdadeon.com.br\/portal\/2020\/02\/08\/app-da-carteira-de-trabalho-e-atualizado\/","title":{"rendered":"App da Carteira de Trabalho \u00e9 atualizado"},"content":{"rendered":"\n<p class=\"has-drop-cap\">A cada dia, a Carteira de Trabalho Digital vem substituindo gradativamente o modelo impresso, conforme iniciativa do Minist\u00e9rio da Economia para desburocratizar esse servi\u00e7o.<br>\nEm Franca, o chefe do setor de Pol\u00edticas do Trabalho, da Ger\u00eancia Regional do Trabalho, Fernando Wilson Caetano, explicou as \u00faltimas atualiza\u00e7\u00f5es do aplicativo do modelo digital deste documento, em que qualquer cidad\u00e3o pode utilizar atrav\u00e9s somente do seu CPF. <br>\nO Minist\u00e9rio da Economia quer que no futuro esse aplicativo permita ainda atrav\u00e9s da conta de acesso \u00fanica do governo, reunir todas as informa\u00e7\u00f5es relativas aos v\u00ednculos empregat\u00edcios, como contribui\u00e7\u00f5es previdenci\u00e1rias, recolhimentos do Fundo de Garantia por tempo de servi\u00e7o, bem como as demais informa\u00e7\u00f5es atinentes aos v\u00ednculos.<br>\nNo momento, o aplicativo evoluiu e j\u00e1 permite ao trabalhador consultar seus v\u00ednculos de emprego &#8211; atuais e anteriores, sal\u00e1rios de admiss\u00e3o e \u00faltima altera\u00e7\u00e3o salarial e cargo. \u201cEle ainda consegue gerar um arquivo de PDF de impress\u00e3o das situa\u00e7\u00f5es em que deve comprovar suas rela\u00e7\u00f5es de emprego para qualquer finalidade, requerer o Seguro Desemprego e cadastrar recurso administrativo relativo ao benef\u00edcio. Podendo ainda consultar valores e datas de recebimento do seguro, consultar Abono Salarial e realizar den\u00fancias. Tudo isso, al\u00e9m de ser um canal de comunica\u00e7\u00e3o direto entre o trabalhador e o governo federal\u201d, explicou a servidora Maiara Alves de Morais.<\/p>\n","protected":false},"excerpt":{"rendered":"<p>A cada dia, a Carteira de Trabalho Digital vem substituindo gradativamente o modelo impresso, conforme iniciativa do Minist\u00e9rio da Economia para desburocratizar esse servi\u00e7o. Em Franca,<span class=\"excerpt-hellip\"> [\u2026]<\/span><\/p>\n","protected":false},"author":10,"featured_media":3249,"comment_status":"open","ping_status":"open","sticky":false,"template":"","format":"standard","meta":{"_jetpack_memberships_contains_paid_content":false,"footnotes":"","jetpack_publicize_message":"","jetpack_publicize_feature_enabled":true,"jetpack_social_post_already_shared":false,"jetpack_social_options":{"image_generator_settings":{"template":"highway","default_image_id":0,"enabled":false},"version":2}},"categories":[28,44,1],"tags":[46],"class_list":["post-3248","post","type-post","status-publish","format-standard","has-post-thumbnail","hentry","category-cotidiano","category-noticias","category-sem-categoria","tag-cotidiano"],"yoast_head":"<!-- This site is optimized with the Yoast SEO plugin v25.6 - https:\/\/yoast.com\/wordpress\/plugins\/seo\/ -->\n<title>App da Carteira de Trabalho \u00e9 atualizado - VerdadeOn<\/title>\n<meta name=\"robots\" content=\"index, follow, max-snippet:-1, max-image-preview:large, max-video-preview:-1\" \/>\n<link rel=\"canonical\" href=\"https:\/\/verdadeon.com.br\/portal\/2020\/02\/08\/app-da-carteira-de-trabalho-e-atualizado\/\" \/>\n<meta property=\"og:locale\" content=\"pt_BR\" \/>\n<meta property=\"og:type\" content=\"article\" \/>\n<meta property=\"og:title\" content=\"App da Carteira de Trabalho \u00e9 atualizado - VerdadeOn\" \/>\n<meta property=\"og:description\" content=\"A cada dia, a Carteira de Trabalho Digital vem substituindo gradativamente o modelo impresso, conforme iniciativa do Minist\u00e9rio da Economia para desburocratizar esse servi\u00e7o. Em Franca, [\u2026]\" \/>\n<meta property=\"og:url\" content=\"https:\/\/verdadeon.com.br\/portal\/2020\/02\/08\/app-da-carteira-de-trabalho-e-atualizado\/\" \/>\n<meta property=\"og:site_name\" content=\"VerdadeOn\" \/>\n<meta property=\"article:published_time\" content=\"2020-02-08T18:00:00+00:00\" \/>\n<meta property=\"og:image\" content=\"https:\/\/verdadeon.com.br\/portal\/wp-content\/uploads\/2020\/02\/sugiro-essa.jpg\" \/>\n\t<meta property=\"og:image:width\" content=\"1000\" \/>\n\t<meta property=\"og:image:height\" content=\"668\" \/>\n\t<meta property=\"og:image:type\" content=\"image\/jpeg\" \/>\n<meta name=\"author\" content=\"Redacao VerdadeOn\" \/>\n<meta name=\"twitter:card\" content=\"summary_large_image\" \/>\n<meta name=\"twitter:label1\" content=\"Escrito por\" \/>\n\t<meta name=\"twitter:data1\" content=\"Redacao VerdadeOn\" \/>\n\t<meta name=\"twitter:label2\" content=\"Est. tempo de leitura\" \/>\n\t<meta name=\"twitter:data2\" content=\"1 minuto\" \/>\n<script type=\"application\/ld+json\" class=\"yoast-schema-graph\">{\"@context\":\"https:\/\/schema.org\",\"@graph\":[{\"@type\":\"WebPage\",\"@id\":\"https:\/\/verdadeon.com.br\/portal\/2020\/02\/08\/app-da-carteira-de-trabalho-e-atualizado\/\",\"url\":\"https:\/\/verdadeon.com.br\/portal\/2020\/02\/08\/app-da-carteira-de-trabalho-e-atualizado\/\",\"name\":\"App da Carteira de Trabalho \u00e9 atualizado - VerdadeOn\",\"isPartOf\":{\"@id\":\"https:\/\/verdadeon.com.br\/portal\/#website\"},\"primaryImageOfPage\":{\"@id\":\"https:\/\/verdadeon.com.br\/portal\/2020\/02\/08\/app-da-carteira-de-trabalho-e-atualizado\/#primaryimage\"},\"image\":{\"@id\":\"https:\/\/verdadeon.com.br\/portal\/2020\/02\/08\/app-da-carteira-de-trabalho-e-atualizado\/#primaryimage\"},\"thumbnailUrl\":\"https:\/\/i0.wp.com\/verdadeon.com.br\/portal\/wp-content\/uploads\/2020\/02\/sugiro-essa.jpg?fit=1000%2C668&ssl=1\",\"datePublished\":\"2020-02-08T18:00:00+00:00\",\"author\":{\"@id\":\"https:\/\/verdadeon.com.br\/portal\/#\/schema\/person\/a5060ad1e9ea3df545188fc93ce43d2f\"},\"breadcrumb\":{\"@id\":\"https:\/\/verdadeon.com.br\/portal\/2020\/02\/08\/app-da-carteira-de-trabalho-e-atualizado\/#breadcrumb\"},\"inLanguage\":\"pt-BR\",\"potentialAction\":[{\"@type\":\"ReadAction\",\"target\":[\"https:\/\/verdadeon.com.br\/portal\/2020\/02\/08\/app-da-carteira-de-trabalho-e-atualizado\/\"]}]},{\"@type\":\"ImageObject\",\"inLanguage\":\"pt-BR\",\"@id\":\"https:\/\/verdadeon.com.br\/portal\/2020\/02\/08\/app-da-carteira-de-trabalho-e-atualizado\/#primaryimage\",\"url\":\"https:\/\/i0.wp.com\/verdadeon.com.br\/portal\/wp-content\/uploads\/2020\/02\/sugiro-essa.jpg?fit=1000%2C668&ssl=1\",\"contentUrl\":\"https:\/\/i0.wp.com\/verdadeon.com.br\/portal\/wp-content\/uploads\/2020\/02\/sugiro-essa.jpg?fit=1000%2C668&ssl=1\",\"width\":1000,\"height\":668,\"caption\":\"Ger\u00eancia regional - Segundo o chefe de setor, a Carteira de Trabalho Digital foi lan\u00e7ada em 2017, por\u00e9m nos \u00faltimos dias, o trabalhador recebeu novos recursos pelo aplicativo | Foto: Lindomar Cailton\"},{\"@type\":\"BreadcrumbList\",\"@id\":\"https:\/\/verdadeon.com.br\/portal\/2020\/02\/08\/app-da-carteira-de-trabalho-e-atualizado\/#breadcrumb\",\"itemListElement\":[{\"@type\":\"ListItem\",\"position\":1,\"name\":\"In\u00edcio\",\"item\":\"https:\/\/verdadeon.com.br\/portal\/\"},{\"@type\":\"ListItem\",\"position\":2,\"name\":\"App da Carteira de Trabalho \u00e9 atualizado\"}]},{\"@type\":\"WebSite\",\"@id\":\"https:\/\/verdadeon.com.br\/portal\/#website\",\"url\":\"https:\/\/verdadeon.com.br\/portal\/\",\"name\":\"VerdadeOn\",\"description\":\"Not\u00edcias di\u00e1rias sobre Franca, Regi\u00e3o, Esporte, Cultura, Cotidiano, Colunas. Cobertura nos principais eventos da cidade \u00e9 aqui - Verdadeon Franca\",\"potentialAction\":[{\"@type\":\"SearchAction\",\"target\":{\"@type\":\"EntryPoint\",\"urlTemplate\":\"https:\/\/verdadeon.com.br\/portal\/?s={search_term_string}\"},\"query-input\":{\"@type\":\"PropertyValueSpecification\",\"valueRequired\":true,\"valueName\":\"search_term_string\"}}],\"inLanguage\":\"pt-BR\"},{\"@type\":\"Person\",\"@id\":\"https:\/\/verdadeon.com.br\/portal\/#\/schema\/person\/a5060ad1e9ea3df545188fc93ce43d2f\",\"name\":\"Redacao VerdadeOn\",\"image\":{\"@type\":\"ImageObject\",\"inLanguage\":\"pt-BR\",\"@id\":\"https:\/\/verdadeon.com.br\/portal\/#\/schema\/person\/image\/\",\"url\":\"https:\/\/secure.gravatar.com\/avatar\/459a9613caaaf07f582c3d0841eea68bdd66f533e465e6ba8b9cb45619572cf4?s=96&d=mm&r=g\",\"contentUrl\":\"https:\/\/secure.gravatar.com\/avatar\/459a9613caaaf07f582c3d0841eea68bdd66f533e465e6ba8b9cb45619572cf4?s=96&d=mm&r=g\",\"caption\":\"Redacao VerdadeOn\"},\"url\":\"https:\/\/verdadeon.com.br\/portal\/author\/redacao\/\"}]}<\/script>\n<!-- \/ Yoast SEO plugin. -->","yoast_head_json":{"title":"App da Carteira de Trabalho \u00e9 atualizado - VerdadeOn","robots":{"index":"index","follow":"follow","max-snippet":"max-snippet:-1","max-image-preview":"max-image-preview:large","max-video-preview":"max-video-preview:-1"},"canonical":"https:\/\/verdadeon.com.br\/portal\/2020\/02\/08\/app-da-carteira-de-trabalho-e-atualizado\/","og_locale":"pt_BR","og_type":"article","og_title":"App da Carteira de Trabalho \u00e9 atualizado - VerdadeOn","og_description":"A cada dia, a Carteira de Trabalho Digital vem substituindo gradativamente o modelo impresso, conforme iniciativa do Minist\u00e9rio da Economia para desburocratizar esse servi\u00e7o. Em Franca, [\u2026]","og_url":"https:\/\/verdadeon.com.br\/portal\/2020\/02\/08\/app-da-carteira-de-trabalho-e-atualizado\/","og_site_name":"VerdadeOn","article_published_time":"2020-02-08T18:00:00+00:00","og_image":[{"width":1000,"height":668,"url":"https:\/\/verdadeon.com.br\/portal\/wp-content\/uploads\/2020\/02\/sugiro-essa.jpg","type":"image\/jpeg"}],"author":"Redacao VerdadeOn","twitter_card":"summary_large_image","twitter_misc":{"Escrito por":"Redacao VerdadeOn","Est. tempo de leitura":"1 minuto"},"schema":{"@context":"https:\/\/schema.org","@graph":[{"@type":"WebPage","@id":"https:\/\/verdadeon.com.br\/portal\/2020\/02\/08\/app-da-carteira-de-trabalho-e-atualizado\/","url":"https:\/\/verdadeon.com.br\/portal\/2020\/02\/08\/app-da-carteira-de-trabalho-e-atualizado\/","name":"App da Carteira de Trabalho \u00e9 atualizado - VerdadeOn","isPartOf":{"@id":"https:\/\/verdadeon.com.br\/portal\/#website"},"primaryImageOfPage":{"@id":"https:\/\/verdadeon.com.br\/portal\/2020\/02\/08\/app-da-carteira-de-trabalho-e-atualizado\/#primaryimage"},"image":{"@id":"https:\/\/verdadeon.com.br\/portal\/2020\/02\/08\/app-da-carteira-de-trabalho-e-atualizado\/#primaryimage"},"thumbnailUrl":"https:\/\/i0.wp.com\/verdadeon.com.br\/portal\/wp-content\/uploads\/2020\/02\/sugiro-essa.jpg?fit=1000%2C668&ssl=1","datePublished":"2020-02-08T18:00:00+00:00","author":{"@id":"https:\/\/verdadeon.com.br\/portal\/#\/schema\/person\/a5060ad1e9ea3df545188fc93ce43d2f"},"breadcrumb":{"@id":"https:\/\/verdadeon.com.br\/portal\/2020\/02\/08\/app-da-carteira-de-trabalho-e-atualizado\/#breadcrumb"},"inLanguage":"pt-BR","potentialAction":[{"@type":"ReadAction","target":["https:\/\/verdadeon.com.br\/portal\/2020\/02\/08\/app-da-carteira-de-trabalho-e-atualizado\/"]}]},{"@type":"ImageObject","inLanguage":"pt-BR","@id":"https:\/\/verdadeon.com.br\/portal\/2020\/02\/08\/app-da-carteira-de-trabalho-e-atualizado\/#primaryimage","url":"https:\/\/i0.wp.com\/verdadeon.com.br\/portal\/wp-content\/uploads\/2020\/02\/sugiro-essa.jpg?fit=1000%2C668&ssl=1","contentUrl":"https:\/\/i0.wp.com\/verdadeon.com.br\/portal\/wp-content\/uploads\/2020\/02\/sugiro-essa.jpg?fit=1000%2C668&ssl=1","width":1000,"height":668,"caption":"Ger\u00eancia regional - Segundo o chefe de setor, a Carteira de Trabalho Digital foi lan\u00e7ada em 2017, por\u00e9m nos \u00faltimos dias, o trabalhador recebeu novos recursos pelo aplicativo | Foto: Lindomar Cailton"},{"@type":"BreadcrumbList","@id":"https:\/\/verdadeon.com.br\/portal\/2020\/02\/08\/app-da-carteira-de-trabalho-e-atualizado\/#breadcrumb","itemListElement":[{"@type":"ListItem","position":1,"name":"In\u00edcio","item":"https:\/\/verdadeon.com.br\/portal\/"},{"@type":"ListItem","position":2,"name":"App da Carteira de Trabalho \u00e9 atualizado"}]},{"@type":"WebSite","@id":"https:\/\/verdadeon.com.br\/portal\/#website","url":"https:\/\/verdadeon.com.br\/portal\/","name":"VerdadeOn","description":"Not\u00edcias di\u00e1rias sobre Franca, Regi\u00e3o, Esporte, Cultura, Cotidiano, Colunas. Cobertura nos principais eventos da cidade \u00e9 aqui - Verdadeon Franca","potentialAction":[{"@type":"SearchAction","target":{"@type":"EntryPoint","urlTemplate":"https:\/\/verdadeon.com.br\/portal\/?s={search_term_string}"},"query-input":{"@type":"PropertyValueSpecification","valueRequired":true,"valueName":"search_term_string"}}],"inLanguage":"pt-BR"},{"@type":"Person","@id":"https:\/\/verdadeon.com.br\/portal\/#\/schema\/person\/a5060ad1e9ea3df545188fc93ce43d2f","name":"Redacao VerdadeOn","image":{"@type":"ImageObject","inLanguage":"pt-BR","@id":"https:\/\/verdadeon.com.br\/portal\/#\/schema\/person\/image\/","url":"https:\/\/secure.gravatar.com\/avatar\/459a9613caaaf07f582c3d0841eea68bdd66f533e465e6ba8b9cb45619572cf4?s=96&d=mm&r=g","contentUrl":"https:\/\/secure.gravatar.com\/avatar\/459a9613caaaf07f582c3d0841eea68bdd66f533e465e6ba8b9cb45619572cf4?s=96&d=mm&r=g","caption":"Redacao VerdadeOn"},"url":"https:\/\/verdadeon.com.br\/portal\/author\/redacao\/"}]}},"jetpack_publicize_connections":[],"jetpack_featured_media_url":"https:\/\/i0.wp.com\/verdadeon.com.br\/portal\/wp-content\/uploads\/2020\/02\/sugiro-essa.jpg?fit=1000%2C668&ssl=1","jetpack_sharing_enabled":true,"_links":{"self":[{"href":"https:\/\/verdadeon.com.br\/portal\/wp-json\/wp\/v2\/posts\/3248","targetHints":{"allow":["GET"]}}],"collection":[{"href":"https:\/\/verdadeon.com.br\/portal\/wp-json\/wp\/v2\/posts"}],"about":[{"href":"https:\/\/verdadeon.com.br\/portal\/wp-json\/wp\/v2\/types\/post"}],"author":[{"embeddable":true,"href":"https:\/\/verdadeon.com.br\/portal\/wp-json\/wp\/v2\/users\/10"}],"replies":[{"embeddable":true,"href":"https:\/\/verdadeon.com.br\/portal\/wp-json\/wp\/v2\/comments?post=3248"}],"version-history":[{"count":0,"href":"https:\/\/verdadeon.com.br\/portal\/wp-json\/wp\/v2\/posts\/3248\/revisions"}],"wp:featuredmedia":[{"embeddable":true,"href":"https:\/\/verdadeon.com.br\/portal\/wp-json\/wp\/v2\/media\/3249"}],"wp:attachment":[{"href":"https:\/\/verdadeon.com.br\/portal\/wp-json\/wp\/v2\/media?parent=3248"}],"wp:term":[{"taxonomy":"category","embeddable":true,"href":"https:\/\/verdadeon.com.br\/portal\/wp-json\/wp\/v2\/categories?post=3248"},{"taxonomy":"post_tag","embeddable":true,"href":"https:\/\/verdadeon.com.br\/portal\/wp-json\/wp\/v2\/tags?post=3248"}],"curies":[{"name":"wp","href":"https:\/\/api.w.org\/{rel}","templated":true}]}}