{"id":3242,"date":"2020-02-08T13:00:00","date_gmt":"2020-02-08T16:00:00","guid":{"rendered":"http:\/\/verdadeon.com.br\/portal\/?p=3242"},"modified":"2020-02-08T00:28:39","modified_gmt":"2020-02-08T03:28:39","slug":"conecta-gov-e-adiado-e-em-novo-local","status":"publish","type":"post","link":"https:\/\/verdadeon.com.br\/portal\/2020\/02\/08\/conecta-gov-e-adiado-e-em-novo-local\/","title":{"rendered":"Conecta GOV \u00e9 adiado e em novo local"},"content":{"rendered":"\n<p class=\"has-drop-cap\">O semin\u00e1rio Conecta GOV que estava previsto para acontecer na pr\u00f3xima quarta-feira (12) na C\u00e2mara Municipal foi adiado e ser\u00e1 em novo local. Agora o evento de gest\u00e3o p\u00fablica ser\u00e1 em 12 de mar\u00e7o no audit\u00f3rio do Uni-Facef II, na avenida Dr. Ismael Alonso Y Alonso, 2400, a partir das 13h30.<br>\nDe acordo com Adriano Migani, coordenador do evento, as mudan\u00e7as s\u00e3o por motivos de for\u00e7a maior, no caso pelas fortes chuvas ocorridas recentemente em Franca e que ocasionaram danos no plen\u00e1rio da C\u00e2mara. Segundo ele, mesmo que o local tenha sido liberado pela Defesa Civil, alguns equipamentos est\u00e3o inviabilizados para uso, entre eles, o projeto de transmiss\u00e3o de \u00e1udio e v\u00eddeo, equipamentos de som e computadores. <br>\n\u201cSendo assim para maior comodidade dos participantes e palestrantes, o evento ocorrer\u00e1 no Uni-Facef\u201d, explicou o coordenador, que enfatizou ainda que o adiamento proporcionar\u00e1 maior ades\u00e3o de inscritos e at\u00e9 mesmo a possibilidade dos alunos da faculdade participarem do semin\u00e1rio.<br>\nO evento \u00e9 voltado para discutir a gest\u00e3o p\u00fablica norteada na sua efici\u00eancia, qualidade dos gastos e investimentos em prol da popula\u00e7\u00e3o. Por isso, o p\u00fablico esperado s\u00e3o prefeitos, gestores p\u00fablicos, pr\u00e9-candidatos para as elei\u00e7\u00f5es majorit\u00e1rias e proporcionais, al\u00e9m de ONGs e cidad\u00e3os interessados na melhoria para sua cidade.<br>\nDentre os principais assuntos que ser\u00e3o abordados, est\u00e3o os programas Cidades Inteligentes, PDTIC (Plano Diretor de Tecnologia da Informa\u00e7\u00e3o) e Governo Aberto.<br>\nPara participar, os interessados devem entrar no site www.tvpublica.com.br\/conectaGOV, clicar na aba de inscri\u00e7\u00e3o e preencher o formul\u00e1rio. Em caso de d\u00favidas, o telefone para contato \u00e9 (16) 9 9155-8573.<\/p>\n","protected":false},"excerpt":{"rendered":"<p>O semin\u00e1rio Conecta GOV que estava previsto para acontecer na pr\u00f3xima quarta-feira (12) na C\u00e2mara Municipal foi adiado e ser\u00e1 em novo local. Agora o evento<span class=\"excerpt-hellip\"> [\u2026]<\/span><\/p>\n","protected":false},"author":10,"featured_media":3243,"comment_status":"open","ping_status":"open","sticky":false,"template":"","format":"standard","meta":{"_jetpack_memberships_contains_paid_content":false,"footnotes":"","jetpack_publicize_message":"","jetpack_publicize_feature_enabled":true,"jetpack_social_post_already_shared":false,"jetpack_social_options":{"image_generator_settings":{"template":"highway","default_image_id":0,"enabled":false},"version":2}},"categories":[28,44,1],"tags":[46],"class_list":["post-3242","post","type-post","status-publish","format-standard","has-post-thumbnail","hentry","category-cotidiano","category-noticias","category-sem-categoria","tag-cotidiano"],"yoast_head":"<!-- This site is optimized with the Yoast SEO plugin v25.6 - https:\/\/yoast.com\/wordpress\/plugins\/seo\/ -->\n<title>Conecta GOV \u00e9 adiado e em novo local - VerdadeOn<\/title>\n<meta name=\"robots\" content=\"index, follow, max-snippet:-1, max-image-preview:large, max-video-preview:-1\" \/>\n<link rel=\"canonical\" href=\"https:\/\/verdadeon.com.br\/portal\/2020\/02\/08\/conecta-gov-e-adiado-e-em-novo-local\/\" \/>\n<meta property=\"og:locale\" content=\"pt_BR\" \/>\n<meta property=\"og:type\" content=\"article\" \/>\n<meta property=\"og:title\" content=\"Conecta GOV \u00e9 adiado e em novo local - VerdadeOn\" \/>\n<meta property=\"og:description\" content=\"O semin\u00e1rio Conecta GOV que estava previsto para acontecer na pr\u00f3xima quarta-feira (12) na C\u00e2mara Municipal foi adiado e ser\u00e1 em novo local. Agora o evento [\u2026]\" \/>\n<meta property=\"og:url\" content=\"https:\/\/verdadeon.com.br\/portal\/2020\/02\/08\/conecta-gov-e-adiado-e-em-novo-local\/\" \/>\n<meta property=\"og:site_name\" content=\"VerdadeOn\" \/>\n<meta property=\"article:published_time\" content=\"2020-02-08T16:00:00+00:00\" \/>\n<meta property=\"og:image\" content=\"https:\/\/verdadeon.com.br\/portal\/wp-content\/uploads\/2020\/02\/WhatsApp-Image-2020-02-07-at-13.57.22-1.jpg\" \/>\n\t<meta property=\"og:image:width\" content=\"1000\" \/>\n\t<meta property=\"og:image:height\" content=\"563\" \/>\n\t<meta property=\"og:image:type\" content=\"image\/jpeg\" \/>\n<meta name=\"author\" content=\"Redacao VerdadeOn\" \/>\n<meta name=\"twitter:card\" content=\"summary_large_image\" \/>\n<meta name=\"twitter:label1\" content=\"Escrito por\" \/>\n\t<meta name=\"twitter:data1\" content=\"Redacao VerdadeOn\" \/>\n\t<meta name=\"twitter:label2\" content=\"Est. tempo de leitura\" \/>\n\t<meta name=\"twitter:data2\" content=\"1 minuto\" \/>\n<script type=\"application\/ld+json\" class=\"yoast-schema-graph\">{\"@context\":\"https:\/\/schema.org\",\"@graph\":[{\"@type\":\"WebPage\",\"@id\":\"https:\/\/verdadeon.com.br\/portal\/2020\/02\/08\/conecta-gov-e-adiado-e-em-novo-local\/\",\"url\":\"https:\/\/verdadeon.com.br\/portal\/2020\/02\/08\/conecta-gov-e-adiado-e-em-novo-local\/\",\"name\":\"Conecta GOV \u00e9 adiado e em novo local - VerdadeOn\",\"isPartOf\":{\"@id\":\"https:\/\/verdadeon.com.br\/portal\/#website\"},\"primaryImageOfPage\":{\"@id\":\"https:\/\/verdadeon.com.br\/portal\/2020\/02\/08\/conecta-gov-e-adiado-e-em-novo-local\/#primaryimage\"},\"image\":{\"@id\":\"https:\/\/verdadeon.com.br\/portal\/2020\/02\/08\/conecta-gov-e-adiado-e-em-novo-local\/#primaryimage\"},\"thumbnailUrl\":\"https:\/\/i0.wp.com\/verdadeon.com.br\/portal\/wp-content\/uploads\/2020\/02\/WhatsApp-Image-2020-02-07-at-13.57.22-1.jpg?fit=1000%2C563&ssl=1\",\"datePublished\":\"2020-02-08T16:00:00+00:00\",\"author\":{\"@id\":\"https:\/\/verdadeon.com.br\/portal\/#\/schema\/person\/a5060ad1e9ea3df545188fc93ce43d2f\"},\"breadcrumb\":{\"@id\":\"https:\/\/verdadeon.com.br\/portal\/2020\/02\/08\/conecta-gov-e-adiado-e-em-novo-local\/#breadcrumb\"},\"inLanguage\":\"pt-BR\",\"potentialAction\":[{\"@type\":\"ReadAction\",\"target\":[\"https:\/\/verdadeon.com.br\/portal\/2020\/02\/08\/conecta-gov-e-adiado-e-em-novo-local\/\"]}]},{\"@type\":\"ImageObject\",\"inLanguage\":\"pt-BR\",\"@id\":\"https:\/\/verdadeon.com.br\/portal\/2020\/02\/08\/conecta-gov-e-adiado-e-em-novo-local\/#primaryimage\",\"url\":\"https:\/\/i0.wp.com\/verdadeon.com.br\/portal\/wp-content\/uploads\/2020\/02\/WhatsApp-Image-2020-02-07-at-13.57.22-1.jpg?fit=1000%2C563&ssl=1\",\"contentUrl\":\"https:\/\/i0.wp.com\/verdadeon.com.br\/portal\/wp-content\/uploads\/2020\/02\/WhatsApp-Image-2020-02-07-at-13.57.22-1.jpg?fit=1000%2C563&ssl=1\",\"width\":1000,\"height\":563,\"caption\":\"semin\u00e1rio - O evento \u00e9 coordenado por Adriano Migani Teixeira, diretor da Eddydata Tecnologia em Gest\u00e3o P\u00fablica e tamb\u00e9m conselheiro da APREESP (Associa\u00e7\u00e3o dos Prefeitos do Estado de S\u00e3o Paulo) | Foto: Divulga\u00e7\u00e3o\"},{\"@type\":\"BreadcrumbList\",\"@id\":\"https:\/\/verdadeon.com.br\/portal\/2020\/02\/08\/conecta-gov-e-adiado-e-em-novo-local\/#breadcrumb\",\"itemListElement\":[{\"@type\":\"ListItem\",\"position\":1,\"name\":\"In\u00edcio\",\"item\":\"https:\/\/verdadeon.com.br\/portal\/\"},{\"@type\":\"ListItem\",\"position\":2,\"name\":\"Conecta GOV \u00e9 adiado e em novo local\"}]},{\"@type\":\"WebSite\",\"@id\":\"https:\/\/verdadeon.com.br\/portal\/#website\",\"url\":\"https:\/\/verdadeon.com.br\/portal\/\",\"name\":\"VerdadeOn\",\"description\":\"Not\u00edcias di\u00e1rias sobre Franca, Regi\u00e3o, Esporte, Cultura, Cotidiano, Colunas. Cobertura nos principais eventos da cidade \u00e9 aqui - Verdadeon Franca\",\"potentialAction\":[{\"@type\":\"SearchAction\",\"target\":{\"@type\":\"EntryPoint\",\"urlTemplate\":\"https:\/\/verdadeon.com.br\/portal\/?s={search_term_string}\"},\"query-input\":{\"@type\":\"PropertyValueSpecification\",\"valueRequired\":true,\"valueName\":\"search_term_string\"}}],\"inLanguage\":\"pt-BR\"},{\"@type\":\"Person\",\"@id\":\"https:\/\/verdadeon.com.br\/portal\/#\/schema\/person\/a5060ad1e9ea3df545188fc93ce43d2f\",\"name\":\"Redacao VerdadeOn\",\"image\":{\"@type\":\"ImageObject\",\"inLanguage\":\"pt-BR\",\"@id\":\"https:\/\/verdadeon.com.br\/portal\/#\/schema\/person\/image\/\",\"url\":\"https:\/\/secure.gravatar.com\/avatar\/459a9613caaaf07f582c3d0841eea68bdd66f533e465e6ba8b9cb45619572cf4?s=96&d=mm&r=g\",\"contentUrl\":\"https:\/\/secure.gravatar.com\/avatar\/459a9613caaaf07f582c3d0841eea68bdd66f533e465e6ba8b9cb45619572cf4?s=96&d=mm&r=g\",\"caption\":\"Redacao VerdadeOn\"},\"url\":\"https:\/\/verdadeon.com.br\/portal\/author\/redacao\/\"}]}<\/script>\n<!-- \/ Yoast SEO plugin. -->","yoast_head_json":{"title":"Conecta GOV \u00e9 adiado e em novo local - VerdadeOn","robots":{"index":"index","follow":"follow","max-snippet":"max-snippet:-1","max-image-preview":"max-image-preview:large","max-video-preview":"max-video-preview:-1"},"canonical":"https:\/\/verdadeon.com.br\/portal\/2020\/02\/08\/conecta-gov-e-adiado-e-em-novo-local\/","og_locale":"pt_BR","og_type":"article","og_title":"Conecta GOV \u00e9 adiado e em novo local - VerdadeOn","og_description":"O semin\u00e1rio Conecta GOV que estava previsto para acontecer na pr\u00f3xima quarta-feira (12) na C\u00e2mara Municipal foi adiado e ser\u00e1 em novo local. Agora o evento [\u2026]","og_url":"https:\/\/verdadeon.com.br\/portal\/2020\/02\/08\/conecta-gov-e-adiado-e-em-novo-local\/","og_site_name":"VerdadeOn","article_published_time":"2020-02-08T16:00:00+00:00","og_image":[{"width":1000,"height":563,"url":"https:\/\/verdadeon.com.br\/portal\/wp-content\/uploads\/2020\/02\/WhatsApp-Image-2020-02-07-at-13.57.22-1.jpg","type":"image\/jpeg"}],"author":"Redacao VerdadeOn","twitter_card":"summary_large_image","twitter_misc":{"Escrito por":"Redacao VerdadeOn","Est. tempo de leitura":"1 minuto"},"schema":{"@context":"https:\/\/schema.org","@graph":[{"@type":"WebPage","@id":"https:\/\/verdadeon.com.br\/portal\/2020\/02\/08\/conecta-gov-e-adiado-e-em-novo-local\/","url":"https:\/\/verdadeon.com.br\/portal\/2020\/02\/08\/conecta-gov-e-adiado-e-em-novo-local\/","name":"Conecta GOV \u00e9 adiado e em novo local - VerdadeOn","isPartOf":{"@id":"https:\/\/verdadeon.com.br\/portal\/#website"},"primaryImageOfPage":{"@id":"https:\/\/verdadeon.com.br\/portal\/2020\/02\/08\/conecta-gov-e-adiado-e-em-novo-local\/#primaryimage"},"image":{"@id":"https:\/\/verdadeon.com.br\/portal\/2020\/02\/08\/conecta-gov-e-adiado-e-em-novo-local\/#primaryimage"},"thumbnailUrl":"https:\/\/i0.wp.com\/verdadeon.com.br\/portal\/wp-content\/uploads\/2020\/02\/WhatsApp-Image-2020-02-07-at-13.57.22-1.jpg?fit=1000%2C563&ssl=1","datePublished":"2020-02-08T16:00:00+00:00","author":{"@id":"https:\/\/verdadeon.com.br\/portal\/#\/schema\/person\/a5060ad1e9ea3df545188fc93ce43d2f"},"breadcrumb":{"@id":"https:\/\/verdadeon.com.br\/portal\/2020\/02\/08\/conecta-gov-e-adiado-e-em-novo-local\/#breadcrumb"},"inLanguage":"pt-BR","potentialAction":[{"@type":"ReadAction","target":["https:\/\/verdadeon.com.br\/portal\/2020\/02\/08\/conecta-gov-e-adiado-e-em-novo-local\/"]}]},{"@type":"ImageObject","inLanguage":"pt-BR","@id":"https:\/\/verdadeon.com.br\/portal\/2020\/02\/08\/conecta-gov-e-adiado-e-em-novo-local\/#primaryimage","url":"https:\/\/i0.wp.com\/verdadeon.com.br\/portal\/wp-content\/uploads\/2020\/02\/WhatsApp-Image-2020-02-07-at-13.57.22-1.jpg?fit=1000%2C563&ssl=1","contentUrl":"https:\/\/i0.wp.com\/verdadeon.com.br\/portal\/wp-content\/uploads\/2020\/02\/WhatsApp-Image-2020-02-07-at-13.57.22-1.jpg?fit=1000%2C563&ssl=1","width":1000,"height":563,"caption":"semin\u00e1rio - O evento \u00e9 coordenado por Adriano Migani Teixeira, diretor da Eddydata Tecnologia em Gest\u00e3o P\u00fablica e tamb\u00e9m conselheiro da APREESP (Associa\u00e7\u00e3o dos Prefeitos do Estado de S\u00e3o Paulo) | Foto: Divulga\u00e7\u00e3o"},{"@type":"BreadcrumbList","@id":"https:\/\/verdadeon.com.br\/portal\/2020\/02\/08\/conecta-gov-e-adiado-e-em-novo-local\/#breadcrumb","itemListElement":[{"@type":"ListItem","position":1,"name":"In\u00edcio","item":"https:\/\/verdadeon.com.br\/portal\/"},{"@type":"ListItem","position":2,"name":"Conecta GOV \u00e9 adiado e em novo local"}]},{"@type":"WebSite","@id":"https:\/\/verdadeon.com.br\/portal\/#website","url":"https:\/\/verdadeon.com.br\/portal\/","name":"VerdadeOn","description":"Not\u00edcias di\u00e1rias sobre Franca, Regi\u00e3o, Esporte, Cultura, Cotidiano, Colunas. Cobertura nos principais eventos da cidade \u00e9 aqui - Verdadeon Franca","potentialAction":[{"@type":"SearchAction","target":{"@type":"EntryPoint","urlTemplate":"https:\/\/verdadeon.com.br\/portal\/?s={search_term_string}"},"query-input":{"@type":"PropertyValueSpecification","valueRequired":true,"valueName":"search_term_string"}}],"inLanguage":"pt-BR"},{"@type":"Person","@id":"https:\/\/verdadeon.com.br\/portal\/#\/schema\/person\/a5060ad1e9ea3df545188fc93ce43d2f","name":"Redacao VerdadeOn","image":{"@type":"ImageObject","inLanguage":"pt-BR","@id":"https:\/\/verdadeon.com.br\/portal\/#\/schema\/person\/image\/","url":"https:\/\/secure.gravatar.com\/avatar\/459a9613caaaf07f582c3d0841eea68bdd66f533e465e6ba8b9cb45619572cf4?s=96&d=mm&r=g","contentUrl":"https:\/\/secure.gravatar.com\/avatar\/459a9613caaaf07f582c3d0841eea68bdd66f533e465e6ba8b9cb45619572cf4?s=96&d=mm&r=g","caption":"Redacao VerdadeOn"},"url":"https:\/\/verdadeon.com.br\/portal\/author\/redacao\/"}]}},"jetpack_publicize_connections":[],"jetpack_featured_media_url":"https:\/\/i0.wp.com\/verdadeon.com.br\/portal\/wp-content\/uploads\/2020\/02\/WhatsApp-Image-2020-02-07-at-13.57.22-1.jpg?fit=1000%2C563&ssl=1","jetpack_sharing_enabled":true,"_links":{"self":[{"href":"https:\/\/verdadeon.com.br\/portal\/wp-json\/wp\/v2\/posts\/3242","targetHints":{"allow":["GET"]}}],"collection":[{"href":"https:\/\/verdadeon.com.br\/portal\/wp-json\/wp\/v2\/posts"}],"about":[{"href":"https:\/\/verdadeon.com.br\/portal\/wp-json\/wp\/v2\/types\/post"}],"author":[{"embeddable":true,"href":"https:\/\/verdadeon.com.br\/portal\/wp-json\/wp\/v2\/users\/10"}],"replies":[{"embeddable":true,"href":"https:\/\/verdadeon.com.br\/portal\/wp-json\/wp\/v2\/comments?post=3242"}],"version-history":[{"count":0,"href":"https:\/\/verdadeon.com.br\/portal\/wp-json\/wp\/v2\/posts\/3242\/revisions"}],"wp:featuredmedia":[{"embeddable":true,"href":"https:\/\/verdadeon.com.br\/portal\/wp-json\/wp\/v2\/media\/3243"}],"wp:attachment":[{"href":"https:\/\/verdadeon.com.br\/portal\/wp-json\/wp\/v2\/media?parent=3242"}],"wp:term":[{"taxonomy":"category","embeddable":true,"href":"https:\/\/verdadeon.com.br\/portal\/wp-json\/wp\/v2\/categories?post=3242"},{"taxonomy":"post_tag","embeddable":true,"href":"https:\/\/verdadeon.com.br\/portal\/wp-json\/wp\/v2\/tags?post=3242"}],"curies":[{"name":"wp","href":"https:\/\/api.w.org\/{rel}","templated":true}]}}